{"id":3480,"date":"2022-03-31T16:06:04","date_gmt":"2022-03-31T22:06:04","guid":{"rendered":"https:\/\/21panorama.com\/?p=3480"},"modified":"2022-03-31T16:06:05","modified_gmt":"2022-03-31T22:06:05","slug":"consigue-fgjem-condena-de-62-anos-de-prision-para-feminicida-de-una-joven-en-toluca","status":"publish","type":"post","link":"https:\/\/21panorama.com\/index.php\/2022\/03\/31\/consigue-fgjem-condena-de-62-anos-de-prision-para-feminicida-de-una-joven-en-toluca\/","title":{"rendered":"Consigue FGJEM condena de 62 a\u00f1os de prisi\u00f3n para feminicida de una joven en Toluca"},"content":{"rendered":"\n<p>Oscar Garc\u00eda Guzm\u00e1n fue sentenciado a una condena de 62 a\u00f1os y seis meses de prisi\u00f3n, luego de que la Fiscal\u00eda General de Justicia del Estado de M\u00e9xico (FGJEM) a trav\u00e9s de la Fiscal\u00eda Especializada de Feminicidio, acredit\u00f3 su participaci\u00f3n en el feminicidio de una joven de 23 a\u00f1os en la capital mexiquense.<br>El Agente del Ministerio P\u00fablico recab\u00f3 y aport\u00f3 los elementos de prueba en contra de este individuo, por lo que un Juez del Distrito Judicial de Tenango del Valle le dict\u00f3 esta condena, adem\u00e1s le estableci\u00f3 multa de 1 mill\u00f3n 267 mil 350 pesos como reparaci\u00f3n del da\u00f1o.<br>Este individuo fue encontrado culpable de este delito ocurrido el d\u00eda 27 de octubre de 2019, al interior de un inmueble ubicado en la colonia Villa Sant\u00edn, en Toluca, donde Garc\u00eda Guzm\u00e1n asesin\u00f3 a la v\u00edctima, abandon\u00f3 el cuerpo en el lugar y posteriormente huy\u00f3.<br>D\u00edas despu\u00e9s, el 1 de noviembre de ese a\u00f1o fue realizado el hallazgo del cuerpo de esta joven en la vivienda referida. En ese mismo inmueble tambi\u00e9n fueron hallados los cuerpos de dos mujeres m\u00e1s.<br>Derivado de lo anterior, esta Instituci\u00f3n llev\u00f3 a cabo diversas labores de gabinete y campo para lograr la detenci\u00f3n del posible feminicida. Entre otras, se elaboraron redes de v\u00ednculos, se llevaron a cabo seguimientos telef\u00f3nicos, as\u00ed como rastreo de diversas cuentas de redes sociales; se realizaron operativos en diversas zonas del Estado de M\u00e9xico y de igual manera se llevaron a cabo movilizaciones en la Ciudad de M\u00e9xico, en las que se cont\u00f3 con el apoyo de las autoridades capitalinas. Aunado a ello la FGJEM ofrec\u00eda una recompensa de hasta 300 mil pesos para su localizaci\u00f3n y detenci\u00f3n.<br>Oscar Garc\u00eda Guzm\u00e1n fue detenido en el mes de diciembre de 2019 en la Avenida de los Maestros, colonia Casco de Santo Tom\u00e1s, en la Ciudad de M\u00e9xico, mediante una movilizaci\u00f3n en la que participaron Agentes de Investigaci\u00f3n de la Fiscal\u00eda Especializada de Feminicidio y de la Coordinaci\u00f3n General de Investigaci\u00f3n y An\u00e1lisis (CGIA) ambas de la FGJEM.<br>Tras ser detenido, este individuo fue ingresado a un Centro Penitenciario y de Reinserci\u00f3n Social en la entidad mexiquense, en donde qued\u00f3 a disposici\u00f3n de un Juez, autoridad que previo proceso legal le dict\u00f3 esta condena.<br>Cabe mencionar que el pasado mes de septiembre este sujeto fue sentenciado a 12 a\u00f1os y seis meses de prisi\u00f3n por la violaci\u00f3n de una mujer en Toluca, adem\u00e1s tambi\u00e9n fue condenado a 17 a\u00f1os y seis meses de c\u00e1rcel por su participaci\u00f3n en delitos vinculados a la desaparici\u00f3n de una joven en Toluca.<br>Adem\u00e1s, enfrenta tres procesos penales por feminicidio y uno m\u00e1s por el homicidio de un hombre en Xonacatl\u00e1n.<br>La Fiscal\u00eda General de Justicia estatal hace un llamado a la ciudadan\u00eda para que en caso de que reconozca al imputado como probable part\u00edcipe de alg\u00fan otro il\u00edcito, sea denunciado a trav\u00e9s del correo electr\u00f3nico cerotolerancia@edomex.gob.mx, al n\u00famero telef\u00f3nico 800 7028770, o bien, por medio de la aplicaci\u00f3n FGJEdomex, la cual est\u00e1 disponible de manera gratuita para todos los tel\u00e9fonos inteligentes de los sistemas iOS y Android.<\/p>\n","protected":false},"excerpt":{"rendered":"<p>Oscar Garc\u00eda Guzm\u00e1n fue sentenciado a una condena de 62 a\u00f1os y seis meses de prisi\u00f3n, luego de que la Fiscal\u00eda General de Justicia del Estado de M\u00e9xico (FGJEM) a trav\u00e9s de la Fiscal\u00eda Especializada de Feminicidio, acredit\u00f3 su participaci\u00f3n en el feminicidio de una joven de 23 a\u00f1os en la capital mexiquense. <\/p>\n","protected":false},"author":1,"featured_media":3481,"comment_status":"open","ping_status":"open","sticky":false,"template":"","format":"standard","meta":{"footnotes":""},"categories":[1],"tags":[121],"class_list":["post-3480","post","type-post","status-publish","format-standard","has-post-thumbnail","hentry","category-sociedad","tag-fgjem"],"yoast_head":"<!-- This site is optimized with the Yoast SEO plugin v24.9 - https:\/\/yoast.com\/wordpress\/plugins\/seo\/ -->\n<title>Consigue FGJEM condena de 62 a\u00f1os de prisi\u00f3n para feminicida de una joven en Toluca - 21 Panorama<\/title>\n<meta name=\"robots\" content=\"index, follow, max-snippet:-1, max-image-preview:large, max-video-preview:-1\" \/>\n<link rel=\"canonical\" href=\"https:\/\/21panorama.com\/index.php\/2022\/03\/31\/consigue-fgjem-condena-de-62-anos-de-prision-para-feminicida-de-una-joven-en-toluca\/\" \/>\n<meta property=\"og:locale\" content=\"es_MX\" \/>\n<meta property=\"og:type\" content=\"article\" \/>\n<meta property=\"og:title\" content=\"Consigue FGJEM condena de 62 a\u00f1os de prisi\u00f3n para feminicida de una joven en Toluca - 21 Panorama\" \/>\n<meta property=\"og:description\" content=\"Oscar Garc\u00eda Guzm\u00e1n fue sentenciado a una condena de 62 a\u00f1os y seis meses de prisi\u00f3n, luego de que la Fiscal\u00eda General de Justicia del Estado de M\u00e9xico (FGJEM) a trav\u00e9s de la Fiscal\u00eda Especializada de Feminicidio, acredit\u00f3 su participaci\u00f3n en el feminicidio de una joven de 23 a\u00f1os en la capital mexiquense.\" \/>\n<meta property=\"og:url\" content=\"https:\/\/21panorama.com\/index.php\/2022\/03\/31\/consigue-fgjem-condena-de-62-anos-de-prision-para-feminicida-de-una-joven-en-toluca\/\" \/>\n<meta property=\"og:site_name\" content=\"21 Panorama\" \/>\n<meta property=\"article:published_time\" content=\"2022-03-31T22:06:04+00:00\" \/>\n<meta property=\"article:modified_time\" content=\"2022-03-31T22:06:05+00:00\" \/>\n<meta property=\"og:image\" content=\"https:\/\/21panorama.com\/wp-content\/uploads\/2022\/03\/7ea3e414-3e55-45a4-8ba4-7e15c750540f.jpeg\" \/>\n\t<meta property=\"og:image:width\" content=\"500\" \/>\n\t<meta property=\"og:image:height\" content=\"715\" \/>\n\t<meta property=\"og:image:type\" content=\"image\/jpeg\" \/>\n<meta name=\"author\" content=\"admin\" \/>\n<meta name=\"twitter:card\" content=\"summary_large_image\" \/>\n<meta name=\"twitter:label1\" content=\"Escrito por\" \/>\n\t<meta name=\"twitter:data1\" content=\"admin\" \/>\n\t<meta name=\"twitter:label2\" content=\"Tiempo de lectura\" \/>\n\t<meta name=\"twitter:data2\" content=\"3 minutos\" \/>\n<script type=\"application\/ld+json\" class=\"yoast-schema-graph\">{\"@context\":\"https:\/\/schema.org\",\"@graph\":[{\"@type\":\"Article\",\"@id\":\"https:\/\/21panorama.com\/index.php\/2022\/03\/31\/consigue-fgjem-condena-de-62-anos-de-prision-para-feminicida-de-una-joven-en-toluca\/#article\",\"isPartOf\":{\"@id\":\"https:\/\/21panorama.com\/index.php\/2022\/03\/31\/consigue-fgjem-condena-de-62-anos-de-prision-para-feminicida-de-una-joven-en-toluca\/\"},\"author\":{\"name\":\"admin\",\"@id\":\"https:\/\/21panorama.com\/#\/schema\/person\/1afc291b96d5792a158768324287319f\"},\"headline\":\"Consigue FGJEM condena de 62 a\u00f1os de prisi\u00f3n para feminicida de una joven en Toluca\",\"datePublished\":\"2022-03-31T22:06:04+00:00\",\"dateModified\":\"2022-03-31T22:06:05+00:00\",\"mainEntityOfPage\":{\"@id\":\"https:\/\/21panorama.com\/index.php\/2022\/03\/31\/consigue-fgjem-condena-de-62-anos-de-prision-para-feminicida-de-una-joven-en-toluca\/\"},\"wordCount\":586,\"commentCount\":0,\"publisher\":{\"@id\":\"https:\/\/21panorama.com\/#organization\"},\"image\":{\"@id\":\"https:\/\/21panorama.com\/index.php\/2022\/03\/31\/consigue-fgjem-condena-de-62-anos-de-prision-para-feminicida-de-una-joven-en-toluca\/#primaryimage\"},\"thumbnailUrl\":\"https:\/\/21panorama.com\/wp-content\/uploads\/2022\/03\/7ea3e414-3e55-45a4-8ba4-7e15c750540f.jpeg\",\"keywords\":[\"FGJEM\"],\"articleSection\":[\"Sociedad\"],\"inLanguage\":\"es\",\"potentialAction\":[{\"@type\":\"CommentAction\",\"name\":\"Comment\",\"target\":[\"https:\/\/21panorama.com\/index.php\/2022\/03\/31\/consigue-fgjem-condena-de-62-anos-de-prision-para-feminicida-de-una-joven-en-toluca\/#respond\"]}]},{\"@type\":\"WebPage\",\"@id\":\"https:\/\/21panorama.com\/index.php\/2022\/03\/31\/consigue-fgjem-condena-de-62-anos-de-prision-para-feminicida-de-una-joven-en-toluca\/\",\"url\":\"https:\/\/21panorama.com\/index.php\/2022\/03\/31\/consigue-fgjem-condena-de-62-anos-de-prision-para-feminicida-de-una-joven-en-toluca\/\",\"name\":\"Consigue FGJEM condena de 62 a\u00f1os de prisi\u00f3n para feminicida de una joven en Toluca - 21 Panorama\",\"isPartOf\":{\"@id\":\"https:\/\/21panorama.com\/#website\"},\"primaryImageOfPage\":{\"@id\":\"https:\/\/21panorama.com\/index.php\/2022\/03\/31\/consigue-fgjem-condena-de-62-anos-de-prision-para-feminicida-de-una-joven-en-toluca\/#primaryimage\"},\"image\":{\"@id\":\"https:\/\/21panorama.com\/index.php\/2022\/03\/31\/consigue-fgjem-condena-de-62-anos-de-prision-para-feminicida-de-una-joven-en-toluca\/#primaryimage\"},\"thumbnailUrl\":\"https:\/\/21panorama.com\/wp-content\/uploads\/2022\/03\/7ea3e414-3e55-45a4-8ba4-7e15c750540f.jpeg\",\"datePublished\":\"2022-03-31T22:06:04+00:00\",\"dateModified\":\"2022-03-31T22:06:05+00:00\",\"breadcrumb\":{\"@id\":\"https:\/\/21panorama.com\/index.php\/2022\/03\/31\/consigue-fgjem-condena-de-62-anos-de-prision-para-feminicida-de-una-joven-en-toluca\/#breadcrumb\"},\"inLanguage\":\"es\",\"potentialAction\":[{\"@type\":\"ReadAction\",\"target\":[\"https:\/\/21panorama.com\/index.php\/2022\/03\/31\/consigue-fgjem-condena-de-62-anos-de-prision-para-feminicida-de-una-joven-en-toluca\/\"]}]},{\"@type\":\"ImageObject\",\"inLanguage\":\"es\",\"@id\":\"https:\/\/21panorama.com\/index.php\/2022\/03\/31\/consigue-fgjem-condena-de-62-anos-de-prision-para-feminicida-de-una-joven-en-toluca\/#primaryimage\",\"url\":\"https:\/\/21panorama.com\/wp-content\/uploads\/2022\/03\/7ea3e414-3e55-45a4-8ba4-7e15c750540f.jpeg\",\"contentUrl\":\"https:\/\/21panorama.com\/wp-content\/uploads\/2022\/03\/7ea3e414-3e55-45a4-8ba4-7e15c750540f.jpeg\",\"width\":500,\"height\":715},{\"@type\":\"BreadcrumbList\",\"@id\":\"https:\/\/21panorama.com\/index.php\/2022\/03\/31\/consigue-fgjem-condena-de-62-anos-de-prision-para-feminicida-de-una-joven-en-toluca\/#breadcrumb\",\"itemListElement\":[{\"@type\":\"ListItem\",\"position\":1,\"name\":\"Inicio\",\"item\":\"https:\/\/21panorama.com\/\"},{\"@type\":\"ListItem\",\"position\":2,\"name\":\"Consigue FGJEM condena de 62 a\u00f1os de prisi\u00f3n para feminicida de una joven en Toluca\"}]},{\"@type\":\"WebSite\",\"@id\":\"https:\/\/21panorama.com\/#website\",\"url\":\"https:\/\/21panorama.com\/\",\"name\":\"21 Panorama\",\"description\":\"La construcci\u00f3n de la opini\u00f3n p\u00fablica merece un mejor Panorama en este siglo 21 para alcanzar una sociedad con mayor transparencia y sin corrupci\u00f3n.\",\"publisher\":{\"@id\":\"https:\/\/21panorama.com\/#organization\"},\"potentialAction\":[{\"@type\":\"SearchAction\",\"target\":{\"@type\":\"EntryPoint\",\"urlTemplate\":\"https:\/\/21panorama.com\/?s={search_term_string}\"},\"query-input\":{\"@type\":\"PropertyValueSpecification\",\"valueRequired\":true,\"valueName\":\"search_term_string\"}}],\"inLanguage\":\"es\"},{\"@type\":\"Organization\",\"@id\":\"https:\/\/21panorama.com\/#organization\",\"name\":\"21 Panorama\",\"url\":\"https:\/\/21panorama.com\/\",\"logo\":{\"@type\":\"ImageObject\",\"inLanguage\":\"es\",\"@id\":\"https:\/\/21panorama.com\/#\/schema\/logo\/image\/\",\"url\":\"https:\/\/21panorama.com\/wp-content\/uploads\/2019\/07\/cropped-Logo-Panorama-01.jpeg\",\"contentUrl\":\"https:\/\/21panorama.com\/wp-content\/uploads\/2019\/07\/cropped-Logo-Panorama-01.jpeg\",\"width\":290,\"height\":70,\"caption\":\"21 Panorama\"},\"image\":{\"@id\":\"https:\/\/21panorama.com\/#\/schema\/logo\/image\/\"}},{\"@type\":\"Person\",\"@id\":\"https:\/\/21panorama.com\/#\/schema\/person\/1afc291b96d5792a158768324287319f\",\"name\":\"admin\",\"image\":{\"@type\":\"ImageObject\",\"inLanguage\":\"es\",\"@id\":\"https:\/\/21panorama.com\/#\/schema\/person\/image\/\",\"url\":\"https:\/\/secure.gravatar.com\/avatar\/ad365d9d9f46719215b0d042cc3df92a5a8683e09ef13d102233e5491985f0f0?s=96&d=mm&r=g\",\"contentUrl\":\"https:\/\/secure.gravatar.com\/avatar\/ad365d9d9f46719215b0d042cc3df92a5a8683e09ef13d102233e5491985f0f0?s=96&d=mm&r=g\",\"caption\":\"admin\"},\"url\":\"https:\/\/21panorama.com\/index.php\/author\/admin\/\"}]}<\/script>\n<!-- \/ Yoast SEO plugin. -->","yoast_head_json":{"title":"Consigue FGJEM condena de 62 a\u00f1os de prisi\u00f3n para feminicida de una joven en Toluca - 21 Panorama","robots":{"index":"index","follow":"follow","max-snippet":"max-snippet:-1","max-image-preview":"max-image-preview:large","max-video-preview":"max-video-preview:-1"},"canonical":"https:\/\/21panorama.com\/index.php\/2022\/03\/31\/consigue-fgjem-condena-de-62-anos-de-prision-para-feminicida-de-una-joven-en-toluca\/","og_locale":"es_MX","og_type":"article","og_title":"Consigue FGJEM condena de 62 a\u00f1os de prisi\u00f3n para feminicida de una joven en Toluca - 21 Panorama","og_description":"Oscar Garc\u00eda Guzm\u00e1n fue sentenciado a una condena de 62 a\u00f1os y seis meses de prisi\u00f3n, luego de que la Fiscal\u00eda General de Justicia del Estado de M\u00e9xico (FGJEM) a trav\u00e9s de la Fiscal\u00eda Especializada de Feminicidio, acredit\u00f3 su participaci\u00f3n en el feminicidio de una joven de 23 a\u00f1os en la capital mexiquense.","og_url":"https:\/\/21panorama.com\/index.php\/2022\/03\/31\/consigue-fgjem-condena-de-62-anos-de-prision-para-feminicida-de-una-joven-en-toluca\/","og_site_name":"21 Panorama","article_published_time":"2022-03-31T22:06:04+00:00","article_modified_time":"2022-03-31T22:06:05+00:00","og_image":[{"width":500,"height":715,"url":"https:\/\/21panorama.com\/wp-content\/uploads\/2022\/03\/7ea3e414-3e55-45a4-8ba4-7e15c750540f.jpeg","type":"image\/jpeg"}],"author":"admin","twitter_card":"summary_large_image","twitter_misc":{"Escrito por":"admin","Tiempo de lectura":"3 minutos"},"schema":{"@context":"https:\/\/schema.org","@graph":[{"@type":"Article","@id":"https:\/\/21panorama.com\/index.php\/2022\/03\/31\/consigue-fgjem-condena-de-62-anos-de-prision-para-feminicida-de-una-joven-en-toluca\/#article","isPartOf":{"@id":"https:\/\/21panorama.com\/index.php\/2022\/03\/31\/consigue-fgjem-condena-de-62-anos-de-prision-para-feminicida-de-una-joven-en-toluca\/"},"author":{"name":"admin","@id":"https:\/\/21panorama.com\/#\/schema\/person\/1afc291b96d5792a158768324287319f"},"headline":"Consigue FGJEM condena de 62 a\u00f1os de prisi\u00f3n para feminicida de una joven en Toluca","datePublished":"2022-03-31T22:06:04+00:00","dateModified":"2022-03-31T22:06:05+00:00","mainEntityOfPage":{"@id":"https:\/\/21panorama.com\/index.php\/2022\/03\/31\/consigue-fgjem-condena-de-62-anos-de-prision-para-feminicida-de-una-joven-en-toluca\/"},"wordCount":586,"commentCount":0,"publisher":{"@id":"https:\/\/21panorama.com\/#organization"},"image":{"@id":"https:\/\/21panorama.com\/index.php\/2022\/03\/31\/consigue-fgjem-condena-de-62-anos-de-prision-para-feminicida-de-una-joven-en-toluca\/#primaryimage"},"thumbnailUrl":"https:\/\/21panorama.com\/wp-content\/uploads\/2022\/03\/7ea3e414-3e55-45a4-8ba4-7e15c750540f.jpeg","keywords":["FGJEM"],"articleSection":["Sociedad"],"inLanguage":"es","potentialAction":[{"@type":"CommentAction","name":"Comment","target":["https:\/\/21panorama.com\/index.php\/2022\/03\/31\/consigue-fgjem-condena-de-62-anos-de-prision-para-feminicida-de-una-joven-en-toluca\/#respond"]}]},{"@type":"WebPage","@id":"https:\/\/21panorama.com\/index.php\/2022\/03\/31\/consigue-fgjem-condena-de-62-anos-de-prision-para-feminicida-de-una-joven-en-toluca\/","url":"https:\/\/21panorama.com\/index.php\/2022\/03\/31\/consigue-fgjem-condena-de-62-anos-de-prision-para-feminicida-de-una-joven-en-toluca\/","name":"Consigue FGJEM condena de 62 a\u00f1os de prisi\u00f3n para feminicida de una joven en Toluca - 21 Panorama","isPartOf":{"@id":"https:\/\/21panorama.com\/#website"},"primaryImageOfPage":{"@id":"https:\/\/21panorama.com\/index.php\/2022\/03\/31\/consigue-fgjem-condena-de-62-anos-de-prision-para-feminicida-de-una-joven-en-toluca\/#primaryimage"},"image":{"@id":"https:\/\/21panorama.com\/index.php\/2022\/03\/31\/consigue-fgjem-condena-de-62-anos-de-prision-para-feminicida-de-una-joven-en-toluca\/#primaryimage"},"thumbnailUrl":"https:\/\/21panorama.com\/wp-content\/uploads\/2022\/03\/7ea3e414-3e55-45a4-8ba4-7e15c750540f.jpeg","datePublished":"2022-03-31T22:06:04+00:00","dateModified":"2022-03-31T22:06:05+00:00","breadcrumb":{"@id":"https:\/\/21panorama.com\/index.php\/2022\/03\/31\/consigue-fgjem-condena-de-62-anos-de-prision-para-feminicida-de-una-joven-en-toluca\/#breadcrumb"},"inLanguage":"es","potentialAction":[{"@type":"ReadAction","target":["https:\/\/21panorama.com\/index.php\/2022\/03\/31\/consigue-fgjem-condena-de-62-anos-de-prision-para-feminicida-de-una-joven-en-toluca\/"]}]},{"@type":"ImageObject","inLanguage":"es","@id":"https:\/\/21panorama.com\/index.php\/2022\/03\/31\/consigue-fgjem-condena-de-62-anos-de-prision-para-feminicida-de-una-joven-en-toluca\/#primaryimage","url":"https:\/\/21panorama.com\/wp-content\/uploads\/2022\/03\/7ea3e414-3e55-45a4-8ba4-7e15c750540f.jpeg","contentUrl":"https:\/\/21panorama.com\/wp-content\/uploads\/2022\/03\/7ea3e414-3e55-45a4-8ba4-7e15c750540f.jpeg","width":500,"height":715},{"@type":"BreadcrumbList","@id":"https:\/\/21panorama.com\/index.php\/2022\/03\/31\/consigue-fgjem-condena-de-62-anos-de-prision-para-feminicida-de-una-joven-en-toluca\/#breadcrumb","itemListElement":[{"@type":"ListItem","position":1,"name":"Inicio","item":"https:\/\/21panorama.com\/"},{"@type":"ListItem","position":2,"name":"Consigue FGJEM condena de 62 a\u00f1os de prisi\u00f3n para feminicida de una joven en Toluca"}]},{"@type":"WebSite","@id":"https:\/\/21panorama.com\/#website","url":"https:\/\/21panorama.com\/","name":"21 Panorama","description":"La construcci\u00f3n de la opini\u00f3n p\u00fablica merece un mejor Panorama en este siglo 21 para alcanzar una sociedad con mayor transparencia y sin corrupci\u00f3n.","publisher":{"@id":"https:\/\/21panorama.com\/#organization"},"potentialAction":[{"@type":"SearchAction","target":{"@type":"EntryPoint","urlTemplate":"https:\/\/21panorama.com\/?s={search_term_string}"},"query-input":{"@type":"PropertyValueSpecification","valueRequired":true,"valueName":"search_term_string"}}],"inLanguage":"es"},{"@type":"Organization","@id":"https:\/\/21panorama.com\/#organization","name":"21 Panorama","url":"https:\/\/21panorama.com\/","logo":{"@type":"ImageObject","inLanguage":"es","@id":"https:\/\/21panorama.com\/#\/schema\/logo\/image\/","url":"https:\/\/21panorama.com\/wp-content\/uploads\/2019\/07\/cropped-Logo-Panorama-01.jpeg","contentUrl":"https:\/\/21panorama.com\/wp-content\/uploads\/2019\/07\/cropped-Logo-Panorama-01.jpeg","width":290,"height":70,"caption":"21 Panorama"},"image":{"@id":"https:\/\/21panorama.com\/#\/schema\/logo\/image\/"}},{"@type":"Person","@id":"https:\/\/21panorama.com\/#\/schema\/person\/1afc291b96d5792a158768324287319f","name":"admin","image":{"@type":"ImageObject","inLanguage":"es","@id":"https:\/\/21panorama.com\/#\/schema\/person\/image\/","url":"https:\/\/secure.gravatar.com\/avatar\/ad365d9d9f46719215b0d042cc3df92a5a8683e09ef13d102233e5491985f0f0?s=96&d=mm&r=g","contentUrl":"https:\/\/secure.gravatar.com\/avatar\/ad365d9d9f46719215b0d042cc3df92a5a8683e09ef13d102233e5491985f0f0?s=96&d=mm&r=g","caption":"admin"},"url":"https:\/\/21panorama.com\/index.php\/author\/admin\/"}]}},"_links":{"self":[{"href":"https:\/\/21panorama.com\/index.php\/wp-json\/wp\/v2\/posts\/3480","targetHints":{"allow":["GET"]}}],"collection":[{"href":"https:\/\/21panorama.com\/index.php\/wp-json\/wp\/v2\/posts"}],"about":[{"href":"https:\/\/21panorama.com\/index.php\/wp-json\/wp\/v2\/types\/post"}],"author":[{"embeddable":true,"href":"https:\/\/21panorama.com\/index.php\/wp-json\/wp\/v2\/users\/1"}],"replies":[{"embeddable":true,"href":"https:\/\/21panorama.com\/index.php\/wp-json\/wp\/v2\/comments?post=3480"}],"version-history":[{"count":1,"href":"https:\/\/21panorama.com\/index.php\/wp-json\/wp\/v2\/posts\/3480\/revisions"}],"predecessor-version":[{"id":3482,"href":"https:\/\/21panorama.com\/index.php\/wp-json\/wp\/v2\/posts\/3480\/revisions\/3482"}],"wp:featuredmedia":[{"embeddable":true,"href":"https:\/\/21panorama.com\/index.php\/wp-json\/wp\/v2\/media\/3481"}],"wp:attachment":[{"href":"https:\/\/21panorama.com\/index.php\/wp-json\/wp\/v2\/media?parent=3480"}],"wp:term":[{"taxonomy":"category","embeddable":true,"href":"https:\/\/21panorama.com\/index.php\/wp-json\/wp\/v2\/categories?post=3480"},{"taxonomy":"post_tag","embeddable":true,"href":"https:\/\/21panorama.com\/index.php\/wp-json\/wp\/v2\/tags?post=3480"}],"curies":[{"name":"wp","href":"https:\/\/api.w.org\/{rel}","templated":true}]}}