{"id":347,"date":"2019-09-03T10:52:18","date_gmt":"2019-09-03T15:52:18","guid":{"rendered":"http:\/\/21panorama.com\/?p=347"},"modified":"2019-09-04T10:54:13","modified_gmt":"2019-09-04T15:54:13","slug":"participa-caem-en-el-xi-foro-interestatal-de-cultura-del-agua-y-bosque-agua-para-todos-en-guanajuato","status":"publish","type":"post","link":"https:\/\/21panorama.com\/index.php\/2019\/09\/03\/participa-caem-en-el-xi-foro-interestatal-de-cultura-del-agua-y-bosque-agua-para-todos-en-guanajuato\/","title":{"rendered":"PARTICIPA CAEM EN EL XI FORO INTERESTATAL DE CULTURA DEL AGUA Y BOSQUE \u201cAGUA PARA TODOS\u201d EN GUANAJUATO"},"content":{"rendered":"\n<p>La Comisi\u00f3n del Agua del Estado de M\u00e9xico (CAEM) particip\u00f3 en el XI Foro Interestatal de Cultura del Agua y Bosque \u201cAgua para todos\u201d, esto durante la 25\u00b0 Expo Agua 2019, celebrada en el estado de Guanajuato.<\/p>\n\n\n\n<p>Agua virtual, visi\u00f3n e innovaci\u00f3n fueron los temas que guiaron los trabajos de esta edici\u00f3n de la Expo Agua, especialmente del XI Foro Interestatal, el cual, tuvo como prop\u00f3sito capacitar a los responsables de los Espacios de Cultura del Agua de la Cuenca Lerma-Chapala, integrada por el Estado de M\u00e9xico, Guanajuato, Jalisco, Michoac\u00e1n y Quer\u00e9taro.<\/p>\n\n\n\n<p>Durante su participaci\u00f3n, los titulares de las direcciones generales de Coordinaci\u00f3n con Organismos Operadores y del Programa Hidr\u00e1ulico de la CAEM, intercambiaron experiencias y presentaron propuestas que inciden en el fortalecimiento y consolidaci\u00f3n de estos espacios.<\/p>\n\n\n\n<p>Asimismo, los funcionarios de la CAEM indicaron que la mayor\u00eda de los organismos operadores carecen de autosustentabilidad, condici\u00f3n indispensable para superar los enormes retos a los que se enfrentan y que se han convertido en una dificultad para lograr una adecuada gesti\u00f3n del recurso h\u00eddrico.<\/p>\n\n\n\n<p>Con m\u00e1s de 20 a\u00f1os de experiencia en temas de Cultura del Agua, la CAEM aport\u00f3 diagn\u00f3sticos y propuestas para fortalecer la importante labor que realizan los organismos operadores de agua y los espacios de cultura del agua, con los que muchos municipios del pa\u00eds ofrecen y coadyuvan al mejoramiento de los servicios h\u00eddricos que recibe directamente la poblaci\u00f3n.<\/p>\n\n\n\n<p>Precisaron que en el Estado de M\u00e9xico se promueve en los 125 municipios de la entidad, el uso adecuado del agua, a trav\u00e9s de estrategias para cuidarla, reutilizarla y fomentar el pago de los servicios h\u00eddricos.<\/p>\n","protected":false},"excerpt":{"rendered":"<p>La Comisi\u00f3n del Agua del Estado de M\u00e9xico (CAEM) particip\u00f3 en el XI Foro Interestatal de Cultura del Agua y Bosque \u201cAgua para todos\u201d, esto durante la 25\u00b0 Expo Agua 2019, celebrada en el estado de Guanajuato. Agua virtual, visi\u00f3n e innovaci\u00f3n fueron los temas que guiaron los trabajos de esta edici\u00f3n de la Expo Agua, especialmente del XI Foro Interestatal, el cual, tuvo como prop\u00f3sito capacitar a los responsables de los Espacios de Cultura del Agua de la Cuenca Lerma-Chapala, integrada por el Estado de M\u00e9xico, Guanajuato, Jalisco, Michoac\u00e1n&hellip;<\/p>\n","protected":false},"author":1,"featured_media":348,"comment_status":"open","ping_status":"open","sticky":false,"template":"","format":"standard","meta":{"footnotes":""},"categories":[11],"tags":[],"class_list":["post-347","post","type-post","status-publish","format-standard","has-post-thumbnail","hentry","category-medio-ambiente"],"yoast_head":"<!-- This site is optimized with the Yoast SEO plugin v24.9 - https:\/\/yoast.com\/wordpress\/plugins\/seo\/ -->\n<title>PARTICIPA CAEM EN EL XI FORO INTERESTATAL DE CULTURA DEL AGUA Y BOSQUE \u201cAGUA PARA TODOS\u201d EN GUANAJUATO - 21 Panorama<\/title>\n<meta name=\"robots\" content=\"index, follow, max-snippet:-1, max-image-preview:large, max-video-preview:-1\" \/>\n<link rel=\"canonical\" href=\"https:\/\/21panorama.com\/index.php\/2019\/09\/03\/participa-caem-en-el-xi-foro-interestatal-de-cultura-del-agua-y-bosque-agua-para-todos-en-guanajuato\/\" \/>\n<meta property=\"og:locale\" content=\"es_MX\" \/>\n<meta property=\"og:type\" content=\"article\" \/>\n<meta property=\"og:title\" content=\"PARTICIPA CAEM EN EL XI FORO INTERESTATAL DE CULTURA DEL AGUA Y BOSQUE \u201cAGUA PARA TODOS\u201d EN GUANAJUATO - 21 Panorama\" \/>\n<meta property=\"og:description\" content=\"La Comisi\u00f3n del Agua del Estado de M\u00e9xico (CAEM) particip\u00f3 en el XI Foro Interestatal de Cultura del Agua y Bosque \u201cAgua para todos\u201d, esto durante la 25\u00b0 Expo Agua 2019, celebrada en el estado de Guanajuato. Agua virtual, visi\u00f3n e innovaci\u00f3n fueron los temas que guiaron los trabajos de esta edici\u00f3n de la Expo Agua, especialmente del XI Foro Interestatal, el cual, tuvo como prop\u00f3sito capacitar a los responsables de los Espacios de Cultura del Agua de la Cuenca Lerma-Chapala, integrada por el Estado de M\u00e9xico, Guanajuato, Jalisco, Michoac\u00e1n&hellip;\" \/>\n<meta property=\"og:url\" content=\"https:\/\/21panorama.com\/index.php\/2019\/09\/03\/participa-caem-en-el-xi-foro-interestatal-de-cultura-del-agua-y-bosque-agua-para-todos-en-guanajuato\/\" \/>\n<meta property=\"og:site_name\" content=\"21 Panorama\" \/>\n<meta property=\"article:published_time\" content=\"2019-09-03T15:52:18+00:00\" \/>\n<meta property=\"article:modified_time\" content=\"2019-09-04T15:54:13+00:00\" \/>\n<meta property=\"og:image\" content=\"https:\/\/21panorama.com\/wp-content\/uploads\/2019\/09\/w2_8918_1.jpg\" \/>\n\t<meta property=\"og:image:width\" content=\"1280\" \/>\n\t<meta property=\"og:image:height\" content=\"960\" \/>\n\t<meta property=\"og:image:type\" content=\"image\/jpeg\" \/>\n<meta name=\"author\" content=\"admin\" \/>\n<meta name=\"twitter:card\" content=\"summary_large_image\" \/>\n<meta name=\"twitter:label1\" content=\"Escrito por\" \/>\n\t<meta name=\"twitter:data1\" content=\"admin\" \/>\n\t<meta name=\"twitter:label2\" content=\"Tiempo de lectura\" \/>\n\t<meta name=\"twitter:data2\" content=\"1 minuto\" \/>\n<script type=\"application\/ld+json\" class=\"yoast-schema-graph\">{\"@context\":\"https:\/\/schema.org\",\"@graph\":[{\"@type\":\"Article\",\"@id\":\"https:\/\/21panorama.com\/index.php\/2019\/09\/03\/participa-caem-en-el-xi-foro-interestatal-de-cultura-del-agua-y-bosque-agua-para-todos-en-guanajuato\/#article\",\"isPartOf\":{\"@id\":\"https:\/\/21panorama.com\/index.php\/2019\/09\/03\/participa-caem-en-el-xi-foro-interestatal-de-cultura-del-agua-y-bosque-agua-para-todos-en-guanajuato\/\"},\"author\":{\"name\":\"admin\",\"@id\":\"https:\/\/21panorama.com\/#\/schema\/person\/1afc291b96d5792a158768324287319f\"},\"headline\":\"PARTICIPA CAEM EN EL XI FORO INTERESTATAL DE CULTURA DEL AGUA Y BOSQUE \u201cAGUA PARA TODOS\u201d EN GUANAJUATO\",\"datePublished\":\"2019-09-03T15:52:18+00:00\",\"dateModified\":\"2019-09-04T15:54:13+00:00\",\"mainEntityOfPage\":{\"@id\":\"https:\/\/21panorama.com\/index.php\/2019\/09\/03\/participa-caem-en-el-xi-foro-interestatal-de-cultura-del-agua-y-bosque-agua-para-todos-en-guanajuato\/\"},\"wordCount\":308,\"commentCount\":0,\"publisher\":{\"@id\":\"https:\/\/21panorama.com\/#organization\"},\"image\":{\"@id\":\"https:\/\/21panorama.com\/index.php\/2019\/09\/03\/participa-caem-en-el-xi-foro-interestatal-de-cultura-del-agua-y-bosque-agua-para-todos-en-guanajuato\/#primaryimage\"},\"thumbnailUrl\":\"https:\/\/21panorama.com\/wp-content\/uploads\/2019\/09\/w2_8918_1.jpg\",\"articleSection\":[\"Medio Ambiente\"],\"inLanguage\":\"es\",\"potentialAction\":[{\"@type\":\"CommentAction\",\"name\":\"Comment\",\"target\":[\"https:\/\/21panorama.com\/index.php\/2019\/09\/03\/participa-caem-en-el-xi-foro-interestatal-de-cultura-del-agua-y-bosque-agua-para-todos-en-guanajuato\/#respond\"]}]},{\"@type\":\"WebPage\",\"@id\":\"https:\/\/21panorama.com\/index.php\/2019\/09\/03\/participa-caem-en-el-xi-foro-interestatal-de-cultura-del-agua-y-bosque-agua-para-todos-en-guanajuato\/\",\"url\":\"https:\/\/21panorama.com\/index.php\/2019\/09\/03\/participa-caem-en-el-xi-foro-interestatal-de-cultura-del-agua-y-bosque-agua-para-todos-en-guanajuato\/\",\"name\":\"PARTICIPA CAEM EN EL XI FORO INTERESTATAL DE CULTURA DEL AGUA Y BOSQUE \u201cAGUA PARA TODOS\u201d EN GUANAJUATO - 21 Panorama\",\"isPartOf\":{\"@id\":\"https:\/\/21panorama.com\/#website\"},\"primaryImageOfPage\":{\"@id\":\"https:\/\/21panorama.com\/index.php\/2019\/09\/03\/participa-caem-en-el-xi-foro-interestatal-de-cultura-del-agua-y-bosque-agua-para-todos-en-guanajuato\/#primaryimage\"},\"image\":{\"@id\":\"https:\/\/21panorama.com\/index.php\/2019\/09\/03\/participa-caem-en-el-xi-foro-interestatal-de-cultura-del-agua-y-bosque-agua-para-todos-en-guanajuato\/#primaryimage\"},\"thumbnailUrl\":\"https:\/\/21panorama.com\/wp-content\/uploads\/2019\/09\/w2_8918_1.jpg\",\"datePublished\":\"2019-09-03T15:52:18+00:00\",\"dateModified\":\"2019-09-04T15:54:13+00:00\",\"breadcrumb\":{\"@id\":\"https:\/\/21panorama.com\/index.php\/2019\/09\/03\/participa-caem-en-el-xi-foro-interestatal-de-cultura-del-agua-y-bosque-agua-para-todos-en-guanajuato\/#breadcrumb\"},\"inLanguage\":\"es\",\"potentialAction\":[{\"@type\":\"ReadAction\",\"target\":[\"https:\/\/21panorama.com\/index.php\/2019\/09\/03\/participa-caem-en-el-xi-foro-interestatal-de-cultura-del-agua-y-bosque-agua-para-todos-en-guanajuato\/\"]}]},{\"@type\":\"ImageObject\",\"inLanguage\":\"es\",\"@id\":\"https:\/\/21panorama.com\/index.php\/2019\/09\/03\/participa-caem-en-el-xi-foro-interestatal-de-cultura-del-agua-y-bosque-agua-para-todos-en-guanajuato\/#primaryimage\",\"url\":\"https:\/\/21panorama.com\/wp-content\/uploads\/2019\/09\/w2_8918_1.jpg\",\"contentUrl\":\"https:\/\/21panorama.com\/wp-content\/uploads\/2019\/09\/w2_8918_1.jpg\",\"width\":1280,\"height\":960},{\"@type\":\"BreadcrumbList\",\"@id\":\"https:\/\/21panorama.com\/index.php\/2019\/09\/03\/participa-caem-en-el-xi-foro-interestatal-de-cultura-del-agua-y-bosque-agua-para-todos-en-guanajuato\/#breadcrumb\",\"itemListElement\":[{\"@type\":\"ListItem\",\"position\":1,\"name\":\"Inicio\",\"item\":\"https:\/\/21panorama.com\/\"},{\"@type\":\"ListItem\",\"position\":2,\"name\":\"PARTICIPA CAEM EN EL XI FORO INTERESTATAL DE CULTURA DEL AGUA Y BOSQUE \u201cAGUA PARA TODOS\u201d EN GUANAJUATO\"}]},{\"@type\":\"WebSite\",\"@id\":\"https:\/\/21panorama.com\/#website\",\"url\":\"https:\/\/21panorama.com\/\",\"name\":\"21 Panorama\",\"description\":\"La construcci\u00f3n de la opini\u00f3n p\u00fablica merece un mejor Panorama en este siglo 21 para alcanzar una sociedad con mayor transparencia y sin corrupci\u00f3n.\",\"publisher\":{\"@id\":\"https:\/\/21panorama.com\/#organization\"},\"potentialAction\":[{\"@type\":\"SearchAction\",\"target\":{\"@type\":\"EntryPoint\",\"urlTemplate\":\"https:\/\/21panorama.com\/?s={search_term_string}\"},\"query-input\":{\"@type\":\"PropertyValueSpecification\",\"valueRequired\":true,\"valueName\":\"search_term_string\"}}],\"inLanguage\":\"es\"},{\"@type\":\"Organization\",\"@id\":\"https:\/\/21panorama.com\/#organization\",\"name\":\"21 Panorama\",\"url\":\"https:\/\/21panorama.com\/\",\"logo\":{\"@type\":\"ImageObject\",\"inLanguage\":\"es\",\"@id\":\"https:\/\/21panorama.com\/#\/schema\/logo\/image\/\",\"url\":\"https:\/\/21panorama.com\/wp-content\/uploads\/2019\/07\/cropped-Logo-Panorama-01.jpeg\",\"contentUrl\":\"https:\/\/21panorama.com\/wp-content\/uploads\/2019\/07\/cropped-Logo-Panorama-01.jpeg\",\"width\":290,\"height\":70,\"caption\":\"21 Panorama\"},\"image\":{\"@id\":\"https:\/\/21panorama.com\/#\/schema\/logo\/image\/\"}},{\"@type\":\"Person\",\"@id\":\"https:\/\/21panorama.com\/#\/schema\/person\/1afc291b96d5792a158768324287319f\",\"name\":\"admin\",\"image\":{\"@type\":\"ImageObject\",\"inLanguage\":\"es\",\"@id\":\"https:\/\/21panorama.com\/#\/schema\/person\/image\/\",\"url\":\"https:\/\/secure.gravatar.com\/avatar\/ad365d9d9f46719215b0d042cc3df92a5a8683e09ef13d102233e5491985f0f0?s=96&d=mm&r=g\",\"contentUrl\":\"https:\/\/secure.gravatar.com\/avatar\/ad365d9d9f46719215b0d042cc3df92a5a8683e09ef13d102233e5491985f0f0?s=96&d=mm&r=g\",\"caption\":\"admin\"},\"url\":\"https:\/\/21panorama.com\/index.php\/author\/admin\/\"}]}<\/script>\n<!-- \/ Yoast SEO plugin. -->","yoast_head_json":{"title":"PARTICIPA CAEM EN EL XI FORO INTERESTATAL DE CULTURA DEL AGUA Y BOSQUE \u201cAGUA PARA TODOS\u201d EN GUANAJUATO - 21 Panorama","robots":{"index":"index","follow":"follow","max-snippet":"max-snippet:-1","max-image-preview":"max-image-preview:large","max-video-preview":"max-video-preview:-1"},"canonical":"https:\/\/21panorama.com\/index.php\/2019\/09\/03\/participa-caem-en-el-xi-foro-interestatal-de-cultura-del-agua-y-bosque-agua-para-todos-en-guanajuato\/","og_locale":"es_MX","og_type":"article","og_title":"PARTICIPA CAEM EN EL XI FORO INTERESTATAL DE CULTURA DEL AGUA Y BOSQUE \u201cAGUA PARA TODOS\u201d EN GUANAJUATO - 21 Panorama","og_description":"La Comisi\u00f3n del Agua del Estado de M\u00e9xico (CAEM) particip\u00f3 en el XI Foro Interestatal de Cultura del Agua y Bosque \u201cAgua para todos\u201d, esto durante la 25\u00b0 Expo Agua 2019, celebrada en el estado de Guanajuato. Agua virtual, visi\u00f3n e innovaci\u00f3n fueron los temas que guiaron los trabajos de esta edici\u00f3n de la Expo Agua, especialmente del XI Foro Interestatal, el cual, tuvo como prop\u00f3sito capacitar a los responsables de los Espacios de Cultura del Agua de la Cuenca Lerma-Chapala, integrada por el Estado de M\u00e9xico, Guanajuato, Jalisco, Michoac\u00e1n&hellip;","og_url":"https:\/\/21panorama.com\/index.php\/2019\/09\/03\/participa-caem-en-el-xi-foro-interestatal-de-cultura-del-agua-y-bosque-agua-para-todos-en-guanajuato\/","og_site_name":"21 Panorama","article_published_time":"2019-09-03T15:52:18+00:00","article_modified_time":"2019-09-04T15:54:13+00:00","og_image":[{"width":1280,"height":960,"url":"https:\/\/21panorama.com\/wp-content\/uploads\/2019\/09\/w2_8918_1.jpg","type":"image\/jpeg"}],"author":"admin","twitter_card":"summary_large_image","twitter_misc":{"Escrito por":"admin","Tiempo de lectura":"1 minuto"},"schema":{"@context":"https:\/\/schema.org","@graph":[{"@type":"Article","@id":"https:\/\/21panorama.com\/index.php\/2019\/09\/03\/participa-caem-en-el-xi-foro-interestatal-de-cultura-del-agua-y-bosque-agua-para-todos-en-guanajuato\/#article","isPartOf":{"@id":"https:\/\/21panorama.com\/index.php\/2019\/09\/03\/participa-caem-en-el-xi-foro-interestatal-de-cultura-del-agua-y-bosque-agua-para-todos-en-guanajuato\/"},"author":{"name":"admin","@id":"https:\/\/21panorama.com\/#\/schema\/person\/1afc291b96d5792a158768324287319f"},"headline":"PARTICIPA CAEM EN EL XI FORO INTERESTATAL DE CULTURA DEL AGUA Y BOSQUE \u201cAGUA PARA TODOS\u201d EN GUANAJUATO","datePublished":"2019-09-03T15:52:18+00:00","dateModified":"2019-09-04T15:54:13+00:00","mainEntityOfPage":{"@id":"https:\/\/21panorama.com\/index.php\/2019\/09\/03\/participa-caem-en-el-xi-foro-interestatal-de-cultura-del-agua-y-bosque-agua-para-todos-en-guanajuato\/"},"wordCount":308,"commentCount":0,"publisher":{"@id":"https:\/\/21panorama.com\/#organization"},"image":{"@id":"https:\/\/21panorama.com\/index.php\/2019\/09\/03\/participa-caem-en-el-xi-foro-interestatal-de-cultura-del-agua-y-bosque-agua-para-todos-en-guanajuato\/#primaryimage"},"thumbnailUrl":"https:\/\/21panorama.com\/wp-content\/uploads\/2019\/09\/w2_8918_1.jpg","articleSection":["Medio Ambiente"],"inLanguage":"es","potentialAction":[{"@type":"CommentAction","name":"Comment","target":["https:\/\/21panorama.com\/index.php\/2019\/09\/03\/participa-caem-en-el-xi-foro-interestatal-de-cultura-del-agua-y-bosque-agua-para-todos-en-guanajuato\/#respond"]}]},{"@type":"WebPage","@id":"https:\/\/21panorama.com\/index.php\/2019\/09\/03\/participa-caem-en-el-xi-foro-interestatal-de-cultura-del-agua-y-bosque-agua-para-todos-en-guanajuato\/","url":"https:\/\/21panorama.com\/index.php\/2019\/09\/03\/participa-caem-en-el-xi-foro-interestatal-de-cultura-del-agua-y-bosque-agua-para-todos-en-guanajuato\/","name":"PARTICIPA CAEM EN EL XI FORO INTERESTATAL DE CULTURA DEL AGUA Y BOSQUE \u201cAGUA PARA TODOS\u201d EN GUANAJUATO - 21 Panorama","isPartOf":{"@id":"https:\/\/21panorama.com\/#website"},"primaryImageOfPage":{"@id":"https:\/\/21panorama.com\/index.php\/2019\/09\/03\/participa-caem-en-el-xi-foro-interestatal-de-cultura-del-agua-y-bosque-agua-para-todos-en-guanajuato\/#primaryimage"},"image":{"@id":"https:\/\/21panorama.com\/index.php\/2019\/09\/03\/participa-caem-en-el-xi-foro-interestatal-de-cultura-del-agua-y-bosque-agua-para-todos-en-guanajuato\/#primaryimage"},"thumbnailUrl":"https:\/\/21panorama.com\/wp-content\/uploads\/2019\/09\/w2_8918_1.jpg","datePublished":"2019-09-03T15:52:18+00:00","dateModified":"2019-09-04T15:54:13+00:00","breadcrumb":{"@id":"https:\/\/21panorama.com\/index.php\/2019\/09\/03\/participa-caem-en-el-xi-foro-interestatal-de-cultura-del-agua-y-bosque-agua-para-todos-en-guanajuato\/#breadcrumb"},"inLanguage":"es","potentialAction":[{"@type":"ReadAction","target":["https:\/\/21panorama.com\/index.php\/2019\/09\/03\/participa-caem-en-el-xi-foro-interestatal-de-cultura-del-agua-y-bosque-agua-para-todos-en-guanajuato\/"]}]},{"@type":"ImageObject","inLanguage":"es","@id":"https:\/\/21panorama.com\/index.php\/2019\/09\/03\/participa-caem-en-el-xi-foro-interestatal-de-cultura-del-agua-y-bosque-agua-para-todos-en-guanajuato\/#primaryimage","url":"https:\/\/21panorama.com\/wp-content\/uploads\/2019\/09\/w2_8918_1.jpg","contentUrl":"https:\/\/21panorama.com\/wp-content\/uploads\/2019\/09\/w2_8918_1.jpg","width":1280,"height":960},{"@type":"BreadcrumbList","@id":"https:\/\/21panorama.com\/index.php\/2019\/09\/03\/participa-caem-en-el-xi-foro-interestatal-de-cultura-del-agua-y-bosque-agua-para-todos-en-guanajuato\/#breadcrumb","itemListElement":[{"@type":"ListItem","position":1,"name":"Inicio","item":"https:\/\/21panorama.com\/"},{"@type":"ListItem","position":2,"name":"PARTICIPA CAEM EN EL XI FORO INTERESTATAL DE CULTURA DEL AGUA Y BOSQUE \u201cAGUA PARA TODOS\u201d EN GUANAJUATO"}]},{"@type":"WebSite","@id":"https:\/\/21panorama.com\/#website","url":"https:\/\/21panorama.com\/","name":"21 Panorama","description":"La construcci\u00f3n de la opini\u00f3n p\u00fablica merece un mejor Panorama en este siglo 21 para alcanzar una sociedad con mayor transparencia y sin corrupci\u00f3n.","publisher":{"@id":"https:\/\/21panorama.com\/#organization"},"potentialAction":[{"@type":"SearchAction","target":{"@type":"EntryPoint","urlTemplate":"https:\/\/21panorama.com\/?s={search_term_string}"},"query-input":{"@type":"PropertyValueSpecification","valueRequired":true,"valueName":"search_term_string"}}],"inLanguage":"es"},{"@type":"Organization","@id":"https:\/\/21panorama.com\/#organization","name":"21 Panorama","url":"https:\/\/21panorama.com\/","logo":{"@type":"ImageObject","inLanguage":"es","@id":"https:\/\/21panorama.com\/#\/schema\/logo\/image\/","url":"https:\/\/21panorama.com\/wp-content\/uploads\/2019\/07\/cropped-Logo-Panorama-01.jpeg","contentUrl":"https:\/\/21panorama.com\/wp-content\/uploads\/2019\/07\/cropped-Logo-Panorama-01.jpeg","width":290,"height":70,"caption":"21 Panorama"},"image":{"@id":"https:\/\/21panorama.com\/#\/schema\/logo\/image\/"}},{"@type":"Person","@id":"https:\/\/21panorama.com\/#\/schema\/person\/1afc291b96d5792a158768324287319f","name":"admin","image":{"@type":"ImageObject","inLanguage":"es","@id":"https:\/\/21panorama.com\/#\/schema\/person\/image\/","url":"https:\/\/secure.gravatar.com\/avatar\/ad365d9d9f46719215b0d042cc3df92a5a8683e09ef13d102233e5491985f0f0?s=96&d=mm&r=g","contentUrl":"https:\/\/secure.gravatar.com\/avatar\/ad365d9d9f46719215b0d042cc3df92a5a8683e09ef13d102233e5491985f0f0?s=96&d=mm&r=g","caption":"admin"},"url":"https:\/\/21panorama.com\/index.php\/author\/admin\/"}]}},"_links":{"self":[{"href":"https:\/\/21panorama.com\/index.php\/wp-json\/wp\/v2\/posts\/347","targetHints":{"allow":["GET"]}}],"collection":[{"href":"https:\/\/21panorama.com\/index.php\/wp-json\/wp\/v2\/posts"}],"about":[{"href":"https:\/\/21panorama.com\/index.php\/wp-json\/wp\/v2\/types\/post"}],"author":[{"embeddable":true,"href":"https:\/\/21panorama.com\/index.php\/wp-json\/wp\/v2\/users\/1"}],"replies":[{"embeddable":true,"href":"https:\/\/21panorama.com\/index.php\/wp-json\/wp\/v2\/comments?post=347"}],"version-history":[{"count":1,"href":"https:\/\/21panorama.com\/index.php\/wp-json\/wp\/v2\/posts\/347\/revisions"}],"predecessor-version":[{"id":349,"href":"https:\/\/21panorama.com\/index.php\/wp-json\/wp\/v2\/posts\/347\/revisions\/349"}],"wp:featuredmedia":[{"embeddable":true,"href":"https:\/\/21panorama.com\/index.php\/wp-json\/wp\/v2\/media\/348"}],"wp:attachment":[{"href":"https:\/\/21panorama.com\/index.php\/wp-json\/wp\/v2\/media?parent=347"}],"wp:term":[{"taxonomy":"category","embeddable":true,"href":"https:\/\/21panorama.com\/index.php\/wp-json\/wp\/v2\/categories?post=347"},{"taxonomy":"post_tag","embeddable":true,"href":"https:\/\/21panorama.com\/index.php\/wp-json\/wp\/v2\/tags?post=347"}],"curies":[{"name":"wp","href":"https:\/\/api.w.org\/{rel}","templated":true}]}}