{"id":3468,"date":"2022-03-30T17:38:44","date_gmt":"2022-03-30T23:38:44","guid":{"rendered":"https:\/\/21panorama.com\/?p=3468"},"modified":"2022-03-30T17:38:45","modified_gmt":"2022-03-30T23:38:45","slug":"conmemoran-216-aniversario-del-natalicio-de-benito-juarez-en-joco","status":"publish","type":"post","link":"https:\/\/21panorama.com\/index.php\/2022\/03\/30\/conmemoran-216-aniversario-del-natalicio-de-benito-juarez-en-joco\/","title":{"rendered":"Conmemoran 216 Aniversario del Natalicio de Benito Ju\u00e1rez en Joco"},"content":{"rendered":"\n<p>El Presidente Municipal de Jocotitl\u00e1n, Jes\u00fas Cedillo Gonz\u00e1lez, encabez\u00f3 el izamiento de bandera y la ceremonia c\u00edvica rindiendo honores al hombre de ra\u00edces ind\u00edgenas que luch\u00f3 por las libertades y la soberan\u00eda de M\u00e9xico.<\/p>\n\n\n\n<p>En el acto c\u00edvico record\u00f3 palabras del Benem\u00e9rito de las Americas: \u201cLa constancia y el estudio hacen a los hombres grandes, y los hombres grandes son el porvenir de la patria&#8221;.<\/p>\n\n\n\n<p>Por otra parte, con motivo del inicio de la primavera destac\u00f3 la necesidad de conservar las tradiciones y la riqueza cultural de los Jocotitlenses ancestrales con el tradicional ritual del encendido del fuego nuevo desde el majestuoso Pueblo con encanto Jocotitl\u00e1n.<\/p>\n\n\n\n<p>La Ceremonia del Fuego Nuevo es una tradici\u00f3n en Jocotitl\u00e1n, el ritual mazahua marca el cierre e inicio de un nuevo ciclo, al danzar, los pueblos aut\u00f3ctonos rinden culto a sus deidades y, a trav\u00e9s del saludo de los cuatro puntos cardinales, abren y limpian el espacio sagrado, agreg\u00f3.<\/p>\n\n\n\n<p>El Presidente Municipal Jes\u00fas Cedillo Gonz\u00e1lez encabez\u00f3 dicho acto en la Monta\u00f1a Sagrada, en donde adem\u00e1s hubo activaci\u00f3n f\u00edsica, exposici\u00f3n artesanal y m\u00fasica viva.<\/p>\n\n\n\n<figure class=\"wp-block-gallery columns-3 is-cropped wp-block-gallery-1 is-layout-flex wp-block-gallery-is-layout-flex\"><ul class=\"blocks-gallery-grid\"><li class=\"blocks-gallery-item\"><figure><img decoding=\"async\" width=\"1024\" height=\"683\" src=\"https:\/\/21panorama.com\/wp-content\/uploads\/2022\/03\/fb596338-8073-4ebf-bfcc-59d9bd5588a0-1024x683.jpeg\" alt=\"\" data-id=\"3470\" data-link=\"https:\/\/21panorama.com\/?attachment_id=3470\" class=\"wp-image-3470\" srcset=\"https:\/\/21panorama.com\/wp-content\/uploads\/2022\/03\/fb596338-8073-4ebf-bfcc-59d9bd5588a0-1024x683.jpeg 1024w, https:\/\/21panorama.com\/wp-content\/uploads\/2022\/03\/fb596338-8073-4ebf-bfcc-59d9bd5588a0-300x200.jpeg 300w, https:\/\/21panorama.com\/wp-content\/uploads\/2022\/03\/fb596338-8073-4ebf-bfcc-59d9bd5588a0-768x512.jpeg 768w, https:\/\/21panorama.com\/wp-content\/uploads\/2022\/03\/fb596338-8073-4ebf-bfcc-59d9bd5588a0.jpeg 1440w\" sizes=\"(max-width: 1024px) 100vw, 1024px\" \/><\/figure><\/li><li class=\"blocks-gallery-item\"><figure><img decoding=\"async\" width=\"960\" height=\"640\" src=\"https:\/\/21panorama.com\/wp-content\/uploads\/2022\/03\/18e786f0-d6ab-4dc0-949e-73011ceafceb.jpeg\" alt=\"\" data-id=\"3471\" data-link=\"https:\/\/21panorama.com\/?attachment_id=3471\" class=\"wp-image-3471\" srcset=\"https:\/\/21panorama.com\/wp-content\/uploads\/2022\/03\/18e786f0-d6ab-4dc0-949e-73011ceafceb.jpeg 960w, https:\/\/21panorama.com\/wp-content\/uploads\/2022\/03\/18e786f0-d6ab-4dc0-949e-73011ceafceb-300x200.jpeg 300w, https:\/\/21panorama.com\/wp-content\/uploads\/2022\/03\/18e786f0-d6ab-4dc0-949e-73011ceafceb-768x512.jpeg 768w\" sizes=\"(max-width: 960px) 100vw, 960px\" \/><\/figure><\/li><li class=\"blocks-gallery-item\"><figure><img decoding=\"async\" width=\"481\" height=\"320\" src=\"https:\/\/21panorama.com\/wp-content\/uploads\/2022\/03\/600be1f9-57c6-4d91-99cb-391b94ac1ecb.jpeg\" alt=\"\" data-id=\"3472\" data-full-url=\"https:\/\/21panorama.com\/wp-content\/uploads\/2022\/03\/600be1f9-57c6-4d91-99cb-391b94ac1ecb.jpeg\" data-link=\"https:\/\/21panorama.com\/?attachment_id=3472\" class=\"wp-image-3472\" srcset=\"https:\/\/21panorama.com\/wp-content\/uploads\/2022\/03\/600be1f9-57c6-4d91-99cb-391b94ac1ecb.jpeg 481w, https:\/\/21panorama.com\/wp-content\/uploads\/2022\/03\/600be1f9-57c6-4d91-99cb-391b94ac1ecb-300x200.jpeg 300w\" sizes=\"(max-width: 481px) 100vw, 481px\" \/><\/figure><\/li><\/ul><\/figure>\n","protected":false},"excerpt":{"rendered":"<p>El Presidente Municipal de Jocotitl\u00e1n, Jes\u00fas Cedillo Gonz\u00e1lez, encabez\u00f3 el izamiento de bandera y la ceremonia c\u00edvica rindiendo honores al hombre de ra\u00edces ind\u00edgenas que luch\u00f3 por las libertades y la soberan\u00eda de M\u00e9xico.<\/p>\n","protected":false},"author":1,"featured_media":3469,"comment_status":"open","ping_status":"open","sticky":false,"template":"","format":"standard","meta":{"footnotes":""},"categories":[1],"tags":[42],"class_list":["post-3468","post","type-post","status-publish","format-standard","has-post-thumbnail","hentry","category-sociedad","tag-jocotitlan"],"yoast_head":"<!-- This site is optimized with the Yoast SEO plugin v24.9 - https:\/\/yoast.com\/wordpress\/plugins\/seo\/ -->\n<title>Conmemoran 216 Aniversario del Natalicio de Benito Ju\u00e1rez en Joco - 21 Panorama<\/title>\n<meta name=\"robots\" content=\"index, follow, max-snippet:-1, max-image-preview:large, max-video-preview:-1\" \/>\n<link rel=\"canonical\" href=\"https:\/\/21panorama.com\/index.php\/2022\/03\/30\/conmemoran-216-aniversario-del-natalicio-de-benito-juarez-en-joco\/\" \/>\n<meta property=\"og:locale\" content=\"es_MX\" \/>\n<meta property=\"og:type\" content=\"article\" \/>\n<meta property=\"og:title\" content=\"Conmemoran 216 Aniversario del Natalicio de Benito Ju\u00e1rez en Joco - 21 Panorama\" \/>\n<meta property=\"og:description\" content=\"El Presidente Municipal de Jocotitl\u00e1n, Jes\u00fas Cedillo Gonz\u00e1lez, encabez\u00f3 el izamiento de bandera y la ceremonia c\u00edvica rindiendo honores al hombre de ra\u00edces ind\u00edgenas que luch\u00f3 por las libertades y la soberan\u00eda de M\u00e9xico.\" \/>\n<meta property=\"og:url\" content=\"https:\/\/21panorama.com\/index.php\/2022\/03\/30\/conmemoran-216-aniversario-del-natalicio-de-benito-juarez-en-joco\/\" \/>\n<meta property=\"og:site_name\" content=\"21 Panorama\" \/>\n<meta property=\"article:published_time\" content=\"2022-03-30T23:38:44+00:00\" \/>\n<meta property=\"article:modified_time\" content=\"2022-03-30T23:38:45+00:00\" \/>\n<meta property=\"og:image\" content=\"https:\/\/21panorama.com\/wp-content\/uploads\/2022\/03\/42f7a8ce-4414-4a44-8df1-1227e80659c1.jpeg\" \/>\n\t<meta property=\"og:image:width\" content=\"1440\" \/>\n\t<meta property=\"og:image:height\" content=\"960\" \/>\n\t<meta property=\"og:image:type\" content=\"image\/jpeg\" \/>\n<meta name=\"author\" content=\"admin\" \/>\n<meta name=\"twitter:card\" content=\"summary_large_image\" \/>\n<meta name=\"twitter:label1\" content=\"Escrito por\" \/>\n\t<meta name=\"twitter:data1\" content=\"admin\" \/>\n\t<meta name=\"twitter:label2\" content=\"Tiempo de lectura\" \/>\n\t<meta name=\"twitter:data2\" content=\"2 minutos\" \/>\n<script type=\"application\/ld+json\" class=\"yoast-schema-graph\">{\"@context\":\"https:\/\/schema.org\",\"@graph\":[{\"@type\":\"Article\",\"@id\":\"https:\/\/21panorama.com\/index.php\/2022\/03\/30\/conmemoran-216-aniversario-del-natalicio-de-benito-juarez-en-joco\/#article\",\"isPartOf\":{\"@id\":\"https:\/\/21panorama.com\/index.php\/2022\/03\/30\/conmemoran-216-aniversario-del-natalicio-de-benito-juarez-en-joco\/\"},\"author\":{\"name\":\"admin\",\"@id\":\"https:\/\/21panorama.com\/#\/schema\/person\/1afc291b96d5792a158768324287319f\"},\"headline\":\"Conmemoran 216 Aniversario del Natalicio de Benito Ju\u00e1rez en Joco\",\"datePublished\":\"2022-03-30T23:38:44+00:00\",\"dateModified\":\"2022-03-30T23:38:45+00:00\",\"mainEntityOfPage\":{\"@id\":\"https:\/\/21panorama.com\/index.php\/2022\/03\/30\/conmemoran-216-aniversario-del-natalicio-de-benito-juarez-en-joco\/\"},\"wordCount\":212,\"commentCount\":0,\"publisher\":{\"@id\":\"https:\/\/21panorama.com\/#organization\"},\"image\":{\"@id\":\"https:\/\/21panorama.com\/index.php\/2022\/03\/30\/conmemoran-216-aniversario-del-natalicio-de-benito-juarez-en-joco\/#primaryimage\"},\"thumbnailUrl\":\"https:\/\/21panorama.com\/wp-content\/uploads\/2022\/03\/42f7a8ce-4414-4a44-8df1-1227e80659c1.jpeg\",\"keywords\":[\"Jocotitl\u00e1n\"],\"articleSection\":[\"Sociedad\"],\"inLanguage\":\"es\",\"potentialAction\":[{\"@type\":\"CommentAction\",\"name\":\"Comment\",\"target\":[\"https:\/\/21panorama.com\/index.php\/2022\/03\/30\/conmemoran-216-aniversario-del-natalicio-de-benito-juarez-en-joco\/#respond\"]}]},{\"@type\":\"WebPage\",\"@id\":\"https:\/\/21panorama.com\/index.php\/2022\/03\/30\/conmemoran-216-aniversario-del-natalicio-de-benito-juarez-en-joco\/\",\"url\":\"https:\/\/21panorama.com\/index.php\/2022\/03\/30\/conmemoran-216-aniversario-del-natalicio-de-benito-juarez-en-joco\/\",\"name\":\"Conmemoran 216 Aniversario del Natalicio de Benito Ju\u00e1rez en Joco - 21 Panorama\",\"isPartOf\":{\"@id\":\"https:\/\/21panorama.com\/#website\"},\"primaryImageOfPage\":{\"@id\":\"https:\/\/21panorama.com\/index.php\/2022\/03\/30\/conmemoran-216-aniversario-del-natalicio-de-benito-juarez-en-joco\/#primaryimage\"},\"image\":{\"@id\":\"https:\/\/21panorama.com\/index.php\/2022\/03\/30\/conmemoran-216-aniversario-del-natalicio-de-benito-juarez-en-joco\/#primaryimage\"},\"thumbnailUrl\":\"https:\/\/21panorama.com\/wp-content\/uploads\/2022\/03\/42f7a8ce-4414-4a44-8df1-1227e80659c1.jpeg\",\"datePublished\":\"2022-03-30T23:38:44+00:00\",\"dateModified\":\"2022-03-30T23:38:45+00:00\",\"breadcrumb\":{\"@id\":\"https:\/\/21panorama.com\/index.php\/2022\/03\/30\/conmemoran-216-aniversario-del-natalicio-de-benito-juarez-en-joco\/#breadcrumb\"},\"inLanguage\":\"es\",\"potentialAction\":[{\"@type\":\"ReadAction\",\"target\":[\"https:\/\/21panorama.com\/index.php\/2022\/03\/30\/conmemoran-216-aniversario-del-natalicio-de-benito-juarez-en-joco\/\"]}]},{\"@type\":\"ImageObject\",\"inLanguage\":\"es\",\"@id\":\"https:\/\/21panorama.com\/index.php\/2022\/03\/30\/conmemoran-216-aniversario-del-natalicio-de-benito-juarez-en-joco\/#primaryimage\",\"url\":\"https:\/\/21panorama.com\/wp-content\/uploads\/2022\/03\/42f7a8ce-4414-4a44-8df1-1227e80659c1.jpeg\",\"contentUrl\":\"https:\/\/21panorama.com\/wp-content\/uploads\/2022\/03\/42f7a8ce-4414-4a44-8df1-1227e80659c1.jpeg\",\"width\":1440,\"height\":960},{\"@type\":\"BreadcrumbList\",\"@id\":\"https:\/\/21panorama.com\/index.php\/2022\/03\/30\/conmemoran-216-aniversario-del-natalicio-de-benito-juarez-en-joco\/#breadcrumb\",\"itemListElement\":[{\"@type\":\"ListItem\",\"position\":1,\"name\":\"Inicio\",\"item\":\"https:\/\/21panorama.com\/\"},{\"@type\":\"ListItem\",\"position\":2,\"name\":\"Conmemoran 216 Aniversario del Natalicio de Benito Ju\u00e1rez en Joco\"}]},{\"@type\":\"WebSite\",\"@id\":\"https:\/\/21panorama.com\/#website\",\"url\":\"https:\/\/21panorama.com\/\",\"name\":\"21 Panorama\",\"description\":\"La construcci\u00f3n de la opini\u00f3n p\u00fablica merece un mejor Panorama en este siglo 21 para alcanzar una sociedad con mayor transparencia y sin corrupci\u00f3n.\",\"publisher\":{\"@id\":\"https:\/\/21panorama.com\/#organization\"},\"potentialAction\":[{\"@type\":\"SearchAction\",\"target\":{\"@type\":\"EntryPoint\",\"urlTemplate\":\"https:\/\/21panorama.com\/?s={search_term_string}\"},\"query-input\":{\"@type\":\"PropertyValueSpecification\",\"valueRequired\":true,\"valueName\":\"search_term_string\"}}],\"inLanguage\":\"es\"},{\"@type\":\"Organization\",\"@id\":\"https:\/\/21panorama.com\/#organization\",\"name\":\"21 Panorama\",\"url\":\"https:\/\/21panorama.com\/\",\"logo\":{\"@type\":\"ImageObject\",\"inLanguage\":\"es\",\"@id\":\"https:\/\/21panorama.com\/#\/schema\/logo\/image\/\",\"url\":\"https:\/\/21panorama.com\/wp-content\/uploads\/2019\/07\/cropped-Logo-Panorama-01.jpeg\",\"contentUrl\":\"https:\/\/21panorama.com\/wp-content\/uploads\/2019\/07\/cropped-Logo-Panorama-01.jpeg\",\"width\":290,\"height\":70,\"caption\":\"21 Panorama\"},\"image\":{\"@id\":\"https:\/\/21panorama.com\/#\/schema\/logo\/image\/\"}},{\"@type\":\"Person\",\"@id\":\"https:\/\/21panorama.com\/#\/schema\/person\/1afc291b96d5792a158768324287319f\",\"name\":\"admin\",\"image\":{\"@type\":\"ImageObject\",\"inLanguage\":\"es\",\"@id\":\"https:\/\/21panorama.com\/#\/schema\/person\/image\/\",\"url\":\"https:\/\/secure.gravatar.com\/avatar\/ad365d9d9f46719215b0d042cc3df92a5a8683e09ef13d102233e5491985f0f0?s=96&d=mm&r=g\",\"contentUrl\":\"https:\/\/secure.gravatar.com\/avatar\/ad365d9d9f46719215b0d042cc3df92a5a8683e09ef13d102233e5491985f0f0?s=96&d=mm&r=g\",\"caption\":\"admin\"},\"url\":\"https:\/\/21panorama.com\/index.php\/author\/admin\/\"}]}<\/script>\n<!-- \/ Yoast SEO plugin. -->","yoast_head_json":{"title":"Conmemoran 216 Aniversario del Natalicio de Benito Ju\u00e1rez en Joco - 21 Panorama","robots":{"index":"index","follow":"follow","max-snippet":"max-snippet:-1","max-image-preview":"max-image-preview:large","max-video-preview":"max-video-preview:-1"},"canonical":"https:\/\/21panorama.com\/index.php\/2022\/03\/30\/conmemoran-216-aniversario-del-natalicio-de-benito-juarez-en-joco\/","og_locale":"es_MX","og_type":"article","og_title":"Conmemoran 216 Aniversario del Natalicio de Benito Ju\u00e1rez en Joco - 21 Panorama","og_description":"El Presidente Municipal de Jocotitl\u00e1n, Jes\u00fas Cedillo Gonz\u00e1lez, encabez\u00f3 el izamiento de bandera y la ceremonia c\u00edvica rindiendo honores al hombre de ra\u00edces ind\u00edgenas que luch\u00f3 por las libertades y la soberan\u00eda de M\u00e9xico.","og_url":"https:\/\/21panorama.com\/index.php\/2022\/03\/30\/conmemoran-216-aniversario-del-natalicio-de-benito-juarez-en-joco\/","og_site_name":"21 Panorama","article_published_time":"2022-03-30T23:38:44+00:00","article_modified_time":"2022-03-30T23:38:45+00:00","og_image":[{"width":1440,"height":960,"url":"https:\/\/21panorama.com\/wp-content\/uploads\/2022\/03\/42f7a8ce-4414-4a44-8df1-1227e80659c1.jpeg","type":"image\/jpeg"}],"author":"admin","twitter_card":"summary_large_image","twitter_misc":{"Escrito por":"admin","Tiempo de lectura":"2 minutos"},"schema":{"@context":"https:\/\/schema.org","@graph":[{"@type":"Article","@id":"https:\/\/21panorama.com\/index.php\/2022\/03\/30\/conmemoran-216-aniversario-del-natalicio-de-benito-juarez-en-joco\/#article","isPartOf":{"@id":"https:\/\/21panorama.com\/index.php\/2022\/03\/30\/conmemoran-216-aniversario-del-natalicio-de-benito-juarez-en-joco\/"},"author":{"name":"admin","@id":"https:\/\/21panorama.com\/#\/schema\/person\/1afc291b96d5792a158768324287319f"},"headline":"Conmemoran 216 Aniversario del Natalicio de Benito Ju\u00e1rez en Joco","datePublished":"2022-03-30T23:38:44+00:00","dateModified":"2022-03-30T23:38:45+00:00","mainEntityOfPage":{"@id":"https:\/\/21panorama.com\/index.php\/2022\/03\/30\/conmemoran-216-aniversario-del-natalicio-de-benito-juarez-en-joco\/"},"wordCount":212,"commentCount":0,"publisher":{"@id":"https:\/\/21panorama.com\/#organization"},"image":{"@id":"https:\/\/21panorama.com\/index.php\/2022\/03\/30\/conmemoran-216-aniversario-del-natalicio-de-benito-juarez-en-joco\/#primaryimage"},"thumbnailUrl":"https:\/\/21panorama.com\/wp-content\/uploads\/2022\/03\/42f7a8ce-4414-4a44-8df1-1227e80659c1.jpeg","keywords":["Jocotitl\u00e1n"],"articleSection":["Sociedad"],"inLanguage":"es","potentialAction":[{"@type":"CommentAction","name":"Comment","target":["https:\/\/21panorama.com\/index.php\/2022\/03\/30\/conmemoran-216-aniversario-del-natalicio-de-benito-juarez-en-joco\/#respond"]}]},{"@type":"WebPage","@id":"https:\/\/21panorama.com\/index.php\/2022\/03\/30\/conmemoran-216-aniversario-del-natalicio-de-benito-juarez-en-joco\/","url":"https:\/\/21panorama.com\/index.php\/2022\/03\/30\/conmemoran-216-aniversario-del-natalicio-de-benito-juarez-en-joco\/","name":"Conmemoran 216 Aniversario del Natalicio de Benito Ju\u00e1rez en Joco - 21 Panorama","isPartOf":{"@id":"https:\/\/21panorama.com\/#website"},"primaryImageOfPage":{"@id":"https:\/\/21panorama.com\/index.php\/2022\/03\/30\/conmemoran-216-aniversario-del-natalicio-de-benito-juarez-en-joco\/#primaryimage"},"image":{"@id":"https:\/\/21panorama.com\/index.php\/2022\/03\/30\/conmemoran-216-aniversario-del-natalicio-de-benito-juarez-en-joco\/#primaryimage"},"thumbnailUrl":"https:\/\/21panorama.com\/wp-content\/uploads\/2022\/03\/42f7a8ce-4414-4a44-8df1-1227e80659c1.jpeg","datePublished":"2022-03-30T23:38:44+00:00","dateModified":"2022-03-30T23:38:45+00:00","breadcrumb":{"@id":"https:\/\/21panorama.com\/index.php\/2022\/03\/30\/conmemoran-216-aniversario-del-natalicio-de-benito-juarez-en-joco\/#breadcrumb"},"inLanguage":"es","potentialAction":[{"@type":"ReadAction","target":["https:\/\/21panorama.com\/index.php\/2022\/03\/30\/conmemoran-216-aniversario-del-natalicio-de-benito-juarez-en-joco\/"]}]},{"@type":"ImageObject","inLanguage":"es","@id":"https:\/\/21panorama.com\/index.php\/2022\/03\/30\/conmemoran-216-aniversario-del-natalicio-de-benito-juarez-en-joco\/#primaryimage","url":"https:\/\/21panorama.com\/wp-content\/uploads\/2022\/03\/42f7a8ce-4414-4a44-8df1-1227e80659c1.jpeg","contentUrl":"https:\/\/21panorama.com\/wp-content\/uploads\/2022\/03\/42f7a8ce-4414-4a44-8df1-1227e80659c1.jpeg","width":1440,"height":960},{"@type":"BreadcrumbList","@id":"https:\/\/21panorama.com\/index.php\/2022\/03\/30\/conmemoran-216-aniversario-del-natalicio-de-benito-juarez-en-joco\/#breadcrumb","itemListElement":[{"@type":"ListItem","position":1,"name":"Inicio","item":"https:\/\/21panorama.com\/"},{"@type":"ListItem","position":2,"name":"Conmemoran 216 Aniversario del Natalicio de Benito Ju\u00e1rez en Joco"}]},{"@type":"WebSite","@id":"https:\/\/21panorama.com\/#website","url":"https:\/\/21panorama.com\/","name":"21 Panorama","description":"La construcci\u00f3n de la opini\u00f3n p\u00fablica merece un mejor Panorama en este siglo 21 para alcanzar una sociedad con mayor transparencia y sin corrupci\u00f3n.","publisher":{"@id":"https:\/\/21panorama.com\/#organization"},"potentialAction":[{"@type":"SearchAction","target":{"@type":"EntryPoint","urlTemplate":"https:\/\/21panorama.com\/?s={search_term_string}"},"query-input":{"@type":"PropertyValueSpecification","valueRequired":true,"valueName":"search_term_string"}}],"inLanguage":"es"},{"@type":"Organization","@id":"https:\/\/21panorama.com\/#organization","name":"21 Panorama","url":"https:\/\/21panorama.com\/","logo":{"@type":"ImageObject","inLanguage":"es","@id":"https:\/\/21panorama.com\/#\/schema\/logo\/image\/","url":"https:\/\/21panorama.com\/wp-content\/uploads\/2019\/07\/cropped-Logo-Panorama-01.jpeg","contentUrl":"https:\/\/21panorama.com\/wp-content\/uploads\/2019\/07\/cropped-Logo-Panorama-01.jpeg","width":290,"height":70,"caption":"21 Panorama"},"image":{"@id":"https:\/\/21panorama.com\/#\/schema\/logo\/image\/"}},{"@type":"Person","@id":"https:\/\/21panorama.com\/#\/schema\/person\/1afc291b96d5792a158768324287319f","name":"admin","image":{"@type":"ImageObject","inLanguage":"es","@id":"https:\/\/21panorama.com\/#\/schema\/person\/image\/","url":"https:\/\/secure.gravatar.com\/avatar\/ad365d9d9f46719215b0d042cc3df92a5a8683e09ef13d102233e5491985f0f0?s=96&d=mm&r=g","contentUrl":"https:\/\/secure.gravatar.com\/avatar\/ad365d9d9f46719215b0d042cc3df92a5a8683e09ef13d102233e5491985f0f0?s=96&d=mm&r=g","caption":"admin"},"url":"https:\/\/21panorama.com\/index.php\/author\/admin\/"}]}},"_links":{"self":[{"href":"https:\/\/21panorama.com\/index.php\/wp-json\/wp\/v2\/posts\/3468","targetHints":{"allow":["GET"]}}],"collection":[{"href":"https:\/\/21panorama.com\/index.php\/wp-json\/wp\/v2\/posts"}],"about":[{"href":"https:\/\/21panorama.com\/index.php\/wp-json\/wp\/v2\/types\/post"}],"author":[{"embeddable":true,"href":"https:\/\/21panorama.com\/index.php\/wp-json\/wp\/v2\/users\/1"}],"replies":[{"embeddable":true,"href":"https:\/\/21panorama.com\/index.php\/wp-json\/wp\/v2\/comments?post=3468"}],"version-history":[{"count":1,"href":"https:\/\/21panorama.com\/index.php\/wp-json\/wp\/v2\/posts\/3468\/revisions"}],"predecessor-version":[{"id":3473,"href":"https:\/\/21panorama.com\/index.php\/wp-json\/wp\/v2\/posts\/3468\/revisions\/3473"}],"wp:featuredmedia":[{"embeddable":true,"href":"https:\/\/21panorama.com\/index.php\/wp-json\/wp\/v2\/media\/3469"}],"wp:attachment":[{"href":"https:\/\/21panorama.com\/index.php\/wp-json\/wp\/v2\/media?parent=3468"}],"wp:term":[{"taxonomy":"category","embeddable":true,"href":"https:\/\/21panorama.com\/index.php\/wp-json\/wp\/v2\/categories?post=3468"},{"taxonomy":"post_tag","embeddable":true,"href":"https:\/\/21panorama.com\/index.php\/wp-json\/wp\/v2\/tags?post=3468"}],"curies":[{"name":"wp","href":"https:\/\/api.w.org\/{rel}","templated":true}]}}