{"id":3458,"date":"2022-03-30T17:28:07","date_gmt":"2022-03-30T23:28:07","guid":{"rendered":"https:\/\/21panorama.com\/?p=3458"},"modified":"2022-03-30T17:28:08","modified_gmt":"2022-03-30T23:28:08","slug":"aprueba-lxi-legislatura-que-universidad-tecnologica-de-nezahualcoyotl-amplie-su-oferta-educativa","status":"publish","type":"post","link":"https:\/\/21panorama.com\/index.php\/2022\/03\/30\/aprueba-lxi-legislatura-que-universidad-tecnologica-de-nezahualcoyotl-amplie-su-oferta-educativa\/","title":{"rendered":"Aprueba LXI Legislatura que Universidad Tecnol\u00f3gica de Nezahualc\u00f3yotl ampl\u00ede su oferta educativa"},"content":{"rendered":"\n<p>Por unanimidad de votos, las y los diputados de la LXI Legislatura local aprobaron en Sesi\u00f3n del Pleno ampliar el alcance de los estudios profesionales que la Universidad Tecnol\u00f3gica de Nezahualc\u00f3yotl ofrece, a fin de contar con estudios de posgrado como las Especialidades, Maestr\u00edas y Doctorados.<\/p>\n\n\n\n<p>Lo anterior, luego de que el Coordinador de la Bancada del PRI, El\u00edas Rescala Jim\u00e9nez y el diputado Fernando Gonz\u00e1lez Mej\u00eda presentar\u00e1n esta iniciativa con proyecto de decreto y la sometieran a consideraci\u00f3n de los legisladores mexiquenses.<\/p>\n\n\n\n<p>De esta forma, los diputados priistas trabajan para ampliar el acceso a un mayor n\u00famero de j\u00f3venes mexiquenses a la educaci\u00f3n superior, ya que dicha universidad \u00fanicamente ofrece desde 1995, a\u00f1o en que fue fundada, la formaci\u00f3n de profesionistas a nivel Licenciatura y T\u00e9cnicos Superiores.<\/p>\n\n\n\n<p>Adem\u00e1s, se optimizar\u00e1 el uso de su infraestructura, se fortalecer\u00e1 la vinculaci\u00f3n Universidad-Empresa, y se impulsar\u00e1n esquemas de participaci\u00f3n que permitan el intercambio de experiencias acad\u00e9micas entre sus estudiantes y profesores, as\u00ed como la incorporaci\u00f3n de nuevas tendencias tecnol\u00f3gicas, as\u00ed como culturales al proceso educativo.<\/p>\n\n\n\n<p>Con esta aprobaci\u00f3n, se reforma la fracci\u00f3n I del art\u00edculo 4, de la Ley que crea el Organismo P\u00fablico Descentralizado denominado Universidad Tecnol\u00f3gica de Nezahualc\u00f3yotl.<\/p>\n\n\n\n<p>Durante la sesi\u00f3n deliberante, el GPPRI present\u00f3 tambi\u00e9n un Punto de Acuerdo para exhortar a los 125 Ayuntamientos a que omitan utilizar criterios pol\u00edticos y\/o partidistas para condicionar la recepci\u00f3n del pago que realicen los ciudadanos en la tesorer\u00eda municipal.<\/p>\n\n\n\n<p>Al respecto, la diputada priista, Gretel Gonz\u00e1lez Aguirre, dijo que los criterios para condicionar pueden ser con el uso de programas de beneficio como propaganda electoral o la exigencia de requisitos que no est\u00e9n previstos en el C\u00f3digo Financiero del Estado de M\u00e9xico y Municipios.<\/p>\n\n\n\n<p>\u201cEs sabido por esta Legislatura, por ser un hecho evidente y notorio; en virtud de las condiciones pol\u00edticas y sociales que se viven actualmente en el pa\u00eds, muchos Ayuntamientos utilizan los programas de condonaci\u00f3n relacionados con las contribuciones que deben percibir, como propaganda pol\u00edtica o, mediante criterios sustentados en una ideolog\u00eda pol\u00edtica partidista, para la recepci\u00f3n de pago de las contribuciones y derechos\u201d, explic\u00f3 la legisladora.<\/p>\n\n\n\n<p>Por lo anterior, Gonz\u00e1lez Aguirre, solicit\u00f3 que el texto \u00edntegro de este punto de acuerdo de urgente y obvia resoluci\u00f3n, se inserte en el Diario de los Debates y la gaceta parlamentaria.<\/p>\n\n\n\n<figure class=\"wp-block-gallery columns-2 is-cropped wp-block-gallery-1 is-layout-flex wp-block-gallery-is-layout-flex\"><ul class=\"blocks-gallery-grid\"><li class=\"blocks-gallery-item\"><figure><img decoding=\"async\" width=\"1024\" height=\"495\" src=\"https:\/\/21panorama.com\/wp-content\/uploads\/2022\/03\/5371a3eb-40c6-4230-90b2-f8796a3841f1-1024x495.jpeg\" alt=\"\" data-id=\"3460\" data-link=\"https:\/\/21panorama.com\/?attachment_id=3460\" class=\"wp-image-3460\" srcset=\"https:\/\/21panorama.com\/wp-content\/uploads\/2022\/03\/5371a3eb-40c6-4230-90b2-f8796a3841f1-1024x495.jpeg 1024w, https:\/\/21panorama.com\/wp-content\/uploads\/2022\/03\/5371a3eb-40c6-4230-90b2-f8796a3841f1-300x145.jpeg 300w, https:\/\/21panorama.com\/wp-content\/uploads\/2022\/03\/5371a3eb-40c6-4230-90b2-f8796a3841f1-768x371.jpeg 768w, https:\/\/21panorama.com\/wp-content\/uploads\/2022\/03\/5371a3eb-40c6-4230-90b2-f8796a3841f1.jpeg 1185w\" sizes=\"(max-width: 1024px) 100vw, 1024px\" \/><\/figure><\/li><li class=\"blocks-gallery-item\"><figure><img decoding=\"async\" width=\"743\" height=\"1024\" src=\"https:\/\/21panorama.com\/wp-content\/uploads\/2022\/03\/c20a0d37-677b-48b8-a256-a042ace013ce-743x1024.jpeg\" alt=\"\" data-id=\"3461\" data-full-url=\"https:\/\/21panorama.com\/wp-content\/uploads\/2022\/03\/c20a0d37-677b-48b8-a256-a042ace013ce.jpeg\" data-link=\"https:\/\/21panorama.com\/?attachment_id=3461\" class=\"wp-image-3461\" srcset=\"https:\/\/21panorama.com\/wp-content\/uploads\/2022\/03\/c20a0d37-677b-48b8-a256-a042ace013ce-743x1024.jpeg 743w, https:\/\/21panorama.com\/wp-content\/uploads\/2022\/03\/c20a0d37-677b-48b8-a256-a042ace013ce-218x300.jpeg 218w, https:\/\/21panorama.com\/wp-content\/uploads\/2022\/03\/c20a0d37-677b-48b8-a256-a042ace013ce.jpeg 755w\" sizes=\"(max-width: 743px) 100vw, 743px\" \/><\/figure><\/li><\/ul><\/figure>\n","protected":false},"excerpt":{"rendered":"<p>Por unanimidad de votos, las y los legisladores respaldaron la iniciativa presentada por el Coordinador del GPPRI, El\u00edas Rescala, y el Diputado Fernando Gonz\u00e1lez. <\/p>\n","protected":false},"author":1,"featured_media":3459,"comment_status":"open","ping_status":"open","sticky":false,"template":"","format":"standard","meta":{"footnotes":""},"categories":[12],"tags":[176],"class_list":["post-3458","post","type-post","status-publish","format-standard","has-post-thumbnail","hentry","category-politica","tag-lxi-legislatura"],"yoast_head":"<!-- This site is optimized with the Yoast SEO plugin v24.9 - https:\/\/yoast.com\/wordpress\/plugins\/seo\/ -->\n<title>Aprueba LXI Legislatura que Universidad Tecnol\u00f3gica de Nezahualc\u00f3yotl ampl\u00ede su oferta educativa - 21 Panorama<\/title>\n<meta name=\"robots\" content=\"index, follow, max-snippet:-1, max-image-preview:large, max-video-preview:-1\" \/>\n<link rel=\"canonical\" href=\"https:\/\/21panorama.com\/index.php\/2022\/03\/30\/aprueba-lxi-legislatura-que-universidad-tecnologica-de-nezahualcoyotl-amplie-su-oferta-educativa\/\" \/>\n<meta property=\"og:locale\" content=\"es_MX\" \/>\n<meta property=\"og:type\" content=\"article\" \/>\n<meta property=\"og:title\" content=\"Aprueba LXI Legislatura que Universidad Tecnol\u00f3gica de Nezahualc\u00f3yotl ampl\u00ede su oferta educativa - 21 Panorama\" \/>\n<meta property=\"og:description\" content=\"Por unanimidad de votos, las y los legisladores respaldaron la iniciativa presentada por el Coordinador del GPPRI, El\u00edas Rescala, y el Diputado Fernando Gonz\u00e1lez.\" \/>\n<meta property=\"og:url\" content=\"https:\/\/21panorama.com\/index.php\/2022\/03\/30\/aprueba-lxi-legislatura-que-universidad-tecnologica-de-nezahualcoyotl-amplie-su-oferta-educativa\/\" \/>\n<meta property=\"og:site_name\" content=\"21 Panorama\" \/>\n<meta property=\"article:published_time\" content=\"2022-03-30T23:28:07+00:00\" \/>\n<meta property=\"article:modified_time\" content=\"2022-03-30T23:28:08+00:00\" \/>\n<meta property=\"og:image\" content=\"https:\/\/21panorama.com\/wp-content\/uploads\/2022\/03\/111fdde0-c989-417d-b3c5-d5f52852c4ec.jpeg\" \/>\n\t<meta property=\"og:image:width\" content=\"1280\" \/>\n\t<meta property=\"og:image:height\" content=\"968\" \/>\n\t<meta property=\"og:image:type\" content=\"image\/jpeg\" \/>\n<meta name=\"author\" content=\"admin\" \/>\n<meta name=\"twitter:card\" content=\"summary_large_image\" \/>\n<meta name=\"twitter:label1\" content=\"Escrito por\" \/>\n\t<meta name=\"twitter:data1\" content=\"admin\" \/>\n\t<meta name=\"twitter:label2\" content=\"Tiempo de lectura\" \/>\n\t<meta name=\"twitter:data2\" content=\"3 minutos\" \/>\n<script type=\"application\/ld+json\" class=\"yoast-schema-graph\">{\"@context\":\"https:\/\/schema.org\",\"@graph\":[{\"@type\":\"Article\",\"@id\":\"https:\/\/21panorama.com\/index.php\/2022\/03\/30\/aprueba-lxi-legislatura-que-universidad-tecnologica-de-nezahualcoyotl-amplie-su-oferta-educativa\/#article\",\"isPartOf\":{\"@id\":\"https:\/\/21panorama.com\/index.php\/2022\/03\/30\/aprueba-lxi-legislatura-que-universidad-tecnologica-de-nezahualcoyotl-amplie-su-oferta-educativa\/\"},\"author\":{\"name\":\"admin\",\"@id\":\"https:\/\/21panorama.com\/#\/schema\/person\/1afc291b96d5792a158768324287319f\"},\"headline\":\"Aprueba LXI Legislatura que Universidad Tecnol\u00f3gica de Nezahualc\u00f3yotl ampl\u00ede su oferta educativa\",\"datePublished\":\"2022-03-30T23:28:07+00:00\",\"dateModified\":\"2022-03-30T23:28:08+00:00\",\"mainEntityOfPage\":{\"@id\":\"https:\/\/21panorama.com\/index.php\/2022\/03\/30\/aprueba-lxi-legislatura-que-universidad-tecnologica-de-nezahualcoyotl-amplie-su-oferta-educativa\/\"},\"wordCount\":441,\"commentCount\":0,\"publisher\":{\"@id\":\"https:\/\/21panorama.com\/#organization\"},\"image\":{\"@id\":\"https:\/\/21panorama.com\/index.php\/2022\/03\/30\/aprueba-lxi-legislatura-que-universidad-tecnologica-de-nezahualcoyotl-amplie-su-oferta-educativa\/#primaryimage\"},\"thumbnailUrl\":\"https:\/\/21panorama.com\/wp-content\/uploads\/2022\/03\/111fdde0-c989-417d-b3c5-d5f52852c4ec.jpeg\",\"keywords\":[\"LXI Legislatura\"],\"articleSection\":[\"Politica\"],\"inLanguage\":\"es\",\"potentialAction\":[{\"@type\":\"CommentAction\",\"name\":\"Comment\",\"target\":[\"https:\/\/21panorama.com\/index.php\/2022\/03\/30\/aprueba-lxi-legislatura-que-universidad-tecnologica-de-nezahualcoyotl-amplie-su-oferta-educativa\/#respond\"]}]},{\"@type\":\"WebPage\",\"@id\":\"https:\/\/21panorama.com\/index.php\/2022\/03\/30\/aprueba-lxi-legislatura-que-universidad-tecnologica-de-nezahualcoyotl-amplie-su-oferta-educativa\/\",\"url\":\"https:\/\/21panorama.com\/index.php\/2022\/03\/30\/aprueba-lxi-legislatura-que-universidad-tecnologica-de-nezahualcoyotl-amplie-su-oferta-educativa\/\",\"name\":\"Aprueba LXI Legislatura que Universidad Tecnol\u00f3gica de Nezahualc\u00f3yotl ampl\u00ede su oferta educativa - 21 Panorama\",\"isPartOf\":{\"@id\":\"https:\/\/21panorama.com\/#website\"},\"primaryImageOfPage\":{\"@id\":\"https:\/\/21panorama.com\/index.php\/2022\/03\/30\/aprueba-lxi-legislatura-que-universidad-tecnologica-de-nezahualcoyotl-amplie-su-oferta-educativa\/#primaryimage\"},\"image\":{\"@id\":\"https:\/\/21panorama.com\/index.php\/2022\/03\/30\/aprueba-lxi-legislatura-que-universidad-tecnologica-de-nezahualcoyotl-amplie-su-oferta-educativa\/#primaryimage\"},\"thumbnailUrl\":\"https:\/\/21panorama.com\/wp-content\/uploads\/2022\/03\/111fdde0-c989-417d-b3c5-d5f52852c4ec.jpeg\",\"datePublished\":\"2022-03-30T23:28:07+00:00\",\"dateModified\":\"2022-03-30T23:28:08+00:00\",\"breadcrumb\":{\"@id\":\"https:\/\/21panorama.com\/index.php\/2022\/03\/30\/aprueba-lxi-legislatura-que-universidad-tecnologica-de-nezahualcoyotl-amplie-su-oferta-educativa\/#breadcrumb\"},\"inLanguage\":\"es\",\"potentialAction\":[{\"@type\":\"ReadAction\",\"target\":[\"https:\/\/21panorama.com\/index.php\/2022\/03\/30\/aprueba-lxi-legislatura-que-universidad-tecnologica-de-nezahualcoyotl-amplie-su-oferta-educativa\/\"]}]},{\"@type\":\"ImageObject\",\"inLanguage\":\"es\",\"@id\":\"https:\/\/21panorama.com\/index.php\/2022\/03\/30\/aprueba-lxi-legislatura-que-universidad-tecnologica-de-nezahualcoyotl-amplie-su-oferta-educativa\/#primaryimage\",\"url\":\"https:\/\/21panorama.com\/wp-content\/uploads\/2022\/03\/111fdde0-c989-417d-b3c5-d5f52852c4ec.jpeg\",\"contentUrl\":\"https:\/\/21panorama.com\/wp-content\/uploads\/2022\/03\/111fdde0-c989-417d-b3c5-d5f52852c4ec.jpeg\",\"width\":1280,\"height\":968},{\"@type\":\"BreadcrumbList\",\"@id\":\"https:\/\/21panorama.com\/index.php\/2022\/03\/30\/aprueba-lxi-legislatura-que-universidad-tecnologica-de-nezahualcoyotl-amplie-su-oferta-educativa\/#breadcrumb\",\"itemListElement\":[{\"@type\":\"ListItem\",\"position\":1,\"name\":\"Inicio\",\"item\":\"https:\/\/21panorama.com\/\"},{\"@type\":\"ListItem\",\"position\":2,\"name\":\"Aprueba LXI Legislatura que Universidad Tecnol\u00f3gica de Nezahualc\u00f3yotl ampl\u00ede su oferta educativa\"}]},{\"@type\":\"WebSite\",\"@id\":\"https:\/\/21panorama.com\/#website\",\"url\":\"https:\/\/21panorama.com\/\",\"name\":\"21 Panorama\",\"description\":\"La construcci\u00f3n de la opini\u00f3n p\u00fablica merece un mejor Panorama en este siglo 21 para alcanzar una sociedad con mayor transparencia y sin corrupci\u00f3n.\",\"publisher\":{\"@id\":\"https:\/\/21panorama.com\/#organization\"},\"potentialAction\":[{\"@type\":\"SearchAction\",\"target\":{\"@type\":\"EntryPoint\",\"urlTemplate\":\"https:\/\/21panorama.com\/?s={search_term_string}\"},\"query-input\":{\"@type\":\"PropertyValueSpecification\",\"valueRequired\":true,\"valueName\":\"search_term_string\"}}],\"inLanguage\":\"es\"},{\"@type\":\"Organization\",\"@id\":\"https:\/\/21panorama.com\/#organization\",\"name\":\"21 Panorama\",\"url\":\"https:\/\/21panorama.com\/\",\"logo\":{\"@type\":\"ImageObject\",\"inLanguage\":\"es\",\"@id\":\"https:\/\/21panorama.com\/#\/schema\/logo\/image\/\",\"url\":\"https:\/\/21panorama.com\/wp-content\/uploads\/2019\/07\/cropped-Logo-Panorama-01.jpeg\",\"contentUrl\":\"https:\/\/21panorama.com\/wp-content\/uploads\/2019\/07\/cropped-Logo-Panorama-01.jpeg\",\"width\":290,\"height\":70,\"caption\":\"21 Panorama\"},\"image\":{\"@id\":\"https:\/\/21panorama.com\/#\/schema\/logo\/image\/\"}},{\"@type\":\"Person\",\"@id\":\"https:\/\/21panorama.com\/#\/schema\/person\/1afc291b96d5792a158768324287319f\",\"name\":\"admin\",\"image\":{\"@type\":\"ImageObject\",\"inLanguage\":\"es\",\"@id\":\"https:\/\/21panorama.com\/#\/schema\/person\/image\/\",\"url\":\"https:\/\/secure.gravatar.com\/avatar\/ad365d9d9f46719215b0d042cc3df92a5a8683e09ef13d102233e5491985f0f0?s=96&d=mm&r=g\",\"contentUrl\":\"https:\/\/secure.gravatar.com\/avatar\/ad365d9d9f46719215b0d042cc3df92a5a8683e09ef13d102233e5491985f0f0?s=96&d=mm&r=g\",\"caption\":\"admin\"},\"url\":\"https:\/\/21panorama.com\/index.php\/author\/admin\/\"}]}<\/script>\n<!-- \/ Yoast SEO plugin. -->","yoast_head_json":{"title":"Aprueba LXI Legislatura que Universidad Tecnol\u00f3gica de Nezahualc\u00f3yotl ampl\u00ede su oferta educativa - 21 Panorama","robots":{"index":"index","follow":"follow","max-snippet":"max-snippet:-1","max-image-preview":"max-image-preview:large","max-video-preview":"max-video-preview:-1"},"canonical":"https:\/\/21panorama.com\/index.php\/2022\/03\/30\/aprueba-lxi-legislatura-que-universidad-tecnologica-de-nezahualcoyotl-amplie-su-oferta-educativa\/","og_locale":"es_MX","og_type":"article","og_title":"Aprueba LXI Legislatura que Universidad Tecnol\u00f3gica de Nezahualc\u00f3yotl ampl\u00ede su oferta educativa - 21 Panorama","og_description":"Por unanimidad de votos, las y los legisladores respaldaron la iniciativa presentada por el Coordinador del GPPRI, El\u00edas Rescala, y el Diputado Fernando Gonz\u00e1lez.","og_url":"https:\/\/21panorama.com\/index.php\/2022\/03\/30\/aprueba-lxi-legislatura-que-universidad-tecnologica-de-nezahualcoyotl-amplie-su-oferta-educativa\/","og_site_name":"21 Panorama","article_published_time":"2022-03-30T23:28:07+00:00","article_modified_time":"2022-03-30T23:28:08+00:00","og_image":[{"width":1280,"height":968,"url":"https:\/\/21panorama.com\/wp-content\/uploads\/2022\/03\/111fdde0-c989-417d-b3c5-d5f52852c4ec.jpeg","type":"image\/jpeg"}],"author":"admin","twitter_card":"summary_large_image","twitter_misc":{"Escrito por":"admin","Tiempo de lectura":"3 minutos"},"schema":{"@context":"https:\/\/schema.org","@graph":[{"@type":"Article","@id":"https:\/\/21panorama.com\/index.php\/2022\/03\/30\/aprueba-lxi-legislatura-que-universidad-tecnologica-de-nezahualcoyotl-amplie-su-oferta-educativa\/#article","isPartOf":{"@id":"https:\/\/21panorama.com\/index.php\/2022\/03\/30\/aprueba-lxi-legislatura-que-universidad-tecnologica-de-nezahualcoyotl-amplie-su-oferta-educativa\/"},"author":{"name":"admin","@id":"https:\/\/21panorama.com\/#\/schema\/person\/1afc291b96d5792a158768324287319f"},"headline":"Aprueba LXI Legislatura que Universidad Tecnol\u00f3gica de Nezahualc\u00f3yotl ampl\u00ede su oferta educativa","datePublished":"2022-03-30T23:28:07+00:00","dateModified":"2022-03-30T23:28:08+00:00","mainEntityOfPage":{"@id":"https:\/\/21panorama.com\/index.php\/2022\/03\/30\/aprueba-lxi-legislatura-que-universidad-tecnologica-de-nezahualcoyotl-amplie-su-oferta-educativa\/"},"wordCount":441,"commentCount":0,"publisher":{"@id":"https:\/\/21panorama.com\/#organization"},"image":{"@id":"https:\/\/21panorama.com\/index.php\/2022\/03\/30\/aprueba-lxi-legislatura-que-universidad-tecnologica-de-nezahualcoyotl-amplie-su-oferta-educativa\/#primaryimage"},"thumbnailUrl":"https:\/\/21panorama.com\/wp-content\/uploads\/2022\/03\/111fdde0-c989-417d-b3c5-d5f52852c4ec.jpeg","keywords":["LXI Legislatura"],"articleSection":["Politica"],"inLanguage":"es","potentialAction":[{"@type":"CommentAction","name":"Comment","target":["https:\/\/21panorama.com\/index.php\/2022\/03\/30\/aprueba-lxi-legislatura-que-universidad-tecnologica-de-nezahualcoyotl-amplie-su-oferta-educativa\/#respond"]}]},{"@type":"WebPage","@id":"https:\/\/21panorama.com\/index.php\/2022\/03\/30\/aprueba-lxi-legislatura-que-universidad-tecnologica-de-nezahualcoyotl-amplie-su-oferta-educativa\/","url":"https:\/\/21panorama.com\/index.php\/2022\/03\/30\/aprueba-lxi-legislatura-que-universidad-tecnologica-de-nezahualcoyotl-amplie-su-oferta-educativa\/","name":"Aprueba LXI Legislatura que Universidad Tecnol\u00f3gica de Nezahualc\u00f3yotl ampl\u00ede su oferta educativa - 21 Panorama","isPartOf":{"@id":"https:\/\/21panorama.com\/#website"},"primaryImageOfPage":{"@id":"https:\/\/21panorama.com\/index.php\/2022\/03\/30\/aprueba-lxi-legislatura-que-universidad-tecnologica-de-nezahualcoyotl-amplie-su-oferta-educativa\/#primaryimage"},"image":{"@id":"https:\/\/21panorama.com\/index.php\/2022\/03\/30\/aprueba-lxi-legislatura-que-universidad-tecnologica-de-nezahualcoyotl-amplie-su-oferta-educativa\/#primaryimage"},"thumbnailUrl":"https:\/\/21panorama.com\/wp-content\/uploads\/2022\/03\/111fdde0-c989-417d-b3c5-d5f52852c4ec.jpeg","datePublished":"2022-03-30T23:28:07+00:00","dateModified":"2022-03-30T23:28:08+00:00","breadcrumb":{"@id":"https:\/\/21panorama.com\/index.php\/2022\/03\/30\/aprueba-lxi-legislatura-que-universidad-tecnologica-de-nezahualcoyotl-amplie-su-oferta-educativa\/#breadcrumb"},"inLanguage":"es","potentialAction":[{"@type":"ReadAction","target":["https:\/\/21panorama.com\/index.php\/2022\/03\/30\/aprueba-lxi-legislatura-que-universidad-tecnologica-de-nezahualcoyotl-amplie-su-oferta-educativa\/"]}]},{"@type":"ImageObject","inLanguage":"es","@id":"https:\/\/21panorama.com\/index.php\/2022\/03\/30\/aprueba-lxi-legislatura-que-universidad-tecnologica-de-nezahualcoyotl-amplie-su-oferta-educativa\/#primaryimage","url":"https:\/\/21panorama.com\/wp-content\/uploads\/2022\/03\/111fdde0-c989-417d-b3c5-d5f52852c4ec.jpeg","contentUrl":"https:\/\/21panorama.com\/wp-content\/uploads\/2022\/03\/111fdde0-c989-417d-b3c5-d5f52852c4ec.jpeg","width":1280,"height":968},{"@type":"BreadcrumbList","@id":"https:\/\/21panorama.com\/index.php\/2022\/03\/30\/aprueba-lxi-legislatura-que-universidad-tecnologica-de-nezahualcoyotl-amplie-su-oferta-educativa\/#breadcrumb","itemListElement":[{"@type":"ListItem","position":1,"name":"Inicio","item":"https:\/\/21panorama.com\/"},{"@type":"ListItem","position":2,"name":"Aprueba LXI Legislatura que Universidad Tecnol\u00f3gica de Nezahualc\u00f3yotl ampl\u00ede su oferta educativa"}]},{"@type":"WebSite","@id":"https:\/\/21panorama.com\/#website","url":"https:\/\/21panorama.com\/","name":"21 Panorama","description":"La construcci\u00f3n de la opini\u00f3n p\u00fablica merece un mejor Panorama en este siglo 21 para alcanzar una sociedad con mayor transparencia y sin corrupci\u00f3n.","publisher":{"@id":"https:\/\/21panorama.com\/#organization"},"potentialAction":[{"@type":"SearchAction","target":{"@type":"EntryPoint","urlTemplate":"https:\/\/21panorama.com\/?s={search_term_string}"},"query-input":{"@type":"PropertyValueSpecification","valueRequired":true,"valueName":"search_term_string"}}],"inLanguage":"es"},{"@type":"Organization","@id":"https:\/\/21panorama.com\/#organization","name":"21 Panorama","url":"https:\/\/21panorama.com\/","logo":{"@type":"ImageObject","inLanguage":"es","@id":"https:\/\/21panorama.com\/#\/schema\/logo\/image\/","url":"https:\/\/21panorama.com\/wp-content\/uploads\/2019\/07\/cropped-Logo-Panorama-01.jpeg","contentUrl":"https:\/\/21panorama.com\/wp-content\/uploads\/2019\/07\/cropped-Logo-Panorama-01.jpeg","width":290,"height":70,"caption":"21 Panorama"},"image":{"@id":"https:\/\/21panorama.com\/#\/schema\/logo\/image\/"}},{"@type":"Person","@id":"https:\/\/21panorama.com\/#\/schema\/person\/1afc291b96d5792a158768324287319f","name":"admin","image":{"@type":"ImageObject","inLanguage":"es","@id":"https:\/\/21panorama.com\/#\/schema\/person\/image\/","url":"https:\/\/secure.gravatar.com\/avatar\/ad365d9d9f46719215b0d042cc3df92a5a8683e09ef13d102233e5491985f0f0?s=96&d=mm&r=g","contentUrl":"https:\/\/secure.gravatar.com\/avatar\/ad365d9d9f46719215b0d042cc3df92a5a8683e09ef13d102233e5491985f0f0?s=96&d=mm&r=g","caption":"admin"},"url":"https:\/\/21panorama.com\/index.php\/author\/admin\/"}]}},"_links":{"self":[{"href":"https:\/\/21panorama.com\/index.php\/wp-json\/wp\/v2\/posts\/3458","targetHints":{"allow":["GET"]}}],"collection":[{"href":"https:\/\/21panorama.com\/index.php\/wp-json\/wp\/v2\/posts"}],"about":[{"href":"https:\/\/21panorama.com\/index.php\/wp-json\/wp\/v2\/types\/post"}],"author":[{"embeddable":true,"href":"https:\/\/21panorama.com\/index.php\/wp-json\/wp\/v2\/users\/1"}],"replies":[{"embeddable":true,"href":"https:\/\/21panorama.com\/index.php\/wp-json\/wp\/v2\/comments?post=3458"}],"version-history":[{"count":1,"href":"https:\/\/21panorama.com\/index.php\/wp-json\/wp\/v2\/posts\/3458\/revisions"}],"predecessor-version":[{"id":3462,"href":"https:\/\/21panorama.com\/index.php\/wp-json\/wp\/v2\/posts\/3458\/revisions\/3462"}],"wp:featuredmedia":[{"embeddable":true,"href":"https:\/\/21panorama.com\/index.php\/wp-json\/wp\/v2\/media\/3459"}],"wp:attachment":[{"href":"https:\/\/21panorama.com\/index.php\/wp-json\/wp\/v2\/media?parent=3458"}],"wp:term":[{"taxonomy":"category","embeddable":true,"href":"https:\/\/21panorama.com\/index.php\/wp-json\/wp\/v2\/categories?post=3458"},{"taxonomy":"post_tag","embeddable":true,"href":"https:\/\/21panorama.com\/index.php\/wp-json\/wp\/v2\/tags?post=3458"}],"curies":[{"name":"wp","href":"https:\/\/api.w.org\/{rel}","templated":true}]}}