{"id":3429,"date":"2022-03-11T09:33:58","date_gmt":"2022-03-11T15:33:58","guid":{"rendered":"https:\/\/21panorama.com\/?p=3429"},"modified":"2022-03-11T09:33:59","modified_gmt":"2022-03-11T15:33:59","slug":"comunicado-del-gobierno-de-la-republica-al-parlamento-europeo","status":"publish","type":"post","link":"https:\/\/21panorama.com\/index.php\/2022\/03\/11\/comunicado-del-gobierno-de-la-republica-al-parlamento-europeo\/","title":{"rendered":"Comunicado del gobierno de la Rep\u00fablica al Parlamento Europeo"},"content":{"rendered":"\n<p>A los diputados del Parlamento Europeo:<br>Basta de corrupci\u00f3n, de mentiras y de hipocres\u00edas.<br>Es lamentable que se sumen como borregos a la estrategia reaccionaria y golpista del grupo corrupto que se opone a la Cuarta Transformaci\u00f3n, impulsada por millones de mexicanos para enfrentar la monstruosa desigualdad y la violencia heredada por la pol\u00edtica econ\u00f3mica neoliberal que durante 36 a\u00f1os se impuso en nuestro pa\u00eds.<br>Sepan diputados europeos, que M\u00e9xico ha dejado de ser tierra de conquista y, como en muy pocas ocasiones en su historia, se est\u00e1n haciendo valer los principios libertarios de igualdad y democracia. Aqu\u00ed no se reprime a nadie, se respeta la libertad de expresi\u00f3n y el trabajo de los periodistas. El Estado no viola los derechos humanos como suced\u00eda en gobiernos anteriores, cuando ustedes, por cierto, guardaron silencio c\u00f3mplice.<br>M\u00e9xico es un pa\u00eds pacifista que ha optado por la no violencia y somos partidarios del di\u00e1logo, no de la guerra; no enviamos armas a ning\u00fan pa\u00eds bajo ninguna circunstancia, como ustedes lo est\u00e1n haciendo ahora.<br>Si estuvi\u00e9semos en la situaci\u00f3n que ustedes describen en su panfleto, nuestro presidente no ser\u00eda respaldado por el 66 por ciento de los ciudadanos, como lo public\u00f3 ayer la encuesta de la empresa Morning Consult que lo coloca en segundo lugar entre los principales mandatarios del mundo. Dicho sea de paso, con m\u00e1s aprobaci\u00f3n que los gobernantes europeos.<br>Para la pr\u00f3xima, inf\u00f3rmense y lean bien las resoluciones que les presentan antes de emitir su voto. Y no olviden que ya no somos colonia de nadie. M\u00e9xico es un pa\u00eds libre, independiente y soberano.<br>Evolucionen, dejen atr\u00e1s su man\u00eda injerencista disfrazada de buenas intenciones. Ustedes no son el gobierno mundial y no olviden lo que dec\u00eda ese gigante de las Am\u00e9ricas, el presidente Benito Ju\u00e1rez: \u201cEntre los individuos, como entre las naciones, el respeto al derecho ajeno es la paz\u201d.<br>Gobierno de la Rep\u00fablica<\/p>\n","protected":false},"excerpt":{"rendered":"<p>A los diputados del Parlamento Europeo:<br \/>\nBasta de corrupci\u00f3n, de mentiras y de hipocres\u00edas.<\/p>\n","protected":false},"author":1,"featured_media":3430,"comment_status":"open","ping_status":"open","sticky":false,"template":"","format":"standard","meta":{"footnotes":""},"categories":[12],"tags":[295],"class_list":["post-3429","post","type-post","status-publish","format-standard","has-post-thumbnail","hentry","category-politica","tag-parlamento"],"yoast_head":"<!-- This site is optimized with the Yoast SEO plugin v24.9 - https:\/\/yoast.com\/wordpress\/plugins\/seo\/ -->\n<title>Comunicado del gobierno de la Rep\u00fablica al Parlamento Europeo - 21 Panorama<\/title>\n<meta name=\"robots\" content=\"index, follow, max-snippet:-1, max-image-preview:large, max-video-preview:-1\" \/>\n<link rel=\"canonical\" href=\"https:\/\/21panorama.com\/index.php\/2022\/03\/11\/comunicado-del-gobierno-de-la-republica-al-parlamento-europeo\/\" \/>\n<meta property=\"og:locale\" content=\"es_MX\" \/>\n<meta property=\"og:type\" content=\"article\" \/>\n<meta property=\"og:title\" content=\"Comunicado del gobierno de la Rep\u00fablica al Parlamento Europeo - 21 Panorama\" \/>\n<meta property=\"og:description\" content=\"A los diputados del Parlamento Europeo: Basta de corrupci\u00f3n, de mentiras y de hipocres\u00edas.\" \/>\n<meta property=\"og:url\" content=\"https:\/\/21panorama.com\/index.php\/2022\/03\/11\/comunicado-del-gobierno-de-la-republica-al-parlamento-europeo\/\" \/>\n<meta property=\"og:site_name\" content=\"21 Panorama\" \/>\n<meta property=\"article:published_time\" content=\"2022-03-11T15:33:58+00:00\" \/>\n<meta property=\"article:modified_time\" content=\"2022-03-11T15:33:59+00:00\" \/>\n<meta property=\"og:image\" content=\"https:\/\/21panorama.com\/wp-content\/uploads\/2022\/03\/c400b2ee-32e6-4d2d-98f9-41fe62e1c65a.jpeg\" \/>\n\t<meta property=\"og:image:width\" content=\"466\" \/>\n\t<meta property=\"og:image:height\" content=\"500\" \/>\n\t<meta property=\"og:image:type\" content=\"image\/jpeg\" \/>\n<meta name=\"author\" content=\"admin\" \/>\n<meta name=\"twitter:card\" content=\"summary_large_image\" \/>\n<meta name=\"twitter:label1\" content=\"Escrito por\" \/>\n\t<meta name=\"twitter:data1\" content=\"admin\" \/>\n\t<meta name=\"twitter:label2\" content=\"Tiempo de lectura\" \/>\n\t<meta name=\"twitter:data2\" content=\"2 minutos\" \/>\n<script type=\"application\/ld+json\" class=\"yoast-schema-graph\">{\"@context\":\"https:\/\/schema.org\",\"@graph\":[{\"@type\":\"Article\",\"@id\":\"https:\/\/21panorama.com\/index.php\/2022\/03\/11\/comunicado-del-gobierno-de-la-republica-al-parlamento-europeo\/#article\",\"isPartOf\":{\"@id\":\"https:\/\/21panorama.com\/index.php\/2022\/03\/11\/comunicado-del-gobierno-de-la-republica-al-parlamento-europeo\/\"},\"author\":{\"name\":\"admin\",\"@id\":\"https:\/\/21panorama.com\/#\/schema\/person\/1afc291b96d5792a158768324287319f\"},\"headline\":\"Comunicado del gobierno de la Rep\u00fablica al Parlamento Europeo\",\"datePublished\":\"2022-03-11T15:33:58+00:00\",\"dateModified\":\"2022-03-11T15:33:59+00:00\",\"mainEntityOfPage\":{\"@id\":\"https:\/\/21panorama.com\/index.php\/2022\/03\/11\/comunicado-del-gobierno-de-la-republica-al-parlamento-europeo\/\"},\"wordCount\":354,\"commentCount\":0,\"publisher\":{\"@id\":\"https:\/\/21panorama.com\/#organization\"},\"image\":{\"@id\":\"https:\/\/21panorama.com\/index.php\/2022\/03\/11\/comunicado-del-gobierno-de-la-republica-al-parlamento-europeo\/#primaryimage\"},\"thumbnailUrl\":\"https:\/\/21panorama.com\/wp-content\/uploads\/2022\/03\/c400b2ee-32e6-4d2d-98f9-41fe62e1c65a.jpeg\",\"keywords\":[\"PARLAMENTO\"],\"articleSection\":[\"Politica\"],\"inLanguage\":\"es\",\"potentialAction\":[{\"@type\":\"CommentAction\",\"name\":\"Comment\",\"target\":[\"https:\/\/21panorama.com\/index.php\/2022\/03\/11\/comunicado-del-gobierno-de-la-republica-al-parlamento-europeo\/#respond\"]}]},{\"@type\":\"WebPage\",\"@id\":\"https:\/\/21panorama.com\/index.php\/2022\/03\/11\/comunicado-del-gobierno-de-la-republica-al-parlamento-europeo\/\",\"url\":\"https:\/\/21panorama.com\/index.php\/2022\/03\/11\/comunicado-del-gobierno-de-la-republica-al-parlamento-europeo\/\",\"name\":\"Comunicado del gobierno de la Rep\u00fablica al Parlamento Europeo - 21 Panorama\",\"isPartOf\":{\"@id\":\"https:\/\/21panorama.com\/#website\"},\"primaryImageOfPage\":{\"@id\":\"https:\/\/21panorama.com\/index.php\/2022\/03\/11\/comunicado-del-gobierno-de-la-republica-al-parlamento-europeo\/#primaryimage\"},\"image\":{\"@id\":\"https:\/\/21panorama.com\/index.php\/2022\/03\/11\/comunicado-del-gobierno-de-la-republica-al-parlamento-europeo\/#primaryimage\"},\"thumbnailUrl\":\"https:\/\/21panorama.com\/wp-content\/uploads\/2022\/03\/c400b2ee-32e6-4d2d-98f9-41fe62e1c65a.jpeg\",\"datePublished\":\"2022-03-11T15:33:58+00:00\",\"dateModified\":\"2022-03-11T15:33:59+00:00\",\"breadcrumb\":{\"@id\":\"https:\/\/21panorama.com\/index.php\/2022\/03\/11\/comunicado-del-gobierno-de-la-republica-al-parlamento-europeo\/#breadcrumb\"},\"inLanguage\":\"es\",\"potentialAction\":[{\"@type\":\"ReadAction\",\"target\":[\"https:\/\/21panorama.com\/index.php\/2022\/03\/11\/comunicado-del-gobierno-de-la-republica-al-parlamento-europeo\/\"]}]},{\"@type\":\"ImageObject\",\"inLanguage\":\"es\",\"@id\":\"https:\/\/21panorama.com\/index.php\/2022\/03\/11\/comunicado-del-gobierno-de-la-republica-al-parlamento-europeo\/#primaryimage\",\"url\":\"https:\/\/21panorama.com\/wp-content\/uploads\/2022\/03\/c400b2ee-32e6-4d2d-98f9-41fe62e1c65a.jpeg\",\"contentUrl\":\"https:\/\/21panorama.com\/wp-content\/uploads\/2022\/03\/c400b2ee-32e6-4d2d-98f9-41fe62e1c65a.jpeg\",\"width\":466,\"height\":500},{\"@type\":\"BreadcrumbList\",\"@id\":\"https:\/\/21panorama.com\/index.php\/2022\/03\/11\/comunicado-del-gobierno-de-la-republica-al-parlamento-europeo\/#breadcrumb\",\"itemListElement\":[{\"@type\":\"ListItem\",\"position\":1,\"name\":\"Inicio\",\"item\":\"https:\/\/21panorama.com\/\"},{\"@type\":\"ListItem\",\"position\":2,\"name\":\"Comunicado del gobierno de la Rep\u00fablica al Parlamento Europeo\"}]},{\"@type\":\"WebSite\",\"@id\":\"https:\/\/21panorama.com\/#website\",\"url\":\"https:\/\/21panorama.com\/\",\"name\":\"21 Panorama\",\"description\":\"La construcci\u00f3n de la opini\u00f3n p\u00fablica merece un mejor Panorama en este siglo 21 para alcanzar una sociedad con mayor transparencia y sin corrupci\u00f3n.\",\"publisher\":{\"@id\":\"https:\/\/21panorama.com\/#organization\"},\"potentialAction\":[{\"@type\":\"SearchAction\",\"target\":{\"@type\":\"EntryPoint\",\"urlTemplate\":\"https:\/\/21panorama.com\/?s={search_term_string}\"},\"query-input\":{\"@type\":\"PropertyValueSpecification\",\"valueRequired\":true,\"valueName\":\"search_term_string\"}}],\"inLanguage\":\"es\"},{\"@type\":\"Organization\",\"@id\":\"https:\/\/21panorama.com\/#organization\",\"name\":\"21 Panorama\",\"url\":\"https:\/\/21panorama.com\/\",\"logo\":{\"@type\":\"ImageObject\",\"inLanguage\":\"es\",\"@id\":\"https:\/\/21panorama.com\/#\/schema\/logo\/image\/\",\"url\":\"https:\/\/21panorama.com\/wp-content\/uploads\/2019\/07\/cropped-Logo-Panorama-01.jpeg\",\"contentUrl\":\"https:\/\/21panorama.com\/wp-content\/uploads\/2019\/07\/cropped-Logo-Panorama-01.jpeg\",\"width\":290,\"height\":70,\"caption\":\"21 Panorama\"},\"image\":{\"@id\":\"https:\/\/21panorama.com\/#\/schema\/logo\/image\/\"}},{\"@type\":\"Person\",\"@id\":\"https:\/\/21panorama.com\/#\/schema\/person\/1afc291b96d5792a158768324287319f\",\"name\":\"admin\",\"image\":{\"@type\":\"ImageObject\",\"inLanguage\":\"es\",\"@id\":\"https:\/\/21panorama.com\/#\/schema\/person\/image\/\",\"url\":\"https:\/\/secure.gravatar.com\/avatar\/ad365d9d9f46719215b0d042cc3df92a5a8683e09ef13d102233e5491985f0f0?s=96&d=mm&r=g\",\"contentUrl\":\"https:\/\/secure.gravatar.com\/avatar\/ad365d9d9f46719215b0d042cc3df92a5a8683e09ef13d102233e5491985f0f0?s=96&d=mm&r=g\",\"caption\":\"admin\"},\"url\":\"https:\/\/21panorama.com\/index.php\/author\/admin\/\"}]}<\/script>\n<!-- \/ Yoast SEO plugin. -->","yoast_head_json":{"title":"Comunicado del gobierno de la Rep\u00fablica al Parlamento Europeo - 21 Panorama","robots":{"index":"index","follow":"follow","max-snippet":"max-snippet:-1","max-image-preview":"max-image-preview:large","max-video-preview":"max-video-preview:-1"},"canonical":"https:\/\/21panorama.com\/index.php\/2022\/03\/11\/comunicado-del-gobierno-de-la-republica-al-parlamento-europeo\/","og_locale":"es_MX","og_type":"article","og_title":"Comunicado del gobierno de la Rep\u00fablica al Parlamento Europeo - 21 Panorama","og_description":"A los diputados del Parlamento Europeo: Basta de corrupci\u00f3n, de mentiras y de hipocres\u00edas.","og_url":"https:\/\/21panorama.com\/index.php\/2022\/03\/11\/comunicado-del-gobierno-de-la-republica-al-parlamento-europeo\/","og_site_name":"21 Panorama","article_published_time":"2022-03-11T15:33:58+00:00","article_modified_time":"2022-03-11T15:33:59+00:00","og_image":[{"width":466,"height":500,"url":"https:\/\/21panorama.com\/wp-content\/uploads\/2022\/03\/c400b2ee-32e6-4d2d-98f9-41fe62e1c65a.jpeg","type":"image\/jpeg"}],"author":"admin","twitter_card":"summary_large_image","twitter_misc":{"Escrito por":"admin","Tiempo de lectura":"2 minutos"},"schema":{"@context":"https:\/\/schema.org","@graph":[{"@type":"Article","@id":"https:\/\/21panorama.com\/index.php\/2022\/03\/11\/comunicado-del-gobierno-de-la-republica-al-parlamento-europeo\/#article","isPartOf":{"@id":"https:\/\/21panorama.com\/index.php\/2022\/03\/11\/comunicado-del-gobierno-de-la-republica-al-parlamento-europeo\/"},"author":{"name":"admin","@id":"https:\/\/21panorama.com\/#\/schema\/person\/1afc291b96d5792a158768324287319f"},"headline":"Comunicado del gobierno de la Rep\u00fablica al Parlamento Europeo","datePublished":"2022-03-11T15:33:58+00:00","dateModified":"2022-03-11T15:33:59+00:00","mainEntityOfPage":{"@id":"https:\/\/21panorama.com\/index.php\/2022\/03\/11\/comunicado-del-gobierno-de-la-republica-al-parlamento-europeo\/"},"wordCount":354,"commentCount":0,"publisher":{"@id":"https:\/\/21panorama.com\/#organization"},"image":{"@id":"https:\/\/21panorama.com\/index.php\/2022\/03\/11\/comunicado-del-gobierno-de-la-republica-al-parlamento-europeo\/#primaryimage"},"thumbnailUrl":"https:\/\/21panorama.com\/wp-content\/uploads\/2022\/03\/c400b2ee-32e6-4d2d-98f9-41fe62e1c65a.jpeg","keywords":["PARLAMENTO"],"articleSection":["Politica"],"inLanguage":"es","potentialAction":[{"@type":"CommentAction","name":"Comment","target":["https:\/\/21panorama.com\/index.php\/2022\/03\/11\/comunicado-del-gobierno-de-la-republica-al-parlamento-europeo\/#respond"]}]},{"@type":"WebPage","@id":"https:\/\/21panorama.com\/index.php\/2022\/03\/11\/comunicado-del-gobierno-de-la-republica-al-parlamento-europeo\/","url":"https:\/\/21panorama.com\/index.php\/2022\/03\/11\/comunicado-del-gobierno-de-la-republica-al-parlamento-europeo\/","name":"Comunicado del gobierno de la Rep\u00fablica al Parlamento Europeo - 21 Panorama","isPartOf":{"@id":"https:\/\/21panorama.com\/#website"},"primaryImageOfPage":{"@id":"https:\/\/21panorama.com\/index.php\/2022\/03\/11\/comunicado-del-gobierno-de-la-republica-al-parlamento-europeo\/#primaryimage"},"image":{"@id":"https:\/\/21panorama.com\/index.php\/2022\/03\/11\/comunicado-del-gobierno-de-la-republica-al-parlamento-europeo\/#primaryimage"},"thumbnailUrl":"https:\/\/21panorama.com\/wp-content\/uploads\/2022\/03\/c400b2ee-32e6-4d2d-98f9-41fe62e1c65a.jpeg","datePublished":"2022-03-11T15:33:58+00:00","dateModified":"2022-03-11T15:33:59+00:00","breadcrumb":{"@id":"https:\/\/21panorama.com\/index.php\/2022\/03\/11\/comunicado-del-gobierno-de-la-republica-al-parlamento-europeo\/#breadcrumb"},"inLanguage":"es","potentialAction":[{"@type":"ReadAction","target":["https:\/\/21panorama.com\/index.php\/2022\/03\/11\/comunicado-del-gobierno-de-la-republica-al-parlamento-europeo\/"]}]},{"@type":"ImageObject","inLanguage":"es","@id":"https:\/\/21panorama.com\/index.php\/2022\/03\/11\/comunicado-del-gobierno-de-la-republica-al-parlamento-europeo\/#primaryimage","url":"https:\/\/21panorama.com\/wp-content\/uploads\/2022\/03\/c400b2ee-32e6-4d2d-98f9-41fe62e1c65a.jpeg","contentUrl":"https:\/\/21panorama.com\/wp-content\/uploads\/2022\/03\/c400b2ee-32e6-4d2d-98f9-41fe62e1c65a.jpeg","width":466,"height":500},{"@type":"BreadcrumbList","@id":"https:\/\/21panorama.com\/index.php\/2022\/03\/11\/comunicado-del-gobierno-de-la-republica-al-parlamento-europeo\/#breadcrumb","itemListElement":[{"@type":"ListItem","position":1,"name":"Inicio","item":"https:\/\/21panorama.com\/"},{"@type":"ListItem","position":2,"name":"Comunicado del gobierno de la Rep\u00fablica al Parlamento Europeo"}]},{"@type":"WebSite","@id":"https:\/\/21panorama.com\/#website","url":"https:\/\/21panorama.com\/","name":"21 Panorama","description":"La construcci\u00f3n de la opini\u00f3n p\u00fablica merece un mejor Panorama en este siglo 21 para alcanzar una sociedad con mayor transparencia y sin corrupci\u00f3n.","publisher":{"@id":"https:\/\/21panorama.com\/#organization"},"potentialAction":[{"@type":"SearchAction","target":{"@type":"EntryPoint","urlTemplate":"https:\/\/21panorama.com\/?s={search_term_string}"},"query-input":{"@type":"PropertyValueSpecification","valueRequired":true,"valueName":"search_term_string"}}],"inLanguage":"es"},{"@type":"Organization","@id":"https:\/\/21panorama.com\/#organization","name":"21 Panorama","url":"https:\/\/21panorama.com\/","logo":{"@type":"ImageObject","inLanguage":"es","@id":"https:\/\/21panorama.com\/#\/schema\/logo\/image\/","url":"https:\/\/21panorama.com\/wp-content\/uploads\/2019\/07\/cropped-Logo-Panorama-01.jpeg","contentUrl":"https:\/\/21panorama.com\/wp-content\/uploads\/2019\/07\/cropped-Logo-Panorama-01.jpeg","width":290,"height":70,"caption":"21 Panorama"},"image":{"@id":"https:\/\/21panorama.com\/#\/schema\/logo\/image\/"}},{"@type":"Person","@id":"https:\/\/21panorama.com\/#\/schema\/person\/1afc291b96d5792a158768324287319f","name":"admin","image":{"@type":"ImageObject","inLanguage":"es","@id":"https:\/\/21panorama.com\/#\/schema\/person\/image\/","url":"https:\/\/secure.gravatar.com\/avatar\/ad365d9d9f46719215b0d042cc3df92a5a8683e09ef13d102233e5491985f0f0?s=96&d=mm&r=g","contentUrl":"https:\/\/secure.gravatar.com\/avatar\/ad365d9d9f46719215b0d042cc3df92a5a8683e09ef13d102233e5491985f0f0?s=96&d=mm&r=g","caption":"admin"},"url":"https:\/\/21panorama.com\/index.php\/author\/admin\/"}]}},"_links":{"self":[{"href":"https:\/\/21panorama.com\/index.php\/wp-json\/wp\/v2\/posts\/3429","targetHints":{"allow":["GET"]}}],"collection":[{"href":"https:\/\/21panorama.com\/index.php\/wp-json\/wp\/v2\/posts"}],"about":[{"href":"https:\/\/21panorama.com\/index.php\/wp-json\/wp\/v2\/types\/post"}],"author":[{"embeddable":true,"href":"https:\/\/21panorama.com\/index.php\/wp-json\/wp\/v2\/users\/1"}],"replies":[{"embeddable":true,"href":"https:\/\/21panorama.com\/index.php\/wp-json\/wp\/v2\/comments?post=3429"}],"version-history":[{"count":1,"href":"https:\/\/21panorama.com\/index.php\/wp-json\/wp\/v2\/posts\/3429\/revisions"}],"predecessor-version":[{"id":3431,"href":"https:\/\/21panorama.com\/index.php\/wp-json\/wp\/v2\/posts\/3429\/revisions\/3431"}],"wp:featuredmedia":[{"embeddable":true,"href":"https:\/\/21panorama.com\/index.php\/wp-json\/wp\/v2\/media\/3430"}],"wp:attachment":[{"href":"https:\/\/21panorama.com\/index.php\/wp-json\/wp\/v2\/media?parent=3429"}],"wp:term":[{"taxonomy":"category","embeddable":true,"href":"https:\/\/21panorama.com\/index.php\/wp-json\/wp\/v2\/categories?post=3429"},{"taxonomy":"post_tag","embeddable":true,"href":"https:\/\/21panorama.com\/index.php\/wp-json\/wp\/v2\/tags?post=3429"}],"curies":[{"name":"wp","href":"https:\/\/api.w.org\/{rel}","templated":true}]}}