{"id":3417,"date":"2022-03-10T19:03:14","date_gmt":"2022-03-11T01:03:14","guid":{"rendered":"https:\/\/21panorama.com\/?p=3417"},"modified":"2022-03-10T19:03:15","modified_gmt":"2022-03-11T01:03:15","slug":"relevante-la-medicina-tradicional-de-los-pueblos","status":"publish","type":"post","link":"https:\/\/21panorama.com\/index.php\/2022\/03\/10\/relevante-la-medicina-tradicional-de-los-pueblos\/","title":{"rendered":"RELEVANTE LA MEDICINA TRADICIONAL DE LOS PUEBLOS"},"content":{"rendered":"\n<p>Al atestiguar la trascendencia que tiene la medicina tradicional de los pueblos originarios, el diputado federal Gustavo C\u00e1rdenas Monroy consider\u00f3 necesario vincular este sector con las autoridades para su pleno desarrollo.<\/p>\n\n\n\n<p>En el evento, el Maestro David Figueroa Serrano present\u00f3 su libro &#8220;Percepci\u00f3n del riesgo y patrimonio biocultural de los pueblos ind\u00edgenas del Estado de M\u00e9xico ante la pandemia Covid-19&#8221; con el estudio en los pueblos #mazahua, #otom\u00ed y #tlahuica.<\/p>\n\n\n\n<p>El Diputado Federal Gustavo C\u00e1rdenas Monroy asisti\u00f3 a la Presentaci\u00f3n del Libro, Percepci\u00f3n del Riesgo y Patrimonio Bicultural de los Pueblos Ind\u00edgenas del Estado de M\u00e9xico Ante la Pandemia Covid-19 en el municipio de Ixtlahuaca.<\/p>\n\n\n\n<p>Al evento asistieron el Presidente Municipal Abuzeid Lozano Casta\u00f1eda y representantes de los pueblos originarios del norte de la entidad y en especial del distrito 03, adem\u00e1s de representantes del CEDIPIEM.<\/p>\n\n\n\n<p>Al hacer uso de la voz, el Diputado Federal agradeci\u00f3 la anfitrion\u00eda del Presidente Municipal Abuzeid Lozano Casta\u00f1eda y expres\u00f3: &#8220;Gracias por la invitaci\u00f3n a la presentaci\u00f3n de este importante libro que es verdaderamente excepcional, compartirnos esto nos hace recordar muchas cosas pero sobre todo deja ver la vigencia que tiene todo este conocimiento en la vida&#8221;.<\/p>\n\n\n\n<p>De igual manera se congratul\u00f3 por la presencia de la vocal ejecutiva del CEDIPIEM Diana P\u00e9rez Barrag\u00e1n.<br>Salud\u00f3 la presencia del Rector de la Universidad de Ixtlahuaca CUI Margarito Ortega Ballesteros, invit\u00e1ndolo a retomar el tema en el \u00e1mbito acad\u00e9mico por la importante poblaci\u00f3n de origen Mazahua con la que cuenta esa casa de estudios.<br>Se\u00f1al\u00f3 que el potencial del libro est\u00e1 sustentado en el trabajo de campo de las experiencias exitosas de mujeres y hombres que no solamente se han dedicado a la medicina tradicional de los Mazahuas y Otom\u00edes y otras etnias, si no m\u00e1s de una vez nos han curado a muchos de nosotros.<\/p>\n\n\n\n<p>El representante popular hizo un compromiso para poder impulsar en la c\u00e1mara una iniciativa o la gesti\u00f3n en las instancias pertinentes para buscar la certificaci\u00f3n de los m\u00e9dicos tradicionales, sumando esfuerzos ya que es muy importante dar el valor y el cauce correcto a los conocimientos que seguir\u00e1n siendo tan \u00fatiles para todos, o bien implementar alg\u00fan diplomado para impartir algunos conocimientos adicionales ya que esto es muy importante para toda esta regi\u00f3n en la que los mazahuas y otomis son mayoritariamente qui\u00e9nes la habitan y necesitan seguir preservando y consolidando lo que se ha logrado.<\/p>\n","protected":false},"excerpt":{"rendered":"<p>Al atestiguar  la trascendencia que tiene la medicina tradicional de los pueblos originarios, el diputado federal Gustavo C\u00e1rdenas Monroy consider\u00f3 necesario vincular este sector con las autoridades para su pleno desarrollo.  <\/p>\n","protected":false},"author":1,"featured_media":3418,"comment_status":"open","ping_status":"open","sticky":false,"template":"","format":"standard","meta":{"footnotes":""},"categories":[1],"tags":[291],"class_list":["post-3417","post","type-post","status-publish","format-standard","has-post-thumbnail","hentry","category-sociedad","tag-medicina"],"yoast_head":"<!-- This site is optimized with the Yoast SEO plugin v24.9 - https:\/\/yoast.com\/wordpress\/plugins\/seo\/ -->\n<title>RELEVANTE LA MEDICINA TRADICIONAL DE LOS PUEBLOS - 21 Panorama<\/title>\n<meta name=\"robots\" content=\"index, follow, max-snippet:-1, max-image-preview:large, max-video-preview:-1\" \/>\n<link rel=\"canonical\" href=\"https:\/\/21panorama.com\/index.php\/2022\/03\/10\/relevante-la-medicina-tradicional-de-los-pueblos\/\" \/>\n<meta property=\"og:locale\" content=\"es_MX\" \/>\n<meta property=\"og:type\" content=\"article\" \/>\n<meta property=\"og:title\" content=\"RELEVANTE LA MEDICINA TRADICIONAL DE LOS PUEBLOS - 21 Panorama\" \/>\n<meta property=\"og:description\" content=\"Al atestiguar la trascendencia que tiene la medicina tradicional de los pueblos originarios, el diputado federal Gustavo C\u00e1rdenas Monroy consider\u00f3 necesario vincular este sector con las autoridades para su pleno desarrollo.\" \/>\n<meta property=\"og:url\" content=\"https:\/\/21panorama.com\/index.php\/2022\/03\/10\/relevante-la-medicina-tradicional-de-los-pueblos\/\" \/>\n<meta property=\"og:site_name\" content=\"21 Panorama\" \/>\n<meta property=\"article:published_time\" content=\"2022-03-11T01:03:14+00:00\" \/>\n<meta property=\"article:modified_time\" content=\"2022-03-11T01:03:15+00:00\" \/>\n<meta property=\"og:image\" content=\"https:\/\/21panorama.com\/wp-content\/uploads\/2022\/03\/b13581d8-4afb-463d-b955-52e5125fd267.jpeg\" \/>\n\t<meta property=\"og:image:width\" content=\"960\" \/>\n\t<meta property=\"og:image:height\" content=\"640\" \/>\n\t<meta property=\"og:image:type\" content=\"image\/jpeg\" \/>\n<meta name=\"author\" content=\"admin\" \/>\n<meta name=\"twitter:card\" content=\"summary_large_image\" \/>\n<meta name=\"twitter:label1\" content=\"Escrito por\" \/>\n\t<meta name=\"twitter:data1\" content=\"admin\" \/>\n\t<meta name=\"twitter:label2\" content=\"Tiempo de lectura\" \/>\n\t<meta name=\"twitter:data2\" content=\"2 minutos\" \/>\n<script type=\"application\/ld+json\" class=\"yoast-schema-graph\">{\"@context\":\"https:\/\/schema.org\",\"@graph\":[{\"@type\":\"Article\",\"@id\":\"https:\/\/21panorama.com\/index.php\/2022\/03\/10\/relevante-la-medicina-tradicional-de-los-pueblos\/#article\",\"isPartOf\":{\"@id\":\"https:\/\/21panorama.com\/index.php\/2022\/03\/10\/relevante-la-medicina-tradicional-de-los-pueblos\/\"},\"author\":{\"name\":\"admin\",\"@id\":\"https:\/\/21panorama.com\/#\/schema\/person\/1afc291b96d5792a158768324287319f\"},\"headline\":\"RELEVANTE LA MEDICINA TRADICIONAL DE LOS PUEBLOS\",\"datePublished\":\"2022-03-11T01:03:14+00:00\",\"dateModified\":\"2022-03-11T01:03:15+00:00\",\"mainEntityOfPage\":{\"@id\":\"https:\/\/21panorama.com\/index.php\/2022\/03\/10\/relevante-la-medicina-tradicional-de-los-pueblos\/\"},\"wordCount\":433,\"commentCount\":0,\"publisher\":{\"@id\":\"https:\/\/21panorama.com\/#organization\"},\"image\":{\"@id\":\"https:\/\/21panorama.com\/index.php\/2022\/03\/10\/relevante-la-medicina-tradicional-de-los-pueblos\/#primaryimage\"},\"thumbnailUrl\":\"https:\/\/21panorama.com\/wp-content\/uploads\/2022\/03\/b13581d8-4afb-463d-b955-52e5125fd267.jpeg\",\"keywords\":[\"MEDICINA\"],\"articleSection\":[\"Sociedad\"],\"inLanguage\":\"es\",\"potentialAction\":[{\"@type\":\"CommentAction\",\"name\":\"Comment\",\"target\":[\"https:\/\/21panorama.com\/index.php\/2022\/03\/10\/relevante-la-medicina-tradicional-de-los-pueblos\/#respond\"]}]},{\"@type\":\"WebPage\",\"@id\":\"https:\/\/21panorama.com\/index.php\/2022\/03\/10\/relevante-la-medicina-tradicional-de-los-pueblos\/\",\"url\":\"https:\/\/21panorama.com\/index.php\/2022\/03\/10\/relevante-la-medicina-tradicional-de-los-pueblos\/\",\"name\":\"RELEVANTE LA MEDICINA TRADICIONAL DE LOS PUEBLOS - 21 Panorama\",\"isPartOf\":{\"@id\":\"https:\/\/21panorama.com\/#website\"},\"primaryImageOfPage\":{\"@id\":\"https:\/\/21panorama.com\/index.php\/2022\/03\/10\/relevante-la-medicina-tradicional-de-los-pueblos\/#primaryimage\"},\"image\":{\"@id\":\"https:\/\/21panorama.com\/index.php\/2022\/03\/10\/relevante-la-medicina-tradicional-de-los-pueblos\/#primaryimage\"},\"thumbnailUrl\":\"https:\/\/21panorama.com\/wp-content\/uploads\/2022\/03\/b13581d8-4afb-463d-b955-52e5125fd267.jpeg\",\"datePublished\":\"2022-03-11T01:03:14+00:00\",\"dateModified\":\"2022-03-11T01:03:15+00:00\",\"breadcrumb\":{\"@id\":\"https:\/\/21panorama.com\/index.php\/2022\/03\/10\/relevante-la-medicina-tradicional-de-los-pueblos\/#breadcrumb\"},\"inLanguage\":\"es\",\"potentialAction\":[{\"@type\":\"ReadAction\",\"target\":[\"https:\/\/21panorama.com\/index.php\/2022\/03\/10\/relevante-la-medicina-tradicional-de-los-pueblos\/\"]}]},{\"@type\":\"ImageObject\",\"inLanguage\":\"es\",\"@id\":\"https:\/\/21panorama.com\/index.php\/2022\/03\/10\/relevante-la-medicina-tradicional-de-los-pueblos\/#primaryimage\",\"url\":\"https:\/\/21panorama.com\/wp-content\/uploads\/2022\/03\/b13581d8-4afb-463d-b955-52e5125fd267.jpeg\",\"contentUrl\":\"https:\/\/21panorama.com\/wp-content\/uploads\/2022\/03\/b13581d8-4afb-463d-b955-52e5125fd267.jpeg\",\"width\":960,\"height\":640},{\"@type\":\"BreadcrumbList\",\"@id\":\"https:\/\/21panorama.com\/index.php\/2022\/03\/10\/relevante-la-medicina-tradicional-de-los-pueblos\/#breadcrumb\",\"itemListElement\":[{\"@type\":\"ListItem\",\"position\":1,\"name\":\"Inicio\",\"item\":\"https:\/\/21panorama.com\/\"},{\"@type\":\"ListItem\",\"position\":2,\"name\":\"RELEVANTE LA MEDICINA TRADICIONAL DE LOS PUEBLOS\"}]},{\"@type\":\"WebSite\",\"@id\":\"https:\/\/21panorama.com\/#website\",\"url\":\"https:\/\/21panorama.com\/\",\"name\":\"21 Panorama\",\"description\":\"La construcci\u00f3n de la opini\u00f3n p\u00fablica merece un mejor Panorama en este siglo 21 para alcanzar una sociedad con mayor transparencia y sin corrupci\u00f3n.\",\"publisher\":{\"@id\":\"https:\/\/21panorama.com\/#organization\"},\"potentialAction\":[{\"@type\":\"SearchAction\",\"target\":{\"@type\":\"EntryPoint\",\"urlTemplate\":\"https:\/\/21panorama.com\/?s={search_term_string}\"},\"query-input\":{\"@type\":\"PropertyValueSpecification\",\"valueRequired\":true,\"valueName\":\"search_term_string\"}}],\"inLanguage\":\"es\"},{\"@type\":\"Organization\",\"@id\":\"https:\/\/21panorama.com\/#organization\",\"name\":\"21 Panorama\",\"url\":\"https:\/\/21panorama.com\/\",\"logo\":{\"@type\":\"ImageObject\",\"inLanguage\":\"es\",\"@id\":\"https:\/\/21panorama.com\/#\/schema\/logo\/image\/\",\"url\":\"https:\/\/21panorama.com\/wp-content\/uploads\/2019\/07\/cropped-Logo-Panorama-01.jpeg\",\"contentUrl\":\"https:\/\/21panorama.com\/wp-content\/uploads\/2019\/07\/cropped-Logo-Panorama-01.jpeg\",\"width\":290,\"height\":70,\"caption\":\"21 Panorama\"},\"image\":{\"@id\":\"https:\/\/21panorama.com\/#\/schema\/logo\/image\/\"}},{\"@type\":\"Person\",\"@id\":\"https:\/\/21panorama.com\/#\/schema\/person\/1afc291b96d5792a158768324287319f\",\"name\":\"admin\",\"image\":{\"@type\":\"ImageObject\",\"inLanguage\":\"es\",\"@id\":\"https:\/\/21panorama.com\/#\/schema\/person\/image\/\",\"url\":\"https:\/\/secure.gravatar.com\/avatar\/ad365d9d9f46719215b0d042cc3df92a5a8683e09ef13d102233e5491985f0f0?s=96&d=mm&r=g\",\"contentUrl\":\"https:\/\/secure.gravatar.com\/avatar\/ad365d9d9f46719215b0d042cc3df92a5a8683e09ef13d102233e5491985f0f0?s=96&d=mm&r=g\",\"caption\":\"admin\"},\"url\":\"https:\/\/21panorama.com\/index.php\/author\/admin\/\"}]}<\/script>\n<!-- \/ Yoast SEO plugin. -->","yoast_head_json":{"title":"RELEVANTE LA MEDICINA TRADICIONAL DE LOS PUEBLOS - 21 Panorama","robots":{"index":"index","follow":"follow","max-snippet":"max-snippet:-1","max-image-preview":"max-image-preview:large","max-video-preview":"max-video-preview:-1"},"canonical":"https:\/\/21panorama.com\/index.php\/2022\/03\/10\/relevante-la-medicina-tradicional-de-los-pueblos\/","og_locale":"es_MX","og_type":"article","og_title":"RELEVANTE LA MEDICINA TRADICIONAL DE LOS PUEBLOS - 21 Panorama","og_description":"Al atestiguar la trascendencia que tiene la medicina tradicional de los pueblos originarios, el diputado federal Gustavo C\u00e1rdenas Monroy consider\u00f3 necesario vincular este sector con las autoridades para su pleno desarrollo.","og_url":"https:\/\/21panorama.com\/index.php\/2022\/03\/10\/relevante-la-medicina-tradicional-de-los-pueblos\/","og_site_name":"21 Panorama","article_published_time":"2022-03-11T01:03:14+00:00","article_modified_time":"2022-03-11T01:03:15+00:00","og_image":[{"width":960,"height":640,"url":"https:\/\/21panorama.com\/wp-content\/uploads\/2022\/03\/b13581d8-4afb-463d-b955-52e5125fd267.jpeg","type":"image\/jpeg"}],"author":"admin","twitter_card":"summary_large_image","twitter_misc":{"Escrito por":"admin","Tiempo de lectura":"2 minutos"},"schema":{"@context":"https:\/\/schema.org","@graph":[{"@type":"Article","@id":"https:\/\/21panorama.com\/index.php\/2022\/03\/10\/relevante-la-medicina-tradicional-de-los-pueblos\/#article","isPartOf":{"@id":"https:\/\/21panorama.com\/index.php\/2022\/03\/10\/relevante-la-medicina-tradicional-de-los-pueblos\/"},"author":{"name":"admin","@id":"https:\/\/21panorama.com\/#\/schema\/person\/1afc291b96d5792a158768324287319f"},"headline":"RELEVANTE LA MEDICINA TRADICIONAL DE LOS PUEBLOS","datePublished":"2022-03-11T01:03:14+00:00","dateModified":"2022-03-11T01:03:15+00:00","mainEntityOfPage":{"@id":"https:\/\/21panorama.com\/index.php\/2022\/03\/10\/relevante-la-medicina-tradicional-de-los-pueblos\/"},"wordCount":433,"commentCount":0,"publisher":{"@id":"https:\/\/21panorama.com\/#organization"},"image":{"@id":"https:\/\/21panorama.com\/index.php\/2022\/03\/10\/relevante-la-medicina-tradicional-de-los-pueblos\/#primaryimage"},"thumbnailUrl":"https:\/\/21panorama.com\/wp-content\/uploads\/2022\/03\/b13581d8-4afb-463d-b955-52e5125fd267.jpeg","keywords":["MEDICINA"],"articleSection":["Sociedad"],"inLanguage":"es","potentialAction":[{"@type":"CommentAction","name":"Comment","target":["https:\/\/21panorama.com\/index.php\/2022\/03\/10\/relevante-la-medicina-tradicional-de-los-pueblos\/#respond"]}]},{"@type":"WebPage","@id":"https:\/\/21panorama.com\/index.php\/2022\/03\/10\/relevante-la-medicina-tradicional-de-los-pueblos\/","url":"https:\/\/21panorama.com\/index.php\/2022\/03\/10\/relevante-la-medicina-tradicional-de-los-pueblos\/","name":"RELEVANTE LA MEDICINA TRADICIONAL DE LOS PUEBLOS - 21 Panorama","isPartOf":{"@id":"https:\/\/21panorama.com\/#website"},"primaryImageOfPage":{"@id":"https:\/\/21panorama.com\/index.php\/2022\/03\/10\/relevante-la-medicina-tradicional-de-los-pueblos\/#primaryimage"},"image":{"@id":"https:\/\/21panorama.com\/index.php\/2022\/03\/10\/relevante-la-medicina-tradicional-de-los-pueblos\/#primaryimage"},"thumbnailUrl":"https:\/\/21panorama.com\/wp-content\/uploads\/2022\/03\/b13581d8-4afb-463d-b955-52e5125fd267.jpeg","datePublished":"2022-03-11T01:03:14+00:00","dateModified":"2022-03-11T01:03:15+00:00","breadcrumb":{"@id":"https:\/\/21panorama.com\/index.php\/2022\/03\/10\/relevante-la-medicina-tradicional-de-los-pueblos\/#breadcrumb"},"inLanguage":"es","potentialAction":[{"@type":"ReadAction","target":["https:\/\/21panorama.com\/index.php\/2022\/03\/10\/relevante-la-medicina-tradicional-de-los-pueblos\/"]}]},{"@type":"ImageObject","inLanguage":"es","@id":"https:\/\/21panorama.com\/index.php\/2022\/03\/10\/relevante-la-medicina-tradicional-de-los-pueblos\/#primaryimage","url":"https:\/\/21panorama.com\/wp-content\/uploads\/2022\/03\/b13581d8-4afb-463d-b955-52e5125fd267.jpeg","contentUrl":"https:\/\/21panorama.com\/wp-content\/uploads\/2022\/03\/b13581d8-4afb-463d-b955-52e5125fd267.jpeg","width":960,"height":640},{"@type":"BreadcrumbList","@id":"https:\/\/21panorama.com\/index.php\/2022\/03\/10\/relevante-la-medicina-tradicional-de-los-pueblos\/#breadcrumb","itemListElement":[{"@type":"ListItem","position":1,"name":"Inicio","item":"https:\/\/21panorama.com\/"},{"@type":"ListItem","position":2,"name":"RELEVANTE LA MEDICINA TRADICIONAL DE LOS PUEBLOS"}]},{"@type":"WebSite","@id":"https:\/\/21panorama.com\/#website","url":"https:\/\/21panorama.com\/","name":"21 Panorama","description":"La construcci\u00f3n de la opini\u00f3n p\u00fablica merece un mejor Panorama en este siglo 21 para alcanzar una sociedad con mayor transparencia y sin corrupci\u00f3n.","publisher":{"@id":"https:\/\/21panorama.com\/#organization"},"potentialAction":[{"@type":"SearchAction","target":{"@type":"EntryPoint","urlTemplate":"https:\/\/21panorama.com\/?s={search_term_string}"},"query-input":{"@type":"PropertyValueSpecification","valueRequired":true,"valueName":"search_term_string"}}],"inLanguage":"es"},{"@type":"Organization","@id":"https:\/\/21panorama.com\/#organization","name":"21 Panorama","url":"https:\/\/21panorama.com\/","logo":{"@type":"ImageObject","inLanguage":"es","@id":"https:\/\/21panorama.com\/#\/schema\/logo\/image\/","url":"https:\/\/21panorama.com\/wp-content\/uploads\/2019\/07\/cropped-Logo-Panorama-01.jpeg","contentUrl":"https:\/\/21panorama.com\/wp-content\/uploads\/2019\/07\/cropped-Logo-Panorama-01.jpeg","width":290,"height":70,"caption":"21 Panorama"},"image":{"@id":"https:\/\/21panorama.com\/#\/schema\/logo\/image\/"}},{"@type":"Person","@id":"https:\/\/21panorama.com\/#\/schema\/person\/1afc291b96d5792a158768324287319f","name":"admin","image":{"@type":"ImageObject","inLanguage":"es","@id":"https:\/\/21panorama.com\/#\/schema\/person\/image\/","url":"https:\/\/secure.gravatar.com\/avatar\/ad365d9d9f46719215b0d042cc3df92a5a8683e09ef13d102233e5491985f0f0?s=96&d=mm&r=g","contentUrl":"https:\/\/secure.gravatar.com\/avatar\/ad365d9d9f46719215b0d042cc3df92a5a8683e09ef13d102233e5491985f0f0?s=96&d=mm&r=g","caption":"admin"},"url":"https:\/\/21panorama.com\/index.php\/author\/admin\/"}]}},"_links":{"self":[{"href":"https:\/\/21panorama.com\/index.php\/wp-json\/wp\/v2\/posts\/3417","targetHints":{"allow":["GET"]}}],"collection":[{"href":"https:\/\/21panorama.com\/index.php\/wp-json\/wp\/v2\/posts"}],"about":[{"href":"https:\/\/21panorama.com\/index.php\/wp-json\/wp\/v2\/types\/post"}],"author":[{"embeddable":true,"href":"https:\/\/21panorama.com\/index.php\/wp-json\/wp\/v2\/users\/1"}],"replies":[{"embeddable":true,"href":"https:\/\/21panorama.com\/index.php\/wp-json\/wp\/v2\/comments?post=3417"}],"version-history":[{"count":1,"href":"https:\/\/21panorama.com\/index.php\/wp-json\/wp\/v2\/posts\/3417\/revisions"}],"predecessor-version":[{"id":3419,"href":"https:\/\/21panorama.com\/index.php\/wp-json\/wp\/v2\/posts\/3417\/revisions\/3419"}],"wp:featuredmedia":[{"embeddable":true,"href":"https:\/\/21panorama.com\/index.php\/wp-json\/wp\/v2\/media\/3418"}],"wp:attachment":[{"href":"https:\/\/21panorama.com\/index.php\/wp-json\/wp\/v2\/media?parent=3417"}],"wp:term":[{"taxonomy":"category","embeddable":true,"href":"https:\/\/21panorama.com\/index.php\/wp-json\/wp\/v2\/categories?post=3417"},{"taxonomy":"post_tag","embeddable":true,"href":"https:\/\/21panorama.com\/index.php\/wp-json\/wp\/v2\/tags?post=3417"}],"curies":[{"name":"wp","href":"https:\/\/api.w.org\/{rel}","templated":true}]}}