{"id":3413,"date":"2022-03-10T18:56:46","date_gmt":"2022-03-11T00:56:46","guid":{"rendered":"https:\/\/21panorama.com\/?p=3413"},"modified":"2022-03-10T18:56:47","modified_gmt":"2022-03-11T00:56:47","slug":"aprueba-lxi-legislatura-designacion-del-fiscal","status":"publish","type":"post","link":"https:\/\/21panorama.com\/index.php\/2022\/03\/10\/aprueba-lxi-legislatura-designacion-del-fiscal\/","title":{"rendered":"APRUEBA LXI LEGISLATURA DESIGNACI\u00d3N DEL FISCAL"},"content":{"rendered":"\n<p>El pleno camaral vot\u00f3 el dictamen de designaci\u00f3n del nuevo fiscal general de justicia del Estado de M\u00e9xico y determin\u00f3 que sea Jos\u00e9 Luis Cervantes Mart\u00ednez quien conduzca los destinos de este \u00f3rgano aut\u00f3nomo.<\/p>\n\n\n\n<p>Por unanimidad, con 75 votos a favor se aprob\u00f3 que Cervantes Mart\u00ednez re\u00fane el perfil para desempe\u00f1ar la funci\u00f3n por un per\u00edodo de nueve a\u00f1os. Tuvo la mayor\u00eda calificada de los diputados.<\/p>\n\n\n\n<p>Despu\u00e9s de la votaci\u00f3n se dio paso a su toma de protesta para sustituir en el cargo a Alejandro G\u00f3mez S\u00e1nchez, quien dej\u00f3 el cargo sin mayor explicaci\u00f3n que la personal.<\/p>\n\n\n\n<figure class=\"wp-block-image size-full\"><img decoding=\"async\" width=\"823\" height=\"816\" src=\"https:\/\/21panorama.com\/wp-content\/uploads\/2022\/03\/c6621e2a-4e69-433f-b571-800097ea4564.jpeg\" alt=\"\" class=\"wp-image-3415\" srcset=\"https:\/\/21panorama.com\/wp-content\/uploads\/2022\/03\/c6621e2a-4e69-433f-b571-800097ea4564.jpeg 823w, https:\/\/21panorama.com\/wp-content\/uploads\/2022\/03\/c6621e2a-4e69-433f-b571-800097ea4564-300x297.jpeg 300w, https:\/\/21panorama.com\/wp-content\/uploads\/2022\/03\/c6621e2a-4e69-433f-b571-800097ea4564-150x150.jpeg 150w, https:\/\/21panorama.com\/wp-content\/uploads\/2022\/03\/c6621e2a-4e69-433f-b571-800097ea4564-768x761.jpeg 768w\" sizes=\"(max-width: 823px) 100vw, 823px\" \/><\/figure>\n\n\n\n<p><\/p>\n","protected":false},"excerpt":{"rendered":"<p>Jos\u00e9 Luis Cervantes Mart\u00ednez tom\u00f3 protesta constitucional.   <\/p>\n","protected":false},"author":1,"featured_media":3414,"comment_status":"open","ping_status":"open","sticky":false,"template":"","format":"standard","meta":{"footnotes":""},"categories":[12],"tags":[176],"class_list":["post-3413","post","type-post","status-publish","format-standard","has-post-thumbnail","hentry","category-politica","tag-lxi-legislatura"],"yoast_head":"<!-- This site is optimized with the Yoast SEO plugin v24.9 - https:\/\/yoast.com\/wordpress\/plugins\/seo\/ -->\n<title>APRUEBA LXI LEGISLATURA DESIGNACI\u00d3N DEL FISCAL - 21 Panorama<\/title>\n<meta name=\"robots\" content=\"index, follow, max-snippet:-1, max-image-preview:large, max-video-preview:-1\" \/>\n<link rel=\"canonical\" href=\"https:\/\/21panorama.com\/index.php\/2022\/03\/10\/aprueba-lxi-legislatura-designacion-del-fiscal\/\" \/>\n<meta property=\"og:locale\" content=\"es_MX\" \/>\n<meta property=\"og:type\" content=\"article\" \/>\n<meta property=\"og:title\" content=\"APRUEBA LXI LEGISLATURA DESIGNACI\u00d3N DEL FISCAL - 21 Panorama\" \/>\n<meta property=\"og:description\" content=\"Jos\u00e9 Luis Cervantes Mart\u00ednez tom\u00f3 protesta constitucional.\" \/>\n<meta property=\"og:url\" content=\"https:\/\/21panorama.com\/index.php\/2022\/03\/10\/aprueba-lxi-legislatura-designacion-del-fiscal\/\" \/>\n<meta property=\"og:site_name\" content=\"21 Panorama\" \/>\n<meta property=\"article:published_time\" content=\"2022-03-11T00:56:46+00:00\" \/>\n<meta property=\"article:modified_time\" content=\"2022-03-11T00:56:47+00:00\" \/>\n<meta property=\"og:image\" content=\"https:\/\/21panorama.com\/wp-content\/uploads\/2022\/03\/8992551a-9dc6-47f3-b09c-f764851b0def.jpeg\" \/>\n\t<meta property=\"og:image:width\" content=\"1024\" \/>\n\t<meta property=\"og:image:height\" content=\"683\" \/>\n\t<meta property=\"og:image:type\" content=\"image\/jpeg\" \/>\n<meta name=\"author\" content=\"admin\" \/>\n<meta name=\"twitter:card\" content=\"summary_large_image\" \/>\n<meta name=\"twitter:label1\" content=\"Escrito por\" \/>\n\t<meta name=\"twitter:data1\" content=\"admin\" \/>\n\t<meta name=\"twitter:label2\" content=\"Tiempo de lectura\" \/>\n\t<meta name=\"twitter:data2\" content=\"1 minuto\" \/>\n<script type=\"application\/ld+json\" class=\"yoast-schema-graph\">{\"@context\":\"https:\/\/schema.org\",\"@graph\":[{\"@type\":\"Article\",\"@id\":\"https:\/\/21panorama.com\/index.php\/2022\/03\/10\/aprueba-lxi-legislatura-designacion-del-fiscal\/#article\",\"isPartOf\":{\"@id\":\"https:\/\/21panorama.com\/index.php\/2022\/03\/10\/aprueba-lxi-legislatura-designacion-del-fiscal\/\"},\"author\":{\"name\":\"admin\",\"@id\":\"https:\/\/21panorama.com\/#\/schema\/person\/1afc291b96d5792a158768324287319f\"},\"headline\":\"APRUEBA LXI LEGISLATURA DESIGNACI\u00d3N DEL FISCAL\",\"datePublished\":\"2022-03-11T00:56:46+00:00\",\"dateModified\":\"2022-03-11T00:56:47+00:00\",\"mainEntityOfPage\":{\"@id\":\"https:\/\/21panorama.com\/index.php\/2022\/03\/10\/aprueba-lxi-legislatura-designacion-del-fiscal\/\"},\"wordCount\":119,\"commentCount\":0,\"publisher\":{\"@id\":\"https:\/\/21panorama.com\/#organization\"},\"image\":{\"@id\":\"https:\/\/21panorama.com\/index.php\/2022\/03\/10\/aprueba-lxi-legislatura-designacion-del-fiscal\/#primaryimage\"},\"thumbnailUrl\":\"https:\/\/21panorama.com\/wp-content\/uploads\/2022\/03\/8992551a-9dc6-47f3-b09c-f764851b0def.jpeg\",\"keywords\":[\"LXI Legislatura\"],\"articleSection\":[\"Politica\"],\"inLanguage\":\"es\",\"potentialAction\":[{\"@type\":\"CommentAction\",\"name\":\"Comment\",\"target\":[\"https:\/\/21panorama.com\/index.php\/2022\/03\/10\/aprueba-lxi-legislatura-designacion-del-fiscal\/#respond\"]}]},{\"@type\":\"WebPage\",\"@id\":\"https:\/\/21panorama.com\/index.php\/2022\/03\/10\/aprueba-lxi-legislatura-designacion-del-fiscal\/\",\"url\":\"https:\/\/21panorama.com\/index.php\/2022\/03\/10\/aprueba-lxi-legislatura-designacion-del-fiscal\/\",\"name\":\"APRUEBA LXI LEGISLATURA DESIGNACI\u00d3N DEL FISCAL - 21 Panorama\",\"isPartOf\":{\"@id\":\"https:\/\/21panorama.com\/#website\"},\"primaryImageOfPage\":{\"@id\":\"https:\/\/21panorama.com\/index.php\/2022\/03\/10\/aprueba-lxi-legislatura-designacion-del-fiscal\/#primaryimage\"},\"image\":{\"@id\":\"https:\/\/21panorama.com\/index.php\/2022\/03\/10\/aprueba-lxi-legislatura-designacion-del-fiscal\/#primaryimage\"},\"thumbnailUrl\":\"https:\/\/21panorama.com\/wp-content\/uploads\/2022\/03\/8992551a-9dc6-47f3-b09c-f764851b0def.jpeg\",\"datePublished\":\"2022-03-11T00:56:46+00:00\",\"dateModified\":\"2022-03-11T00:56:47+00:00\",\"breadcrumb\":{\"@id\":\"https:\/\/21panorama.com\/index.php\/2022\/03\/10\/aprueba-lxi-legislatura-designacion-del-fiscal\/#breadcrumb\"},\"inLanguage\":\"es\",\"potentialAction\":[{\"@type\":\"ReadAction\",\"target\":[\"https:\/\/21panorama.com\/index.php\/2022\/03\/10\/aprueba-lxi-legislatura-designacion-del-fiscal\/\"]}]},{\"@type\":\"ImageObject\",\"inLanguage\":\"es\",\"@id\":\"https:\/\/21panorama.com\/index.php\/2022\/03\/10\/aprueba-lxi-legislatura-designacion-del-fiscal\/#primaryimage\",\"url\":\"https:\/\/21panorama.com\/wp-content\/uploads\/2022\/03\/8992551a-9dc6-47f3-b09c-f764851b0def.jpeg\",\"contentUrl\":\"https:\/\/21panorama.com\/wp-content\/uploads\/2022\/03\/8992551a-9dc6-47f3-b09c-f764851b0def.jpeg\",\"width\":1024,\"height\":683},{\"@type\":\"BreadcrumbList\",\"@id\":\"https:\/\/21panorama.com\/index.php\/2022\/03\/10\/aprueba-lxi-legislatura-designacion-del-fiscal\/#breadcrumb\",\"itemListElement\":[{\"@type\":\"ListItem\",\"position\":1,\"name\":\"Inicio\",\"item\":\"https:\/\/21panorama.com\/\"},{\"@type\":\"ListItem\",\"position\":2,\"name\":\"APRUEBA LXI LEGISLATURA DESIGNACI\u00d3N DEL FISCAL\"}]},{\"@type\":\"WebSite\",\"@id\":\"https:\/\/21panorama.com\/#website\",\"url\":\"https:\/\/21panorama.com\/\",\"name\":\"21 Panorama\",\"description\":\"La construcci\u00f3n de la opini\u00f3n p\u00fablica merece un mejor Panorama en este siglo 21 para alcanzar una sociedad con mayor transparencia y sin corrupci\u00f3n.\",\"publisher\":{\"@id\":\"https:\/\/21panorama.com\/#organization\"},\"potentialAction\":[{\"@type\":\"SearchAction\",\"target\":{\"@type\":\"EntryPoint\",\"urlTemplate\":\"https:\/\/21panorama.com\/?s={search_term_string}\"},\"query-input\":{\"@type\":\"PropertyValueSpecification\",\"valueRequired\":true,\"valueName\":\"search_term_string\"}}],\"inLanguage\":\"es\"},{\"@type\":\"Organization\",\"@id\":\"https:\/\/21panorama.com\/#organization\",\"name\":\"21 Panorama\",\"url\":\"https:\/\/21panorama.com\/\",\"logo\":{\"@type\":\"ImageObject\",\"inLanguage\":\"es\",\"@id\":\"https:\/\/21panorama.com\/#\/schema\/logo\/image\/\",\"url\":\"https:\/\/21panorama.com\/wp-content\/uploads\/2019\/07\/cropped-Logo-Panorama-01.jpeg\",\"contentUrl\":\"https:\/\/21panorama.com\/wp-content\/uploads\/2019\/07\/cropped-Logo-Panorama-01.jpeg\",\"width\":290,\"height\":70,\"caption\":\"21 Panorama\"},\"image\":{\"@id\":\"https:\/\/21panorama.com\/#\/schema\/logo\/image\/\"}},{\"@type\":\"Person\",\"@id\":\"https:\/\/21panorama.com\/#\/schema\/person\/1afc291b96d5792a158768324287319f\",\"name\":\"admin\",\"image\":{\"@type\":\"ImageObject\",\"inLanguage\":\"es\",\"@id\":\"https:\/\/21panorama.com\/#\/schema\/person\/image\/\",\"url\":\"https:\/\/secure.gravatar.com\/avatar\/ad365d9d9f46719215b0d042cc3df92a5a8683e09ef13d102233e5491985f0f0?s=96&d=mm&r=g\",\"contentUrl\":\"https:\/\/secure.gravatar.com\/avatar\/ad365d9d9f46719215b0d042cc3df92a5a8683e09ef13d102233e5491985f0f0?s=96&d=mm&r=g\",\"caption\":\"admin\"},\"url\":\"https:\/\/21panorama.com\/index.php\/author\/admin\/\"}]}<\/script>\n<!-- \/ Yoast SEO plugin. -->","yoast_head_json":{"title":"APRUEBA LXI LEGISLATURA DESIGNACI\u00d3N DEL FISCAL - 21 Panorama","robots":{"index":"index","follow":"follow","max-snippet":"max-snippet:-1","max-image-preview":"max-image-preview:large","max-video-preview":"max-video-preview:-1"},"canonical":"https:\/\/21panorama.com\/index.php\/2022\/03\/10\/aprueba-lxi-legislatura-designacion-del-fiscal\/","og_locale":"es_MX","og_type":"article","og_title":"APRUEBA LXI LEGISLATURA DESIGNACI\u00d3N DEL FISCAL - 21 Panorama","og_description":"Jos\u00e9 Luis Cervantes Mart\u00ednez tom\u00f3 protesta constitucional.","og_url":"https:\/\/21panorama.com\/index.php\/2022\/03\/10\/aprueba-lxi-legislatura-designacion-del-fiscal\/","og_site_name":"21 Panorama","article_published_time":"2022-03-11T00:56:46+00:00","article_modified_time":"2022-03-11T00:56:47+00:00","og_image":[{"width":1024,"height":683,"url":"https:\/\/21panorama.com\/wp-content\/uploads\/2022\/03\/8992551a-9dc6-47f3-b09c-f764851b0def.jpeg","type":"image\/jpeg"}],"author":"admin","twitter_card":"summary_large_image","twitter_misc":{"Escrito por":"admin","Tiempo de lectura":"1 minuto"},"schema":{"@context":"https:\/\/schema.org","@graph":[{"@type":"Article","@id":"https:\/\/21panorama.com\/index.php\/2022\/03\/10\/aprueba-lxi-legislatura-designacion-del-fiscal\/#article","isPartOf":{"@id":"https:\/\/21panorama.com\/index.php\/2022\/03\/10\/aprueba-lxi-legislatura-designacion-del-fiscal\/"},"author":{"name":"admin","@id":"https:\/\/21panorama.com\/#\/schema\/person\/1afc291b96d5792a158768324287319f"},"headline":"APRUEBA LXI LEGISLATURA DESIGNACI\u00d3N DEL FISCAL","datePublished":"2022-03-11T00:56:46+00:00","dateModified":"2022-03-11T00:56:47+00:00","mainEntityOfPage":{"@id":"https:\/\/21panorama.com\/index.php\/2022\/03\/10\/aprueba-lxi-legislatura-designacion-del-fiscal\/"},"wordCount":119,"commentCount":0,"publisher":{"@id":"https:\/\/21panorama.com\/#organization"},"image":{"@id":"https:\/\/21panorama.com\/index.php\/2022\/03\/10\/aprueba-lxi-legislatura-designacion-del-fiscal\/#primaryimage"},"thumbnailUrl":"https:\/\/21panorama.com\/wp-content\/uploads\/2022\/03\/8992551a-9dc6-47f3-b09c-f764851b0def.jpeg","keywords":["LXI Legislatura"],"articleSection":["Politica"],"inLanguage":"es","potentialAction":[{"@type":"CommentAction","name":"Comment","target":["https:\/\/21panorama.com\/index.php\/2022\/03\/10\/aprueba-lxi-legislatura-designacion-del-fiscal\/#respond"]}]},{"@type":"WebPage","@id":"https:\/\/21panorama.com\/index.php\/2022\/03\/10\/aprueba-lxi-legislatura-designacion-del-fiscal\/","url":"https:\/\/21panorama.com\/index.php\/2022\/03\/10\/aprueba-lxi-legislatura-designacion-del-fiscal\/","name":"APRUEBA LXI LEGISLATURA DESIGNACI\u00d3N DEL FISCAL - 21 Panorama","isPartOf":{"@id":"https:\/\/21panorama.com\/#website"},"primaryImageOfPage":{"@id":"https:\/\/21panorama.com\/index.php\/2022\/03\/10\/aprueba-lxi-legislatura-designacion-del-fiscal\/#primaryimage"},"image":{"@id":"https:\/\/21panorama.com\/index.php\/2022\/03\/10\/aprueba-lxi-legislatura-designacion-del-fiscal\/#primaryimage"},"thumbnailUrl":"https:\/\/21panorama.com\/wp-content\/uploads\/2022\/03\/8992551a-9dc6-47f3-b09c-f764851b0def.jpeg","datePublished":"2022-03-11T00:56:46+00:00","dateModified":"2022-03-11T00:56:47+00:00","breadcrumb":{"@id":"https:\/\/21panorama.com\/index.php\/2022\/03\/10\/aprueba-lxi-legislatura-designacion-del-fiscal\/#breadcrumb"},"inLanguage":"es","potentialAction":[{"@type":"ReadAction","target":["https:\/\/21panorama.com\/index.php\/2022\/03\/10\/aprueba-lxi-legislatura-designacion-del-fiscal\/"]}]},{"@type":"ImageObject","inLanguage":"es","@id":"https:\/\/21panorama.com\/index.php\/2022\/03\/10\/aprueba-lxi-legislatura-designacion-del-fiscal\/#primaryimage","url":"https:\/\/21panorama.com\/wp-content\/uploads\/2022\/03\/8992551a-9dc6-47f3-b09c-f764851b0def.jpeg","contentUrl":"https:\/\/21panorama.com\/wp-content\/uploads\/2022\/03\/8992551a-9dc6-47f3-b09c-f764851b0def.jpeg","width":1024,"height":683},{"@type":"BreadcrumbList","@id":"https:\/\/21panorama.com\/index.php\/2022\/03\/10\/aprueba-lxi-legislatura-designacion-del-fiscal\/#breadcrumb","itemListElement":[{"@type":"ListItem","position":1,"name":"Inicio","item":"https:\/\/21panorama.com\/"},{"@type":"ListItem","position":2,"name":"APRUEBA LXI LEGISLATURA DESIGNACI\u00d3N DEL FISCAL"}]},{"@type":"WebSite","@id":"https:\/\/21panorama.com\/#website","url":"https:\/\/21panorama.com\/","name":"21 Panorama","description":"La construcci\u00f3n de la opini\u00f3n p\u00fablica merece un mejor Panorama en este siglo 21 para alcanzar una sociedad con mayor transparencia y sin corrupci\u00f3n.","publisher":{"@id":"https:\/\/21panorama.com\/#organization"},"potentialAction":[{"@type":"SearchAction","target":{"@type":"EntryPoint","urlTemplate":"https:\/\/21panorama.com\/?s={search_term_string}"},"query-input":{"@type":"PropertyValueSpecification","valueRequired":true,"valueName":"search_term_string"}}],"inLanguage":"es"},{"@type":"Organization","@id":"https:\/\/21panorama.com\/#organization","name":"21 Panorama","url":"https:\/\/21panorama.com\/","logo":{"@type":"ImageObject","inLanguage":"es","@id":"https:\/\/21panorama.com\/#\/schema\/logo\/image\/","url":"https:\/\/21panorama.com\/wp-content\/uploads\/2019\/07\/cropped-Logo-Panorama-01.jpeg","contentUrl":"https:\/\/21panorama.com\/wp-content\/uploads\/2019\/07\/cropped-Logo-Panorama-01.jpeg","width":290,"height":70,"caption":"21 Panorama"},"image":{"@id":"https:\/\/21panorama.com\/#\/schema\/logo\/image\/"}},{"@type":"Person","@id":"https:\/\/21panorama.com\/#\/schema\/person\/1afc291b96d5792a158768324287319f","name":"admin","image":{"@type":"ImageObject","inLanguage":"es","@id":"https:\/\/21panorama.com\/#\/schema\/person\/image\/","url":"https:\/\/secure.gravatar.com\/avatar\/ad365d9d9f46719215b0d042cc3df92a5a8683e09ef13d102233e5491985f0f0?s=96&d=mm&r=g","contentUrl":"https:\/\/secure.gravatar.com\/avatar\/ad365d9d9f46719215b0d042cc3df92a5a8683e09ef13d102233e5491985f0f0?s=96&d=mm&r=g","caption":"admin"},"url":"https:\/\/21panorama.com\/index.php\/author\/admin\/"}]}},"_links":{"self":[{"href":"https:\/\/21panorama.com\/index.php\/wp-json\/wp\/v2\/posts\/3413","targetHints":{"allow":["GET"]}}],"collection":[{"href":"https:\/\/21panorama.com\/index.php\/wp-json\/wp\/v2\/posts"}],"about":[{"href":"https:\/\/21panorama.com\/index.php\/wp-json\/wp\/v2\/types\/post"}],"author":[{"embeddable":true,"href":"https:\/\/21panorama.com\/index.php\/wp-json\/wp\/v2\/users\/1"}],"replies":[{"embeddable":true,"href":"https:\/\/21panorama.com\/index.php\/wp-json\/wp\/v2\/comments?post=3413"}],"version-history":[{"count":1,"href":"https:\/\/21panorama.com\/index.php\/wp-json\/wp\/v2\/posts\/3413\/revisions"}],"predecessor-version":[{"id":3416,"href":"https:\/\/21panorama.com\/index.php\/wp-json\/wp\/v2\/posts\/3413\/revisions\/3416"}],"wp:featuredmedia":[{"embeddable":true,"href":"https:\/\/21panorama.com\/index.php\/wp-json\/wp\/v2\/media\/3414"}],"wp:attachment":[{"href":"https:\/\/21panorama.com\/index.php\/wp-json\/wp\/v2\/media?parent=3413"}],"wp:term":[{"taxonomy":"category","embeddable":true,"href":"https:\/\/21panorama.com\/index.php\/wp-json\/wp\/v2\/categories?post=3413"},{"taxonomy":"post_tag","embeddable":true,"href":"https:\/\/21panorama.com\/index.php\/wp-json\/wp\/v2\/tags?post=3413"}],"curies":[{"name":"wp","href":"https:\/\/api.w.org\/{rel}","templated":true}]}}