{"id":3410,"date":"2022-03-09T05:00:57","date_gmt":"2022-03-09T11:00:57","guid":{"rendered":"https:\/\/21panorama.com\/?p=3410"},"modified":"2022-03-09T05:00:58","modified_gmt":"2022-03-09T11:00:58","slug":"son-viables-los-gobiernos-de-coalicion-cardenas-monroy","status":"publish","type":"post","link":"https:\/\/21panorama.com\/index.php\/2022\/03\/09\/son-viables-los-gobiernos-de-coalicion-cardenas-monroy\/","title":{"rendered":"SON VIABLES LOS GOBIERNOS DE COALICI\u00d3N: C\u00c1RDENAS MONROY"},"content":{"rendered":"\n<p>El diputado federal Gustavo C\u00e1rdenas Monroy consider\u00f3 que un r\u00e9gimen de cohabitaci\u00f3n es posible cuando se viene de una alianza pol\u00edtica que pondere m\u00e1s all\u00e1 de su ideolog\u00eda la posibilidad de atender los rezagos m\u00e1s sentidos de la sociedad.<\/p>\n\n\n\n<p>En ese sentido se pronunci\u00f3 a favor de que el Partido Revolucionario Institucional haga una profunda reflexi\u00f3n sobre lo que sucede en la democracia mexicana y en el desarrollo del pa\u00eds.<\/p>\n\n\n\n<p>En consecuencia, implicar\u00eda una puntual atenci\u00f3n a las agendas que demanda la sociedad y recobrar los espacios perdidos\u201d,<\/p>\n\n\n\n<p>Cuestionado por el panorama electoral del pa\u00eds, sostuvo que este a\u00f1o 2022 es muy importante para el PRI porque hay gubernaturas en juego, en las que se debe ir con todo y con este nuevo esquema se est\u00e1 experimentando en alianzas con el PAN y el PRD.<\/p>\n\n\n\n<p>De tal manera que se puede considerar que la coalici\u00f3n PRI-PAN-PRD es una fuerza real en el pa\u00eds y no solo se hizo para una elecci\u00f3n, sino para lograr la transformaci\u00f3n a gobiernos de coalici\u00f3n.<\/p>\n","protected":false},"excerpt":{"rendered":"<p>El diputado federal Gustavo C\u00e1rdenas Monroy consider\u00f3 que un r\u00e9gimen de cohabitaci\u00f3n es posible cuando se viene de una alianza pol\u00edtica que pondere m\u00e1s all\u00e1 de su ideolog\u00eda la posibilidad de atender los rezagos m\u00e1s sentidos de la sociedad.  <\/p>\n","protected":false},"author":1,"featured_media":3411,"comment_status":"open","ping_status":"open","sticky":false,"template":"","format":"standard","meta":{"footnotes":""},"categories":[12],"tags":[290],"class_list":["post-3410","post","type-post","status-publish","format-standard","has-post-thumbnail","hentry","category-politica","tag-cardenasmonroy"],"yoast_head":"<!-- This site is optimized with the Yoast SEO plugin v24.9 - https:\/\/yoast.com\/wordpress\/plugins\/seo\/ -->\n<title>SON VIABLES LOS GOBIERNOS DE COALICI\u00d3N: C\u00c1RDENAS MONROY - 21 Panorama<\/title>\n<meta name=\"robots\" content=\"index, follow, max-snippet:-1, max-image-preview:large, max-video-preview:-1\" \/>\n<link rel=\"canonical\" href=\"https:\/\/21panorama.com\/index.php\/2022\/03\/09\/son-viables-los-gobiernos-de-coalicion-cardenas-monroy\/\" \/>\n<meta property=\"og:locale\" content=\"es_MX\" \/>\n<meta property=\"og:type\" content=\"article\" \/>\n<meta property=\"og:title\" content=\"SON VIABLES LOS GOBIERNOS DE COALICI\u00d3N: C\u00c1RDENAS MONROY - 21 Panorama\" \/>\n<meta property=\"og:description\" content=\"El diputado federal Gustavo C\u00e1rdenas Monroy consider\u00f3 que un r\u00e9gimen de cohabitaci\u00f3n es posible cuando se viene de una alianza pol\u00edtica que pondere m\u00e1s all\u00e1 de su ideolog\u00eda la posibilidad de atender los rezagos m\u00e1s sentidos de la sociedad.\" \/>\n<meta property=\"og:url\" content=\"https:\/\/21panorama.com\/index.php\/2022\/03\/09\/son-viables-los-gobiernos-de-coalicion-cardenas-monroy\/\" \/>\n<meta property=\"og:site_name\" content=\"21 Panorama\" \/>\n<meta property=\"article:published_time\" content=\"2022-03-09T11:00:57+00:00\" \/>\n<meta property=\"article:modified_time\" content=\"2022-03-09T11:00:58+00:00\" \/>\n<meta property=\"og:image\" content=\"https:\/\/21panorama.com\/wp-content\/uploads\/2022\/03\/163cc255-6573-459e-b5c7-ad61e7739af9.jpeg\" \/>\n\t<meta property=\"og:image:width\" content=\"1080\" \/>\n\t<meta property=\"og:image:height\" content=\"498\" \/>\n\t<meta property=\"og:image:type\" content=\"image\/jpeg\" \/>\n<meta name=\"author\" content=\"admin\" \/>\n<meta name=\"twitter:card\" content=\"summary_large_image\" \/>\n<meta name=\"twitter:label1\" content=\"Escrito por\" \/>\n\t<meta name=\"twitter:data1\" content=\"admin\" \/>\n\t<meta name=\"twitter:label2\" content=\"Tiempo de lectura\" \/>\n\t<meta name=\"twitter:data2\" content=\"1 minuto\" \/>\n<script type=\"application\/ld+json\" class=\"yoast-schema-graph\">{\"@context\":\"https:\/\/schema.org\",\"@graph\":[{\"@type\":\"Article\",\"@id\":\"https:\/\/21panorama.com\/index.php\/2022\/03\/09\/son-viables-los-gobiernos-de-coalicion-cardenas-monroy\/#article\",\"isPartOf\":{\"@id\":\"https:\/\/21panorama.com\/index.php\/2022\/03\/09\/son-viables-los-gobiernos-de-coalicion-cardenas-monroy\/\"},\"author\":{\"name\":\"admin\",\"@id\":\"https:\/\/21panorama.com\/#\/schema\/person\/1afc291b96d5792a158768324287319f\"},\"headline\":\"SON VIABLES LOS GOBIERNOS DE COALICI\u00d3N: C\u00c1RDENAS MONROY\",\"datePublished\":\"2022-03-09T11:00:57+00:00\",\"dateModified\":\"2022-03-09T11:00:58+00:00\",\"mainEntityOfPage\":{\"@id\":\"https:\/\/21panorama.com\/index.php\/2022\/03\/09\/son-viables-los-gobiernos-de-coalicion-cardenas-monroy\/\"},\"wordCount\":197,\"commentCount\":0,\"publisher\":{\"@id\":\"https:\/\/21panorama.com\/#organization\"},\"image\":{\"@id\":\"https:\/\/21panorama.com\/index.php\/2022\/03\/09\/son-viables-los-gobiernos-de-coalicion-cardenas-monroy\/#primaryimage\"},\"thumbnailUrl\":\"https:\/\/21panorama.com\/wp-content\/uploads\/2022\/03\/163cc255-6573-459e-b5c7-ad61e7739af9.jpeg\",\"keywords\":[\"C\u00c1RDENASMONROY\"],\"articleSection\":[\"Politica\"],\"inLanguage\":\"es\",\"potentialAction\":[{\"@type\":\"CommentAction\",\"name\":\"Comment\",\"target\":[\"https:\/\/21panorama.com\/index.php\/2022\/03\/09\/son-viables-los-gobiernos-de-coalicion-cardenas-monroy\/#respond\"]}]},{\"@type\":\"WebPage\",\"@id\":\"https:\/\/21panorama.com\/index.php\/2022\/03\/09\/son-viables-los-gobiernos-de-coalicion-cardenas-monroy\/\",\"url\":\"https:\/\/21panorama.com\/index.php\/2022\/03\/09\/son-viables-los-gobiernos-de-coalicion-cardenas-monroy\/\",\"name\":\"SON VIABLES LOS GOBIERNOS DE COALICI\u00d3N: C\u00c1RDENAS MONROY - 21 Panorama\",\"isPartOf\":{\"@id\":\"https:\/\/21panorama.com\/#website\"},\"primaryImageOfPage\":{\"@id\":\"https:\/\/21panorama.com\/index.php\/2022\/03\/09\/son-viables-los-gobiernos-de-coalicion-cardenas-monroy\/#primaryimage\"},\"image\":{\"@id\":\"https:\/\/21panorama.com\/index.php\/2022\/03\/09\/son-viables-los-gobiernos-de-coalicion-cardenas-monroy\/#primaryimage\"},\"thumbnailUrl\":\"https:\/\/21panorama.com\/wp-content\/uploads\/2022\/03\/163cc255-6573-459e-b5c7-ad61e7739af9.jpeg\",\"datePublished\":\"2022-03-09T11:00:57+00:00\",\"dateModified\":\"2022-03-09T11:00:58+00:00\",\"breadcrumb\":{\"@id\":\"https:\/\/21panorama.com\/index.php\/2022\/03\/09\/son-viables-los-gobiernos-de-coalicion-cardenas-monroy\/#breadcrumb\"},\"inLanguage\":\"es\",\"potentialAction\":[{\"@type\":\"ReadAction\",\"target\":[\"https:\/\/21panorama.com\/index.php\/2022\/03\/09\/son-viables-los-gobiernos-de-coalicion-cardenas-monroy\/\"]}]},{\"@type\":\"ImageObject\",\"inLanguage\":\"es\",\"@id\":\"https:\/\/21panorama.com\/index.php\/2022\/03\/09\/son-viables-los-gobiernos-de-coalicion-cardenas-monroy\/#primaryimage\",\"url\":\"https:\/\/21panorama.com\/wp-content\/uploads\/2022\/03\/163cc255-6573-459e-b5c7-ad61e7739af9.jpeg\",\"contentUrl\":\"https:\/\/21panorama.com\/wp-content\/uploads\/2022\/03\/163cc255-6573-459e-b5c7-ad61e7739af9.jpeg\",\"width\":1080,\"height\":498},{\"@type\":\"BreadcrumbList\",\"@id\":\"https:\/\/21panorama.com\/index.php\/2022\/03\/09\/son-viables-los-gobiernos-de-coalicion-cardenas-monroy\/#breadcrumb\",\"itemListElement\":[{\"@type\":\"ListItem\",\"position\":1,\"name\":\"Inicio\",\"item\":\"https:\/\/21panorama.com\/\"},{\"@type\":\"ListItem\",\"position\":2,\"name\":\"SON VIABLES LOS GOBIERNOS DE COALICI\u00d3N: C\u00c1RDENAS MONROY\"}]},{\"@type\":\"WebSite\",\"@id\":\"https:\/\/21panorama.com\/#website\",\"url\":\"https:\/\/21panorama.com\/\",\"name\":\"21 Panorama\",\"description\":\"La construcci\u00f3n de la opini\u00f3n p\u00fablica merece un mejor Panorama en este siglo 21 para alcanzar una sociedad con mayor transparencia y sin corrupci\u00f3n.\",\"publisher\":{\"@id\":\"https:\/\/21panorama.com\/#organization\"},\"potentialAction\":[{\"@type\":\"SearchAction\",\"target\":{\"@type\":\"EntryPoint\",\"urlTemplate\":\"https:\/\/21panorama.com\/?s={search_term_string}\"},\"query-input\":{\"@type\":\"PropertyValueSpecification\",\"valueRequired\":true,\"valueName\":\"search_term_string\"}}],\"inLanguage\":\"es\"},{\"@type\":\"Organization\",\"@id\":\"https:\/\/21panorama.com\/#organization\",\"name\":\"21 Panorama\",\"url\":\"https:\/\/21panorama.com\/\",\"logo\":{\"@type\":\"ImageObject\",\"inLanguage\":\"es\",\"@id\":\"https:\/\/21panorama.com\/#\/schema\/logo\/image\/\",\"url\":\"https:\/\/21panorama.com\/wp-content\/uploads\/2019\/07\/cropped-Logo-Panorama-01.jpeg\",\"contentUrl\":\"https:\/\/21panorama.com\/wp-content\/uploads\/2019\/07\/cropped-Logo-Panorama-01.jpeg\",\"width\":290,\"height\":70,\"caption\":\"21 Panorama\"},\"image\":{\"@id\":\"https:\/\/21panorama.com\/#\/schema\/logo\/image\/\"}},{\"@type\":\"Person\",\"@id\":\"https:\/\/21panorama.com\/#\/schema\/person\/1afc291b96d5792a158768324287319f\",\"name\":\"admin\",\"image\":{\"@type\":\"ImageObject\",\"inLanguage\":\"es\",\"@id\":\"https:\/\/21panorama.com\/#\/schema\/person\/image\/\",\"url\":\"https:\/\/secure.gravatar.com\/avatar\/ad365d9d9f46719215b0d042cc3df92a5a8683e09ef13d102233e5491985f0f0?s=96&d=mm&r=g\",\"contentUrl\":\"https:\/\/secure.gravatar.com\/avatar\/ad365d9d9f46719215b0d042cc3df92a5a8683e09ef13d102233e5491985f0f0?s=96&d=mm&r=g\",\"caption\":\"admin\"},\"url\":\"https:\/\/21panorama.com\/index.php\/author\/admin\/\"}]}<\/script>\n<!-- \/ Yoast SEO plugin. -->","yoast_head_json":{"title":"SON VIABLES LOS GOBIERNOS DE COALICI\u00d3N: C\u00c1RDENAS MONROY - 21 Panorama","robots":{"index":"index","follow":"follow","max-snippet":"max-snippet:-1","max-image-preview":"max-image-preview:large","max-video-preview":"max-video-preview:-1"},"canonical":"https:\/\/21panorama.com\/index.php\/2022\/03\/09\/son-viables-los-gobiernos-de-coalicion-cardenas-monroy\/","og_locale":"es_MX","og_type":"article","og_title":"SON VIABLES LOS GOBIERNOS DE COALICI\u00d3N: C\u00c1RDENAS MONROY - 21 Panorama","og_description":"El diputado federal Gustavo C\u00e1rdenas Monroy consider\u00f3 que un r\u00e9gimen de cohabitaci\u00f3n es posible cuando se viene de una alianza pol\u00edtica que pondere m\u00e1s all\u00e1 de su ideolog\u00eda la posibilidad de atender los rezagos m\u00e1s sentidos de la sociedad.","og_url":"https:\/\/21panorama.com\/index.php\/2022\/03\/09\/son-viables-los-gobiernos-de-coalicion-cardenas-monroy\/","og_site_name":"21 Panorama","article_published_time":"2022-03-09T11:00:57+00:00","article_modified_time":"2022-03-09T11:00:58+00:00","og_image":[{"width":1080,"height":498,"url":"https:\/\/21panorama.com\/wp-content\/uploads\/2022\/03\/163cc255-6573-459e-b5c7-ad61e7739af9.jpeg","type":"image\/jpeg"}],"author":"admin","twitter_card":"summary_large_image","twitter_misc":{"Escrito por":"admin","Tiempo de lectura":"1 minuto"},"schema":{"@context":"https:\/\/schema.org","@graph":[{"@type":"Article","@id":"https:\/\/21panorama.com\/index.php\/2022\/03\/09\/son-viables-los-gobiernos-de-coalicion-cardenas-monroy\/#article","isPartOf":{"@id":"https:\/\/21panorama.com\/index.php\/2022\/03\/09\/son-viables-los-gobiernos-de-coalicion-cardenas-monroy\/"},"author":{"name":"admin","@id":"https:\/\/21panorama.com\/#\/schema\/person\/1afc291b96d5792a158768324287319f"},"headline":"SON VIABLES LOS GOBIERNOS DE COALICI\u00d3N: C\u00c1RDENAS MONROY","datePublished":"2022-03-09T11:00:57+00:00","dateModified":"2022-03-09T11:00:58+00:00","mainEntityOfPage":{"@id":"https:\/\/21panorama.com\/index.php\/2022\/03\/09\/son-viables-los-gobiernos-de-coalicion-cardenas-monroy\/"},"wordCount":197,"commentCount":0,"publisher":{"@id":"https:\/\/21panorama.com\/#organization"},"image":{"@id":"https:\/\/21panorama.com\/index.php\/2022\/03\/09\/son-viables-los-gobiernos-de-coalicion-cardenas-monroy\/#primaryimage"},"thumbnailUrl":"https:\/\/21panorama.com\/wp-content\/uploads\/2022\/03\/163cc255-6573-459e-b5c7-ad61e7739af9.jpeg","keywords":["C\u00c1RDENASMONROY"],"articleSection":["Politica"],"inLanguage":"es","potentialAction":[{"@type":"CommentAction","name":"Comment","target":["https:\/\/21panorama.com\/index.php\/2022\/03\/09\/son-viables-los-gobiernos-de-coalicion-cardenas-monroy\/#respond"]}]},{"@type":"WebPage","@id":"https:\/\/21panorama.com\/index.php\/2022\/03\/09\/son-viables-los-gobiernos-de-coalicion-cardenas-monroy\/","url":"https:\/\/21panorama.com\/index.php\/2022\/03\/09\/son-viables-los-gobiernos-de-coalicion-cardenas-monroy\/","name":"SON VIABLES LOS GOBIERNOS DE COALICI\u00d3N: C\u00c1RDENAS MONROY - 21 Panorama","isPartOf":{"@id":"https:\/\/21panorama.com\/#website"},"primaryImageOfPage":{"@id":"https:\/\/21panorama.com\/index.php\/2022\/03\/09\/son-viables-los-gobiernos-de-coalicion-cardenas-monroy\/#primaryimage"},"image":{"@id":"https:\/\/21panorama.com\/index.php\/2022\/03\/09\/son-viables-los-gobiernos-de-coalicion-cardenas-monroy\/#primaryimage"},"thumbnailUrl":"https:\/\/21panorama.com\/wp-content\/uploads\/2022\/03\/163cc255-6573-459e-b5c7-ad61e7739af9.jpeg","datePublished":"2022-03-09T11:00:57+00:00","dateModified":"2022-03-09T11:00:58+00:00","breadcrumb":{"@id":"https:\/\/21panorama.com\/index.php\/2022\/03\/09\/son-viables-los-gobiernos-de-coalicion-cardenas-monroy\/#breadcrumb"},"inLanguage":"es","potentialAction":[{"@type":"ReadAction","target":["https:\/\/21panorama.com\/index.php\/2022\/03\/09\/son-viables-los-gobiernos-de-coalicion-cardenas-monroy\/"]}]},{"@type":"ImageObject","inLanguage":"es","@id":"https:\/\/21panorama.com\/index.php\/2022\/03\/09\/son-viables-los-gobiernos-de-coalicion-cardenas-monroy\/#primaryimage","url":"https:\/\/21panorama.com\/wp-content\/uploads\/2022\/03\/163cc255-6573-459e-b5c7-ad61e7739af9.jpeg","contentUrl":"https:\/\/21panorama.com\/wp-content\/uploads\/2022\/03\/163cc255-6573-459e-b5c7-ad61e7739af9.jpeg","width":1080,"height":498},{"@type":"BreadcrumbList","@id":"https:\/\/21panorama.com\/index.php\/2022\/03\/09\/son-viables-los-gobiernos-de-coalicion-cardenas-monroy\/#breadcrumb","itemListElement":[{"@type":"ListItem","position":1,"name":"Inicio","item":"https:\/\/21panorama.com\/"},{"@type":"ListItem","position":2,"name":"SON VIABLES LOS GOBIERNOS DE COALICI\u00d3N: C\u00c1RDENAS MONROY"}]},{"@type":"WebSite","@id":"https:\/\/21panorama.com\/#website","url":"https:\/\/21panorama.com\/","name":"21 Panorama","description":"La construcci\u00f3n de la opini\u00f3n p\u00fablica merece un mejor Panorama en este siglo 21 para alcanzar una sociedad con mayor transparencia y sin corrupci\u00f3n.","publisher":{"@id":"https:\/\/21panorama.com\/#organization"},"potentialAction":[{"@type":"SearchAction","target":{"@type":"EntryPoint","urlTemplate":"https:\/\/21panorama.com\/?s={search_term_string}"},"query-input":{"@type":"PropertyValueSpecification","valueRequired":true,"valueName":"search_term_string"}}],"inLanguage":"es"},{"@type":"Organization","@id":"https:\/\/21panorama.com\/#organization","name":"21 Panorama","url":"https:\/\/21panorama.com\/","logo":{"@type":"ImageObject","inLanguage":"es","@id":"https:\/\/21panorama.com\/#\/schema\/logo\/image\/","url":"https:\/\/21panorama.com\/wp-content\/uploads\/2019\/07\/cropped-Logo-Panorama-01.jpeg","contentUrl":"https:\/\/21panorama.com\/wp-content\/uploads\/2019\/07\/cropped-Logo-Panorama-01.jpeg","width":290,"height":70,"caption":"21 Panorama"},"image":{"@id":"https:\/\/21panorama.com\/#\/schema\/logo\/image\/"}},{"@type":"Person","@id":"https:\/\/21panorama.com\/#\/schema\/person\/1afc291b96d5792a158768324287319f","name":"admin","image":{"@type":"ImageObject","inLanguage":"es","@id":"https:\/\/21panorama.com\/#\/schema\/person\/image\/","url":"https:\/\/secure.gravatar.com\/avatar\/ad365d9d9f46719215b0d042cc3df92a5a8683e09ef13d102233e5491985f0f0?s=96&d=mm&r=g","contentUrl":"https:\/\/secure.gravatar.com\/avatar\/ad365d9d9f46719215b0d042cc3df92a5a8683e09ef13d102233e5491985f0f0?s=96&d=mm&r=g","caption":"admin"},"url":"https:\/\/21panorama.com\/index.php\/author\/admin\/"}]}},"_links":{"self":[{"href":"https:\/\/21panorama.com\/index.php\/wp-json\/wp\/v2\/posts\/3410","targetHints":{"allow":["GET"]}}],"collection":[{"href":"https:\/\/21panorama.com\/index.php\/wp-json\/wp\/v2\/posts"}],"about":[{"href":"https:\/\/21panorama.com\/index.php\/wp-json\/wp\/v2\/types\/post"}],"author":[{"embeddable":true,"href":"https:\/\/21panorama.com\/index.php\/wp-json\/wp\/v2\/users\/1"}],"replies":[{"embeddable":true,"href":"https:\/\/21panorama.com\/index.php\/wp-json\/wp\/v2\/comments?post=3410"}],"version-history":[{"count":1,"href":"https:\/\/21panorama.com\/index.php\/wp-json\/wp\/v2\/posts\/3410\/revisions"}],"predecessor-version":[{"id":3412,"href":"https:\/\/21panorama.com\/index.php\/wp-json\/wp\/v2\/posts\/3410\/revisions\/3412"}],"wp:featuredmedia":[{"embeddable":true,"href":"https:\/\/21panorama.com\/index.php\/wp-json\/wp\/v2\/media\/3411"}],"wp:attachment":[{"href":"https:\/\/21panorama.com\/index.php\/wp-json\/wp\/v2\/media?parent=3410"}],"wp:term":[{"taxonomy":"category","embeddable":true,"href":"https:\/\/21panorama.com\/index.php\/wp-json\/wp\/v2\/categories?post=3410"},{"taxonomy":"post_tag","embeddable":true,"href":"https:\/\/21panorama.com\/index.php\/wp-json\/wp\/v2\/tags?post=3410"}],"curies":[{"name":"wp","href":"https:\/\/api.w.org\/{rel}","templated":true}]}}