{"id":341,"date":"2019-09-03T10:45:32","date_gmt":"2019-09-03T15:45:32","guid":{"rendered":"http:\/\/21panorama.com\/?p=341"},"modified":"2019-09-04T10:46:45","modified_gmt":"2019-09-04T15:46:45","slug":"entregan-reconstruccion-de-secundaria-tecnica-industrial-y-comercial-56-de-ecatepec","status":"publish","type":"post","link":"https:\/\/21panorama.com\/index.php\/2019\/09\/03\/entregan-reconstruccion-de-secundaria-tecnica-industrial-y-comercial-56-de-ecatepec\/","title":{"rendered":"ENTREGAN RECONSTRUCCI\u00d3N DE SECUNDARIA T\u00c9CNICA INDUSTRIAL Y COMERCIAL 56 DE ECATEPEC"},"content":{"rendered":"\n<p>A fin de contar con escuelas fuertes y educaci\u00f3n de calidad, se entregaron los trabajos de reconstrucci\u00f3n en la Escuela Secundaria T\u00e9cnica Industrial y Comercial (ESTIC) No. 56, de Ecatepec, que result\u00f3 afectada por los sismos de 2017.<\/p>\n\n\n\n<p>A nombre del Gobernador Alfredo Del Mazo Maza, el Secretario de Educaci\u00f3n, Alejandro Fern\u00e1ndez Campillo, expres\u00f3 su agradecimiento a quienes colaboraron para la reconstrucci\u00f3n del plantel en el que estudian m\u00e1s de mil 300 alumnos, especialmente a la Fundaci\u00f3n BBVA Bancomer y a Fomento Social Citibanamex.<\/p>\n\n\n\n<p>Al hablar de los trabajos de reconstrucci\u00f3n, coment\u00f3 que ha sido una tarea ardua que ha requerido la suma de esfuerzos, por lo que agradeci\u00f3 a Jorge Jim\u00e9nez Alcaraz, Director General del Instituto Nacional de Infraestructura Educativa, por su apoyo para avanzar en la rehabilitaci\u00f3n de los planteles da\u00f1ados en el Estado de M\u00e9xico.<\/p>\n\n\n\n<p>\u201cDecir 4 mil 909 escuelas es un n\u00famero que se dice muy r\u00e1pido, pero la realidad es que fuimos la entidad con el mayor n\u00famero de escuelas da\u00f1adas del pa\u00eds. El d\u00eda de hoy llevamos cerca de un 94 por ciento de avance en la reconstrucci\u00f3n en cuanto a escuelas atendidas y nos faltan cerca de 308 escuelas por atender\u201d, se\u00f1al\u00f3 Fern\u00e1ndez Campillo.<\/p>\n\n\n\n<p>Reconoci\u00f3 que a\u00fan hay trabajo por realizar, sin embargo, dijo, se debe aplaudir lo que se ha hecho en equipo con padres de familia y maestros para beneficio de los alumnos, como la entrega de mobiliario y equipamiento para que tengan mejores herramientas de aprendizaje.<\/p>\n\n\n\n<p>Por su parte, Vanessa Gonz\u00e1lez Deister, Directora de Fomento Social de Citibanamex, coment\u00f3 que gracias a las aportaciones de la gente se recaudaron 250 millones de pesos para respaldar los proyectos de reconstrucci\u00f3n de viviendas y escuelas de la entidad.<\/p>\n\n\n\n<p>Mientras que Sof\u00eda Espinoza y Jessica Viveros, alumnas de la ESTIC 56, dijeron que los nuevos salones, butacas y reconstrucci\u00f3n, los motivan para mejorar su rendimiento escolar, por lo que entre todos respetar\u00e1n y cuidar\u00e1n el mobiliario.<\/p>\n\n\n\n<p>En otro punto de su recorrido por Ecatepec, el Secretario Alejandro Fern\u00e1ndez Campillo visit\u00f3 la Escuela Primaria \u201c24 de Febrero\u201d, donde entreg\u00f3 paquetes de \u00fatiles escolares y libros de texto, adem\u00e1s de hacer un recorrido por las aulas y platicar con alumnos y docentes para conocer las necesidades del plantel.<\/p>\n","protected":false},"excerpt":{"rendered":"<p>A fin de contar con escuelas fuertes y educaci\u00f3n de calidad, se entregaron los trabajos de reconstrucci\u00f3n en la Escuela Secundaria T\u00e9cnica Industrial y Comercial (ESTIC) No. 56, de Ecatepec, que result\u00f3 afectada por los sismos de 2017. A nombre del Gobernador Alfredo Del Mazo Maza, el Secretario de Educaci\u00f3n, Alejandro Fern\u00e1ndez Campillo, expres\u00f3 su agradecimiento a quienes colaboraron para la reconstrucci\u00f3n del plantel en el que estudian m\u00e1s de mil 300 alumnos, especialmente a la Fundaci\u00f3n BBVA Bancomer y a Fomento Social Citibanamex. Al hablar de los trabajos de&hellip;<\/p>\n","protected":false},"author":1,"featured_media":342,"comment_status":"open","ping_status":"open","sticky":false,"template":"","format":"standard","meta":{"footnotes":""},"categories":[3,1],"tags":[],"class_list":["post-341","post","type-post","status-publish","format-standard","has-post-thumbnail","hentry","category-ecomomia","category-sociedad"],"yoast_head":"<!-- This site is optimized with the Yoast SEO plugin v24.9 - https:\/\/yoast.com\/wordpress\/plugins\/seo\/ -->\n<title>ENTREGAN RECONSTRUCCI\u00d3N DE SECUNDARIA T\u00c9CNICA INDUSTRIAL Y COMERCIAL 56 DE ECATEPEC - 21 Panorama<\/title>\n<meta name=\"robots\" content=\"index, follow, max-snippet:-1, max-image-preview:large, max-video-preview:-1\" \/>\n<link rel=\"canonical\" href=\"https:\/\/21panorama.com\/index.php\/2019\/09\/03\/entregan-reconstruccion-de-secundaria-tecnica-industrial-y-comercial-56-de-ecatepec\/\" \/>\n<meta property=\"og:locale\" content=\"es_MX\" \/>\n<meta property=\"og:type\" content=\"article\" \/>\n<meta property=\"og:title\" content=\"ENTREGAN RECONSTRUCCI\u00d3N DE SECUNDARIA T\u00c9CNICA INDUSTRIAL Y COMERCIAL 56 DE ECATEPEC - 21 Panorama\" \/>\n<meta property=\"og:description\" content=\"A fin de contar con escuelas fuertes y educaci\u00f3n de calidad, se entregaron los trabajos de reconstrucci\u00f3n en la Escuela Secundaria T\u00e9cnica Industrial y Comercial (ESTIC) No. 56, de Ecatepec, que result\u00f3 afectada por los sismos de 2017. A nombre del Gobernador Alfredo Del Mazo Maza, el Secretario de Educaci\u00f3n, Alejandro Fern\u00e1ndez Campillo, expres\u00f3 su agradecimiento a quienes colaboraron para la reconstrucci\u00f3n del plantel en el que estudian m\u00e1s de mil 300 alumnos, especialmente a la Fundaci\u00f3n BBVA Bancomer y a Fomento Social Citibanamex. Al hablar de los trabajos de&hellip;\" \/>\n<meta property=\"og:url\" content=\"https:\/\/21panorama.com\/index.php\/2019\/09\/03\/entregan-reconstruccion-de-secundaria-tecnica-industrial-y-comercial-56-de-ecatepec\/\" \/>\n<meta property=\"og:site_name\" content=\"21 Panorama\" \/>\n<meta property=\"article:published_time\" content=\"2019-09-03T15:45:32+00:00\" \/>\n<meta property=\"article:modified_time\" content=\"2019-09-04T15:46:45+00:00\" \/>\n<meta property=\"og:image\" content=\"https:\/\/21panorama.com\/wp-content\/uploads\/2019\/09\/w2_8925_1.jpg\" \/>\n\t<meta property=\"og:image:width\" content=\"1024\" \/>\n\t<meta property=\"og:image:height\" content=\"592\" \/>\n\t<meta property=\"og:image:type\" content=\"image\/jpeg\" \/>\n<meta name=\"author\" content=\"admin\" \/>\n<meta name=\"twitter:card\" content=\"summary_large_image\" \/>\n<meta name=\"twitter:label1\" content=\"Escrito por\" \/>\n\t<meta name=\"twitter:data1\" content=\"admin\" \/>\n\t<meta name=\"twitter:label2\" content=\"Tiempo de lectura\" \/>\n\t<meta name=\"twitter:data2\" content=\"2 minutos\" \/>\n<script type=\"application\/ld+json\" class=\"yoast-schema-graph\">{\"@context\":\"https:\/\/schema.org\",\"@graph\":[{\"@type\":\"Article\",\"@id\":\"https:\/\/21panorama.com\/index.php\/2019\/09\/03\/entregan-reconstruccion-de-secundaria-tecnica-industrial-y-comercial-56-de-ecatepec\/#article\",\"isPartOf\":{\"@id\":\"https:\/\/21panorama.com\/index.php\/2019\/09\/03\/entregan-reconstruccion-de-secundaria-tecnica-industrial-y-comercial-56-de-ecatepec\/\"},\"author\":{\"name\":\"admin\",\"@id\":\"https:\/\/21panorama.com\/#\/schema\/person\/1afc291b96d5792a158768324287319f\"},\"headline\":\"ENTREGAN RECONSTRUCCI\u00d3N DE SECUNDARIA T\u00c9CNICA INDUSTRIAL Y COMERCIAL 56 DE ECATEPEC\",\"datePublished\":\"2019-09-03T15:45:32+00:00\",\"dateModified\":\"2019-09-04T15:46:45+00:00\",\"mainEntityOfPage\":{\"@id\":\"https:\/\/21panorama.com\/index.php\/2019\/09\/03\/entregan-reconstruccion-de-secundaria-tecnica-industrial-y-comercial-56-de-ecatepec\/\"},\"wordCount\":406,\"commentCount\":0,\"publisher\":{\"@id\":\"https:\/\/21panorama.com\/#organization\"},\"image\":{\"@id\":\"https:\/\/21panorama.com\/index.php\/2019\/09\/03\/entregan-reconstruccion-de-secundaria-tecnica-industrial-y-comercial-56-de-ecatepec\/#primaryimage\"},\"thumbnailUrl\":\"https:\/\/21panorama.com\/wp-content\/uploads\/2019\/09\/w2_8925_1.jpg\",\"articleSection\":[\"Econom\u00eda\",\"Sociedad\"],\"inLanguage\":\"es\",\"potentialAction\":[{\"@type\":\"CommentAction\",\"name\":\"Comment\",\"target\":[\"https:\/\/21panorama.com\/index.php\/2019\/09\/03\/entregan-reconstruccion-de-secundaria-tecnica-industrial-y-comercial-56-de-ecatepec\/#respond\"]}]},{\"@type\":\"WebPage\",\"@id\":\"https:\/\/21panorama.com\/index.php\/2019\/09\/03\/entregan-reconstruccion-de-secundaria-tecnica-industrial-y-comercial-56-de-ecatepec\/\",\"url\":\"https:\/\/21panorama.com\/index.php\/2019\/09\/03\/entregan-reconstruccion-de-secundaria-tecnica-industrial-y-comercial-56-de-ecatepec\/\",\"name\":\"ENTREGAN RECONSTRUCCI\u00d3N DE SECUNDARIA T\u00c9CNICA INDUSTRIAL Y COMERCIAL 56 DE ECATEPEC - 21 Panorama\",\"isPartOf\":{\"@id\":\"https:\/\/21panorama.com\/#website\"},\"primaryImageOfPage\":{\"@id\":\"https:\/\/21panorama.com\/index.php\/2019\/09\/03\/entregan-reconstruccion-de-secundaria-tecnica-industrial-y-comercial-56-de-ecatepec\/#primaryimage\"},\"image\":{\"@id\":\"https:\/\/21panorama.com\/index.php\/2019\/09\/03\/entregan-reconstruccion-de-secundaria-tecnica-industrial-y-comercial-56-de-ecatepec\/#primaryimage\"},\"thumbnailUrl\":\"https:\/\/21panorama.com\/wp-content\/uploads\/2019\/09\/w2_8925_1.jpg\",\"datePublished\":\"2019-09-03T15:45:32+00:00\",\"dateModified\":\"2019-09-04T15:46:45+00:00\",\"breadcrumb\":{\"@id\":\"https:\/\/21panorama.com\/index.php\/2019\/09\/03\/entregan-reconstruccion-de-secundaria-tecnica-industrial-y-comercial-56-de-ecatepec\/#breadcrumb\"},\"inLanguage\":\"es\",\"potentialAction\":[{\"@type\":\"ReadAction\",\"target\":[\"https:\/\/21panorama.com\/index.php\/2019\/09\/03\/entregan-reconstruccion-de-secundaria-tecnica-industrial-y-comercial-56-de-ecatepec\/\"]}]},{\"@type\":\"ImageObject\",\"inLanguage\":\"es\",\"@id\":\"https:\/\/21panorama.com\/index.php\/2019\/09\/03\/entregan-reconstruccion-de-secundaria-tecnica-industrial-y-comercial-56-de-ecatepec\/#primaryimage\",\"url\":\"https:\/\/21panorama.com\/wp-content\/uploads\/2019\/09\/w2_8925_1.jpg\",\"contentUrl\":\"https:\/\/21panorama.com\/wp-content\/uploads\/2019\/09\/w2_8925_1.jpg\",\"width\":1024,\"height\":592},{\"@type\":\"BreadcrumbList\",\"@id\":\"https:\/\/21panorama.com\/index.php\/2019\/09\/03\/entregan-reconstruccion-de-secundaria-tecnica-industrial-y-comercial-56-de-ecatepec\/#breadcrumb\",\"itemListElement\":[{\"@type\":\"ListItem\",\"position\":1,\"name\":\"Inicio\",\"item\":\"https:\/\/21panorama.com\/\"},{\"@type\":\"ListItem\",\"position\":2,\"name\":\"ENTREGAN RECONSTRUCCI\u00d3N DE SECUNDARIA T\u00c9CNICA INDUSTRIAL Y COMERCIAL 56 DE ECATEPEC\"}]},{\"@type\":\"WebSite\",\"@id\":\"https:\/\/21panorama.com\/#website\",\"url\":\"https:\/\/21panorama.com\/\",\"name\":\"21 Panorama\",\"description\":\"La construcci\u00f3n de la opini\u00f3n p\u00fablica merece un mejor Panorama en este siglo 21 para alcanzar una sociedad con mayor transparencia y sin corrupci\u00f3n.\",\"publisher\":{\"@id\":\"https:\/\/21panorama.com\/#organization\"},\"potentialAction\":[{\"@type\":\"SearchAction\",\"target\":{\"@type\":\"EntryPoint\",\"urlTemplate\":\"https:\/\/21panorama.com\/?s={search_term_string}\"},\"query-input\":{\"@type\":\"PropertyValueSpecification\",\"valueRequired\":true,\"valueName\":\"search_term_string\"}}],\"inLanguage\":\"es\"},{\"@type\":\"Organization\",\"@id\":\"https:\/\/21panorama.com\/#organization\",\"name\":\"21 Panorama\",\"url\":\"https:\/\/21panorama.com\/\",\"logo\":{\"@type\":\"ImageObject\",\"inLanguage\":\"es\",\"@id\":\"https:\/\/21panorama.com\/#\/schema\/logo\/image\/\",\"url\":\"https:\/\/21panorama.com\/wp-content\/uploads\/2019\/07\/cropped-Logo-Panorama-01.jpeg\",\"contentUrl\":\"https:\/\/21panorama.com\/wp-content\/uploads\/2019\/07\/cropped-Logo-Panorama-01.jpeg\",\"width\":290,\"height\":70,\"caption\":\"21 Panorama\"},\"image\":{\"@id\":\"https:\/\/21panorama.com\/#\/schema\/logo\/image\/\"}},{\"@type\":\"Person\",\"@id\":\"https:\/\/21panorama.com\/#\/schema\/person\/1afc291b96d5792a158768324287319f\",\"name\":\"admin\",\"image\":{\"@type\":\"ImageObject\",\"inLanguage\":\"es\",\"@id\":\"https:\/\/21panorama.com\/#\/schema\/person\/image\/\",\"url\":\"https:\/\/secure.gravatar.com\/avatar\/ad365d9d9f46719215b0d042cc3df92a5a8683e09ef13d102233e5491985f0f0?s=96&d=mm&r=g\",\"contentUrl\":\"https:\/\/secure.gravatar.com\/avatar\/ad365d9d9f46719215b0d042cc3df92a5a8683e09ef13d102233e5491985f0f0?s=96&d=mm&r=g\",\"caption\":\"admin\"},\"url\":\"https:\/\/21panorama.com\/index.php\/author\/admin\/\"}]}<\/script>\n<!-- \/ Yoast SEO plugin. -->","yoast_head_json":{"title":"ENTREGAN RECONSTRUCCI\u00d3N DE SECUNDARIA T\u00c9CNICA INDUSTRIAL Y COMERCIAL 56 DE ECATEPEC - 21 Panorama","robots":{"index":"index","follow":"follow","max-snippet":"max-snippet:-1","max-image-preview":"max-image-preview:large","max-video-preview":"max-video-preview:-1"},"canonical":"https:\/\/21panorama.com\/index.php\/2019\/09\/03\/entregan-reconstruccion-de-secundaria-tecnica-industrial-y-comercial-56-de-ecatepec\/","og_locale":"es_MX","og_type":"article","og_title":"ENTREGAN RECONSTRUCCI\u00d3N DE SECUNDARIA T\u00c9CNICA INDUSTRIAL Y COMERCIAL 56 DE ECATEPEC - 21 Panorama","og_description":"A fin de contar con escuelas fuertes y educaci\u00f3n de calidad, se entregaron los trabajos de reconstrucci\u00f3n en la Escuela Secundaria T\u00e9cnica Industrial y Comercial (ESTIC) No. 56, de Ecatepec, que result\u00f3 afectada por los sismos de 2017. A nombre del Gobernador Alfredo Del Mazo Maza, el Secretario de Educaci\u00f3n, Alejandro Fern\u00e1ndez Campillo, expres\u00f3 su agradecimiento a quienes colaboraron para la reconstrucci\u00f3n del plantel en el que estudian m\u00e1s de mil 300 alumnos, especialmente a la Fundaci\u00f3n BBVA Bancomer y a Fomento Social Citibanamex. Al hablar de los trabajos de&hellip;","og_url":"https:\/\/21panorama.com\/index.php\/2019\/09\/03\/entregan-reconstruccion-de-secundaria-tecnica-industrial-y-comercial-56-de-ecatepec\/","og_site_name":"21 Panorama","article_published_time":"2019-09-03T15:45:32+00:00","article_modified_time":"2019-09-04T15:46:45+00:00","og_image":[{"width":1024,"height":592,"url":"https:\/\/21panorama.com\/wp-content\/uploads\/2019\/09\/w2_8925_1.jpg","type":"image\/jpeg"}],"author":"admin","twitter_card":"summary_large_image","twitter_misc":{"Escrito por":"admin","Tiempo de lectura":"2 minutos"},"schema":{"@context":"https:\/\/schema.org","@graph":[{"@type":"Article","@id":"https:\/\/21panorama.com\/index.php\/2019\/09\/03\/entregan-reconstruccion-de-secundaria-tecnica-industrial-y-comercial-56-de-ecatepec\/#article","isPartOf":{"@id":"https:\/\/21panorama.com\/index.php\/2019\/09\/03\/entregan-reconstruccion-de-secundaria-tecnica-industrial-y-comercial-56-de-ecatepec\/"},"author":{"name":"admin","@id":"https:\/\/21panorama.com\/#\/schema\/person\/1afc291b96d5792a158768324287319f"},"headline":"ENTREGAN RECONSTRUCCI\u00d3N DE SECUNDARIA T\u00c9CNICA INDUSTRIAL Y COMERCIAL 56 DE ECATEPEC","datePublished":"2019-09-03T15:45:32+00:00","dateModified":"2019-09-04T15:46:45+00:00","mainEntityOfPage":{"@id":"https:\/\/21panorama.com\/index.php\/2019\/09\/03\/entregan-reconstruccion-de-secundaria-tecnica-industrial-y-comercial-56-de-ecatepec\/"},"wordCount":406,"commentCount":0,"publisher":{"@id":"https:\/\/21panorama.com\/#organization"},"image":{"@id":"https:\/\/21panorama.com\/index.php\/2019\/09\/03\/entregan-reconstruccion-de-secundaria-tecnica-industrial-y-comercial-56-de-ecatepec\/#primaryimage"},"thumbnailUrl":"https:\/\/21panorama.com\/wp-content\/uploads\/2019\/09\/w2_8925_1.jpg","articleSection":["Econom\u00eda","Sociedad"],"inLanguage":"es","potentialAction":[{"@type":"CommentAction","name":"Comment","target":["https:\/\/21panorama.com\/index.php\/2019\/09\/03\/entregan-reconstruccion-de-secundaria-tecnica-industrial-y-comercial-56-de-ecatepec\/#respond"]}]},{"@type":"WebPage","@id":"https:\/\/21panorama.com\/index.php\/2019\/09\/03\/entregan-reconstruccion-de-secundaria-tecnica-industrial-y-comercial-56-de-ecatepec\/","url":"https:\/\/21panorama.com\/index.php\/2019\/09\/03\/entregan-reconstruccion-de-secundaria-tecnica-industrial-y-comercial-56-de-ecatepec\/","name":"ENTREGAN RECONSTRUCCI\u00d3N DE SECUNDARIA T\u00c9CNICA INDUSTRIAL Y COMERCIAL 56 DE ECATEPEC - 21 Panorama","isPartOf":{"@id":"https:\/\/21panorama.com\/#website"},"primaryImageOfPage":{"@id":"https:\/\/21panorama.com\/index.php\/2019\/09\/03\/entregan-reconstruccion-de-secundaria-tecnica-industrial-y-comercial-56-de-ecatepec\/#primaryimage"},"image":{"@id":"https:\/\/21panorama.com\/index.php\/2019\/09\/03\/entregan-reconstruccion-de-secundaria-tecnica-industrial-y-comercial-56-de-ecatepec\/#primaryimage"},"thumbnailUrl":"https:\/\/21panorama.com\/wp-content\/uploads\/2019\/09\/w2_8925_1.jpg","datePublished":"2019-09-03T15:45:32+00:00","dateModified":"2019-09-04T15:46:45+00:00","breadcrumb":{"@id":"https:\/\/21panorama.com\/index.php\/2019\/09\/03\/entregan-reconstruccion-de-secundaria-tecnica-industrial-y-comercial-56-de-ecatepec\/#breadcrumb"},"inLanguage":"es","potentialAction":[{"@type":"ReadAction","target":["https:\/\/21panorama.com\/index.php\/2019\/09\/03\/entregan-reconstruccion-de-secundaria-tecnica-industrial-y-comercial-56-de-ecatepec\/"]}]},{"@type":"ImageObject","inLanguage":"es","@id":"https:\/\/21panorama.com\/index.php\/2019\/09\/03\/entregan-reconstruccion-de-secundaria-tecnica-industrial-y-comercial-56-de-ecatepec\/#primaryimage","url":"https:\/\/21panorama.com\/wp-content\/uploads\/2019\/09\/w2_8925_1.jpg","contentUrl":"https:\/\/21panorama.com\/wp-content\/uploads\/2019\/09\/w2_8925_1.jpg","width":1024,"height":592},{"@type":"BreadcrumbList","@id":"https:\/\/21panorama.com\/index.php\/2019\/09\/03\/entregan-reconstruccion-de-secundaria-tecnica-industrial-y-comercial-56-de-ecatepec\/#breadcrumb","itemListElement":[{"@type":"ListItem","position":1,"name":"Inicio","item":"https:\/\/21panorama.com\/"},{"@type":"ListItem","position":2,"name":"ENTREGAN RECONSTRUCCI\u00d3N DE SECUNDARIA T\u00c9CNICA INDUSTRIAL Y COMERCIAL 56 DE ECATEPEC"}]},{"@type":"WebSite","@id":"https:\/\/21panorama.com\/#website","url":"https:\/\/21panorama.com\/","name":"21 Panorama","description":"La construcci\u00f3n de la opini\u00f3n p\u00fablica merece un mejor Panorama en este siglo 21 para alcanzar una sociedad con mayor transparencia y sin corrupci\u00f3n.","publisher":{"@id":"https:\/\/21panorama.com\/#organization"},"potentialAction":[{"@type":"SearchAction","target":{"@type":"EntryPoint","urlTemplate":"https:\/\/21panorama.com\/?s={search_term_string}"},"query-input":{"@type":"PropertyValueSpecification","valueRequired":true,"valueName":"search_term_string"}}],"inLanguage":"es"},{"@type":"Organization","@id":"https:\/\/21panorama.com\/#organization","name":"21 Panorama","url":"https:\/\/21panorama.com\/","logo":{"@type":"ImageObject","inLanguage":"es","@id":"https:\/\/21panorama.com\/#\/schema\/logo\/image\/","url":"https:\/\/21panorama.com\/wp-content\/uploads\/2019\/07\/cropped-Logo-Panorama-01.jpeg","contentUrl":"https:\/\/21panorama.com\/wp-content\/uploads\/2019\/07\/cropped-Logo-Panorama-01.jpeg","width":290,"height":70,"caption":"21 Panorama"},"image":{"@id":"https:\/\/21panorama.com\/#\/schema\/logo\/image\/"}},{"@type":"Person","@id":"https:\/\/21panorama.com\/#\/schema\/person\/1afc291b96d5792a158768324287319f","name":"admin","image":{"@type":"ImageObject","inLanguage":"es","@id":"https:\/\/21panorama.com\/#\/schema\/person\/image\/","url":"https:\/\/secure.gravatar.com\/avatar\/ad365d9d9f46719215b0d042cc3df92a5a8683e09ef13d102233e5491985f0f0?s=96&d=mm&r=g","contentUrl":"https:\/\/secure.gravatar.com\/avatar\/ad365d9d9f46719215b0d042cc3df92a5a8683e09ef13d102233e5491985f0f0?s=96&d=mm&r=g","caption":"admin"},"url":"https:\/\/21panorama.com\/index.php\/author\/admin\/"}]}},"_links":{"self":[{"href":"https:\/\/21panorama.com\/index.php\/wp-json\/wp\/v2\/posts\/341","targetHints":{"allow":["GET"]}}],"collection":[{"href":"https:\/\/21panorama.com\/index.php\/wp-json\/wp\/v2\/posts"}],"about":[{"href":"https:\/\/21panorama.com\/index.php\/wp-json\/wp\/v2\/types\/post"}],"author":[{"embeddable":true,"href":"https:\/\/21panorama.com\/index.php\/wp-json\/wp\/v2\/users\/1"}],"replies":[{"embeddable":true,"href":"https:\/\/21panorama.com\/index.php\/wp-json\/wp\/v2\/comments?post=341"}],"version-history":[{"count":1,"href":"https:\/\/21panorama.com\/index.php\/wp-json\/wp\/v2\/posts\/341\/revisions"}],"predecessor-version":[{"id":343,"href":"https:\/\/21panorama.com\/index.php\/wp-json\/wp\/v2\/posts\/341\/revisions\/343"}],"wp:featuredmedia":[{"embeddable":true,"href":"https:\/\/21panorama.com\/index.php\/wp-json\/wp\/v2\/media\/342"}],"wp:attachment":[{"href":"https:\/\/21panorama.com\/index.php\/wp-json\/wp\/v2\/media?parent=341"}],"wp:term":[{"taxonomy":"category","embeddable":true,"href":"https:\/\/21panorama.com\/index.php\/wp-json\/wp\/v2\/categories?post=341"},{"taxonomy":"post_tag","embeddable":true,"href":"https:\/\/21panorama.com\/index.php\/wp-json\/wp\/v2\/tags?post=341"}],"curies":[{"name":"wp","href":"https:\/\/api.w.org\/{rel}","templated":true}]}}