{"id":3393,"date":"2022-03-07T11:53:55","date_gmt":"2022-03-07T17:53:55","guid":{"rendered":"https:\/\/21panorama.com\/?p=3393"},"modified":"2022-03-07T11:53:56","modified_gmt":"2022-03-07T17:53:56","slug":"piden-hasta-20-anos-de-prision-por-robo-en-el-transporte-publico","status":"publish","type":"post","link":"https:\/\/21panorama.com\/index.php\/2022\/03\/07\/piden-hasta-20-anos-de-prision-por-robo-en-el-transporte-publico\/","title":{"rendered":"Piden hasta 20 a\u00f1os de prisi\u00f3n por robo en el transporte p\u00fablico"},"content":{"rendered":"\n<p>Ante los m\u00e1s de 23 asaltos que a diario se reportan en el transporte p\u00fablico de la entidad, el diputado Omar Ortega \u00c1lvarez propuso reformas al C\u00f3digo Penal del Estado de M\u00e9xico para equiparar este delito con el de privaci\u00f3n de la libertad y sancionarlo hasta con 20 a\u00f1os de prisi\u00f3n.<\/p>\n\n\n\n<p>En sesi\u00f3n deliberante, el legislador dijo que se busca precisar que comete el delito de privaci\u00f3n de la libertad quien retenga a otra persona por el tiempo indispensable para cometer el delito de robo en las unidades de transporte p\u00fablico o privado de pasajeros, en sus diversas clases y modalidades, transporte de personal, de turismo o escolar.<\/p>\n\n\n\n<p>En este sentido, las penas ser\u00edan de 15 a 20 a\u00f1os de prisi\u00f3n en contra de quien cometa el delito de robo en transporte p\u00fablico o privado de pasajeros, en sus diferentes modalidades, cuando se considere la agravante de privaci\u00f3n de la libertad.<\/p>\n\n\n\n<p>La iniciativa se remiti\u00f3 a dictamen de la Comisi\u00f3n de Procuraci\u00f3n y Administraci\u00f3n de Justicia.<\/p>\n","protected":false},"excerpt":{"rendered":"<p>Ante los m\u00e1s de 23 asaltos que a diario se reportan en el transporte p\u00fablico de la entidad, el diputado Omar Ortega \u00c1lvarez propuso reformas al C\u00f3digo Penal del Estado de M\u00e9xico para equiparar este delito con el de privaci\u00f3n de la libertad y sancionarlo hasta con 20 a\u00f1os de prisi\u00f3n.<\/p>\n","protected":false},"author":1,"featured_media":3394,"comment_status":"open","ping_status":"open","sticky":false,"template":"","format":"standard","meta":{"footnotes":""},"categories":[1],"tags":[287],"class_list":["post-3393","post","type-post","status-publish","format-standard","has-post-thumbnail","hentry","category-sociedad","tag-prision-2"],"yoast_head":"<!-- This site is optimized with the Yoast SEO plugin v24.9 - https:\/\/yoast.com\/wordpress\/plugins\/seo\/ -->\n<title>Piden hasta 20 a\u00f1os de prisi\u00f3n por robo en el transporte p\u00fablico - 21 Panorama<\/title>\n<meta name=\"robots\" content=\"index, follow, max-snippet:-1, max-image-preview:large, max-video-preview:-1\" \/>\n<link rel=\"canonical\" href=\"https:\/\/21panorama.com\/index.php\/2022\/03\/07\/piden-hasta-20-anos-de-prision-por-robo-en-el-transporte-publico\/\" \/>\n<meta property=\"og:locale\" content=\"es_MX\" \/>\n<meta property=\"og:type\" content=\"article\" \/>\n<meta property=\"og:title\" content=\"Piden hasta 20 a\u00f1os de prisi\u00f3n por robo en el transporte p\u00fablico - 21 Panorama\" \/>\n<meta property=\"og:description\" content=\"Ante los m\u00e1s de 23 asaltos que a diario se reportan en el transporte p\u00fablico de la entidad, el diputado Omar Ortega \u00c1lvarez propuso reformas al C\u00f3digo Penal del Estado de M\u00e9xico para equiparar este delito con el de privaci\u00f3n de la libertad y sancionarlo hasta con 20 a\u00f1os de prisi\u00f3n.\" \/>\n<meta property=\"og:url\" content=\"https:\/\/21panorama.com\/index.php\/2022\/03\/07\/piden-hasta-20-anos-de-prision-por-robo-en-el-transporte-publico\/\" \/>\n<meta property=\"og:site_name\" content=\"21 Panorama\" \/>\n<meta property=\"article:published_time\" content=\"2022-03-07T17:53:55+00:00\" \/>\n<meta property=\"article:modified_time\" content=\"2022-03-07T17:53:56+00:00\" \/>\n<meta property=\"og:image\" content=\"https:\/\/21panorama.com\/wp-content\/uploads\/2022\/03\/bb0b1858-c844-4774-be9f-ad54236d02bf.jpeg\" \/>\n\t<meta property=\"og:image:width\" content=\"1600\" \/>\n\t<meta property=\"og:image:height\" content=\"1066\" \/>\n\t<meta property=\"og:image:type\" content=\"image\/jpeg\" \/>\n<meta name=\"author\" content=\"admin\" \/>\n<meta name=\"twitter:card\" content=\"summary_large_image\" \/>\n<meta name=\"twitter:label1\" content=\"Escrito por\" \/>\n\t<meta name=\"twitter:data1\" content=\"admin\" \/>\n\t<meta name=\"twitter:label2\" content=\"Tiempo de lectura\" \/>\n\t<meta name=\"twitter:data2\" content=\"1 minuto\" \/>\n<script type=\"application\/ld+json\" class=\"yoast-schema-graph\">{\"@context\":\"https:\/\/schema.org\",\"@graph\":[{\"@type\":\"Article\",\"@id\":\"https:\/\/21panorama.com\/index.php\/2022\/03\/07\/piden-hasta-20-anos-de-prision-por-robo-en-el-transporte-publico\/#article\",\"isPartOf\":{\"@id\":\"https:\/\/21panorama.com\/index.php\/2022\/03\/07\/piden-hasta-20-anos-de-prision-por-robo-en-el-transporte-publico\/\"},\"author\":{\"name\":\"admin\",\"@id\":\"https:\/\/21panorama.com\/#\/schema\/person\/1afc291b96d5792a158768324287319f\"},\"headline\":\"Piden hasta 20 a\u00f1os de prisi\u00f3n por robo en el transporte p\u00fablico\",\"datePublished\":\"2022-03-07T17:53:55+00:00\",\"dateModified\":\"2022-03-07T17:53:56+00:00\",\"mainEntityOfPage\":{\"@id\":\"https:\/\/21panorama.com\/index.php\/2022\/03\/07\/piden-hasta-20-anos-de-prision-por-robo-en-el-transporte-publico\/\"},\"wordCount\":194,\"commentCount\":0,\"publisher\":{\"@id\":\"https:\/\/21panorama.com\/#organization\"},\"image\":{\"@id\":\"https:\/\/21panorama.com\/index.php\/2022\/03\/07\/piden-hasta-20-anos-de-prision-por-robo-en-el-transporte-publico\/#primaryimage\"},\"thumbnailUrl\":\"https:\/\/21panorama.com\/wp-content\/uploads\/2022\/03\/bb0b1858-c844-4774-be9f-ad54236d02bf.jpeg\",\"keywords\":[\"prisi\u00f3n\"],\"articleSection\":[\"Sociedad\"],\"inLanguage\":\"es\",\"potentialAction\":[{\"@type\":\"CommentAction\",\"name\":\"Comment\",\"target\":[\"https:\/\/21panorama.com\/index.php\/2022\/03\/07\/piden-hasta-20-anos-de-prision-por-robo-en-el-transporte-publico\/#respond\"]}]},{\"@type\":\"WebPage\",\"@id\":\"https:\/\/21panorama.com\/index.php\/2022\/03\/07\/piden-hasta-20-anos-de-prision-por-robo-en-el-transporte-publico\/\",\"url\":\"https:\/\/21panorama.com\/index.php\/2022\/03\/07\/piden-hasta-20-anos-de-prision-por-robo-en-el-transporte-publico\/\",\"name\":\"Piden hasta 20 a\u00f1os de prisi\u00f3n por robo en el transporte p\u00fablico - 21 Panorama\",\"isPartOf\":{\"@id\":\"https:\/\/21panorama.com\/#website\"},\"primaryImageOfPage\":{\"@id\":\"https:\/\/21panorama.com\/index.php\/2022\/03\/07\/piden-hasta-20-anos-de-prision-por-robo-en-el-transporte-publico\/#primaryimage\"},\"image\":{\"@id\":\"https:\/\/21panorama.com\/index.php\/2022\/03\/07\/piden-hasta-20-anos-de-prision-por-robo-en-el-transporte-publico\/#primaryimage\"},\"thumbnailUrl\":\"https:\/\/21panorama.com\/wp-content\/uploads\/2022\/03\/bb0b1858-c844-4774-be9f-ad54236d02bf.jpeg\",\"datePublished\":\"2022-03-07T17:53:55+00:00\",\"dateModified\":\"2022-03-07T17:53:56+00:00\",\"breadcrumb\":{\"@id\":\"https:\/\/21panorama.com\/index.php\/2022\/03\/07\/piden-hasta-20-anos-de-prision-por-robo-en-el-transporte-publico\/#breadcrumb\"},\"inLanguage\":\"es\",\"potentialAction\":[{\"@type\":\"ReadAction\",\"target\":[\"https:\/\/21panorama.com\/index.php\/2022\/03\/07\/piden-hasta-20-anos-de-prision-por-robo-en-el-transporte-publico\/\"]}]},{\"@type\":\"ImageObject\",\"inLanguage\":\"es\",\"@id\":\"https:\/\/21panorama.com\/index.php\/2022\/03\/07\/piden-hasta-20-anos-de-prision-por-robo-en-el-transporte-publico\/#primaryimage\",\"url\":\"https:\/\/21panorama.com\/wp-content\/uploads\/2022\/03\/bb0b1858-c844-4774-be9f-ad54236d02bf.jpeg\",\"contentUrl\":\"https:\/\/21panorama.com\/wp-content\/uploads\/2022\/03\/bb0b1858-c844-4774-be9f-ad54236d02bf.jpeg\",\"width\":1600,\"height\":1066},{\"@type\":\"BreadcrumbList\",\"@id\":\"https:\/\/21panorama.com\/index.php\/2022\/03\/07\/piden-hasta-20-anos-de-prision-por-robo-en-el-transporte-publico\/#breadcrumb\",\"itemListElement\":[{\"@type\":\"ListItem\",\"position\":1,\"name\":\"Inicio\",\"item\":\"https:\/\/21panorama.com\/\"},{\"@type\":\"ListItem\",\"position\":2,\"name\":\"Piden hasta 20 a\u00f1os de prisi\u00f3n por robo en el transporte p\u00fablico\"}]},{\"@type\":\"WebSite\",\"@id\":\"https:\/\/21panorama.com\/#website\",\"url\":\"https:\/\/21panorama.com\/\",\"name\":\"21 Panorama\",\"description\":\"La construcci\u00f3n de la opini\u00f3n p\u00fablica merece un mejor Panorama en este siglo 21 para alcanzar una sociedad con mayor transparencia y sin corrupci\u00f3n.\",\"publisher\":{\"@id\":\"https:\/\/21panorama.com\/#organization\"},\"potentialAction\":[{\"@type\":\"SearchAction\",\"target\":{\"@type\":\"EntryPoint\",\"urlTemplate\":\"https:\/\/21panorama.com\/?s={search_term_string}\"},\"query-input\":{\"@type\":\"PropertyValueSpecification\",\"valueRequired\":true,\"valueName\":\"search_term_string\"}}],\"inLanguage\":\"es\"},{\"@type\":\"Organization\",\"@id\":\"https:\/\/21panorama.com\/#organization\",\"name\":\"21 Panorama\",\"url\":\"https:\/\/21panorama.com\/\",\"logo\":{\"@type\":\"ImageObject\",\"inLanguage\":\"es\",\"@id\":\"https:\/\/21panorama.com\/#\/schema\/logo\/image\/\",\"url\":\"https:\/\/21panorama.com\/wp-content\/uploads\/2019\/07\/cropped-Logo-Panorama-01.jpeg\",\"contentUrl\":\"https:\/\/21panorama.com\/wp-content\/uploads\/2019\/07\/cropped-Logo-Panorama-01.jpeg\",\"width\":290,\"height\":70,\"caption\":\"21 Panorama\"},\"image\":{\"@id\":\"https:\/\/21panorama.com\/#\/schema\/logo\/image\/\"}},{\"@type\":\"Person\",\"@id\":\"https:\/\/21panorama.com\/#\/schema\/person\/1afc291b96d5792a158768324287319f\",\"name\":\"admin\",\"image\":{\"@type\":\"ImageObject\",\"inLanguage\":\"es\",\"@id\":\"https:\/\/21panorama.com\/#\/schema\/person\/image\/\",\"url\":\"https:\/\/secure.gravatar.com\/avatar\/ad365d9d9f46719215b0d042cc3df92a5a8683e09ef13d102233e5491985f0f0?s=96&d=mm&r=g\",\"contentUrl\":\"https:\/\/secure.gravatar.com\/avatar\/ad365d9d9f46719215b0d042cc3df92a5a8683e09ef13d102233e5491985f0f0?s=96&d=mm&r=g\",\"caption\":\"admin\"},\"url\":\"https:\/\/21panorama.com\/index.php\/author\/admin\/\"}]}<\/script>\n<!-- \/ Yoast SEO plugin. -->","yoast_head_json":{"title":"Piden hasta 20 a\u00f1os de prisi\u00f3n por robo en el transporte p\u00fablico - 21 Panorama","robots":{"index":"index","follow":"follow","max-snippet":"max-snippet:-1","max-image-preview":"max-image-preview:large","max-video-preview":"max-video-preview:-1"},"canonical":"https:\/\/21panorama.com\/index.php\/2022\/03\/07\/piden-hasta-20-anos-de-prision-por-robo-en-el-transporte-publico\/","og_locale":"es_MX","og_type":"article","og_title":"Piden hasta 20 a\u00f1os de prisi\u00f3n por robo en el transporte p\u00fablico - 21 Panorama","og_description":"Ante los m\u00e1s de 23 asaltos que a diario se reportan en el transporte p\u00fablico de la entidad, el diputado Omar Ortega \u00c1lvarez propuso reformas al C\u00f3digo Penal del Estado de M\u00e9xico para equiparar este delito con el de privaci\u00f3n de la libertad y sancionarlo hasta con 20 a\u00f1os de prisi\u00f3n.","og_url":"https:\/\/21panorama.com\/index.php\/2022\/03\/07\/piden-hasta-20-anos-de-prision-por-robo-en-el-transporte-publico\/","og_site_name":"21 Panorama","article_published_time":"2022-03-07T17:53:55+00:00","article_modified_time":"2022-03-07T17:53:56+00:00","og_image":[{"width":1600,"height":1066,"url":"https:\/\/21panorama.com\/wp-content\/uploads\/2022\/03\/bb0b1858-c844-4774-be9f-ad54236d02bf.jpeg","type":"image\/jpeg"}],"author":"admin","twitter_card":"summary_large_image","twitter_misc":{"Escrito por":"admin","Tiempo de lectura":"1 minuto"},"schema":{"@context":"https:\/\/schema.org","@graph":[{"@type":"Article","@id":"https:\/\/21panorama.com\/index.php\/2022\/03\/07\/piden-hasta-20-anos-de-prision-por-robo-en-el-transporte-publico\/#article","isPartOf":{"@id":"https:\/\/21panorama.com\/index.php\/2022\/03\/07\/piden-hasta-20-anos-de-prision-por-robo-en-el-transporte-publico\/"},"author":{"name":"admin","@id":"https:\/\/21panorama.com\/#\/schema\/person\/1afc291b96d5792a158768324287319f"},"headline":"Piden hasta 20 a\u00f1os de prisi\u00f3n por robo en el transporte p\u00fablico","datePublished":"2022-03-07T17:53:55+00:00","dateModified":"2022-03-07T17:53:56+00:00","mainEntityOfPage":{"@id":"https:\/\/21panorama.com\/index.php\/2022\/03\/07\/piden-hasta-20-anos-de-prision-por-robo-en-el-transporte-publico\/"},"wordCount":194,"commentCount":0,"publisher":{"@id":"https:\/\/21panorama.com\/#organization"},"image":{"@id":"https:\/\/21panorama.com\/index.php\/2022\/03\/07\/piden-hasta-20-anos-de-prision-por-robo-en-el-transporte-publico\/#primaryimage"},"thumbnailUrl":"https:\/\/21panorama.com\/wp-content\/uploads\/2022\/03\/bb0b1858-c844-4774-be9f-ad54236d02bf.jpeg","keywords":["prisi\u00f3n"],"articleSection":["Sociedad"],"inLanguage":"es","potentialAction":[{"@type":"CommentAction","name":"Comment","target":["https:\/\/21panorama.com\/index.php\/2022\/03\/07\/piden-hasta-20-anos-de-prision-por-robo-en-el-transporte-publico\/#respond"]}]},{"@type":"WebPage","@id":"https:\/\/21panorama.com\/index.php\/2022\/03\/07\/piden-hasta-20-anos-de-prision-por-robo-en-el-transporte-publico\/","url":"https:\/\/21panorama.com\/index.php\/2022\/03\/07\/piden-hasta-20-anos-de-prision-por-robo-en-el-transporte-publico\/","name":"Piden hasta 20 a\u00f1os de prisi\u00f3n por robo en el transporte p\u00fablico - 21 Panorama","isPartOf":{"@id":"https:\/\/21panorama.com\/#website"},"primaryImageOfPage":{"@id":"https:\/\/21panorama.com\/index.php\/2022\/03\/07\/piden-hasta-20-anos-de-prision-por-robo-en-el-transporte-publico\/#primaryimage"},"image":{"@id":"https:\/\/21panorama.com\/index.php\/2022\/03\/07\/piden-hasta-20-anos-de-prision-por-robo-en-el-transporte-publico\/#primaryimage"},"thumbnailUrl":"https:\/\/21panorama.com\/wp-content\/uploads\/2022\/03\/bb0b1858-c844-4774-be9f-ad54236d02bf.jpeg","datePublished":"2022-03-07T17:53:55+00:00","dateModified":"2022-03-07T17:53:56+00:00","breadcrumb":{"@id":"https:\/\/21panorama.com\/index.php\/2022\/03\/07\/piden-hasta-20-anos-de-prision-por-robo-en-el-transporte-publico\/#breadcrumb"},"inLanguage":"es","potentialAction":[{"@type":"ReadAction","target":["https:\/\/21panorama.com\/index.php\/2022\/03\/07\/piden-hasta-20-anos-de-prision-por-robo-en-el-transporte-publico\/"]}]},{"@type":"ImageObject","inLanguage":"es","@id":"https:\/\/21panorama.com\/index.php\/2022\/03\/07\/piden-hasta-20-anos-de-prision-por-robo-en-el-transporte-publico\/#primaryimage","url":"https:\/\/21panorama.com\/wp-content\/uploads\/2022\/03\/bb0b1858-c844-4774-be9f-ad54236d02bf.jpeg","contentUrl":"https:\/\/21panorama.com\/wp-content\/uploads\/2022\/03\/bb0b1858-c844-4774-be9f-ad54236d02bf.jpeg","width":1600,"height":1066},{"@type":"BreadcrumbList","@id":"https:\/\/21panorama.com\/index.php\/2022\/03\/07\/piden-hasta-20-anos-de-prision-por-robo-en-el-transporte-publico\/#breadcrumb","itemListElement":[{"@type":"ListItem","position":1,"name":"Inicio","item":"https:\/\/21panorama.com\/"},{"@type":"ListItem","position":2,"name":"Piden hasta 20 a\u00f1os de prisi\u00f3n por robo en el transporte p\u00fablico"}]},{"@type":"WebSite","@id":"https:\/\/21panorama.com\/#website","url":"https:\/\/21panorama.com\/","name":"21 Panorama","description":"La construcci\u00f3n de la opini\u00f3n p\u00fablica merece un mejor Panorama en este siglo 21 para alcanzar una sociedad con mayor transparencia y sin corrupci\u00f3n.","publisher":{"@id":"https:\/\/21panorama.com\/#organization"},"potentialAction":[{"@type":"SearchAction","target":{"@type":"EntryPoint","urlTemplate":"https:\/\/21panorama.com\/?s={search_term_string}"},"query-input":{"@type":"PropertyValueSpecification","valueRequired":true,"valueName":"search_term_string"}}],"inLanguage":"es"},{"@type":"Organization","@id":"https:\/\/21panorama.com\/#organization","name":"21 Panorama","url":"https:\/\/21panorama.com\/","logo":{"@type":"ImageObject","inLanguage":"es","@id":"https:\/\/21panorama.com\/#\/schema\/logo\/image\/","url":"https:\/\/21panorama.com\/wp-content\/uploads\/2019\/07\/cropped-Logo-Panorama-01.jpeg","contentUrl":"https:\/\/21panorama.com\/wp-content\/uploads\/2019\/07\/cropped-Logo-Panorama-01.jpeg","width":290,"height":70,"caption":"21 Panorama"},"image":{"@id":"https:\/\/21panorama.com\/#\/schema\/logo\/image\/"}},{"@type":"Person","@id":"https:\/\/21panorama.com\/#\/schema\/person\/1afc291b96d5792a158768324287319f","name":"admin","image":{"@type":"ImageObject","inLanguage":"es","@id":"https:\/\/21panorama.com\/#\/schema\/person\/image\/","url":"https:\/\/secure.gravatar.com\/avatar\/ad365d9d9f46719215b0d042cc3df92a5a8683e09ef13d102233e5491985f0f0?s=96&d=mm&r=g","contentUrl":"https:\/\/secure.gravatar.com\/avatar\/ad365d9d9f46719215b0d042cc3df92a5a8683e09ef13d102233e5491985f0f0?s=96&d=mm&r=g","caption":"admin"},"url":"https:\/\/21panorama.com\/index.php\/author\/admin\/"}]}},"_links":{"self":[{"href":"https:\/\/21panorama.com\/index.php\/wp-json\/wp\/v2\/posts\/3393","targetHints":{"allow":["GET"]}}],"collection":[{"href":"https:\/\/21panorama.com\/index.php\/wp-json\/wp\/v2\/posts"}],"about":[{"href":"https:\/\/21panorama.com\/index.php\/wp-json\/wp\/v2\/types\/post"}],"author":[{"embeddable":true,"href":"https:\/\/21panorama.com\/index.php\/wp-json\/wp\/v2\/users\/1"}],"replies":[{"embeddable":true,"href":"https:\/\/21panorama.com\/index.php\/wp-json\/wp\/v2\/comments?post=3393"}],"version-history":[{"count":1,"href":"https:\/\/21panorama.com\/index.php\/wp-json\/wp\/v2\/posts\/3393\/revisions"}],"predecessor-version":[{"id":3395,"href":"https:\/\/21panorama.com\/index.php\/wp-json\/wp\/v2\/posts\/3393\/revisions\/3395"}],"wp:featuredmedia":[{"embeddable":true,"href":"https:\/\/21panorama.com\/index.php\/wp-json\/wp\/v2\/media\/3394"}],"wp:attachment":[{"href":"https:\/\/21panorama.com\/index.php\/wp-json\/wp\/v2\/media?parent=3393"}],"wp:term":[{"taxonomy":"category","embeddable":true,"href":"https:\/\/21panorama.com\/index.php\/wp-json\/wp\/v2\/categories?post=3393"},{"taxonomy":"post_tag","embeddable":true,"href":"https:\/\/21panorama.com\/index.php\/wp-json\/wp\/v2\/tags?post=3393"}],"curies":[{"name":"wp","href":"https:\/\/api.w.org\/{rel}","templated":true}]}}