{"id":3383,"date":"2022-03-07T11:42:45","date_gmt":"2022-03-07T17:42:45","guid":{"rendered":"https:\/\/21panorama.com\/?p=3383"},"modified":"2022-03-07T11:42:46","modified_gmt":"2022-03-07T17:42:46","slug":"buscan-mejorar-la-vida-interna-del-poder-legislativo","status":"publish","type":"post","link":"https:\/\/21panorama.com\/index.php\/2022\/03\/07\/buscan-mejorar-la-vida-interna-del-poder-legislativo\/","title":{"rendered":"BUSCAN MEJORAR LA VIDA INTERNA DEL PODER LEGISLATIVO"},"content":{"rendered":"\n<p>Con reformas a la Ley Org\u00e1nica y al Reglamento del Poder Legislativo, ambos de la entidad, la legisladora Mar\u00eda Luisa Mendoza Mondrag\u00f3n propuso crear la Comisi\u00f3n de R\u00e9gimen, Reglamentos y Pr\u00e1cticas Parlamentarias, cuyo objetivo sea analizar, discutir y, en su caso, dictaminar los asuntos que busquen regular y mejorar la vida interna del Poder Legislativo.<\/p>\n\n\n\n<p>En voz de las integrantes de Legisladores Ecologistas del Estado de M\u00e9xico, present\u00e9 una iniciativa para crear la comisi\u00f3n de R\u00e9gimen, Reglamentos y Pr\u00e1cticas Parlamentarias, cuyo prop\u00f3sito sea eficientar la labor parlamentaria al interior de la LXI Legislatura del Estado de M\u00e9xico. Hola<\/p>\n\n\n\n<p>Sostuvo que no se trata de demeritar el trabajo legislativo sino de aportar soluciones y una r\u00e1pida praxis, dada la amplitud que la actividad parlamentaria implica.<\/p>\n\n\n\n<p>\u201cS\u00ed se da luz a la creaci\u00f3n de comisiones para atender asuntos relevantes fuera de esta soberan\u00eda, tenemos que ser congruentes y hacer ajustes a la vida interna de nuestra casa\u201d, a\u00f1adi\u00f3 la representante popular.<\/p>\n\n\n\n<figure class=\"wp-block-image size-full\"><img decoding=\"async\" width=\"960\" height=\"682\" src=\"https:\/\/21panorama.com\/wp-content\/uploads\/2022\/03\/577d506c-30d3-4beb-a255-d78fd0da6c81.jpeg\" alt=\"\" class=\"wp-image-3385\" srcset=\"https:\/\/21panorama.com\/wp-content\/uploads\/2022\/03\/577d506c-30d3-4beb-a255-d78fd0da6c81.jpeg 960w, https:\/\/21panorama.com\/wp-content\/uploads\/2022\/03\/577d506c-30d3-4beb-a255-d78fd0da6c81-300x213.jpeg 300w, https:\/\/21panorama.com\/wp-content\/uploads\/2022\/03\/577d506c-30d3-4beb-a255-d78fd0da6c81-768x546.jpeg 768w, https:\/\/21panorama.com\/wp-content\/uploads\/2022\/03\/577d506c-30d3-4beb-a255-d78fd0da6c81-240x172.jpeg 240w\" sizes=\"(max-width: 960px) 100vw, 960px\" \/><\/figure>\n\n\n\n<p><\/p>\n","protected":false},"excerpt":{"rendered":"<p>Con reformas a la Ley Org\u00e1nica y al Reglamento del Poder Legislativo, ambos de la entidad, la legisladora Mar\u00eda Luisa Mendoza Mondrag\u00f3n propuso crear la Comisi\u00f3n de R\u00e9gimen, Reglamentos y Pr\u00e1cticas Parlamentarias, cuyo objetivo sea analizar, discutir y, en su caso, dictaminar los asuntos que busquen regular y mejorar la vida interna del Poder Legislativo.<\/p>\n","protected":false},"author":1,"featured_media":3384,"comment_status":"open","ping_status":"open","sticky":false,"template":"","format":"standard","meta":{"footnotes":""},"categories":[12],"tags":[116],"class_list":["post-3383","post","type-post","status-publish","format-standard","has-post-thumbnail","hentry","category-politica","tag-poderlegislativo"],"yoast_head":"<!-- This site is optimized with the Yoast SEO plugin v24.9 - https:\/\/yoast.com\/wordpress\/plugins\/seo\/ -->\n<title>BUSCAN MEJORAR LA VIDA INTERNA DEL PODER LEGISLATIVO - 21 Panorama<\/title>\n<meta name=\"robots\" content=\"index, follow, max-snippet:-1, max-image-preview:large, max-video-preview:-1\" \/>\n<link rel=\"canonical\" href=\"https:\/\/21panorama.com\/index.php\/2022\/03\/07\/buscan-mejorar-la-vida-interna-del-poder-legislativo\/\" \/>\n<meta property=\"og:locale\" content=\"es_MX\" \/>\n<meta property=\"og:type\" content=\"article\" \/>\n<meta property=\"og:title\" content=\"BUSCAN MEJORAR LA VIDA INTERNA DEL PODER LEGISLATIVO - 21 Panorama\" \/>\n<meta property=\"og:description\" content=\"Con reformas a la Ley Org\u00e1nica y al Reglamento del Poder Legislativo, ambos de la entidad, la legisladora Mar\u00eda Luisa Mendoza Mondrag\u00f3n propuso crear la Comisi\u00f3n de R\u00e9gimen, Reglamentos y Pr\u00e1cticas Parlamentarias, cuyo objetivo sea analizar, discutir y, en su caso, dictaminar los asuntos que busquen regular y mejorar la vida interna del Poder Legislativo.\" \/>\n<meta property=\"og:url\" content=\"https:\/\/21panorama.com\/index.php\/2022\/03\/07\/buscan-mejorar-la-vida-interna-del-poder-legislativo\/\" \/>\n<meta property=\"og:site_name\" content=\"21 Panorama\" \/>\n<meta property=\"article:published_time\" content=\"2022-03-07T17:42:45+00:00\" \/>\n<meta property=\"article:modified_time\" content=\"2022-03-07T17:42:46+00:00\" \/>\n<meta property=\"og:image\" content=\"https:\/\/21panorama.com\/wp-content\/uploads\/2022\/03\/01a1f990-e162-458c-bdd0-464a74fe9a73.jpeg\" \/>\n\t<meta property=\"og:image:width\" content=\"1600\" \/>\n\t<meta property=\"og:image:height\" content=\"1066\" \/>\n\t<meta property=\"og:image:type\" content=\"image\/jpeg\" \/>\n<meta name=\"author\" content=\"admin\" \/>\n<meta name=\"twitter:card\" content=\"summary_large_image\" \/>\n<meta name=\"twitter:label1\" content=\"Escrito por\" \/>\n\t<meta name=\"twitter:data1\" content=\"admin\" \/>\n\t<meta name=\"twitter:label2\" content=\"Tiempo de lectura\" \/>\n\t<meta name=\"twitter:data2\" content=\"1 minuto\" \/>\n<script type=\"application\/ld+json\" class=\"yoast-schema-graph\">{\"@context\":\"https:\/\/schema.org\",\"@graph\":[{\"@type\":\"Article\",\"@id\":\"https:\/\/21panorama.com\/index.php\/2022\/03\/07\/buscan-mejorar-la-vida-interna-del-poder-legislativo\/#article\",\"isPartOf\":{\"@id\":\"https:\/\/21panorama.com\/index.php\/2022\/03\/07\/buscan-mejorar-la-vida-interna-del-poder-legislativo\/\"},\"author\":{\"name\":\"admin\",\"@id\":\"https:\/\/21panorama.com\/#\/schema\/person\/1afc291b96d5792a158768324287319f\"},\"headline\":\"BUSCAN MEJORAR LA VIDA INTERNA DEL PODER LEGISLATIVO\",\"datePublished\":\"2022-03-07T17:42:45+00:00\",\"dateModified\":\"2022-03-07T17:42:46+00:00\",\"mainEntityOfPage\":{\"@id\":\"https:\/\/21panorama.com\/index.php\/2022\/03\/07\/buscan-mejorar-la-vida-interna-del-poder-legislativo\/\"},\"wordCount\":183,\"commentCount\":0,\"publisher\":{\"@id\":\"https:\/\/21panorama.com\/#organization\"},\"image\":{\"@id\":\"https:\/\/21panorama.com\/index.php\/2022\/03\/07\/buscan-mejorar-la-vida-interna-del-poder-legislativo\/#primaryimage\"},\"thumbnailUrl\":\"https:\/\/21panorama.com\/wp-content\/uploads\/2022\/03\/01a1f990-e162-458c-bdd0-464a74fe9a73.jpeg\",\"keywords\":[\"PoderLegislativo\"],\"articleSection\":[\"Politica\"],\"inLanguage\":\"es\",\"potentialAction\":[{\"@type\":\"CommentAction\",\"name\":\"Comment\",\"target\":[\"https:\/\/21panorama.com\/index.php\/2022\/03\/07\/buscan-mejorar-la-vida-interna-del-poder-legislativo\/#respond\"]}]},{\"@type\":\"WebPage\",\"@id\":\"https:\/\/21panorama.com\/index.php\/2022\/03\/07\/buscan-mejorar-la-vida-interna-del-poder-legislativo\/\",\"url\":\"https:\/\/21panorama.com\/index.php\/2022\/03\/07\/buscan-mejorar-la-vida-interna-del-poder-legislativo\/\",\"name\":\"BUSCAN MEJORAR LA VIDA INTERNA DEL PODER LEGISLATIVO - 21 Panorama\",\"isPartOf\":{\"@id\":\"https:\/\/21panorama.com\/#website\"},\"primaryImageOfPage\":{\"@id\":\"https:\/\/21panorama.com\/index.php\/2022\/03\/07\/buscan-mejorar-la-vida-interna-del-poder-legislativo\/#primaryimage\"},\"image\":{\"@id\":\"https:\/\/21panorama.com\/index.php\/2022\/03\/07\/buscan-mejorar-la-vida-interna-del-poder-legislativo\/#primaryimage\"},\"thumbnailUrl\":\"https:\/\/21panorama.com\/wp-content\/uploads\/2022\/03\/01a1f990-e162-458c-bdd0-464a74fe9a73.jpeg\",\"datePublished\":\"2022-03-07T17:42:45+00:00\",\"dateModified\":\"2022-03-07T17:42:46+00:00\",\"breadcrumb\":{\"@id\":\"https:\/\/21panorama.com\/index.php\/2022\/03\/07\/buscan-mejorar-la-vida-interna-del-poder-legislativo\/#breadcrumb\"},\"inLanguage\":\"es\",\"potentialAction\":[{\"@type\":\"ReadAction\",\"target\":[\"https:\/\/21panorama.com\/index.php\/2022\/03\/07\/buscan-mejorar-la-vida-interna-del-poder-legislativo\/\"]}]},{\"@type\":\"ImageObject\",\"inLanguage\":\"es\",\"@id\":\"https:\/\/21panorama.com\/index.php\/2022\/03\/07\/buscan-mejorar-la-vida-interna-del-poder-legislativo\/#primaryimage\",\"url\":\"https:\/\/21panorama.com\/wp-content\/uploads\/2022\/03\/01a1f990-e162-458c-bdd0-464a74fe9a73.jpeg\",\"contentUrl\":\"https:\/\/21panorama.com\/wp-content\/uploads\/2022\/03\/01a1f990-e162-458c-bdd0-464a74fe9a73.jpeg\",\"width\":1600,\"height\":1066},{\"@type\":\"BreadcrumbList\",\"@id\":\"https:\/\/21panorama.com\/index.php\/2022\/03\/07\/buscan-mejorar-la-vida-interna-del-poder-legislativo\/#breadcrumb\",\"itemListElement\":[{\"@type\":\"ListItem\",\"position\":1,\"name\":\"Inicio\",\"item\":\"https:\/\/21panorama.com\/\"},{\"@type\":\"ListItem\",\"position\":2,\"name\":\"BUSCAN MEJORAR LA VIDA INTERNA DEL PODER LEGISLATIVO\"}]},{\"@type\":\"WebSite\",\"@id\":\"https:\/\/21panorama.com\/#website\",\"url\":\"https:\/\/21panorama.com\/\",\"name\":\"21 Panorama\",\"description\":\"La construcci\u00f3n de la opini\u00f3n p\u00fablica merece un mejor Panorama en este siglo 21 para alcanzar una sociedad con mayor transparencia y sin corrupci\u00f3n.\",\"publisher\":{\"@id\":\"https:\/\/21panorama.com\/#organization\"},\"potentialAction\":[{\"@type\":\"SearchAction\",\"target\":{\"@type\":\"EntryPoint\",\"urlTemplate\":\"https:\/\/21panorama.com\/?s={search_term_string}\"},\"query-input\":{\"@type\":\"PropertyValueSpecification\",\"valueRequired\":true,\"valueName\":\"search_term_string\"}}],\"inLanguage\":\"es\"},{\"@type\":\"Organization\",\"@id\":\"https:\/\/21panorama.com\/#organization\",\"name\":\"21 Panorama\",\"url\":\"https:\/\/21panorama.com\/\",\"logo\":{\"@type\":\"ImageObject\",\"inLanguage\":\"es\",\"@id\":\"https:\/\/21panorama.com\/#\/schema\/logo\/image\/\",\"url\":\"https:\/\/21panorama.com\/wp-content\/uploads\/2019\/07\/cropped-Logo-Panorama-01.jpeg\",\"contentUrl\":\"https:\/\/21panorama.com\/wp-content\/uploads\/2019\/07\/cropped-Logo-Panorama-01.jpeg\",\"width\":290,\"height\":70,\"caption\":\"21 Panorama\"},\"image\":{\"@id\":\"https:\/\/21panorama.com\/#\/schema\/logo\/image\/\"}},{\"@type\":\"Person\",\"@id\":\"https:\/\/21panorama.com\/#\/schema\/person\/1afc291b96d5792a158768324287319f\",\"name\":\"admin\",\"image\":{\"@type\":\"ImageObject\",\"inLanguage\":\"es\",\"@id\":\"https:\/\/21panorama.com\/#\/schema\/person\/image\/\",\"url\":\"https:\/\/secure.gravatar.com\/avatar\/ad365d9d9f46719215b0d042cc3df92a5a8683e09ef13d102233e5491985f0f0?s=96&d=mm&r=g\",\"contentUrl\":\"https:\/\/secure.gravatar.com\/avatar\/ad365d9d9f46719215b0d042cc3df92a5a8683e09ef13d102233e5491985f0f0?s=96&d=mm&r=g\",\"caption\":\"admin\"},\"url\":\"https:\/\/21panorama.com\/index.php\/author\/admin\/\"}]}<\/script>\n<!-- \/ Yoast SEO plugin. -->","yoast_head_json":{"title":"BUSCAN MEJORAR LA VIDA INTERNA DEL PODER LEGISLATIVO - 21 Panorama","robots":{"index":"index","follow":"follow","max-snippet":"max-snippet:-1","max-image-preview":"max-image-preview:large","max-video-preview":"max-video-preview:-1"},"canonical":"https:\/\/21panorama.com\/index.php\/2022\/03\/07\/buscan-mejorar-la-vida-interna-del-poder-legislativo\/","og_locale":"es_MX","og_type":"article","og_title":"BUSCAN MEJORAR LA VIDA INTERNA DEL PODER LEGISLATIVO - 21 Panorama","og_description":"Con reformas a la Ley Org\u00e1nica y al Reglamento del Poder Legislativo, ambos de la entidad, la legisladora Mar\u00eda Luisa Mendoza Mondrag\u00f3n propuso crear la Comisi\u00f3n de R\u00e9gimen, Reglamentos y Pr\u00e1cticas Parlamentarias, cuyo objetivo sea analizar, discutir y, en su caso, dictaminar los asuntos que busquen regular y mejorar la vida interna del Poder Legislativo.","og_url":"https:\/\/21panorama.com\/index.php\/2022\/03\/07\/buscan-mejorar-la-vida-interna-del-poder-legislativo\/","og_site_name":"21 Panorama","article_published_time":"2022-03-07T17:42:45+00:00","article_modified_time":"2022-03-07T17:42:46+00:00","og_image":[{"width":1600,"height":1066,"url":"https:\/\/21panorama.com\/wp-content\/uploads\/2022\/03\/01a1f990-e162-458c-bdd0-464a74fe9a73.jpeg","type":"image\/jpeg"}],"author":"admin","twitter_card":"summary_large_image","twitter_misc":{"Escrito por":"admin","Tiempo de lectura":"1 minuto"},"schema":{"@context":"https:\/\/schema.org","@graph":[{"@type":"Article","@id":"https:\/\/21panorama.com\/index.php\/2022\/03\/07\/buscan-mejorar-la-vida-interna-del-poder-legislativo\/#article","isPartOf":{"@id":"https:\/\/21panorama.com\/index.php\/2022\/03\/07\/buscan-mejorar-la-vida-interna-del-poder-legislativo\/"},"author":{"name":"admin","@id":"https:\/\/21panorama.com\/#\/schema\/person\/1afc291b96d5792a158768324287319f"},"headline":"BUSCAN MEJORAR LA VIDA INTERNA DEL PODER LEGISLATIVO","datePublished":"2022-03-07T17:42:45+00:00","dateModified":"2022-03-07T17:42:46+00:00","mainEntityOfPage":{"@id":"https:\/\/21panorama.com\/index.php\/2022\/03\/07\/buscan-mejorar-la-vida-interna-del-poder-legislativo\/"},"wordCount":183,"commentCount":0,"publisher":{"@id":"https:\/\/21panorama.com\/#organization"},"image":{"@id":"https:\/\/21panorama.com\/index.php\/2022\/03\/07\/buscan-mejorar-la-vida-interna-del-poder-legislativo\/#primaryimage"},"thumbnailUrl":"https:\/\/21panorama.com\/wp-content\/uploads\/2022\/03\/01a1f990-e162-458c-bdd0-464a74fe9a73.jpeg","keywords":["PoderLegislativo"],"articleSection":["Politica"],"inLanguage":"es","potentialAction":[{"@type":"CommentAction","name":"Comment","target":["https:\/\/21panorama.com\/index.php\/2022\/03\/07\/buscan-mejorar-la-vida-interna-del-poder-legislativo\/#respond"]}]},{"@type":"WebPage","@id":"https:\/\/21panorama.com\/index.php\/2022\/03\/07\/buscan-mejorar-la-vida-interna-del-poder-legislativo\/","url":"https:\/\/21panorama.com\/index.php\/2022\/03\/07\/buscan-mejorar-la-vida-interna-del-poder-legislativo\/","name":"BUSCAN MEJORAR LA VIDA INTERNA DEL PODER LEGISLATIVO - 21 Panorama","isPartOf":{"@id":"https:\/\/21panorama.com\/#website"},"primaryImageOfPage":{"@id":"https:\/\/21panorama.com\/index.php\/2022\/03\/07\/buscan-mejorar-la-vida-interna-del-poder-legislativo\/#primaryimage"},"image":{"@id":"https:\/\/21panorama.com\/index.php\/2022\/03\/07\/buscan-mejorar-la-vida-interna-del-poder-legislativo\/#primaryimage"},"thumbnailUrl":"https:\/\/21panorama.com\/wp-content\/uploads\/2022\/03\/01a1f990-e162-458c-bdd0-464a74fe9a73.jpeg","datePublished":"2022-03-07T17:42:45+00:00","dateModified":"2022-03-07T17:42:46+00:00","breadcrumb":{"@id":"https:\/\/21panorama.com\/index.php\/2022\/03\/07\/buscan-mejorar-la-vida-interna-del-poder-legislativo\/#breadcrumb"},"inLanguage":"es","potentialAction":[{"@type":"ReadAction","target":["https:\/\/21panorama.com\/index.php\/2022\/03\/07\/buscan-mejorar-la-vida-interna-del-poder-legislativo\/"]}]},{"@type":"ImageObject","inLanguage":"es","@id":"https:\/\/21panorama.com\/index.php\/2022\/03\/07\/buscan-mejorar-la-vida-interna-del-poder-legislativo\/#primaryimage","url":"https:\/\/21panorama.com\/wp-content\/uploads\/2022\/03\/01a1f990-e162-458c-bdd0-464a74fe9a73.jpeg","contentUrl":"https:\/\/21panorama.com\/wp-content\/uploads\/2022\/03\/01a1f990-e162-458c-bdd0-464a74fe9a73.jpeg","width":1600,"height":1066},{"@type":"BreadcrumbList","@id":"https:\/\/21panorama.com\/index.php\/2022\/03\/07\/buscan-mejorar-la-vida-interna-del-poder-legislativo\/#breadcrumb","itemListElement":[{"@type":"ListItem","position":1,"name":"Inicio","item":"https:\/\/21panorama.com\/"},{"@type":"ListItem","position":2,"name":"BUSCAN MEJORAR LA VIDA INTERNA DEL PODER LEGISLATIVO"}]},{"@type":"WebSite","@id":"https:\/\/21panorama.com\/#website","url":"https:\/\/21panorama.com\/","name":"21 Panorama","description":"La construcci\u00f3n de la opini\u00f3n p\u00fablica merece un mejor Panorama en este siglo 21 para alcanzar una sociedad con mayor transparencia y sin corrupci\u00f3n.","publisher":{"@id":"https:\/\/21panorama.com\/#organization"},"potentialAction":[{"@type":"SearchAction","target":{"@type":"EntryPoint","urlTemplate":"https:\/\/21panorama.com\/?s={search_term_string}"},"query-input":{"@type":"PropertyValueSpecification","valueRequired":true,"valueName":"search_term_string"}}],"inLanguage":"es"},{"@type":"Organization","@id":"https:\/\/21panorama.com\/#organization","name":"21 Panorama","url":"https:\/\/21panorama.com\/","logo":{"@type":"ImageObject","inLanguage":"es","@id":"https:\/\/21panorama.com\/#\/schema\/logo\/image\/","url":"https:\/\/21panorama.com\/wp-content\/uploads\/2019\/07\/cropped-Logo-Panorama-01.jpeg","contentUrl":"https:\/\/21panorama.com\/wp-content\/uploads\/2019\/07\/cropped-Logo-Panorama-01.jpeg","width":290,"height":70,"caption":"21 Panorama"},"image":{"@id":"https:\/\/21panorama.com\/#\/schema\/logo\/image\/"}},{"@type":"Person","@id":"https:\/\/21panorama.com\/#\/schema\/person\/1afc291b96d5792a158768324287319f","name":"admin","image":{"@type":"ImageObject","inLanguage":"es","@id":"https:\/\/21panorama.com\/#\/schema\/person\/image\/","url":"https:\/\/secure.gravatar.com\/avatar\/ad365d9d9f46719215b0d042cc3df92a5a8683e09ef13d102233e5491985f0f0?s=96&d=mm&r=g","contentUrl":"https:\/\/secure.gravatar.com\/avatar\/ad365d9d9f46719215b0d042cc3df92a5a8683e09ef13d102233e5491985f0f0?s=96&d=mm&r=g","caption":"admin"},"url":"https:\/\/21panorama.com\/index.php\/author\/admin\/"}]}},"_links":{"self":[{"href":"https:\/\/21panorama.com\/index.php\/wp-json\/wp\/v2\/posts\/3383","targetHints":{"allow":["GET"]}}],"collection":[{"href":"https:\/\/21panorama.com\/index.php\/wp-json\/wp\/v2\/posts"}],"about":[{"href":"https:\/\/21panorama.com\/index.php\/wp-json\/wp\/v2\/types\/post"}],"author":[{"embeddable":true,"href":"https:\/\/21panorama.com\/index.php\/wp-json\/wp\/v2\/users\/1"}],"replies":[{"embeddable":true,"href":"https:\/\/21panorama.com\/index.php\/wp-json\/wp\/v2\/comments?post=3383"}],"version-history":[{"count":1,"href":"https:\/\/21panorama.com\/index.php\/wp-json\/wp\/v2\/posts\/3383\/revisions"}],"predecessor-version":[{"id":3386,"href":"https:\/\/21panorama.com\/index.php\/wp-json\/wp\/v2\/posts\/3383\/revisions\/3386"}],"wp:featuredmedia":[{"embeddable":true,"href":"https:\/\/21panorama.com\/index.php\/wp-json\/wp\/v2\/media\/3384"}],"wp:attachment":[{"href":"https:\/\/21panorama.com\/index.php\/wp-json\/wp\/v2\/media?parent=3383"}],"wp:term":[{"taxonomy":"category","embeddable":true,"href":"https:\/\/21panorama.com\/index.php\/wp-json\/wp\/v2\/categories?post=3383"},{"taxonomy":"post_tag","embeddable":true,"href":"https:\/\/21panorama.com\/index.php\/wp-json\/wp\/v2\/tags?post=3383"}],"curies":[{"name":"wp","href":"https:\/\/api.w.org\/{rel}","templated":true}]}}