{"id":3371,"date":"2022-03-03T18:11:37","date_gmt":"2022-03-04T00:11:37","guid":{"rendered":"https:\/\/21panorama.com\/?p=3371"},"modified":"2022-03-03T18:11:37","modified_gmt":"2022-03-04T00:11:37","slug":"la-diputada-karla-aguilar-fue-designada-como-secretaria-ejecutiva-de-la-copa","status":"publish","type":"post","link":"https:\/\/21panorama.com\/index.php\/2022\/03\/03\/la-diputada-karla-aguilar-fue-designada-como-secretaria-ejecutiva-de-la-copa\/","title":{"rendered":"La diputada Karla Aguilar fue designada como secretaria Ejecutiva de la COPA"},"content":{"rendered":"\n<p>El Pleno de la LXI Legislatura aprob\u00f3 el Acuerdo de Integraci\u00f3n para la Confederaci\u00f3n Parlamentaria de la Am\u00e9ricas, y se design\u00f3 a la diputada Karla Aguilar como Secretaria Ejecutiva de este organismo, organizaci\u00f3n que re\u00fane a los Congresos y las Asambleas Parlamentarias de los estados unitarios, federales, federados y asociados, los Parlamentos Regionales y las Organizaciones Interparlamentarias de las Am\u00e9ricas de 34 estados miembros.<\/p>\n\n\n\n<p>Al respecto, la diputada Karla Aguilar resalt\u00f3 que la participaci\u00f3n de la Legislatura Mexiquense en esta Confederaci\u00f3n permitir\u00e1 la generaci\u00f3n de acuerdos, el intercambio de experiencias, los hermanamientos entre ciudades y el fortalecimiento de los v\u00ednculos de cooperaci\u00f3n entre regiones, pa\u00edses y estados, adem\u00e1s de visibilizar el trabajo legislativo del Estado de M\u00e9xico en el continente y en diversos foros internacionales.<\/p>\n","protected":false},"excerpt":{"rendered":"<p>El Pleno de la LXI Legislatura aprob\u00f3 el Acuerdo de Integraci\u00f3n para la Confederaci\u00f3n Parlamentaria de la Am\u00e9ricas, y se design\u00f3 a la diputada Karla Aguilar como Secretaria Ejecutiva de este organismo, organizaci\u00f3n que re\u00fane a los Congresos y las Asambleas Parlamentarias de los estados unitarios, federales, federados y asociados, los Parlamentos Regionales y las Organizaciones Interparlamentarias de las Am\u00e9ricas de 34 estados miembros.<\/p>\n","protected":false},"author":1,"featured_media":3372,"comment_status":"open","ping_status":"open","sticky":false,"template":"","format":"standard","meta":{"footnotes":""},"categories":[12],"tags":[285],"class_list":["post-3371","post","type-post","status-publish","format-standard","has-post-thumbnail","hentry","category-politica","tag-copa"],"yoast_head":"<!-- This site is optimized with the Yoast SEO plugin v24.9 - https:\/\/yoast.com\/wordpress\/plugins\/seo\/ -->\n<title>La diputada Karla Aguilar fue designada como secretaria Ejecutiva de la COPA - 21 Panorama<\/title>\n<meta name=\"robots\" content=\"index, follow, max-snippet:-1, max-image-preview:large, max-video-preview:-1\" \/>\n<link rel=\"canonical\" href=\"https:\/\/21panorama.com\/index.php\/2022\/03\/03\/la-diputada-karla-aguilar-fue-designada-como-secretaria-ejecutiva-de-la-copa\/\" \/>\n<meta property=\"og:locale\" content=\"es_MX\" \/>\n<meta property=\"og:type\" content=\"article\" \/>\n<meta property=\"og:title\" content=\"La diputada Karla Aguilar fue designada como secretaria Ejecutiva de la COPA - 21 Panorama\" \/>\n<meta property=\"og:description\" content=\"El Pleno de la LXI Legislatura aprob\u00f3 el Acuerdo de Integraci\u00f3n para la Confederaci\u00f3n Parlamentaria de la Am\u00e9ricas, y se design\u00f3 a la diputada Karla Aguilar como Secretaria Ejecutiva de este organismo, organizaci\u00f3n que re\u00fane a los Congresos y las Asambleas Parlamentarias de los estados unitarios, federales, federados y asociados, los Parlamentos Regionales y las Organizaciones Interparlamentarias de las Am\u00e9ricas de 34 estados miembros.\" \/>\n<meta property=\"og:url\" content=\"https:\/\/21panorama.com\/index.php\/2022\/03\/03\/la-diputada-karla-aguilar-fue-designada-como-secretaria-ejecutiva-de-la-copa\/\" \/>\n<meta property=\"og:site_name\" content=\"21 Panorama\" \/>\n<meta property=\"article:published_time\" content=\"2022-03-04T00:11:37+00:00\" \/>\n<meta property=\"og:image\" content=\"https:\/\/21panorama.com\/wp-content\/uploads\/2022\/03\/1380d2f6-7b66-4fa6-9407-ad2ddd36c552.jpeg\" \/>\n\t<meta property=\"og:image:width\" content=\"1440\" \/>\n\t<meta property=\"og:image:height\" content=\"960\" \/>\n\t<meta property=\"og:image:type\" content=\"image\/jpeg\" \/>\n<meta name=\"author\" content=\"admin\" \/>\n<meta name=\"twitter:card\" content=\"summary_large_image\" \/>\n<meta name=\"twitter:label1\" content=\"Escrito por\" \/>\n\t<meta name=\"twitter:data1\" content=\"admin\" \/>\n\t<meta name=\"twitter:label2\" content=\"Tiempo de lectura\" \/>\n\t<meta name=\"twitter:data2\" content=\"1 minuto\" \/>\n<script type=\"application\/ld+json\" class=\"yoast-schema-graph\">{\"@context\":\"https:\/\/schema.org\",\"@graph\":[{\"@type\":\"Article\",\"@id\":\"https:\/\/21panorama.com\/index.php\/2022\/03\/03\/la-diputada-karla-aguilar-fue-designada-como-secretaria-ejecutiva-de-la-copa\/#article\",\"isPartOf\":{\"@id\":\"https:\/\/21panorama.com\/index.php\/2022\/03\/03\/la-diputada-karla-aguilar-fue-designada-como-secretaria-ejecutiva-de-la-copa\/\"},\"author\":{\"name\":\"admin\",\"@id\":\"https:\/\/21panorama.com\/#\/schema\/person\/1afc291b96d5792a158768324287319f\"},\"headline\":\"La diputada Karla Aguilar fue designada como secretaria Ejecutiva de la COPA\",\"datePublished\":\"2022-03-04T00:11:37+00:00\",\"mainEntityOfPage\":{\"@id\":\"https:\/\/21panorama.com\/index.php\/2022\/03\/03\/la-diputada-karla-aguilar-fue-designada-como-secretaria-ejecutiva-de-la-copa\/\"},\"wordCount\":150,\"commentCount\":0,\"publisher\":{\"@id\":\"https:\/\/21panorama.com\/#organization\"},\"image\":{\"@id\":\"https:\/\/21panorama.com\/index.php\/2022\/03\/03\/la-diputada-karla-aguilar-fue-designada-como-secretaria-ejecutiva-de-la-copa\/#primaryimage\"},\"thumbnailUrl\":\"https:\/\/21panorama.com\/wp-content\/uploads\/2022\/03\/1380d2f6-7b66-4fa6-9407-ad2ddd36c552.jpeg\",\"keywords\":[\"COPA\"],\"articleSection\":[\"Politica\"],\"inLanguage\":\"es\",\"potentialAction\":[{\"@type\":\"CommentAction\",\"name\":\"Comment\",\"target\":[\"https:\/\/21panorama.com\/index.php\/2022\/03\/03\/la-diputada-karla-aguilar-fue-designada-como-secretaria-ejecutiva-de-la-copa\/#respond\"]}]},{\"@type\":\"WebPage\",\"@id\":\"https:\/\/21panorama.com\/index.php\/2022\/03\/03\/la-diputada-karla-aguilar-fue-designada-como-secretaria-ejecutiva-de-la-copa\/\",\"url\":\"https:\/\/21panorama.com\/index.php\/2022\/03\/03\/la-diputada-karla-aguilar-fue-designada-como-secretaria-ejecutiva-de-la-copa\/\",\"name\":\"La diputada Karla Aguilar fue designada como secretaria Ejecutiva de la COPA - 21 Panorama\",\"isPartOf\":{\"@id\":\"https:\/\/21panorama.com\/#website\"},\"primaryImageOfPage\":{\"@id\":\"https:\/\/21panorama.com\/index.php\/2022\/03\/03\/la-diputada-karla-aguilar-fue-designada-como-secretaria-ejecutiva-de-la-copa\/#primaryimage\"},\"image\":{\"@id\":\"https:\/\/21panorama.com\/index.php\/2022\/03\/03\/la-diputada-karla-aguilar-fue-designada-como-secretaria-ejecutiva-de-la-copa\/#primaryimage\"},\"thumbnailUrl\":\"https:\/\/21panorama.com\/wp-content\/uploads\/2022\/03\/1380d2f6-7b66-4fa6-9407-ad2ddd36c552.jpeg\",\"datePublished\":\"2022-03-04T00:11:37+00:00\",\"breadcrumb\":{\"@id\":\"https:\/\/21panorama.com\/index.php\/2022\/03\/03\/la-diputada-karla-aguilar-fue-designada-como-secretaria-ejecutiva-de-la-copa\/#breadcrumb\"},\"inLanguage\":\"es\",\"potentialAction\":[{\"@type\":\"ReadAction\",\"target\":[\"https:\/\/21panorama.com\/index.php\/2022\/03\/03\/la-diputada-karla-aguilar-fue-designada-como-secretaria-ejecutiva-de-la-copa\/\"]}]},{\"@type\":\"ImageObject\",\"inLanguage\":\"es\",\"@id\":\"https:\/\/21panorama.com\/index.php\/2022\/03\/03\/la-diputada-karla-aguilar-fue-designada-como-secretaria-ejecutiva-de-la-copa\/#primaryimage\",\"url\":\"https:\/\/21panorama.com\/wp-content\/uploads\/2022\/03\/1380d2f6-7b66-4fa6-9407-ad2ddd36c552.jpeg\",\"contentUrl\":\"https:\/\/21panorama.com\/wp-content\/uploads\/2022\/03\/1380d2f6-7b66-4fa6-9407-ad2ddd36c552.jpeg\",\"width\":1440,\"height\":960},{\"@type\":\"BreadcrumbList\",\"@id\":\"https:\/\/21panorama.com\/index.php\/2022\/03\/03\/la-diputada-karla-aguilar-fue-designada-como-secretaria-ejecutiva-de-la-copa\/#breadcrumb\",\"itemListElement\":[{\"@type\":\"ListItem\",\"position\":1,\"name\":\"Inicio\",\"item\":\"https:\/\/21panorama.com\/\"},{\"@type\":\"ListItem\",\"position\":2,\"name\":\"La diputada Karla Aguilar fue designada como secretaria Ejecutiva de la COPA\"}]},{\"@type\":\"WebSite\",\"@id\":\"https:\/\/21panorama.com\/#website\",\"url\":\"https:\/\/21panorama.com\/\",\"name\":\"21 Panorama\",\"description\":\"La construcci\u00f3n de la opini\u00f3n p\u00fablica merece un mejor Panorama en este siglo 21 para alcanzar una sociedad con mayor transparencia y sin corrupci\u00f3n.\",\"publisher\":{\"@id\":\"https:\/\/21panorama.com\/#organization\"},\"potentialAction\":[{\"@type\":\"SearchAction\",\"target\":{\"@type\":\"EntryPoint\",\"urlTemplate\":\"https:\/\/21panorama.com\/?s={search_term_string}\"},\"query-input\":{\"@type\":\"PropertyValueSpecification\",\"valueRequired\":true,\"valueName\":\"search_term_string\"}}],\"inLanguage\":\"es\"},{\"@type\":\"Organization\",\"@id\":\"https:\/\/21panorama.com\/#organization\",\"name\":\"21 Panorama\",\"url\":\"https:\/\/21panorama.com\/\",\"logo\":{\"@type\":\"ImageObject\",\"inLanguage\":\"es\",\"@id\":\"https:\/\/21panorama.com\/#\/schema\/logo\/image\/\",\"url\":\"https:\/\/21panorama.com\/wp-content\/uploads\/2019\/07\/cropped-Logo-Panorama-01.jpeg\",\"contentUrl\":\"https:\/\/21panorama.com\/wp-content\/uploads\/2019\/07\/cropped-Logo-Panorama-01.jpeg\",\"width\":290,\"height\":70,\"caption\":\"21 Panorama\"},\"image\":{\"@id\":\"https:\/\/21panorama.com\/#\/schema\/logo\/image\/\"}},{\"@type\":\"Person\",\"@id\":\"https:\/\/21panorama.com\/#\/schema\/person\/1afc291b96d5792a158768324287319f\",\"name\":\"admin\",\"image\":{\"@type\":\"ImageObject\",\"inLanguage\":\"es\",\"@id\":\"https:\/\/21panorama.com\/#\/schema\/person\/image\/\",\"url\":\"https:\/\/secure.gravatar.com\/avatar\/ad365d9d9f46719215b0d042cc3df92a5a8683e09ef13d102233e5491985f0f0?s=96&d=mm&r=g\",\"contentUrl\":\"https:\/\/secure.gravatar.com\/avatar\/ad365d9d9f46719215b0d042cc3df92a5a8683e09ef13d102233e5491985f0f0?s=96&d=mm&r=g\",\"caption\":\"admin\"},\"url\":\"https:\/\/21panorama.com\/index.php\/author\/admin\/\"}]}<\/script>\n<!-- \/ Yoast SEO plugin. -->","yoast_head_json":{"title":"La diputada Karla Aguilar fue designada como secretaria Ejecutiva de la COPA - 21 Panorama","robots":{"index":"index","follow":"follow","max-snippet":"max-snippet:-1","max-image-preview":"max-image-preview:large","max-video-preview":"max-video-preview:-1"},"canonical":"https:\/\/21panorama.com\/index.php\/2022\/03\/03\/la-diputada-karla-aguilar-fue-designada-como-secretaria-ejecutiva-de-la-copa\/","og_locale":"es_MX","og_type":"article","og_title":"La diputada Karla Aguilar fue designada como secretaria Ejecutiva de la COPA - 21 Panorama","og_description":"El Pleno de la LXI Legislatura aprob\u00f3 el Acuerdo de Integraci\u00f3n para la Confederaci\u00f3n Parlamentaria de la Am\u00e9ricas, y se design\u00f3 a la diputada Karla Aguilar como Secretaria Ejecutiva de este organismo, organizaci\u00f3n que re\u00fane a los Congresos y las Asambleas Parlamentarias de los estados unitarios, federales, federados y asociados, los Parlamentos Regionales y las Organizaciones Interparlamentarias de las Am\u00e9ricas de 34 estados miembros.","og_url":"https:\/\/21panorama.com\/index.php\/2022\/03\/03\/la-diputada-karla-aguilar-fue-designada-como-secretaria-ejecutiva-de-la-copa\/","og_site_name":"21 Panorama","article_published_time":"2022-03-04T00:11:37+00:00","og_image":[{"width":1440,"height":960,"url":"https:\/\/21panorama.com\/wp-content\/uploads\/2022\/03\/1380d2f6-7b66-4fa6-9407-ad2ddd36c552.jpeg","type":"image\/jpeg"}],"author":"admin","twitter_card":"summary_large_image","twitter_misc":{"Escrito por":"admin","Tiempo de lectura":"1 minuto"},"schema":{"@context":"https:\/\/schema.org","@graph":[{"@type":"Article","@id":"https:\/\/21panorama.com\/index.php\/2022\/03\/03\/la-diputada-karla-aguilar-fue-designada-como-secretaria-ejecutiva-de-la-copa\/#article","isPartOf":{"@id":"https:\/\/21panorama.com\/index.php\/2022\/03\/03\/la-diputada-karla-aguilar-fue-designada-como-secretaria-ejecutiva-de-la-copa\/"},"author":{"name":"admin","@id":"https:\/\/21panorama.com\/#\/schema\/person\/1afc291b96d5792a158768324287319f"},"headline":"La diputada Karla Aguilar fue designada como secretaria Ejecutiva de la COPA","datePublished":"2022-03-04T00:11:37+00:00","mainEntityOfPage":{"@id":"https:\/\/21panorama.com\/index.php\/2022\/03\/03\/la-diputada-karla-aguilar-fue-designada-como-secretaria-ejecutiva-de-la-copa\/"},"wordCount":150,"commentCount":0,"publisher":{"@id":"https:\/\/21panorama.com\/#organization"},"image":{"@id":"https:\/\/21panorama.com\/index.php\/2022\/03\/03\/la-diputada-karla-aguilar-fue-designada-como-secretaria-ejecutiva-de-la-copa\/#primaryimage"},"thumbnailUrl":"https:\/\/21panorama.com\/wp-content\/uploads\/2022\/03\/1380d2f6-7b66-4fa6-9407-ad2ddd36c552.jpeg","keywords":["COPA"],"articleSection":["Politica"],"inLanguage":"es","potentialAction":[{"@type":"CommentAction","name":"Comment","target":["https:\/\/21panorama.com\/index.php\/2022\/03\/03\/la-diputada-karla-aguilar-fue-designada-como-secretaria-ejecutiva-de-la-copa\/#respond"]}]},{"@type":"WebPage","@id":"https:\/\/21panorama.com\/index.php\/2022\/03\/03\/la-diputada-karla-aguilar-fue-designada-como-secretaria-ejecutiva-de-la-copa\/","url":"https:\/\/21panorama.com\/index.php\/2022\/03\/03\/la-diputada-karla-aguilar-fue-designada-como-secretaria-ejecutiva-de-la-copa\/","name":"La diputada Karla Aguilar fue designada como secretaria Ejecutiva de la COPA - 21 Panorama","isPartOf":{"@id":"https:\/\/21panorama.com\/#website"},"primaryImageOfPage":{"@id":"https:\/\/21panorama.com\/index.php\/2022\/03\/03\/la-diputada-karla-aguilar-fue-designada-como-secretaria-ejecutiva-de-la-copa\/#primaryimage"},"image":{"@id":"https:\/\/21panorama.com\/index.php\/2022\/03\/03\/la-diputada-karla-aguilar-fue-designada-como-secretaria-ejecutiva-de-la-copa\/#primaryimage"},"thumbnailUrl":"https:\/\/21panorama.com\/wp-content\/uploads\/2022\/03\/1380d2f6-7b66-4fa6-9407-ad2ddd36c552.jpeg","datePublished":"2022-03-04T00:11:37+00:00","breadcrumb":{"@id":"https:\/\/21panorama.com\/index.php\/2022\/03\/03\/la-diputada-karla-aguilar-fue-designada-como-secretaria-ejecutiva-de-la-copa\/#breadcrumb"},"inLanguage":"es","potentialAction":[{"@type":"ReadAction","target":["https:\/\/21panorama.com\/index.php\/2022\/03\/03\/la-diputada-karla-aguilar-fue-designada-como-secretaria-ejecutiva-de-la-copa\/"]}]},{"@type":"ImageObject","inLanguage":"es","@id":"https:\/\/21panorama.com\/index.php\/2022\/03\/03\/la-diputada-karla-aguilar-fue-designada-como-secretaria-ejecutiva-de-la-copa\/#primaryimage","url":"https:\/\/21panorama.com\/wp-content\/uploads\/2022\/03\/1380d2f6-7b66-4fa6-9407-ad2ddd36c552.jpeg","contentUrl":"https:\/\/21panorama.com\/wp-content\/uploads\/2022\/03\/1380d2f6-7b66-4fa6-9407-ad2ddd36c552.jpeg","width":1440,"height":960},{"@type":"BreadcrumbList","@id":"https:\/\/21panorama.com\/index.php\/2022\/03\/03\/la-diputada-karla-aguilar-fue-designada-como-secretaria-ejecutiva-de-la-copa\/#breadcrumb","itemListElement":[{"@type":"ListItem","position":1,"name":"Inicio","item":"https:\/\/21panorama.com\/"},{"@type":"ListItem","position":2,"name":"La diputada Karla Aguilar fue designada como secretaria Ejecutiva de la COPA"}]},{"@type":"WebSite","@id":"https:\/\/21panorama.com\/#website","url":"https:\/\/21panorama.com\/","name":"21 Panorama","description":"La construcci\u00f3n de la opini\u00f3n p\u00fablica merece un mejor Panorama en este siglo 21 para alcanzar una sociedad con mayor transparencia y sin corrupci\u00f3n.","publisher":{"@id":"https:\/\/21panorama.com\/#organization"},"potentialAction":[{"@type":"SearchAction","target":{"@type":"EntryPoint","urlTemplate":"https:\/\/21panorama.com\/?s={search_term_string}"},"query-input":{"@type":"PropertyValueSpecification","valueRequired":true,"valueName":"search_term_string"}}],"inLanguage":"es"},{"@type":"Organization","@id":"https:\/\/21panorama.com\/#organization","name":"21 Panorama","url":"https:\/\/21panorama.com\/","logo":{"@type":"ImageObject","inLanguage":"es","@id":"https:\/\/21panorama.com\/#\/schema\/logo\/image\/","url":"https:\/\/21panorama.com\/wp-content\/uploads\/2019\/07\/cropped-Logo-Panorama-01.jpeg","contentUrl":"https:\/\/21panorama.com\/wp-content\/uploads\/2019\/07\/cropped-Logo-Panorama-01.jpeg","width":290,"height":70,"caption":"21 Panorama"},"image":{"@id":"https:\/\/21panorama.com\/#\/schema\/logo\/image\/"}},{"@type":"Person","@id":"https:\/\/21panorama.com\/#\/schema\/person\/1afc291b96d5792a158768324287319f","name":"admin","image":{"@type":"ImageObject","inLanguage":"es","@id":"https:\/\/21panorama.com\/#\/schema\/person\/image\/","url":"https:\/\/secure.gravatar.com\/avatar\/ad365d9d9f46719215b0d042cc3df92a5a8683e09ef13d102233e5491985f0f0?s=96&d=mm&r=g","contentUrl":"https:\/\/secure.gravatar.com\/avatar\/ad365d9d9f46719215b0d042cc3df92a5a8683e09ef13d102233e5491985f0f0?s=96&d=mm&r=g","caption":"admin"},"url":"https:\/\/21panorama.com\/index.php\/author\/admin\/"}]}},"_links":{"self":[{"href":"https:\/\/21panorama.com\/index.php\/wp-json\/wp\/v2\/posts\/3371","targetHints":{"allow":["GET"]}}],"collection":[{"href":"https:\/\/21panorama.com\/index.php\/wp-json\/wp\/v2\/posts"}],"about":[{"href":"https:\/\/21panorama.com\/index.php\/wp-json\/wp\/v2\/types\/post"}],"author":[{"embeddable":true,"href":"https:\/\/21panorama.com\/index.php\/wp-json\/wp\/v2\/users\/1"}],"replies":[{"embeddable":true,"href":"https:\/\/21panorama.com\/index.php\/wp-json\/wp\/v2\/comments?post=3371"}],"version-history":[{"count":1,"href":"https:\/\/21panorama.com\/index.php\/wp-json\/wp\/v2\/posts\/3371\/revisions"}],"predecessor-version":[{"id":3373,"href":"https:\/\/21panorama.com\/index.php\/wp-json\/wp\/v2\/posts\/3371\/revisions\/3373"}],"wp:featuredmedia":[{"embeddable":true,"href":"https:\/\/21panorama.com\/index.php\/wp-json\/wp\/v2\/media\/3372"}],"wp:attachment":[{"href":"https:\/\/21panorama.com\/index.php\/wp-json\/wp\/v2\/media?parent=3371"}],"wp:term":[{"taxonomy":"category","embeddable":true,"href":"https:\/\/21panorama.com\/index.php\/wp-json\/wp\/v2\/categories?post=3371"},{"taxonomy":"post_tag","embeddable":true,"href":"https:\/\/21panorama.com\/index.php\/wp-json\/wp\/v2\/tags?post=3371"}],"curies":[{"name":"wp","href":"https:\/\/api.w.org\/{rel}","templated":true}]}}