{"id":3333,"date":"2022-03-01T18:21:14","date_gmt":"2022-03-02T00:21:14","guid":{"rendered":"https:\/\/21panorama.com\/?p=3333"},"modified":"2022-03-01T18:21:15","modified_gmt":"2022-03-02T00:21:15","slug":"impulsa-pri-proteccion-de-mujeres-en-transporte-publico","status":"publish","type":"post","link":"https:\/\/21panorama.com\/index.php\/2022\/03\/01\/impulsa-pri-proteccion-de-mujeres-en-transporte-publico\/","title":{"rendered":"Impulsa PRI protecci\u00f3n de mujeres en transporte p\u00fablico"},"content":{"rendered":"\n<p>Como parte de la agenda legislativa para atender de manera integral el empoderamiento y el respeto a los derechos de las mujeres, el Grupo Parlamentario del PRI en la LXI Legislatura local, present\u00f3 una iniciativa para fortalecer el combate al acoso y a la violencia de g\u00e9nero en el transporte p\u00fablico de la entidad.<br>Al hacer esta propuesta ante el pleno legislativo, la diputada Mar\u00eda Isabel S\u00e1nchez Holgu\u00edn, a nombre del Partido Revolucionario Institucional, afirm\u00f3 que actualmente el servicio de transporte p\u00fablico es uno de los espacios en donde prolifera la violencia de g\u00e9nero, constituy\u00e9ndose como un problema de car\u00e1cter p\u00fablico que afecta a las mujeres a lo largo y ancho del pa\u00eds.<\/p>\n\n\n\n<p>De acuerdo a datos de la ONU Mujeres, se\u00f1al\u00f3, nueve de cada diez mujeres ha sufrido actos de violencia, como acoso sexual, por lo que el transporte p\u00fablico es considerado como el segundo lugar donde m\u00e1s ocurre la violencia contra las mujeres.<\/p>\n\n\n\n<p>La legisladora priista record\u00f3 que las mujeres representan el 51 por ciento de quienes usan el transporte p\u00fablico y son quienes cotidianamente tienen que enfrentarse a miradas lascivas, chiflidos o insinuaciones, comentarios o majader\u00edas sobre su forma de vestir o sus cuerpos, tomar fotos o videos sin su consentimiento, tocamientos, y en casos m\u00e1s graves, amenazas, intentos de violaci\u00f3n, o agresiones f\u00edsicas.<\/p>\n\n\n\n<p>Esto, explic\u00f3, ha hecho que el 70 por ciento de los usuarios de taxis o aplicaciones de movilidad para sus desplazamientos sean mujeres, lo que implica un aumento en el gasto que destinan, dej\u00e1ndolas en una situaci\u00f3n de desventaja, por lo que a trav\u00e9s de esta iniciativa se pretende reformar la fracci\u00f3n XVII de la Ley Org\u00e1nica de la Administraci\u00f3n P\u00fablica del Estado de M\u00e9xico, para que la Secretar\u00eda de Movilidad, en el marco de sus atribuciones, combata el acoso y erradique la violencia de g\u00e9nero en todas sus modalidades en materia de transporte.<\/p>\n","protected":false},"excerpt":{"rendered":"<p>Presentan iniciativas para combatir el acoso y la violencia de g\u00e9nero en transporte p\u00fablico.<\/p>\n","protected":false},"author":1,"featured_media":3334,"comment_status":"open","ping_status":"open","sticky":false,"template":"","format":"standard","meta":{"footnotes":""},"categories":[1],"tags":[33],"class_list":["post-3333","post","type-post","status-publish","format-standard","has-post-thumbnail","hentry","category-sociedad","tag-pri"],"yoast_head":"<!-- This site is optimized with the Yoast SEO plugin v24.9 - https:\/\/yoast.com\/wordpress\/plugins\/seo\/ -->\n<title>Impulsa PRI protecci\u00f3n de mujeres en transporte p\u00fablico - 21 Panorama<\/title>\n<meta name=\"robots\" content=\"index, follow, max-snippet:-1, max-image-preview:large, max-video-preview:-1\" \/>\n<link rel=\"canonical\" href=\"https:\/\/21panorama.com\/index.php\/2022\/03\/01\/impulsa-pri-proteccion-de-mujeres-en-transporte-publico\/\" \/>\n<meta property=\"og:locale\" content=\"es_MX\" \/>\n<meta property=\"og:type\" content=\"article\" \/>\n<meta property=\"og:title\" content=\"Impulsa PRI protecci\u00f3n de mujeres en transporte p\u00fablico - 21 Panorama\" \/>\n<meta property=\"og:description\" content=\"Presentan iniciativas para combatir el acoso y la violencia de g\u00e9nero en transporte p\u00fablico.\" \/>\n<meta property=\"og:url\" content=\"https:\/\/21panorama.com\/index.php\/2022\/03\/01\/impulsa-pri-proteccion-de-mujeres-en-transporte-publico\/\" \/>\n<meta property=\"og:site_name\" content=\"21 Panorama\" \/>\n<meta property=\"article:published_time\" content=\"2022-03-02T00:21:14+00:00\" \/>\n<meta property=\"article:modified_time\" content=\"2022-03-02T00:21:15+00:00\" \/>\n<meta property=\"og:image\" content=\"https:\/\/21panorama.com\/wp-content\/uploads\/2022\/03\/c424852c-9e44-48a2-a6ff-197141682b33.jpeg\" \/>\n\t<meta property=\"og:image:width\" content=\"960\" \/>\n\t<meta property=\"og:image:height\" content=\"640\" \/>\n\t<meta property=\"og:image:type\" content=\"image\/jpeg\" \/>\n<meta name=\"author\" content=\"admin\" \/>\n<meta name=\"twitter:card\" content=\"summary_large_image\" \/>\n<meta name=\"twitter:label1\" content=\"Escrito por\" \/>\n\t<meta name=\"twitter:data1\" content=\"admin\" \/>\n\t<meta name=\"twitter:label2\" content=\"Tiempo de lectura\" \/>\n\t<meta name=\"twitter:data2\" content=\"2 minutos\" \/>\n<script type=\"application\/ld+json\" class=\"yoast-schema-graph\">{\"@context\":\"https:\/\/schema.org\",\"@graph\":[{\"@type\":\"Article\",\"@id\":\"https:\/\/21panorama.com\/index.php\/2022\/03\/01\/impulsa-pri-proteccion-de-mujeres-en-transporte-publico\/#article\",\"isPartOf\":{\"@id\":\"https:\/\/21panorama.com\/index.php\/2022\/03\/01\/impulsa-pri-proteccion-de-mujeres-en-transporte-publico\/\"},\"author\":{\"name\":\"admin\",\"@id\":\"https:\/\/21panorama.com\/#\/schema\/person\/1afc291b96d5792a158768324287319f\"},\"headline\":\"Impulsa PRI protecci\u00f3n de mujeres en transporte p\u00fablico\",\"datePublished\":\"2022-03-02T00:21:14+00:00\",\"dateModified\":\"2022-03-02T00:21:15+00:00\",\"mainEntityOfPage\":{\"@id\":\"https:\/\/21panorama.com\/index.php\/2022\/03\/01\/impulsa-pri-proteccion-de-mujeres-en-transporte-publico\/\"},\"wordCount\":348,\"commentCount\":0,\"publisher\":{\"@id\":\"https:\/\/21panorama.com\/#organization\"},\"image\":{\"@id\":\"https:\/\/21panorama.com\/index.php\/2022\/03\/01\/impulsa-pri-proteccion-de-mujeres-en-transporte-publico\/#primaryimage\"},\"thumbnailUrl\":\"https:\/\/21panorama.com\/wp-content\/uploads\/2022\/03\/c424852c-9e44-48a2-a6ff-197141682b33.jpeg\",\"keywords\":[\"PRI\"],\"articleSection\":[\"Sociedad\"],\"inLanguage\":\"es\",\"potentialAction\":[{\"@type\":\"CommentAction\",\"name\":\"Comment\",\"target\":[\"https:\/\/21panorama.com\/index.php\/2022\/03\/01\/impulsa-pri-proteccion-de-mujeres-en-transporte-publico\/#respond\"]}]},{\"@type\":\"WebPage\",\"@id\":\"https:\/\/21panorama.com\/index.php\/2022\/03\/01\/impulsa-pri-proteccion-de-mujeres-en-transporte-publico\/\",\"url\":\"https:\/\/21panorama.com\/index.php\/2022\/03\/01\/impulsa-pri-proteccion-de-mujeres-en-transporte-publico\/\",\"name\":\"Impulsa PRI protecci\u00f3n de mujeres en transporte p\u00fablico - 21 Panorama\",\"isPartOf\":{\"@id\":\"https:\/\/21panorama.com\/#website\"},\"primaryImageOfPage\":{\"@id\":\"https:\/\/21panorama.com\/index.php\/2022\/03\/01\/impulsa-pri-proteccion-de-mujeres-en-transporte-publico\/#primaryimage\"},\"image\":{\"@id\":\"https:\/\/21panorama.com\/index.php\/2022\/03\/01\/impulsa-pri-proteccion-de-mujeres-en-transporte-publico\/#primaryimage\"},\"thumbnailUrl\":\"https:\/\/21panorama.com\/wp-content\/uploads\/2022\/03\/c424852c-9e44-48a2-a6ff-197141682b33.jpeg\",\"datePublished\":\"2022-03-02T00:21:14+00:00\",\"dateModified\":\"2022-03-02T00:21:15+00:00\",\"breadcrumb\":{\"@id\":\"https:\/\/21panorama.com\/index.php\/2022\/03\/01\/impulsa-pri-proteccion-de-mujeres-en-transporte-publico\/#breadcrumb\"},\"inLanguage\":\"es\",\"potentialAction\":[{\"@type\":\"ReadAction\",\"target\":[\"https:\/\/21panorama.com\/index.php\/2022\/03\/01\/impulsa-pri-proteccion-de-mujeres-en-transporte-publico\/\"]}]},{\"@type\":\"ImageObject\",\"inLanguage\":\"es\",\"@id\":\"https:\/\/21panorama.com\/index.php\/2022\/03\/01\/impulsa-pri-proteccion-de-mujeres-en-transporte-publico\/#primaryimage\",\"url\":\"https:\/\/21panorama.com\/wp-content\/uploads\/2022\/03\/c424852c-9e44-48a2-a6ff-197141682b33.jpeg\",\"contentUrl\":\"https:\/\/21panorama.com\/wp-content\/uploads\/2022\/03\/c424852c-9e44-48a2-a6ff-197141682b33.jpeg\",\"width\":960,\"height\":640},{\"@type\":\"BreadcrumbList\",\"@id\":\"https:\/\/21panorama.com\/index.php\/2022\/03\/01\/impulsa-pri-proteccion-de-mujeres-en-transporte-publico\/#breadcrumb\",\"itemListElement\":[{\"@type\":\"ListItem\",\"position\":1,\"name\":\"Inicio\",\"item\":\"https:\/\/21panorama.com\/\"},{\"@type\":\"ListItem\",\"position\":2,\"name\":\"Impulsa PRI protecci\u00f3n de mujeres en transporte p\u00fablico\"}]},{\"@type\":\"WebSite\",\"@id\":\"https:\/\/21panorama.com\/#website\",\"url\":\"https:\/\/21panorama.com\/\",\"name\":\"21 Panorama\",\"description\":\"La construcci\u00f3n de la opini\u00f3n p\u00fablica merece un mejor Panorama en este siglo 21 para alcanzar una sociedad con mayor transparencia y sin corrupci\u00f3n.\",\"publisher\":{\"@id\":\"https:\/\/21panorama.com\/#organization\"},\"potentialAction\":[{\"@type\":\"SearchAction\",\"target\":{\"@type\":\"EntryPoint\",\"urlTemplate\":\"https:\/\/21panorama.com\/?s={search_term_string}\"},\"query-input\":{\"@type\":\"PropertyValueSpecification\",\"valueRequired\":true,\"valueName\":\"search_term_string\"}}],\"inLanguage\":\"es\"},{\"@type\":\"Organization\",\"@id\":\"https:\/\/21panorama.com\/#organization\",\"name\":\"21 Panorama\",\"url\":\"https:\/\/21panorama.com\/\",\"logo\":{\"@type\":\"ImageObject\",\"inLanguage\":\"es\",\"@id\":\"https:\/\/21panorama.com\/#\/schema\/logo\/image\/\",\"url\":\"https:\/\/21panorama.com\/wp-content\/uploads\/2019\/07\/cropped-Logo-Panorama-01.jpeg\",\"contentUrl\":\"https:\/\/21panorama.com\/wp-content\/uploads\/2019\/07\/cropped-Logo-Panorama-01.jpeg\",\"width\":290,\"height\":70,\"caption\":\"21 Panorama\"},\"image\":{\"@id\":\"https:\/\/21panorama.com\/#\/schema\/logo\/image\/\"}},{\"@type\":\"Person\",\"@id\":\"https:\/\/21panorama.com\/#\/schema\/person\/1afc291b96d5792a158768324287319f\",\"name\":\"admin\",\"image\":{\"@type\":\"ImageObject\",\"inLanguage\":\"es\",\"@id\":\"https:\/\/21panorama.com\/#\/schema\/person\/image\/\",\"url\":\"https:\/\/secure.gravatar.com\/avatar\/ad365d9d9f46719215b0d042cc3df92a5a8683e09ef13d102233e5491985f0f0?s=96&d=mm&r=g\",\"contentUrl\":\"https:\/\/secure.gravatar.com\/avatar\/ad365d9d9f46719215b0d042cc3df92a5a8683e09ef13d102233e5491985f0f0?s=96&d=mm&r=g\",\"caption\":\"admin\"},\"url\":\"https:\/\/21panorama.com\/index.php\/author\/admin\/\"}]}<\/script>\n<!-- \/ Yoast SEO plugin. -->","yoast_head_json":{"title":"Impulsa PRI protecci\u00f3n de mujeres en transporte p\u00fablico - 21 Panorama","robots":{"index":"index","follow":"follow","max-snippet":"max-snippet:-1","max-image-preview":"max-image-preview:large","max-video-preview":"max-video-preview:-1"},"canonical":"https:\/\/21panorama.com\/index.php\/2022\/03\/01\/impulsa-pri-proteccion-de-mujeres-en-transporte-publico\/","og_locale":"es_MX","og_type":"article","og_title":"Impulsa PRI protecci\u00f3n de mujeres en transporte p\u00fablico - 21 Panorama","og_description":"Presentan iniciativas para combatir el acoso y la violencia de g\u00e9nero en transporte p\u00fablico.","og_url":"https:\/\/21panorama.com\/index.php\/2022\/03\/01\/impulsa-pri-proteccion-de-mujeres-en-transporte-publico\/","og_site_name":"21 Panorama","article_published_time":"2022-03-02T00:21:14+00:00","article_modified_time":"2022-03-02T00:21:15+00:00","og_image":[{"width":960,"height":640,"url":"https:\/\/21panorama.com\/wp-content\/uploads\/2022\/03\/c424852c-9e44-48a2-a6ff-197141682b33.jpeg","type":"image\/jpeg"}],"author":"admin","twitter_card":"summary_large_image","twitter_misc":{"Escrito por":"admin","Tiempo de lectura":"2 minutos"},"schema":{"@context":"https:\/\/schema.org","@graph":[{"@type":"Article","@id":"https:\/\/21panorama.com\/index.php\/2022\/03\/01\/impulsa-pri-proteccion-de-mujeres-en-transporte-publico\/#article","isPartOf":{"@id":"https:\/\/21panorama.com\/index.php\/2022\/03\/01\/impulsa-pri-proteccion-de-mujeres-en-transporte-publico\/"},"author":{"name":"admin","@id":"https:\/\/21panorama.com\/#\/schema\/person\/1afc291b96d5792a158768324287319f"},"headline":"Impulsa PRI protecci\u00f3n de mujeres en transporte p\u00fablico","datePublished":"2022-03-02T00:21:14+00:00","dateModified":"2022-03-02T00:21:15+00:00","mainEntityOfPage":{"@id":"https:\/\/21panorama.com\/index.php\/2022\/03\/01\/impulsa-pri-proteccion-de-mujeres-en-transporte-publico\/"},"wordCount":348,"commentCount":0,"publisher":{"@id":"https:\/\/21panorama.com\/#organization"},"image":{"@id":"https:\/\/21panorama.com\/index.php\/2022\/03\/01\/impulsa-pri-proteccion-de-mujeres-en-transporte-publico\/#primaryimage"},"thumbnailUrl":"https:\/\/21panorama.com\/wp-content\/uploads\/2022\/03\/c424852c-9e44-48a2-a6ff-197141682b33.jpeg","keywords":["PRI"],"articleSection":["Sociedad"],"inLanguage":"es","potentialAction":[{"@type":"CommentAction","name":"Comment","target":["https:\/\/21panorama.com\/index.php\/2022\/03\/01\/impulsa-pri-proteccion-de-mujeres-en-transporte-publico\/#respond"]}]},{"@type":"WebPage","@id":"https:\/\/21panorama.com\/index.php\/2022\/03\/01\/impulsa-pri-proteccion-de-mujeres-en-transporte-publico\/","url":"https:\/\/21panorama.com\/index.php\/2022\/03\/01\/impulsa-pri-proteccion-de-mujeres-en-transporte-publico\/","name":"Impulsa PRI protecci\u00f3n de mujeres en transporte p\u00fablico - 21 Panorama","isPartOf":{"@id":"https:\/\/21panorama.com\/#website"},"primaryImageOfPage":{"@id":"https:\/\/21panorama.com\/index.php\/2022\/03\/01\/impulsa-pri-proteccion-de-mujeres-en-transporte-publico\/#primaryimage"},"image":{"@id":"https:\/\/21panorama.com\/index.php\/2022\/03\/01\/impulsa-pri-proteccion-de-mujeres-en-transporte-publico\/#primaryimage"},"thumbnailUrl":"https:\/\/21panorama.com\/wp-content\/uploads\/2022\/03\/c424852c-9e44-48a2-a6ff-197141682b33.jpeg","datePublished":"2022-03-02T00:21:14+00:00","dateModified":"2022-03-02T00:21:15+00:00","breadcrumb":{"@id":"https:\/\/21panorama.com\/index.php\/2022\/03\/01\/impulsa-pri-proteccion-de-mujeres-en-transporte-publico\/#breadcrumb"},"inLanguage":"es","potentialAction":[{"@type":"ReadAction","target":["https:\/\/21panorama.com\/index.php\/2022\/03\/01\/impulsa-pri-proteccion-de-mujeres-en-transporte-publico\/"]}]},{"@type":"ImageObject","inLanguage":"es","@id":"https:\/\/21panorama.com\/index.php\/2022\/03\/01\/impulsa-pri-proteccion-de-mujeres-en-transporte-publico\/#primaryimage","url":"https:\/\/21panorama.com\/wp-content\/uploads\/2022\/03\/c424852c-9e44-48a2-a6ff-197141682b33.jpeg","contentUrl":"https:\/\/21panorama.com\/wp-content\/uploads\/2022\/03\/c424852c-9e44-48a2-a6ff-197141682b33.jpeg","width":960,"height":640},{"@type":"BreadcrumbList","@id":"https:\/\/21panorama.com\/index.php\/2022\/03\/01\/impulsa-pri-proteccion-de-mujeres-en-transporte-publico\/#breadcrumb","itemListElement":[{"@type":"ListItem","position":1,"name":"Inicio","item":"https:\/\/21panorama.com\/"},{"@type":"ListItem","position":2,"name":"Impulsa PRI protecci\u00f3n de mujeres en transporte p\u00fablico"}]},{"@type":"WebSite","@id":"https:\/\/21panorama.com\/#website","url":"https:\/\/21panorama.com\/","name":"21 Panorama","description":"La construcci\u00f3n de la opini\u00f3n p\u00fablica merece un mejor Panorama en este siglo 21 para alcanzar una sociedad con mayor transparencia y sin corrupci\u00f3n.","publisher":{"@id":"https:\/\/21panorama.com\/#organization"},"potentialAction":[{"@type":"SearchAction","target":{"@type":"EntryPoint","urlTemplate":"https:\/\/21panorama.com\/?s={search_term_string}"},"query-input":{"@type":"PropertyValueSpecification","valueRequired":true,"valueName":"search_term_string"}}],"inLanguage":"es"},{"@type":"Organization","@id":"https:\/\/21panorama.com\/#organization","name":"21 Panorama","url":"https:\/\/21panorama.com\/","logo":{"@type":"ImageObject","inLanguage":"es","@id":"https:\/\/21panorama.com\/#\/schema\/logo\/image\/","url":"https:\/\/21panorama.com\/wp-content\/uploads\/2019\/07\/cropped-Logo-Panorama-01.jpeg","contentUrl":"https:\/\/21panorama.com\/wp-content\/uploads\/2019\/07\/cropped-Logo-Panorama-01.jpeg","width":290,"height":70,"caption":"21 Panorama"},"image":{"@id":"https:\/\/21panorama.com\/#\/schema\/logo\/image\/"}},{"@type":"Person","@id":"https:\/\/21panorama.com\/#\/schema\/person\/1afc291b96d5792a158768324287319f","name":"admin","image":{"@type":"ImageObject","inLanguage":"es","@id":"https:\/\/21panorama.com\/#\/schema\/person\/image\/","url":"https:\/\/secure.gravatar.com\/avatar\/ad365d9d9f46719215b0d042cc3df92a5a8683e09ef13d102233e5491985f0f0?s=96&d=mm&r=g","contentUrl":"https:\/\/secure.gravatar.com\/avatar\/ad365d9d9f46719215b0d042cc3df92a5a8683e09ef13d102233e5491985f0f0?s=96&d=mm&r=g","caption":"admin"},"url":"https:\/\/21panorama.com\/index.php\/author\/admin\/"}]}},"_links":{"self":[{"href":"https:\/\/21panorama.com\/index.php\/wp-json\/wp\/v2\/posts\/3333","targetHints":{"allow":["GET"]}}],"collection":[{"href":"https:\/\/21panorama.com\/index.php\/wp-json\/wp\/v2\/posts"}],"about":[{"href":"https:\/\/21panorama.com\/index.php\/wp-json\/wp\/v2\/types\/post"}],"author":[{"embeddable":true,"href":"https:\/\/21panorama.com\/index.php\/wp-json\/wp\/v2\/users\/1"}],"replies":[{"embeddable":true,"href":"https:\/\/21panorama.com\/index.php\/wp-json\/wp\/v2\/comments?post=3333"}],"version-history":[{"count":1,"href":"https:\/\/21panorama.com\/index.php\/wp-json\/wp\/v2\/posts\/3333\/revisions"}],"predecessor-version":[{"id":3335,"href":"https:\/\/21panorama.com\/index.php\/wp-json\/wp\/v2\/posts\/3333\/revisions\/3335"}],"wp:featuredmedia":[{"embeddable":true,"href":"https:\/\/21panorama.com\/index.php\/wp-json\/wp\/v2\/media\/3334"}],"wp:attachment":[{"href":"https:\/\/21panorama.com\/index.php\/wp-json\/wp\/v2\/media?parent=3333"}],"wp:term":[{"taxonomy":"category","embeddable":true,"href":"https:\/\/21panorama.com\/index.php\/wp-json\/wp\/v2\/categories?post=3333"},{"taxonomy":"post_tag","embeddable":true,"href":"https:\/\/21panorama.com\/index.php\/wp-json\/wp\/v2\/tags?post=3333"}],"curies":[{"name":"wp","href":"https:\/\/api.w.org\/{rel}","templated":true}]}}