{"id":3323,"date":"2022-03-01T04:52:19","date_gmt":"2022-03-01T10:52:19","guid":{"rendered":"https:\/\/21panorama.com\/?p=3323"},"modified":"2022-03-01T04:52:20","modified_gmt":"2022-03-01T10:52:20","slug":"reforma-electoral-debe-consolidar-coaliciones-y-espacios-de-gobierno-a-cada-partido-anuar-azar","status":"publish","type":"post","link":"https:\/\/21panorama.com\/index.php\/2022\/03\/01\/reforma-electoral-debe-consolidar-coaliciones-y-espacios-de-gobierno-a-cada-partido-anuar-azar\/","title":{"rendered":"Reforma electoral debe consolidar coaliciones y espacios de gobierno a cada partido: Anuar Azar"},"content":{"rendered":"\n<p>Anuar Azar Figueroa, presidente del Partido Acci\u00f3n Nacional en el Estado de M\u00e9xico, se pronunci\u00f3 hoy por Reforma Electoral en la entidad para que los gobiernos de coalici\u00f3n efectivamente cumplan con esa funci\u00f3n y que cada uno de los partidos coaligados tenga la certeza jur\u00eddica que les corresponda en cada gobierno.<\/p>\n\n\n\n<p>En conferencia de prensa, el tambi\u00e9n diputado federal, se\u00f1al\u00f3 que si bien la alianza electoral ha tenido buena voluntad pol\u00edtica, se lograron los objetivos y camina con buen di\u00e1logo entre las tres dirigencias PAN-PRI y PRD es urgente establecer lo que es un verdadero gobierno de coalici\u00f3n.<\/p>\n\n\n\n<p>\u201cEn el marco jur\u00eddico se habla de que se \u201cpodr\u00e1\u201d tener gobiernos de coalici\u00f3n. Creemos que se debe modificar y tendr\u00e1 que decir: \u201cdeber\u00e1\u201d ser una obligaci\u00f3n y responsabilidad de los que solicitaron el voto a la ciudadan\u00eda. Esto tiene que ver en que los espacios de gobierno no son a voluntad de quien haya tenido el cargo Ejecutivo, ya sea en el \u00e1mbito municipal o estatal\u201d, dijo Anuar Azar.<\/p>\n\n\n\n<p>Finalmente con respecto al nuevo fiscal estatal, el dirigente panista estableci\u00f3 que hay un di\u00e1logo permanente con cada uno de las diputadas y diputados locales, especialmente con el coordinador Enrique Vargas y \u201cAcci\u00f3n Nacional no ser\u00e1 un cheque en blanco para nadie. El nuevo fiscal deber\u00e1 cumplir con el perfil requerido, pues en el actual gobierno estatal la inseguridad tiene \u00edndices que cada vez van m\u00e1s a la alta.<\/p>\n\n\n\n<figure class=\"wp-block-image size-large\"><img decoding=\"async\" width=\"1024\" height=\"264\" src=\"https:\/\/21panorama.com\/wp-content\/uploads\/2022\/03\/534de17f-a939-4f2f-a035-56264f56f42d-1024x264.jpeg\" alt=\"\" class=\"wp-image-3325\" srcset=\"https:\/\/21panorama.com\/wp-content\/uploads\/2022\/03\/534de17f-a939-4f2f-a035-56264f56f42d-1024x264.jpeg 1024w, https:\/\/21panorama.com\/wp-content\/uploads\/2022\/03\/534de17f-a939-4f2f-a035-56264f56f42d-300x77.jpeg 300w, https:\/\/21panorama.com\/wp-content\/uploads\/2022\/03\/534de17f-a939-4f2f-a035-56264f56f42d-768x198.jpeg 768w, https:\/\/21panorama.com\/wp-content\/uploads\/2022\/03\/534de17f-a939-4f2f-a035-56264f56f42d.jpeg 1280w\" sizes=\"(max-width: 1024px) 100vw, 1024px\" \/><\/figure>\n\n\n\n<p><\/p>\n","protected":false},"excerpt":{"rendered":"<p>Anuar Azar Figueroa, presidente del Partido Acci\u00f3n Nacional en el Estado de M\u00e9xico, se pronunci\u00f3 hoy por Reforma Electoral en la entidad para que los gobiernos de coalici\u00f3n efectivamente cumplan con esa funci\u00f3n y que cada uno de los partidos coaligados tenga la certeza jur\u00eddica que les corresponda en cada gobierno.<\/p>\n","protected":false},"author":1,"featured_media":3324,"comment_status":"open","ping_status":"open","sticky":false,"template":"","format":"standard","meta":{"footnotes":""},"categories":[12],"tags":[283],"class_list":["post-3323","post","type-post","status-publish","format-standard","has-post-thumbnail","hentry","category-politica","tag-anuarazar"],"yoast_head":"<!-- This site is optimized with the Yoast SEO plugin v24.9 - https:\/\/yoast.com\/wordpress\/plugins\/seo\/ -->\n<title>Reforma electoral debe consolidar coaliciones y espacios de gobierno a cada partido: Anuar Azar - 21 Panorama<\/title>\n<meta name=\"robots\" content=\"index, follow, max-snippet:-1, max-image-preview:large, max-video-preview:-1\" \/>\n<link rel=\"canonical\" href=\"https:\/\/21panorama.com\/index.php\/2022\/03\/01\/reforma-electoral-debe-consolidar-coaliciones-y-espacios-de-gobierno-a-cada-partido-anuar-azar\/\" \/>\n<meta property=\"og:locale\" content=\"es_MX\" \/>\n<meta property=\"og:type\" content=\"article\" \/>\n<meta property=\"og:title\" content=\"Reforma electoral debe consolidar coaliciones y espacios de gobierno a cada partido: Anuar Azar - 21 Panorama\" \/>\n<meta property=\"og:description\" content=\"Anuar Azar Figueroa, presidente del Partido Acci\u00f3n Nacional en el Estado de M\u00e9xico, se pronunci\u00f3 hoy por Reforma Electoral en la entidad para que los gobiernos de coalici\u00f3n efectivamente cumplan con esa funci\u00f3n y que cada uno de los partidos coaligados tenga la certeza jur\u00eddica que les corresponda en cada gobierno.\" \/>\n<meta property=\"og:url\" content=\"https:\/\/21panorama.com\/index.php\/2022\/03\/01\/reforma-electoral-debe-consolidar-coaliciones-y-espacios-de-gobierno-a-cada-partido-anuar-azar\/\" \/>\n<meta property=\"og:site_name\" content=\"21 Panorama\" \/>\n<meta property=\"article:published_time\" content=\"2022-03-01T10:52:19+00:00\" \/>\n<meta property=\"article:modified_time\" content=\"2022-03-01T10:52:20+00:00\" \/>\n<meta property=\"og:image\" content=\"https:\/\/21panorama.com\/wp-content\/uploads\/2022\/03\/0b836c40-910c-479c-af47-ad8494dcaf47.jpeg\" \/>\n\t<meta property=\"og:image:width\" content=\"853\" \/>\n\t<meta property=\"og:image:height\" content=\"822\" \/>\n\t<meta property=\"og:image:type\" content=\"image\/jpeg\" \/>\n<meta name=\"author\" content=\"admin\" \/>\n<meta name=\"twitter:card\" content=\"summary_large_image\" \/>\n<meta name=\"twitter:label1\" content=\"Escrito por\" \/>\n\t<meta name=\"twitter:data1\" content=\"admin\" \/>\n\t<meta name=\"twitter:label2\" content=\"Tiempo de lectura\" \/>\n\t<meta name=\"twitter:data2\" content=\"2 minutos\" \/>\n<script type=\"application\/ld+json\" class=\"yoast-schema-graph\">{\"@context\":\"https:\/\/schema.org\",\"@graph\":[{\"@type\":\"Article\",\"@id\":\"https:\/\/21panorama.com\/index.php\/2022\/03\/01\/reforma-electoral-debe-consolidar-coaliciones-y-espacios-de-gobierno-a-cada-partido-anuar-azar\/#article\",\"isPartOf\":{\"@id\":\"https:\/\/21panorama.com\/index.php\/2022\/03\/01\/reforma-electoral-debe-consolidar-coaliciones-y-espacios-de-gobierno-a-cada-partido-anuar-azar\/\"},\"author\":{\"name\":\"admin\",\"@id\":\"https:\/\/21panorama.com\/#\/schema\/person\/1afc291b96d5792a158768324287319f\"},\"headline\":\"Reforma electoral debe consolidar coaliciones y espacios de gobierno a cada partido: Anuar Azar\",\"datePublished\":\"2022-03-01T10:52:19+00:00\",\"dateModified\":\"2022-03-01T10:52:20+00:00\",\"mainEntityOfPage\":{\"@id\":\"https:\/\/21panorama.com\/index.php\/2022\/03\/01\/reforma-electoral-debe-consolidar-coaliciones-y-espacios-de-gobierno-a-cada-partido-anuar-azar\/\"},\"wordCount\":268,\"commentCount\":0,\"publisher\":{\"@id\":\"https:\/\/21panorama.com\/#organization\"},\"image\":{\"@id\":\"https:\/\/21panorama.com\/index.php\/2022\/03\/01\/reforma-electoral-debe-consolidar-coaliciones-y-espacios-de-gobierno-a-cada-partido-anuar-azar\/#primaryimage\"},\"thumbnailUrl\":\"https:\/\/21panorama.com\/wp-content\/uploads\/2022\/03\/0b836c40-910c-479c-af47-ad8494dcaf47.jpeg\",\"keywords\":[\"ANUARAZAR\"],\"articleSection\":[\"Politica\"],\"inLanguage\":\"es\",\"potentialAction\":[{\"@type\":\"CommentAction\",\"name\":\"Comment\",\"target\":[\"https:\/\/21panorama.com\/index.php\/2022\/03\/01\/reforma-electoral-debe-consolidar-coaliciones-y-espacios-de-gobierno-a-cada-partido-anuar-azar\/#respond\"]}]},{\"@type\":\"WebPage\",\"@id\":\"https:\/\/21panorama.com\/index.php\/2022\/03\/01\/reforma-electoral-debe-consolidar-coaliciones-y-espacios-de-gobierno-a-cada-partido-anuar-azar\/\",\"url\":\"https:\/\/21panorama.com\/index.php\/2022\/03\/01\/reforma-electoral-debe-consolidar-coaliciones-y-espacios-de-gobierno-a-cada-partido-anuar-azar\/\",\"name\":\"Reforma electoral debe consolidar coaliciones y espacios de gobierno a cada partido: Anuar Azar - 21 Panorama\",\"isPartOf\":{\"@id\":\"https:\/\/21panorama.com\/#website\"},\"primaryImageOfPage\":{\"@id\":\"https:\/\/21panorama.com\/index.php\/2022\/03\/01\/reforma-electoral-debe-consolidar-coaliciones-y-espacios-de-gobierno-a-cada-partido-anuar-azar\/#primaryimage\"},\"image\":{\"@id\":\"https:\/\/21panorama.com\/index.php\/2022\/03\/01\/reforma-electoral-debe-consolidar-coaliciones-y-espacios-de-gobierno-a-cada-partido-anuar-azar\/#primaryimage\"},\"thumbnailUrl\":\"https:\/\/21panorama.com\/wp-content\/uploads\/2022\/03\/0b836c40-910c-479c-af47-ad8494dcaf47.jpeg\",\"datePublished\":\"2022-03-01T10:52:19+00:00\",\"dateModified\":\"2022-03-01T10:52:20+00:00\",\"breadcrumb\":{\"@id\":\"https:\/\/21panorama.com\/index.php\/2022\/03\/01\/reforma-electoral-debe-consolidar-coaliciones-y-espacios-de-gobierno-a-cada-partido-anuar-azar\/#breadcrumb\"},\"inLanguage\":\"es\",\"potentialAction\":[{\"@type\":\"ReadAction\",\"target\":[\"https:\/\/21panorama.com\/index.php\/2022\/03\/01\/reforma-electoral-debe-consolidar-coaliciones-y-espacios-de-gobierno-a-cada-partido-anuar-azar\/\"]}]},{\"@type\":\"ImageObject\",\"inLanguage\":\"es\",\"@id\":\"https:\/\/21panorama.com\/index.php\/2022\/03\/01\/reforma-electoral-debe-consolidar-coaliciones-y-espacios-de-gobierno-a-cada-partido-anuar-azar\/#primaryimage\",\"url\":\"https:\/\/21panorama.com\/wp-content\/uploads\/2022\/03\/0b836c40-910c-479c-af47-ad8494dcaf47.jpeg\",\"contentUrl\":\"https:\/\/21panorama.com\/wp-content\/uploads\/2022\/03\/0b836c40-910c-479c-af47-ad8494dcaf47.jpeg\",\"width\":853,\"height\":822},{\"@type\":\"BreadcrumbList\",\"@id\":\"https:\/\/21panorama.com\/index.php\/2022\/03\/01\/reforma-electoral-debe-consolidar-coaliciones-y-espacios-de-gobierno-a-cada-partido-anuar-azar\/#breadcrumb\",\"itemListElement\":[{\"@type\":\"ListItem\",\"position\":1,\"name\":\"Inicio\",\"item\":\"https:\/\/21panorama.com\/\"},{\"@type\":\"ListItem\",\"position\":2,\"name\":\"Reforma electoral debe consolidar coaliciones y espacios de gobierno a cada partido: Anuar Azar\"}]},{\"@type\":\"WebSite\",\"@id\":\"https:\/\/21panorama.com\/#website\",\"url\":\"https:\/\/21panorama.com\/\",\"name\":\"21 Panorama\",\"description\":\"La construcci\u00f3n de la opini\u00f3n p\u00fablica merece un mejor Panorama en este siglo 21 para alcanzar una sociedad con mayor transparencia y sin corrupci\u00f3n.\",\"publisher\":{\"@id\":\"https:\/\/21panorama.com\/#organization\"},\"potentialAction\":[{\"@type\":\"SearchAction\",\"target\":{\"@type\":\"EntryPoint\",\"urlTemplate\":\"https:\/\/21panorama.com\/?s={search_term_string}\"},\"query-input\":{\"@type\":\"PropertyValueSpecification\",\"valueRequired\":true,\"valueName\":\"search_term_string\"}}],\"inLanguage\":\"es\"},{\"@type\":\"Organization\",\"@id\":\"https:\/\/21panorama.com\/#organization\",\"name\":\"21 Panorama\",\"url\":\"https:\/\/21panorama.com\/\",\"logo\":{\"@type\":\"ImageObject\",\"inLanguage\":\"es\",\"@id\":\"https:\/\/21panorama.com\/#\/schema\/logo\/image\/\",\"url\":\"https:\/\/21panorama.com\/wp-content\/uploads\/2019\/07\/cropped-Logo-Panorama-01.jpeg\",\"contentUrl\":\"https:\/\/21panorama.com\/wp-content\/uploads\/2019\/07\/cropped-Logo-Panorama-01.jpeg\",\"width\":290,\"height\":70,\"caption\":\"21 Panorama\"},\"image\":{\"@id\":\"https:\/\/21panorama.com\/#\/schema\/logo\/image\/\"}},{\"@type\":\"Person\",\"@id\":\"https:\/\/21panorama.com\/#\/schema\/person\/1afc291b96d5792a158768324287319f\",\"name\":\"admin\",\"image\":{\"@type\":\"ImageObject\",\"inLanguage\":\"es\",\"@id\":\"https:\/\/21panorama.com\/#\/schema\/person\/image\/\",\"url\":\"https:\/\/secure.gravatar.com\/avatar\/ad365d9d9f46719215b0d042cc3df92a5a8683e09ef13d102233e5491985f0f0?s=96&d=mm&r=g\",\"contentUrl\":\"https:\/\/secure.gravatar.com\/avatar\/ad365d9d9f46719215b0d042cc3df92a5a8683e09ef13d102233e5491985f0f0?s=96&d=mm&r=g\",\"caption\":\"admin\"},\"url\":\"https:\/\/21panorama.com\/index.php\/author\/admin\/\"}]}<\/script>\n<!-- \/ Yoast SEO plugin. -->","yoast_head_json":{"title":"Reforma electoral debe consolidar coaliciones y espacios de gobierno a cada partido: Anuar Azar - 21 Panorama","robots":{"index":"index","follow":"follow","max-snippet":"max-snippet:-1","max-image-preview":"max-image-preview:large","max-video-preview":"max-video-preview:-1"},"canonical":"https:\/\/21panorama.com\/index.php\/2022\/03\/01\/reforma-electoral-debe-consolidar-coaliciones-y-espacios-de-gobierno-a-cada-partido-anuar-azar\/","og_locale":"es_MX","og_type":"article","og_title":"Reforma electoral debe consolidar coaliciones y espacios de gobierno a cada partido: Anuar Azar - 21 Panorama","og_description":"Anuar Azar Figueroa, presidente del Partido Acci\u00f3n Nacional en el Estado de M\u00e9xico, se pronunci\u00f3 hoy por Reforma Electoral en la entidad para que los gobiernos de coalici\u00f3n efectivamente cumplan con esa funci\u00f3n y que cada uno de los partidos coaligados tenga la certeza jur\u00eddica que les corresponda en cada gobierno.","og_url":"https:\/\/21panorama.com\/index.php\/2022\/03\/01\/reforma-electoral-debe-consolidar-coaliciones-y-espacios-de-gobierno-a-cada-partido-anuar-azar\/","og_site_name":"21 Panorama","article_published_time":"2022-03-01T10:52:19+00:00","article_modified_time":"2022-03-01T10:52:20+00:00","og_image":[{"width":853,"height":822,"url":"https:\/\/21panorama.com\/wp-content\/uploads\/2022\/03\/0b836c40-910c-479c-af47-ad8494dcaf47.jpeg","type":"image\/jpeg"}],"author":"admin","twitter_card":"summary_large_image","twitter_misc":{"Escrito por":"admin","Tiempo de lectura":"2 minutos"},"schema":{"@context":"https:\/\/schema.org","@graph":[{"@type":"Article","@id":"https:\/\/21panorama.com\/index.php\/2022\/03\/01\/reforma-electoral-debe-consolidar-coaliciones-y-espacios-de-gobierno-a-cada-partido-anuar-azar\/#article","isPartOf":{"@id":"https:\/\/21panorama.com\/index.php\/2022\/03\/01\/reforma-electoral-debe-consolidar-coaliciones-y-espacios-de-gobierno-a-cada-partido-anuar-azar\/"},"author":{"name":"admin","@id":"https:\/\/21panorama.com\/#\/schema\/person\/1afc291b96d5792a158768324287319f"},"headline":"Reforma electoral debe consolidar coaliciones y espacios de gobierno a cada partido: Anuar Azar","datePublished":"2022-03-01T10:52:19+00:00","dateModified":"2022-03-01T10:52:20+00:00","mainEntityOfPage":{"@id":"https:\/\/21panorama.com\/index.php\/2022\/03\/01\/reforma-electoral-debe-consolidar-coaliciones-y-espacios-de-gobierno-a-cada-partido-anuar-azar\/"},"wordCount":268,"commentCount":0,"publisher":{"@id":"https:\/\/21panorama.com\/#organization"},"image":{"@id":"https:\/\/21panorama.com\/index.php\/2022\/03\/01\/reforma-electoral-debe-consolidar-coaliciones-y-espacios-de-gobierno-a-cada-partido-anuar-azar\/#primaryimage"},"thumbnailUrl":"https:\/\/21panorama.com\/wp-content\/uploads\/2022\/03\/0b836c40-910c-479c-af47-ad8494dcaf47.jpeg","keywords":["ANUARAZAR"],"articleSection":["Politica"],"inLanguage":"es","potentialAction":[{"@type":"CommentAction","name":"Comment","target":["https:\/\/21panorama.com\/index.php\/2022\/03\/01\/reforma-electoral-debe-consolidar-coaliciones-y-espacios-de-gobierno-a-cada-partido-anuar-azar\/#respond"]}]},{"@type":"WebPage","@id":"https:\/\/21panorama.com\/index.php\/2022\/03\/01\/reforma-electoral-debe-consolidar-coaliciones-y-espacios-de-gobierno-a-cada-partido-anuar-azar\/","url":"https:\/\/21panorama.com\/index.php\/2022\/03\/01\/reforma-electoral-debe-consolidar-coaliciones-y-espacios-de-gobierno-a-cada-partido-anuar-azar\/","name":"Reforma electoral debe consolidar coaliciones y espacios de gobierno a cada partido: Anuar Azar - 21 Panorama","isPartOf":{"@id":"https:\/\/21panorama.com\/#website"},"primaryImageOfPage":{"@id":"https:\/\/21panorama.com\/index.php\/2022\/03\/01\/reforma-electoral-debe-consolidar-coaliciones-y-espacios-de-gobierno-a-cada-partido-anuar-azar\/#primaryimage"},"image":{"@id":"https:\/\/21panorama.com\/index.php\/2022\/03\/01\/reforma-electoral-debe-consolidar-coaliciones-y-espacios-de-gobierno-a-cada-partido-anuar-azar\/#primaryimage"},"thumbnailUrl":"https:\/\/21panorama.com\/wp-content\/uploads\/2022\/03\/0b836c40-910c-479c-af47-ad8494dcaf47.jpeg","datePublished":"2022-03-01T10:52:19+00:00","dateModified":"2022-03-01T10:52:20+00:00","breadcrumb":{"@id":"https:\/\/21panorama.com\/index.php\/2022\/03\/01\/reforma-electoral-debe-consolidar-coaliciones-y-espacios-de-gobierno-a-cada-partido-anuar-azar\/#breadcrumb"},"inLanguage":"es","potentialAction":[{"@type":"ReadAction","target":["https:\/\/21panorama.com\/index.php\/2022\/03\/01\/reforma-electoral-debe-consolidar-coaliciones-y-espacios-de-gobierno-a-cada-partido-anuar-azar\/"]}]},{"@type":"ImageObject","inLanguage":"es","@id":"https:\/\/21panorama.com\/index.php\/2022\/03\/01\/reforma-electoral-debe-consolidar-coaliciones-y-espacios-de-gobierno-a-cada-partido-anuar-azar\/#primaryimage","url":"https:\/\/21panorama.com\/wp-content\/uploads\/2022\/03\/0b836c40-910c-479c-af47-ad8494dcaf47.jpeg","contentUrl":"https:\/\/21panorama.com\/wp-content\/uploads\/2022\/03\/0b836c40-910c-479c-af47-ad8494dcaf47.jpeg","width":853,"height":822},{"@type":"BreadcrumbList","@id":"https:\/\/21panorama.com\/index.php\/2022\/03\/01\/reforma-electoral-debe-consolidar-coaliciones-y-espacios-de-gobierno-a-cada-partido-anuar-azar\/#breadcrumb","itemListElement":[{"@type":"ListItem","position":1,"name":"Inicio","item":"https:\/\/21panorama.com\/"},{"@type":"ListItem","position":2,"name":"Reforma electoral debe consolidar coaliciones y espacios de gobierno a cada partido: Anuar Azar"}]},{"@type":"WebSite","@id":"https:\/\/21panorama.com\/#website","url":"https:\/\/21panorama.com\/","name":"21 Panorama","description":"La construcci\u00f3n de la opini\u00f3n p\u00fablica merece un mejor Panorama en este siglo 21 para alcanzar una sociedad con mayor transparencia y sin corrupci\u00f3n.","publisher":{"@id":"https:\/\/21panorama.com\/#organization"},"potentialAction":[{"@type":"SearchAction","target":{"@type":"EntryPoint","urlTemplate":"https:\/\/21panorama.com\/?s={search_term_string}"},"query-input":{"@type":"PropertyValueSpecification","valueRequired":true,"valueName":"search_term_string"}}],"inLanguage":"es"},{"@type":"Organization","@id":"https:\/\/21panorama.com\/#organization","name":"21 Panorama","url":"https:\/\/21panorama.com\/","logo":{"@type":"ImageObject","inLanguage":"es","@id":"https:\/\/21panorama.com\/#\/schema\/logo\/image\/","url":"https:\/\/21panorama.com\/wp-content\/uploads\/2019\/07\/cropped-Logo-Panorama-01.jpeg","contentUrl":"https:\/\/21panorama.com\/wp-content\/uploads\/2019\/07\/cropped-Logo-Panorama-01.jpeg","width":290,"height":70,"caption":"21 Panorama"},"image":{"@id":"https:\/\/21panorama.com\/#\/schema\/logo\/image\/"}},{"@type":"Person","@id":"https:\/\/21panorama.com\/#\/schema\/person\/1afc291b96d5792a158768324287319f","name":"admin","image":{"@type":"ImageObject","inLanguage":"es","@id":"https:\/\/21panorama.com\/#\/schema\/person\/image\/","url":"https:\/\/secure.gravatar.com\/avatar\/ad365d9d9f46719215b0d042cc3df92a5a8683e09ef13d102233e5491985f0f0?s=96&d=mm&r=g","contentUrl":"https:\/\/secure.gravatar.com\/avatar\/ad365d9d9f46719215b0d042cc3df92a5a8683e09ef13d102233e5491985f0f0?s=96&d=mm&r=g","caption":"admin"},"url":"https:\/\/21panorama.com\/index.php\/author\/admin\/"}]}},"_links":{"self":[{"href":"https:\/\/21panorama.com\/index.php\/wp-json\/wp\/v2\/posts\/3323","targetHints":{"allow":["GET"]}}],"collection":[{"href":"https:\/\/21panorama.com\/index.php\/wp-json\/wp\/v2\/posts"}],"about":[{"href":"https:\/\/21panorama.com\/index.php\/wp-json\/wp\/v2\/types\/post"}],"author":[{"embeddable":true,"href":"https:\/\/21panorama.com\/index.php\/wp-json\/wp\/v2\/users\/1"}],"replies":[{"embeddable":true,"href":"https:\/\/21panorama.com\/index.php\/wp-json\/wp\/v2\/comments?post=3323"}],"version-history":[{"count":1,"href":"https:\/\/21panorama.com\/index.php\/wp-json\/wp\/v2\/posts\/3323\/revisions"}],"predecessor-version":[{"id":3326,"href":"https:\/\/21panorama.com\/index.php\/wp-json\/wp\/v2\/posts\/3323\/revisions\/3326"}],"wp:featuredmedia":[{"embeddable":true,"href":"https:\/\/21panorama.com\/index.php\/wp-json\/wp\/v2\/media\/3324"}],"wp:attachment":[{"href":"https:\/\/21panorama.com\/index.php\/wp-json\/wp\/v2\/media?parent=3323"}],"wp:term":[{"taxonomy":"category","embeddable":true,"href":"https:\/\/21panorama.com\/index.php\/wp-json\/wp\/v2\/categories?post=3323"},{"taxonomy":"post_tag","embeddable":true,"href":"https:\/\/21panorama.com\/index.php\/wp-json\/wp\/v2\/tags?post=3323"}],"curies":[{"name":"wp","href":"https:\/\/api.w.org\/{rel}","templated":true}]}}