{"id":3309,"date":"2022-02-23T04:56:49","date_gmt":"2022-02-23T10:56:49","guid":{"rendered":"https:\/\/21panorama.com\/?p=3309"},"modified":"2022-02-23T04:56:50","modified_gmt":"2022-02-23T10:56:50","slug":"entran-en-vigor-sanciones-por-toma-de-casetas","status":"publish","type":"post","link":"https:\/\/21panorama.com\/index.php\/2022\/02\/23\/entran-en-vigor-sanciones-por-toma-de-casetas\/","title":{"rendered":"ENTRAN EN VIGOR SANCIONES POR TOMA DE CASETAS"},"content":{"rendered":"\n<p>La Secretari\u0301a de Infraestructura, Comunicaciones y Transportes (SICT) informa que se emitio\u0301 un Decreto del Congreso General de los Estados Unidos Mexicanos que reforma uno de los articulados de la Ley de Vi\u0301as Generales de Comunicacio\u0301n (LVGC), que sanciona a quienes dan\u0303en, perjudiquen o destruyan dichas vi\u0301as o los medios de transporte, o que para obtener un lucro interrumpan el tra\u0301nsito de los medios de transporte y la operacio\u0301n de los servicios de peaje.<\/p>\n\n\n\n<p>Rubricado por el presidente de la Repu\u0301blica Andre\u0301s Manuel Lo\u0301pez Obrador, el decreto modifica el primer pa\u0301rrafo del arti\u0301culo 533 de la LVGC, que establece:<br>\u201cA quienes dan\u0303en, perjudiquen o destruyan las vi\u0301as generales de comunicacio\u0301n, o los medios de transporte, o interrumpan la construccio\u0301n de dichas vi\u0301as, o para obtener un lucro interrumpan el tra\u0301nsito de los medios de transporte y la operacio\u0301n de los servicios de peaje, o total o parcialmente interrumpan o deterioren los dema\u0301s servicios que operen en las vi\u0301as generales de comunicacio\u0301n o los medios<br>de transporte, se impondra\u0301 sancio\u0301n de tres meses a siete an\u0303os de prisio\u0301n y multa de 100 a 500 veces el valor diario de la Unidad de Medida y Actualizacio\u0301n.\u201d<\/p>\n\n\n\n<p>La reforma, que fuera publicada este martes 22 de febrero de 2022 en el Diario Oficial de la Federacio\u0301n, entrara\u0301 en vigor a partir de man\u0303ana.<\/p>\n\n\n\n<p>Aclara que quedan derogadas todas aquellas disposiciones que se opongan al decreto.<br>El documento tambie\u0301n fue firmado por el secretario de Gobernacio\u0301n, Ada\u0301n Augusto Lo\u0301pez Herna\u0301ndez, asi\u0301 como los presidentes de las mesas<br>directivas de la Ca\u0301mara de Diputados y la Ca\u0301mara de Senadores.<\/p>\n\n\n\n<figure class=\"wp-block-image size-full\"><img decoding=\"async\" width=\"701\" height=\"438\" src=\"https:\/\/21panorama.com\/wp-content\/uploads\/2022\/02\/be206afe-bb77-419f-9f90-d6e80832e43b.jpeg\" alt=\"\" class=\"wp-image-3311\" srcset=\"https:\/\/21panorama.com\/wp-content\/uploads\/2022\/02\/be206afe-bb77-419f-9f90-d6e80832e43b.jpeg 701w, https:\/\/21panorama.com\/wp-content\/uploads\/2022\/02\/be206afe-bb77-419f-9f90-d6e80832e43b-300x187.jpeg 300w\" sizes=\"(max-width: 701px) 100vw, 701px\" \/><\/figure>\n\n\n\n<p><\/p>\n","protected":false},"excerpt":{"rendered":"<p>Decreto establece sanciones a quienes dan\u0303en dichas vi\u0301as o interrumpan operacio\u0301n de los servicios de peaje. <\/p>\n","protected":false},"author":1,"featured_media":3310,"comment_status":"open","ping_status":"open","sticky":false,"template":"","format":"standard","meta":{"footnotes":""},"categories":[1],"tags":[280],"class_list":["post-3309","post","type-post","status-publish","format-standard","has-post-thumbnail","hentry","category-sociedad","tag-sanciones"],"yoast_head":"<!-- This site is optimized with the Yoast SEO plugin v24.9 - https:\/\/yoast.com\/wordpress\/plugins\/seo\/ -->\n<title>ENTRAN EN VIGOR SANCIONES POR TOMA DE CASETAS - 21 Panorama<\/title>\n<meta name=\"robots\" content=\"index, follow, max-snippet:-1, max-image-preview:large, max-video-preview:-1\" \/>\n<link rel=\"canonical\" href=\"https:\/\/21panorama.com\/index.php\/2022\/02\/23\/entran-en-vigor-sanciones-por-toma-de-casetas\/\" \/>\n<meta property=\"og:locale\" content=\"es_MX\" \/>\n<meta property=\"og:type\" content=\"article\" \/>\n<meta property=\"og:title\" content=\"ENTRAN EN VIGOR SANCIONES POR TOMA DE CASETAS - 21 Panorama\" \/>\n<meta property=\"og:description\" content=\"Decreto establece sanciones a quienes dan\u0303en dichas vi\u0301as o interrumpan operacio\u0301n de los servicios de peaje.\" \/>\n<meta property=\"og:url\" content=\"https:\/\/21panorama.com\/index.php\/2022\/02\/23\/entran-en-vigor-sanciones-por-toma-de-casetas\/\" \/>\n<meta property=\"og:site_name\" content=\"21 Panorama\" \/>\n<meta property=\"article:published_time\" content=\"2022-02-23T10:56:49+00:00\" \/>\n<meta property=\"article:modified_time\" content=\"2022-02-23T10:56:50+00:00\" \/>\n<meta property=\"og:image\" content=\"https:\/\/21panorama.com\/wp-content\/uploads\/2022\/02\/c8750217-0b77-4f2f-8c75-2f863d142298.jpeg\" \/>\n\t<meta property=\"og:image:width\" content=\"775\" \/>\n\t<meta property=\"og:image:height\" content=\"1344\" \/>\n\t<meta property=\"og:image:type\" content=\"image\/jpeg\" \/>\n<meta name=\"author\" content=\"admin\" \/>\n<meta name=\"twitter:card\" content=\"summary_large_image\" \/>\n<meta name=\"twitter:label1\" content=\"Escrito por\" \/>\n\t<meta name=\"twitter:data1\" content=\"admin\" \/>\n\t<meta name=\"twitter:label2\" content=\"Tiempo de lectura\" \/>\n\t<meta name=\"twitter:data2\" content=\"2 minutos\" \/>\n<script type=\"application\/ld+json\" class=\"yoast-schema-graph\">{\"@context\":\"https:\/\/schema.org\",\"@graph\":[{\"@type\":\"Article\",\"@id\":\"https:\/\/21panorama.com\/index.php\/2022\/02\/23\/entran-en-vigor-sanciones-por-toma-de-casetas\/#article\",\"isPartOf\":{\"@id\":\"https:\/\/21panorama.com\/index.php\/2022\/02\/23\/entran-en-vigor-sanciones-por-toma-de-casetas\/\"},\"author\":{\"name\":\"admin\",\"@id\":\"https:\/\/21panorama.com\/#\/schema\/person\/1afc291b96d5792a158768324287319f\"},\"headline\":\"ENTRAN EN VIGOR SANCIONES POR TOMA DE CASETAS\",\"datePublished\":\"2022-02-23T10:56:49+00:00\",\"dateModified\":\"2022-02-23T10:56:50+00:00\",\"mainEntityOfPage\":{\"@id\":\"https:\/\/21panorama.com\/index.php\/2022\/02\/23\/entran-en-vigor-sanciones-por-toma-de-casetas\/\"},\"wordCount\":300,\"commentCount\":0,\"publisher\":{\"@id\":\"https:\/\/21panorama.com\/#organization\"},\"image\":{\"@id\":\"https:\/\/21panorama.com\/index.php\/2022\/02\/23\/entran-en-vigor-sanciones-por-toma-de-casetas\/#primaryimage\"},\"thumbnailUrl\":\"https:\/\/21panorama.com\/wp-content\/uploads\/2022\/02\/c8750217-0b77-4f2f-8c75-2f863d142298.jpeg\",\"keywords\":[\"sanciones\"],\"articleSection\":[\"Sociedad\"],\"inLanguage\":\"es\",\"potentialAction\":[{\"@type\":\"CommentAction\",\"name\":\"Comment\",\"target\":[\"https:\/\/21panorama.com\/index.php\/2022\/02\/23\/entran-en-vigor-sanciones-por-toma-de-casetas\/#respond\"]}]},{\"@type\":\"WebPage\",\"@id\":\"https:\/\/21panorama.com\/index.php\/2022\/02\/23\/entran-en-vigor-sanciones-por-toma-de-casetas\/\",\"url\":\"https:\/\/21panorama.com\/index.php\/2022\/02\/23\/entran-en-vigor-sanciones-por-toma-de-casetas\/\",\"name\":\"ENTRAN EN VIGOR SANCIONES POR TOMA DE CASETAS - 21 Panorama\",\"isPartOf\":{\"@id\":\"https:\/\/21panorama.com\/#website\"},\"primaryImageOfPage\":{\"@id\":\"https:\/\/21panorama.com\/index.php\/2022\/02\/23\/entran-en-vigor-sanciones-por-toma-de-casetas\/#primaryimage\"},\"image\":{\"@id\":\"https:\/\/21panorama.com\/index.php\/2022\/02\/23\/entran-en-vigor-sanciones-por-toma-de-casetas\/#primaryimage\"},\"thumbnailUrl\":\"https:\/\/21panorama.com\/wp-content\/uploads\/2022\/02\/c8750217-0b77-4f2f-8c75-2f863d142298.jpeg\",\"datePublished\":\"2022-02-23T10:56:49+00:00\",\"dateModified\":\"2022-02-23T10:56:50+00:00\",\"breadcrumb\":{\"@id\":\"https:\/\/21panorama.com\/index.php\/2022\/02\/23\/entran-en-vigor-sanciones-por-toma-de-casetas\/#breadcrumb\"},\"inLanguage\":\"es\",\"potentialAction\":[{\"@type\":\"ReadAction\",\"target\":[\"https:\/\/21panorama.com\/index.php\/2022\/02\/23\/entran-en-vigor-sanciones-por-toma-de-casetas\/\"]}]},{\"@type\":\"ImageObject\",\"inLanguage\":\"es\",\"@id\":\"https:\/\/21panorama.com\/index.php\/2022\/02\/23\/entran-en-vigor-sanciones-por-toma-de-casetas\/#primaryimage\",\"url\":\"https:\/\/21panorama.com\/wp-content\/uploads\/2022\/02\/c8750217-0b77-4f2f-8c75-2f863d142298.jpeg\",\"contentUrl\":\"https:\/\/21panorama.com\/wp-content\/uploads\/2022\/02\/c8750217-0b77-4f2f-8c75-2f863d142298.jpeg\",\"width\":775,\"height\":1344},{\"@type\":\"BreadcrumbList\",\"@id\":\"https:\/\/21panorama.com\/index.php\/2022\/02\/23\/entran-en-vigor-sanciones-por-toma-de-casetas\/#breadcrumb\",\"itemListElement\":[{\"@type\":\"ListItem\",\"position\":1,\"name\":\"Inicio\",\"item\":\"https:\/\/21panorama.com\/\"},{\"@type\":\"ListItem\",\"position\":2,\"name\":\"ENTRAN EN VIGOR SANCIONES POR TOMA DE CASETAS\"}]},{\"@type\":\"WebSite\",\"@id\":\"https:\/\/21panorama.com\/#website\",\"url\":\"https:\/\/21panorama.com\/\",\"name\":\"21 Panorama\",\"description\":\"La construcci\u00f3n de la opini\u00f3n p\u00fablica merece un mejor Panorama en este siglo 21 para alcanzar una sociedad con mayor transparencia y sin corrupci\u00f3n.\",\"publisher\":{\"@id\":\"https:\/\/21panorama.com\/#organization\"},\"potentialAction\":[{\"@type\":\"SearchAction\",\"target\":{\"@type\":\"EntryPoint\",\"urlTemplate\":\"https:\/\/21panorama.com\/?s={search_term_string}\"},\"query-input\":{\"@type\":\"PropertyValueSpecification\",\"valueRequired\":true,\"valueName\":\"search_term_string\"}}],\"inLanguage\":\"es\"},{\"@type\":\"Organization\",\"@id\":\"https:\/\/21panorama.com\/#organization\",\"name\":\"21 Panorama\",\"url\":\"https:\/\/21panorama.com\/\",\"logo\":{\"@type\":\"ImageObject\",\"inLanguage\":\"es\",\"@id\":\"https:\/\/21panorama.com\/#\/schema\/logo\/image\/\",\"url\":\"https:\/\/21panorama.com\/wp-content\/uploads\/2019\/07\/cropped-Logo-Panorama-01.jpeg\",\"contentUrl\":\"https:\/\/21panorama.com\/wp-content\/uploads\/2019\/07\/cropped-Logo-Panorama-01.jpeg\",\"width\":290,\"height\":70,\"caption\":\"21 Panorama\"},\"image\":{\"@id\":\"https:\/\/21panorama.com\/#\/schema\/logo\/image\/\"}},{\"@type\":\"Person\",\"@id\":\"https:\/\/21panorama.com\/#\/schema\/person\/1afc291b96d5792a158768324287319f\",\"name\":\"admin\",\"image\":{\"@type\":\"ImageObject\",\"inLanguage\":\"es\",\"@id\":\"https:\/\/21panorama.com\/#\/schema\/person\/image\/\",\"url\":\"https:\/\/secure.gravatar.com\/avatar\/ad365d9d9f46719215b0d042cc3df92a5a8683e09ef13d102233e5491985f0f0?s=96&d=mm&r=g\",\"contentUrl\":\"https:\/\/secure.gravatar.com\/avatar\/ad365d9d9f46719215b0d042cc3df92a5a8683e09ef13d102233e5491985f0f0?s=96&d=mm&r=g\",\"caption\":\"admin\"},\"url\":\"https:\/\/21panorama.com\/index.php\/author\/admin\/\"}]}<\/script>\n<!-- \/ Yoast SEO plugin. -->","yoast_head_json":{"title":"ENTRAN EN VIGOR SANCIONES POR TOMA DE CASETAS - 21 Panorama","robots":{"index":"index","follow":"follow","max-snippet":"max-snippet:-1","max-image-preview":"max-image-preview:large","max-video-preview":"max-video-preview:-1"},"canonical":"https:\/\/21panorama.com\/index.php\/2022\/02\/23\/entran-en-vigor-sanciones-por-toma-de-casetas\/","og_locale":"es_MX","og_type":"article","og_title":"ENTRAN EN VIGOR SANCIONES POR TOMA DE CASETAS - 21 Panorama","og_description":"Decreto establece sanciones a quienes dan\u0303en dichas vi\u0301as o interrumpan operacio\u0301n de los servicios de peaje.","og_url":"https:\/\/21panorama.com\/index.php\/2022\/02\/23\/entran-en-vigor-sanciones-por-toma-de-casetas\/","og_site_name":"21 Panorama","article_published_time":"2022-02-23T10:56:49+00:00","article_modified_time":"2022-02-23T10:56:50+00:00","og_image":[{"width":775,"height":1344,"url":"https:\/\/21panorama.com\/wp-content\/uploads\/2022\/02\/c8750217-0b77-4f2f-8c75-2f863d142298.jpeg","type":"image\/jpeg"}],"author":"admin","twitter_card":"summary_large_image","twitter_misc":{"Escrito por":"admin","Tiempo de lectura":"2 minutos"},"schema":{"@context":"https:\/\/schema.org","@graph":[{"@type":"Article","@id":"https:\/\/21panorama.com\/index.php\/2022\/02\/23\/entran-en-vigor-sanciones-por-toma-de-casetas\/#article","isPartOf":{"@id":"https:\/\/21panorama.com\/index.php\/2022\/02\/23\/entran-en-vigor-sanciones-por-toma-de-casetas\/"},"author":{"name":"admin","@id":"https:\/\/21panorama.com\/#\/schema\/person\/1afc291b96d5792a158768324287319f"},"headline":"ENTRAN EN VIGOR SANCIONES POR TOMA DE CASETAS","datePublished":"2022-02-23T10:56:49+00:00","dateModified":"2022-02-23T10:56:50+00:00","mainEntityOfPage":{"@id":"https:\/\/21panorama.com\/index.php\/2022\/02\/23\/entran-en-vigor-sanciones-por-toma-de-casetas\/"},"wordCount":300,"commentCount":0,"publisher":{"@id":"https:\/\/21panorama.com\/#organization"},"image":{"@id":"https:\/\/21panorama.com\/index.php\/2022\/02\/23\/entran-en-vigor-sanciones-por-toma-de-casetas\/#primaryimage"},"thumbnailUrl":"https:\/\/21panorama.com\/wp-content\/uploads\/2022\/02\/c8750217-0b77-4f2f-8c75-2f863d142298.jpeg","keywords":["sanciones"],"articleSection":["Sociedad"],"inLanguage":"es","potentialAction":[{"@type":"CommentAction","name":"Comment","target":["https:\/\/21panorama.com\/index.php\/2022\/02\/23\/entran-en-vigor-sanciones-por-toma-de-casetas\/#respond"]}]},{"@type":"WebPage","@id":"https:\/\/21panorama.com\/index.php\/2022\/02\/23\/entran-en-vigor-sanciones-por-toma-de-casetas\/","url":"https:\/\/21panorama.com\/index.php\/2022\/02\/23\/entran-en-vigor-sanciones-por-toma-de-casetas\/","name":"ENTRAN EN VIGOR SANCIONES POR TOMA DE CASETAS - 21 Panorama","isPartOf":{"@id":"https:\/\/21panorama.com\/#website"},"primaryImageOfPage":{"@id":"https:\/\/21panorama.com\/index.php\/2022\/02\/23\/entran-en-vigor-sanciones-por-toma-de-casetas\/#primaryimage"},"image":{"@id":"https:\/\/21panorama.com\/index.php\/2022\/02\/23\/entran-en-vigor-sanciones-por-toma-de-casetas\/#primaryimage"},"thumbnailUrl":"https:\/\/21panorama.com\/wp-content\/uploads\/2022\/02\/c8750217-0b77-4f2f-8c75-2f863d142298.jpeg","datePublished":"2022-02-23T10:56:49+00:00","dateModified":"2022-02-23T10:56:50+00:00","breadcrumb":{"@id":"https:\/\/21panorama.com\/index.php\/2022\/02\/23\/entran-en-vigor-sanciones-por-toma-de-casetas\/#breadcrumb"},"inLanguage":"es","potentialAction":[{"@type":"ReadAction","target":["https:\/\/21panorama.com\/index.php\/2022\/02\/23\/entran-en-vigor-sanciones-por-toma-de-casetas\/"]}]},{"@type":"ImageObject","inLanguage":"es","@id":"https:\/\/21panorama.com\/index.php\/2022\/02\/23\/entran-en-vigor-sanciones-por-toma-de-casetas\/#primaryimage","url":"https:\/\/21panorama.com\/wp-content\/uploads\/2022\/02\/c8750217-0b77-4f2f-8c75-2f863d142298.jpeg","contentUrl":"https:\/\/21panorama.com\/wp-content\/uploads\/2022\/02\/c8750217-0b77-4f2f-8c75-2f863d142298.jpeg","width":775,"height":1344},{"@type":"BreadcrumbList","@id":"https:\/\/21panorama.com\/index.php\/2022\/02\/23\/entran-en-vigor-sanciones-por-toma-de-casetas\/#breadcrumb","itemListElement":[{"@type":"ListItem","position":1,"name":"Inicio","item":"https:\/\/21panorama.com\/"},{"@type":"ListItem","position":2,"name":"ENTRAN EN VIGOR SANCIONES POR TOMA DE CASETAS"}]},{"@type":"WebSite","@id":"https:\/\/21panorama.com\/#website","url":"https:\/\/21panorama.com\/","name":"21 Panorama","description":"La construcci\u00f3n de la opini\u00f3n p\u00fablica merece un mejor Panorama en este siglo 21 para alcanzar una sociedad con mayor transparencia y sin corrupci\u00f3n.","publisher":{"@id":"https:\/\/21panorama.com\/#organization"},"potentialAction":[{"@type":"SearchAction","target":{"@type":"EntryPoint","urlTemplate":"https:\/\/21panorama.com\/?s={search_term_string}"},"query-input":{"@type":"PropertyValueSpecification","valueRequired":true,"valueName":"search_term_string"}}],"inLanguage":"es"},{"@type":"Organization","@id":"https:\/\/21panorama.com\/#organization","name":"21 Panorama","url":"https:\/\/21panorama.com\/","logo":{"@type":"ImageObject","inLanguage":"es","@id":"https:\/\/21panorama.com\/#\/schema\/logo\/image\/","url":"https:\/\/21panorama.com\/wp-content\/uploads\/2019\/07\/cropped-Logo-Panorama-01.jpeg","contentUrl":"https:\/\/21panorama.com\/wp-content\/uploads\/2019\/07\/cropped-Logo-Panorama-01.jpeg","width":290,"height":70,"caption":"21 Panorama"},"image":{"@id":"https:\/\/21panorama.com\/#\/schema\/logo\/image\/"}},{"@type":"Person","@id":"https:\/\/21panorama.com\/#\/schema\/person\/1afc291b96d5792a158768324287319f","name":"admin","image":{"@type":"ImageObject","inLanguage":"es","@id":"https:\/\/21panorama.com\/#\/schema\/person\/image\/","url":"https:\/\/secure.gravatar.com\/avatar\/ad365d9d9f46719215b0d042cc3df92a5a8683e09ef13d102233e5491985f0f0?s=96&d=mm&r=g","contentUrl":"https:\/\/secure.gravatar.com\/avatar\/ad365d9d9f46719215b0d042cc3df92a5a8683e09ef13d102233e5491985f0f0?s=96&d=mm&r=g","caption":"admin"},"url":"https:\/\/21panorama.com\/index.php\/author\/admin\/"}]}},"_links":{"self":[{"href":"https:\/\/21panorama.com\/index.php\/wp-json\/wp\/v2\/posts\/3309","targetHints":{"allow":["GET"]}}],"collection":[{"href":"https:\/\/21panorama.com\/index.php\/wp-json\/wp\/v2\/posts"}],"about":[{"href":"https:\/\/21panorama.com\/index.php\/wp-json\/wp\/v2\/types\/post"}],"author":[{"embeddable":true,"href":"https:\/\/21panorama.com\/index.php\/wp-json\/wp\/v2\/users\/1"}],"replies":[{"embeddable":true,"href":"https:\/\/21panorama.com\/index.php\/wp-json\/wp\/v2\/comments?post=3309"}],"version-history":[{"count":1,"href":"https:\/\/21panorama.com\/index.php\/wp-json\/wp\/v2\/posts\/3309\/revisions"}],"predecessor-version":[{"id":3312,"href":"https:\/\/21panorama.com\/index.php\/wp-json\/wp\/v2\/posts\/3309\/revisions\/3312"}],"wp:featuredmedia":[{"embeddable":true,"href":"https:\/\/21panorama.com\/index.php\/wp-json\/wp\/v2\/media\/3310"}],"wp:attachment":[{"href":"https:\/\/21panorama.com\/index.php\/wp-json\/wp\/v2\/media?parent=3309"}],"wp:term":[{"taxonomy":"category","embeddable":true,"href":"https:\/\/21panorama.com\/index.php\/wp-json\/wp\/v2\/categories?post=3309"},{"taxonomy":"post_tag","embeddable":true,"href":"https:\/\/21panorama.com\/index.php\/wp-json\/wp\/v2\/tags?post=3309"}],"curies":[{"name":"wp","href":"https:\/\/api.w.org\/{rel}","templated":true}]}}