{"id":3291,"date":"2022-02-18T09:51:06","date_gmt":"2022-02-18T15:51:06","guid":{"rendered":"https:\/\/21panorama.com\/?p=3291"},"modified":"2022-02-18T09:51:07","modified_gmt":"2022-02-18T15:51:07","slug":"se-aprueba-en-metepec-el-primer-presupuesto-municipal-por-unanimidad-del-edomex","status":"publish","type":"post","link":"https:\/\/21panorama.com\/index.php\/2022\/02\/18\/se-aprueba-en-metepec-el-primer-presupuesto-municipal-por-unanimidad-del-edomex\/","title":{"rendered":"SE APRUEBA EN METEPEC EL PRIMER PRESUPUESTO MUNICIPAL POR UNANIMIDAD DEL EDOMEX"},"content":{"rendered":"\n<p>En la octava sesi\u00f3n ordinaria de Cabildo de Metepec, el m\u00e1ximo \u00f3rgano de gobierno, Presidente Municipal, S\u00edndica Municipal, Regidoras y Regidores, aprobaron por unanimidad el presupuesto de egresos del ejercicio fiscal 2022, por 1 mil 725 millones 85 mil 629 pesos.<\/p>\n\n\n\n<p>Resultante de la Sesi\u00f3n Ordinaria de la Comisi\u00f3n de Hacienda, fue avalado el presupuesto final, en el que participaron todas las expresiones pol\u00edticas representadas en el Cabildo.<\/p>\n\n\n\n<p>El presidente municipal recalc\u00f3 que la conformaci\u00f3n del presupuesto tiene una visi\u00f3n ciudadana, pensando en los requerimientos de la ciudadan\u00eda.<\/p>\n\n\n\n<p>Se olvid\u00f3 la grilla y la pol\u00edtica, se pens\u00f3 no en las pr\u00f3ximas elecciones, sino en las pr\u00f3ximas generaciones.<\/p>\n\n\n\n<p>Metepec se siente orgulloso de tener un gobierno sin diferencias, de tener un gobierno de coincidencias.<\/p>\n\n\n\n<p>Los recursos aprobados son peso sobre peso un compromiso que se pone en las manos para darle uso correcto y transparente con la finalidad de regresarle la grandeza a Metepec.<\/p>\n\n\n\n<p>El buen uso de los recursos, su aplicaci\u00f3n debe estar justificada, legal, social y \u00e9tica, transparente y abierta, afirm\u00f3.<\/p>\n\n\n\n<p>La transparencia ser\u00e1 la marca principal del aprovechamiento del presupuesto.<\/p>\n\n\n\n<p>En Seguridad P\u00fablica, el valor m\u00e1s importante es la familia y habr\u00e1 que cuidarlas a todas, por eso con la Polic\u00eda de Proximidad, se estar\u00e1 m\u00e1s cerca; se har\u00e1 importante inversi\u00f3n en equipamiento, capacitaci\u00f3n e inteligencia, tendr\u00e1n seguro de vida los elementos.<\/p>\n\n\n\n<p>Garant\u00eda del pago puntual de la n\u00f3mina y Mejora sustancial en las condiciones de Bomberos y personal de Protecci\u00f3n Civil.<\/p>\n\n\n\n<p>En Obra P\u00fablica, se desplegar\u00e1 un programa con ruta, se realizar\u00e1 donde de verdad se necesite y habr\u00e1 una transparencia como nunca ha existido.<\/p>\n\n\n\n<p>Se acabaron los aviadores en el gobierno. Habr\u00e1 Profesionalizaci\u00f3n del servicio p\u00fablico para evitar la corrupci\u00f3n y decirle adi\u00f3s al coyotaje.<\/p>\n\n\n\n<p>El DIF Municipal tendr\u00e1 recursos para rehabilitar las instalaciones, dotar de medicamentos y ampliar programas a mujeres vulnerables, instaurar comedores comunitarios e instancias infantiles.<\/p>\n\n\n\n<p>En Desarrollo Social, la prioridad son los sectores vulnerables y salud para todos con programas como M\u00e9dico en tu Casa y medicamentos gratis para adultos mayores.<\/p>\n\n\n\n<p>Est\u00e1n regresando los servicios de calidad que se fortalecer\u00e1n con la aprobaci\u00f3n del presupuesto.<br>En Servicios P\u00fablicos habr\u00e1 servicios de calidad.<\/p>\n\n\n\n<p>En Educaci\u00f3n, m\u00e1s becas e impulso a la infraestructura.<br>En Tesorer\u00eda se trabajar\u00e1 en la actualizaci\u00f3n catastral y el redise\u00f1o de \u00e1reas administrativas.<\/p>\n\n\n\n<p>En Desarrollo Econ\u00f3mico, se reactivar\u00e1 la econom\u00eda, se consolidar\u00e1 la ventanilla \u00fanica, habr\u00e1 apoyo a los artesanos y el turismo.<\/p>\n\n\n\n<p>Se crear\u00e1 la aplicaci\u00f3n de la l\u00ednea 7311 para que la ciudadan\u00eda pueda ser atendida en los servicios requeridos en menos de 72 horas.<\/p>\n\n\n\n<p>En Igualdad de G\u00e9nero, se abordar\u00e1 la Justicia e igualdad para las mujeres a trav\u00e9s de capacitaci\u00f3n y talleres.<\/p>\n\n\n\n<p>En Gobierno por Resultados, ser\u00e1n certificados 68 procesos bajo la norma ISO 9000.<\/p>\n\n\n\n<p>En Cultura, se brindar\u00e1n los espacios y actividades para que llegue a todos los rincones del pa\u00eds.<\/p>\n","protected":false},"excerpt":{"rendered":"<p>En la octava sesi\u00f3n ordinaria de Cabildo de Metepec, el m\u00e1ximo \u00f3rgano de gobierno, Presidente Municipal, S\u00edndica Municipal, Regidoras y Regidores, aprobaron por unanimidad el presupuesto de egresos del ejercicio fiscal 2022, por 1 mil 725 millones 85 mil 629 pesos. <\/p>\n","protected":false},"author":1,"featured_media":3292,"comment_status":"open","ping_status":"open","sticky":false,"template":"","format":"standard","meta":{"footnotes":""},"categories":[1],"tags":[77],"class_list":["post-3291","post","type-post","status-publish","format-standard","has-post-thumbnail","hentry","category-sociedad","tag-metepec"],"yoast_head":"<!-- This site is optimized with the Yoast SEO plugin v24.9 - https:\/\/yoast.com\/wordpress\/plugins\/seo\/ -->\n<title>SE APRUEBA EN METEPEC EL PRIMER PRESUPUESTO MUNICIPAL POR UNANIMIDAD DEL EDOMEX - 21 Panorama<\/title>\n<meta name=\"robots\" content=\"index, follow, max-snippet:-1, max-image-preview:large, max-video-preview:-1\" \/>\n<link rel=\"canonical\" href=\"https:\/\/21panorama.com\/index.php\/2022\/02\/18\/se-aprueba-en-metepec-el-primer-presupuesto-municipal-por-unanimidad-del-edomex\/\" \/>\n<meta property=\"og:locale\" content=\"es_MX\" \/>\n<meta property=\"og:type\" content=\"article\" \/>\n<meta property=\"og:title\" content=\"SE APRUEBA EN METEPEC EL PRIMER PRESUPUESTO MUNICIPAL POR UNANIMIDAD DEL EDOMEX - 21 Panorama\" \/>\n<meta property=\"og:description\" content=\"En la octava sesi\u00f3n ordinaria de Cabildo de Metepec, el m\u00e1ximo \u00f3rgano de gobierno, Presidente Municipal, S\u00edndica Municipal, Regidoras y Regidores, aprobaron por unanimidad el presupuesto de egresos del ejercicio fiscal 2022, por 1 mil 725 millones 85 mil 629 pesos.\" \/>\n<meta property=\"og:url\" content=\"https:\/\/21panorama.com\/index.php\/2022\/02\/18\/se-aprueba-en-metepec-el-primer-presupuesto-municipal-por-unanimidad-del-edomex\/\" \/>\n<meta property=\"og:site_name\" content=\"21 Panorama\" \/>\n<meta property=\"article:published_time\" content=\"2022-02-18T15:51:06+00:00\" \/>\n<meta property=\"article:modified_time\" content=\"2022-02-18T15:51:07+00:00\" \/>\n<meta property=\"og:image\" content=\"https:\/\/21panorama.com\/wp-content\/uploads\/2022\/02\/51c3430e-f998-4020-84a4-a62f85dc2ddb.jpeg\" \/>\n\t<meta property=\"og:image:width\" content=\"1280\" \/>\n\t<meta property=\"og:image:height\" content=\"853\" \/>\n\t<meta property=\"og:image:type\" content=\"image\/jpeg\" \/>\n<meta name=\"author\" content=\"admin\" \/>\n<meta name=\"twitter:card\" content=\"summary_large_image\" \/>\n<meta name=\"twitter:label1\" content=\"Escrito por\" \/>\n\t<meta name=\"twitter:data1\" content=\"admin\" \/>\n\t<meta name=\"twitter:label2\" content=\"Tiempo de lectura\" \/>\n\t<meta name=\"twitter:data2\" content=\"3 minutos\" \/>\n<script type=\"application\/ld+json\" class=\"yoast-schema-graph\">{\"@context\":\"https:\/\/schema.org\",\"@graph\":[{\"@type\":\"Article\",\"@id\":\"https:\/\/21panorama.com\/index.php\/2022\/02\/18\/se-aprueba-en-metepec-el-primer-presupuesto-municipal-por-unanimidad-del-edomex\/#article\",\"isPartOf\":{\"@id\":\"https:\/\/21panorama.com\/index.php\/2022\/02\/18\/se-aprueba-en-metepec-el-primer-presupuesto-municipal-por-unanimidad-del-edomex\/\"},\"author\":{\"name\":\"admin\",\"@id\":\"https:\/\/21panorama.com\/#\/schema\/person\/1afc291b96d5792a158768324287319f\"},\"headline\":\"SE APRUEBA EN METEPEC EL PRIMER PRESUPUESTO MUNICIPAL POR UNANIMIDAD DEL EDOMEX\",\"datePublished\":\"2022-02-18T15:51:06+00:00\",\"dateModified\":\"2022-02-18T15:51:07+00:00\",\"mainEntityOfPage\":{\"@id\":\"https:\/\/21panorama.com\/index.php\/2022\/02\/18\/se-aprueba-en-metepec-el-primer-presupuesto-municipal-por-unanimidad-del-edomex\/\"},\"wordCount\":528,\"commentCount\":0,\"publisher\":{\"@id\":\"https:\/\/21panorama.com\/#organization\"},\"image\":{\"@id\":\"https:\/\/21panorama.com\/index.php\/2022\/02\/18\/se-aprueba-en-metepec-el-primer-presupuesto-municipal-por-unanimidad-del-edomex\/#primaryimage\"},\"thumbnailUrl\":\"https:\/\/21panorama.com\/wp-content\/uploads\/2022\/02\/51c3430e-f998-4020-84a4-a62f85dc2ddb.jpeg\",\"keywords\":[\"Metepec\"],\"articleSection\":[\"Sociedad\"],\"inLanguage\":\"es\",\"potentialAction\":[{\"@type\":\"CommentAction\",\"name\":\"Comment\",\"target\":[\"https:\/\/21panorama.com\/index.php\/2022\/02\/18\/se-aprueba-en-metepec-el-primer-presupuesto-municipal-por-unanimidad-del-edomex\/#respond\"]}]},{\"@type\":\"WebPage\",\"@id\":\"https:\/\/21panorama.com\/index.php\/2022\/02\/18\/se-aprueba-en-metepec-el-primer-presupuesto-municipal-por-unanimidad-del-edomex\/\",\"url\":\"https:\/\/21panorama.com\/index.php\/2022\/02\/18\/se-aprueba-en-metepec-el-primer-presupuesto-municipal-por-unanimidad-del-edomex\/\",\"name\":\"SE APRUEBA EN METEPEC EL PRIMER PRESUPUESTO MUNICIPAL POR UNANIMIDAD DEL EDOMEX - 21 Panorama\",\"isPartOf\":{\"@id\":\"https:\/\/21panorama.com\/#website\"},\"primaryImageOfPage\":{\"@id\":\"https:\/\/21panorama.com\/index.php\/2022\/02\/18\/se-aprueba-en-metepec-el-primer-presupuesto-municipal-por-unanimidad-del-edomex\/#primaryimage\"},\"image\":{\"@id\":\"https:\/\/21panorama.com\/index.php\/2022\/02\/18\/se-aprueba-en-metepec-el-primer-presupuesto-municipal-por-unanimidad-del-edomex\/#primaryimage\"},\"thumbnailUrl\":\"https:\/\/21panorama.com\/wp-content\/uploads\/2022\/02\/51c3430e-f998-4020-84a4-a62f85dc2ddb.jpeg\",\"datePublished\":\"2022-02-18T15:51:06+00:00\",\"dateModified\":\"2022-02-18T15:51:07+00:00\",\"breadcrumb\":{\"@id\":\"https:\/\/21panorama.com\/index.php\/2022\/02\/18\/se-aprueba-en-metepec-el-primer-presupuesto-municipal-por-unanimidad-del-edomex\/#breadcrumb\"},\"inLanguage\":\"es\",\"potentialAction\":[{\"@type\":\"ReadAction\",\"target\":[\"https:\/\/21panorama.com\/index.php\/2022\/02\/18\/se-aprueba-en-metepec-el-primer-presupuesto-municipal-por-unanimidad-del-edomex\/\"]}]},{\"@type\":\"ImageObject\",\"inLanguage\":\"es\",\"@id\":\"https:\/\/21panorama.com\/index.php\/2022\/02\/18\/se-aprueba-en-metepec-el-primer-presupuesto-municipal-por-unanimidad-del-edomex\/#primaryimage\",\"url\":\"https:\/\/21panorama.com\/wp-content\/uploads\/2022\/02\/51c3430e-f998-4020-84a4-a62f85dc2ddb.jpeg\",\"contentUrl\":\"https:\/\/21panorama.com\/wp-content\/uploads\/2022\/02\/51c3430e-f998-4020-84a4-a62f85dc2ddb.jpeg\",\"width\":1280,\"height\":853},{\"@type\":\"BreadcrumbList\",\"@id\":\"https:\/\/21panorama.com\/index.php\/2022\/02\/18\/se-aprueba-en-metepec-el-primer-presupuesto-municipal-por-unanimidad-del-edomex\/#breadcrumb\",\"itemListElement\":[{\"@type\":\"ListItem\",\"position\":1,\"name\":\"Inicio\",\"item\":\"https:\/\/21panorama.com\/\"},{\"@type\":\"ListItem\",\"position\":2,\"name\":\"SE APRUEBA EN METEPEC EL PRIMER PRESUPUESTO MUNICIPAL POR UNANIMIDAD DEL EDOMEX\"}]},{\"@type\":\"WebSite\",\"@id\":\"https:\/\/21panorama.com\/#website\",\"url\":\"https:\/\/21panorama.com\/\",\"name\":\"21 Panorama\",\"description\":\"La construcci\u00f3n de la opini\u00f3n p\u00fablica merece un mejor Panorama en este siglo 21 para alcanzar una sociedad con mayor transparencia y sin corrupci\u00f3n.\",\"publisher\":{\"@id\":\"https:\/\/21panorama.com\/#organization\"},\"potentialAction\":[{\"@type\":\"SearchAction\",\"target\":{\"@type\":\"EntryPoint\",\"urlTemplate\":\"https:\/\/21panorama.com\/?s={search_term_string}\"},\"query-input\":{\"@type\":\"PropertyValueSpecification\",\"valueRequired\":true,\"valueName\":\"search_term_string\"}}],\"inLanguage\":\"es\"},{\"@type\":\"Organization\",\"@id\":\"https:\/\/21panorama.com\/#organization\",\"name\":\"21 Panorama\",\"url\":\"https:\/\/21panorama.com\/\",\"logo\":{\"@type\":\"ImageObject\",\"inLanguage\":\"es\",\"@id\":\"https:\/\/21panorama.com\/#\/schema\/logo\/image\/\",\"url\":\"https:\/\/21panorama.com\/wp-content\/uploads\/2019\/07\/cropped-Logo-Panorama-01.jpeg\",\"contentUrl\":\"https:\/\/21panorama.com\/wp-content\/uploads\/2019\/07\/cropped-Logo-Panorama-01.jpeg\",\"width\":290,\"height\":70,\"caption\":\"21 Panorama\"},\"image\":{\"@id\":\"https:\/\/21panorama.com\/#\/schema\/logo\/image\/\"}},{\"@type\":\"Person\",\"@id\":\"https:\/\/21panorama.com\/#\/schema\/person\/1afc291b96d5792a158768324287319f\",\"name\":\"admin\",\"image\":{\"@type\":\"ImageObject\",\"inLanguage\":\"es\",\"@id\":\"https:\/\/21panorama.com\/#\/schema\/person\/image\/\",\"url\":\"https:\/\/secure.gravatar.com\/avatar\/ad365d9d9f46719215b0d042cc3df92a5a8683e09ef13d102233e5491985f0f0?s=96&d=mm&r=g\",\"contentUrl\":\"https:\/\/secure.gravatar.com\/avatar\/ad365d9d9f46719215b0d042cc3df92a5a8683e09ef13d102233e5491985f0f0?s=96&d=mm&r=g\",\"caption\":\"admin\"},\"url\":\"https:\/\/21panorama.com\/index.php\/author\/admin\/\"}]}<\/script>\n<!-- \/ Yoast SEO plugin. -->","yoast_head_json":{"title":"SE APRUEBA EN METEPEC EL PRIMER PRESUPUESTO MUNICIPAL POR UNANIMIDAD DEL EDOMEX - 21 Panorama","robots":{"index":"index","follow":"follow","max-snippet":"max-snippet:-1","max-image-preview":"max-image-preview:large","max-video-preview":"max-video-preview:-1"},"canonical":"https:\/\/21panorama.com\/index.php\/2022\/02\/18\/se-aprueba-en-metepec-el-primer-presupuesto-municipal-por-unanimidad-del-edomex\/","og_locale":"es_MX","og_type":"article","og_title":"SE APRUEBA EN METEPEC EL PRIMER PRESUPUESTO MUNICIPAL POR UNANIMIDAD DEL EDOMEX - 21 Panorama","og_description":"En la octava sesi\u00f3n ordinaria de Cabildo de Metepec, el m\u00e1ximo \u00f3rgano de gobierno, Presidente Municipal, S\u00edndica Municipal, Regidoras y Regidores, aprobaron por unanimidad el presupuesto de egresos del ejercicio fiscal 2022, por 1 mil 725 millones 85 mil 629 pesos.","og_url":"https:\/\/21panorama.com\/index.php\/2022\/02\/18\/se-aprueba-en-metepec-el-primer-presupuesto-municipal-por-unanimidad-del-edomex\/","og_site_name":"21 Panorama","article_published_time":"2022-02-18T15:51:06+00:00","article_modified_time":"2022-02-18T15:51:07+00:00","og_image":[{"width":1280,"height":853,"url":"https:\/\/21panorama.com\/wp-content\/uploads\/2022\/02\/51c3430e-f998-4020-84a4-a62f85dc2ddb.jpeg","type":"image\/jpeg"}],"author":"admin","twitter_card":"summary_large_image","twitter_misc":{"Escrito por":"admin","Tiempo de lectura":"3 minutos"},"schema":{"@context":"https:\/\/schema.org","@graph":[{"@type":"Article","@id":"https:\/\/21panorama.com\/index.php\/2022\/02\/18\/se-aprueba-en-metepec-el-primer-presupuesto-municipal-por-unanimidad-del-edomex\/#article","isPartOf":{"@id":"https:\/\/21panorama.com\/index.php\/2022\/02\/18\/se-aprueba-en-metepec-el-primer-presupuesto-municipal-por-unanimidad-del-edomex\/"},"author":{"name":"admin","@id":"https:\/\/21panorama.com\/#\/schema\/person\/1afc291b96d5792a158768324287319f"},"headline":"SE APRUEBA EN METEPEC EL PRIMER PRESUPUESTO MUNICIPAL POR UNANIMIDAD DEL EDOMEX","datePublished":"2022-02-18T15:51:06+00:00","dateModified":"2022-02-18T15:51:07+00:00","mainEntityOfPage":{"@id":"https:\/\/21panorama.com\/index.php\/2022\/02\/18\/se-aprueba-en-metepec-el-primer-presupuesto-municipal-por-unanimidad-del-edomex\/"},"wordCount":528,"commentCount":0,"publisher":{"@id":"https:\/\/21panorama.com\/#organization"},"image":{"@id":"https:\/\/21panorama.com\/index.php\/2022\/02\/18\/se-aprueba-en-metepec-el-primer-presupuesto-municipal-por-unanimidad-del-edomex\/#primaryimage"},"thumbnailUrl":"https:\/\/21panorama.com\/wp-content\/uploads\/2022\/02\/51c3430e-f998-4020-84a4-a62f85dc2ddb.jpeg","keywords":["Metepec"],"articleSection":["Sociedad"],"inLanguage":"es","potentialAction":[{"@type":"CommentAction","name":"Comment","target":["https:\/\/21panorama.com\/index.php\/2022\/02\/18\/se-aprueba-en-metepec-el-primer-presupuesto-municipal-por-unanimidad-del-edomex\/#respond"]}]},{"@type":"WebPage","@id":"https:\/\/21panorama.com\/index.php\/2022\/02\/18\/se-aprueba-en-metepec-el-primer-presupuesto-municipal-por-unanimidad-del-edomex\/","url":"https:\/\/21panorama.com\/index.php\/2022\/02\/18\/se-aprueba-en-metepec-el-primer-presupuesto-municipal-por-unanimidad-del-edomex\/","name":"SE APRUEBA EN METEPEC EL PRIMER PRESUPUESTO MUNICIPAL POR UNANIMIDAD DEL EDOMEX - 21 Panorama","isPartOf":{"@id":"https:\/\/21panorama.com\/#website"},"primaryImageOfPage":{"@id":"https:\/\/21panorama.com\/index.php\/2022\/02\/18\/se-aprueba-en-metepec-el-primer-presupuesto-municipal-por-unanimidad-del-edomex\/#primaryimage"},"image":{"@id":"https:\/\/21panorama.com\/index.php\/2022\/02\/18\/se-aprueba-en-metepec-el-primer-presupuesto-municipal-por-unanimidad-del-edomex\/#primaryimage"},"thumbnailUrl":"https:\/\/21panorama.com\/wp-content\/uploads\/2022\/02\/51c3430e-f998-4020-84a4-a62f85dc2ddb.jpeg","datePublished":"2022-02-18T15:51:06+00:00","dateModified":"2022-02-18T15:51:07+00:00","breadcrumb":{"@id":"https:\/\/21panorama.com\/index.php\/2022\/02\/18\/se-aprueba-en-metepec-el-primer-presupuesto-municipal-por-unanimidad-del-edomex\/#breadcrumb"},"inLanguage":"es","potentialAction":[{"@type":"ReadAction","target":["https:\/\/21panorama.com\/index.php\/2022\/02\/18\/se-aprueba-en-metepec-el-primer-presupuesto-municipal-por-unanimidad-del-edomex\/"]}]},{"@type":"ImageObject","inLanguage":"es","@id":"https:\/\/21panorama.com\/index.php\/2022\/02\/18\/se-aprueba-en-metepec-el-primer-presupuesto-municipal-por-unanimidad-del-edomex\/#primaryimage","url":"https:\/\/21panorama.com\/wp-content\/uploads\/2022\/02\/51c3430e-f998-4020-84a4-a62f85dc2ddb.jpeg","contentUrl":"https:\/\/21panorama.com\/wp-content\/uploads\/2022\/02\/51c3430e-f998-4020-84a4-a62f85dc2ddb.jpeg","width":1280,"height":853},{"@type":"BreadcrumbList","@id":"https:\/\/21panorama.com\/index.php\/2022\/02\/18\/se-aprueba-en-metepec-el-primer-presupuesto-municipal-por-unanimidad-del-edomex\/#breadcrumb","itemListElement":[{"@type":"ListItem","position":1,"name":"Inicio","item":"https:\/\/21panorama.com\/"},{"@type":"ListItem","position":2,"name":"SE APRUEBA EN METEPEC EL PRIMER PRESUPUESTO MUNICIPAL POR UNANIMIDAD DEL EDOMEX"}]},{"@type":"WebSite","@id":"https:\/\/21panorama.com\/#website","url":"https:\/\/21panorama.com\/","name":"21 Panorama","description":"La construcci\u00f3n de la opini\u00f3n p\u00fablica merece un mejor Panorama en este siglo 21 para alcanzar una sociedad con mayor transparencia y sin corrupci\u00f3n.","publisher":{"@id":"https:\/\/21panorama.com\/#organization"},"potentialAction":[{"@type":"SearchAction","target":{"@type":"EntryPoint","urlTemplate":"https:\/\/21panorama.com\/?s={search_term_string}"},"query-input":{"@type":"PropertyValueSpecification","valueRequired":true,"valueName":"search_term_string"}}],"inLanguage":"es"},{"@type":"Organization","@id":"https:\/\/21panorama.com\/#organization","name":"21 Panorama","url":"https:\/\/21panorama.com\/","logo":{"@type":"ImageObject","inLanguage":"es","@id":"https:\/\/21panorama.com\/#\/schema\/logo\/image\/","url":"https:\/\/21panorama.com\/wp-content\/uploads\/2019\/07\/cropped-Logo-Panorama-01.jpeg","contentUrl":"https:\/\/21panorama.com\/wp-content\/uploads\/2019\/07\/cropped-Logo-Panorama-01.jpeg","width":290,"height":70,"caption":"21 Panorama"},"image":{"@id":"https:\/\/21panorama.com\/#\/schema\/logo\/image\/"}},{"@type":"Person","@id":"https:\/\/21panorama.com\/#\/schema\/person\/1afc291b96d5792a158768324287319f","name":"admin","image":{"@type":"ImageObject","inLanguage":"es","@id":"https:\/\/21panorama.com\/#\/schema\/person\/image\/","url":"https:\/\/secure.gravatar.com\/avatar\/ad365d9d9f46719215b0d042cc3df92a5a8683e09ef13d102233e5491985f0f0?s=96&d=mm&r=g","contentUrl":"https:\/\/secure.gravatar.com\/avatar\/ad365d9d9f46719215b0d042cc3df92a5a8683e09ef13d102233e5491985f0f0?s=96&d=mm&r=g","caption":"admin"},"url":"https:\/\/21panorama.com\/index.php\/author\/admin\/"}]}},"_links":{"self":[{"href":"https:\/\/21panorama.com\/index.php\/wp-json\/wp\/v2\/posts\/3291","targetHints":{"allow":["GET"]}}],"collection":[{"href":"https:\/\/21panorama.com\/index.php\/wp-json\/wp\/v2\/posts"}],"about":[{"href":"https:\/\/21panorama.com\/index.php\/wp-json\/wp\/v2\/types\/post"}],"author":[{"embeddable":true,"href":"https:\/\/21panorama.com\/index.php\/wp-json\/wp\/v2\/users\/1"}],"replies":[{"embeddable":true,"href":"https:\/\/21panorama.com\/index.php\/wp-json\/wp\/v2\/comments?post=3291"}],"version-history":[{"count":1,"href":"https:\/\/21panorama.com\/index.php\/wp-json\/wp\/v2\/posts\/3291\/revisions"}],"predecessor-version":[{"id":3293,"href":"https:\/\/21panorama.com\/index.php\/wp-json\/wp\/v2\/posts\/3291\/revisions\/3293"}],"wp:featuredmedia":[{"embeddable":true,"href":"https:\/\/21panorama.com\/index.php\/wp-json\/wp\/v2\/media\/3292"}],"wp:attachment":[{"href":"https:\/\/21panorama.com\/index.php\/wp-json\/wp\/v2\/media?parent=3291"}],"wp:term":[{"taxonomy":"category","embeddable":true,"href":"https:\/\/21panorama.com\/index.php\/wp-json\/wp\/v2\/categories?post=3291"},{"taxonomy":"post_tag","embeddable":true,"href":"https:\/\/21panorama.com\/index.php\/wp-json\/wp\/v2\/tags?post=3291"}],"curies":[{"name":"wp","href":"https:\/\/api.w.org\/{rel}","templated":true}]}}