{"id":3253,"date":"2022-02-13T11:27:33","date_gmt":"2022-02-13T17:27:33","guid":{"rendered":"https:\/\/21panorama.com\/?p=3253"},"modified":"2022-02-13T11:27:34","modified_gmt":"2022-02-13T17:27:34","slug":"firme-diputados-del-pri-para-defender-a-los-mexiquenses","status":"publish","type":"post","link":"https:\/\/21panorama.com\/index.php\/2022\/02\/13\/firme-diputados-del-pri-para-defender-a-los-mexiquenses\/","title":{"rendered":"FIRME DIPUTADOS DEL PRI PARA DEFENDER A LOS MEXIQUENSES"},"content":{"rendered":"\n<p>Siempre estar\u00e1 firme el Grupo Parlamentario del PRI para defender los intereses de los mexiquenses con mucho trabajo en la conciliaci\u00f3n con otras fuerzas pol\u00edticas, dej\u00f3 en claro su coordinador Elias Rescala Jim\u00e9nez.<\/p>\n\n\n\n<p>As\u00ed ocurri\u00f3 para consolidar un presupuesto social donde 7 de cada 10 pesos se van al gasto social. Detall\u00f3 que por lo menos hay una inversi\u00f3n de 5 mil millones de pesos al sector salud.<\/p>\n\n\n\n<p>En su visita a Temascalcingo, sostuvo que desde la LXI Legislatura se trabajar\u00e1 para impulsar y preservar la basta cultura de nuestra entidad.<\/p>\n\n\n\n<p>Acompa\u00f1ado por el Diputado, Iv\u00e1n Esquer Cruz y el Presidente Jos\u00e9 Luis Espinoza Navarrete, manifest\u00f3 que los Diputados \u201cVamos a regresar la confianza con trabajo\u201d.<\/p>\n\n\n\n<p>\u201cNo creemos en las d\u00e1diva, la gente tiene dignidad y aspiraciones Solo necesitan un impulso; sabemos las necesidades de la gente y vamos a trabajar por ustedes\u201d.<\/p>\n\n\n\n<figure class=\"wp-block-gallery columns-2 is-cropped wp-block-gallery-1 is-layout-flex wp-block-gallery-is-layout-flex\"><ul class=\"blocks-gallery-grid\"><li class=\"blocks-gallery-item\"><figure><img decoding=\"async\" width=\"960\" height=\"618\" src=\"https:\/\/21panorama.com\/wp-content\/uploads\/2022\/02\/0f96bd9b-ba10-4377-8c55-7bd7e33dcb27.jpeg\" alt=\"\" data-id=\"3255\" data-link=\"https:\/\/21panorama.com\/?attachment_id=3255\" class=\"wp-image-3255\" srcset=\"https:\/\/21panorama.com\/wp-content\/uploads\/2022\/02\/0f96bd9b-ba10-4377-8c55-7bd7e33dcb27.jpeg 960w, https:\/\/21panorama.com\/wp-content\/uploads\/2022\/02\/0f96bd9b-ba10-4377-8c55-7bd7e33dcb27-300x193.jpeg 300w, https:\/\/21panorama.com\/wp-content\/uploads\/2022\/02\/0f96bd9b-ba10-4377-8c55-7bd7e33dcb27-768x494.jpeg 768w\" sizes=\"(max-width: 960px) 100vw, 960px\" \/><\/figure><\/li><li class=\"blocks-gallery-item\"><figure><img decoding=\"async\" width=\"960\" height=\"640\" src=\"https:\/\/21panorama.com\/wp-content\/uploads\/2022\/02\/2c257923-ec6d-41d6-9f36-a515bbc7adf1.jpeg\" alt=\"\" data-id=\"3256\" data-full-url=\"https:\/\/21panorama.com\/wp-content\/uploads\/2022\/02\/2c257923-ec6d-41d6-9f36-a515bbc7adf1.jpeg\" data-link=\"https:\/\/21panorama.com\/?attachment_id=3256\" class=\"wp-image-3256\" srcset=\"https:\/\/21panorama.com\/wp-content\/uploads\/2022\/02\/2c257923-ec6d-41d6-9f36-a515bbc7adf1.jpeg 960w, https:\/\/21panorama.com\/wp-content\/uploads\/2022\/02\/2c257923-ec6d-41d6-9f36-a515bbc7adf1-300x200.jpeg 300w, https:\/\/21panorama.com\/wp-content\/uploads\/2022\/02\/2c257923-ec6d-41d6-9f36-a515bbc7adf1-768x512.jpeg 768w\" sizes=\"(max-width: 960px) 100vw, 960px\" \/><\/figure><\/li><\/ul><\/figure>\n","protected":false},"excerpt":{"rendered":"<p>Siempre estar\u00e1 firme el Grupo Parlamentario del PRI para defender los intereses de los mexiquenses con mucho trabajo en la conciliaci\u00f3n con otras fuerzas pol\u00edticas, dej\u00f3 en claro su coordinador Elias Rescala Jim\u00e9nez.   <\/p>\n","protected":false},"author":1,"featured_media":3254,"comment_status":"open","ping_status":"open","sticky":false,"template":"","format":"standard","meta":{"footnotes":""},"categories":[1],"tags":[33],"class_list":["post-3253","post","type-post","status-publish","format-standard","has-post-thumbnail","hentry","category-sociedad","tag-pri"],"yoast_head":"<!-- This site is optimized with the Yoast SEO plugin v24.9 - https:\/\/yoast.com\/wordpress\/plugins\/seo\/ -->\n<title>FIRME DIPUTADOS DEL PRI PARA DEFENDER A LOS MEXIQUENSES - 21 Panorama<\/title>\n<meta name=\"robots\" content=\"index, follow, max-snippet:-1, max-image-preview:large, max-video-preview:-1\" \/>\n<link rel=\"canonical\" href=\"https:\/\/21panorama.com\/index.php\/2022\/02\/13\/firme-diputados-del-pri-para-defender-a-los-mexiquenses\/\" \/>\n<meta property=\"og:locale\" content=\"es_MX\" \/>\n<meta property=\"og:type\" content=\"article\" \/>\n<meta property=\"og:title\" content=\"FIRME DIPUTADOS DEL PRI PARA DEFENDER A LOS MEXIQUENSES - 21 Panorama\" \/>\n<meta property=\"og:description\" content=\"Siempre estar\u00e1 firme el Grupo Parlamentario del PRI para defender los intereses de los mexiquenses con mucho trabajo en la conciliaci\u00f3n con otras fuerzas pol\u00edticas, dej\u00f3 en claro su coordinador Elias Rescala Jim\u00e9nez.\" \/>\n<meta property=\"og:url\" content=\"https:\/\/21panorama.com\/index.php\/2022\/02\/13\/firme-diputados-del-pri-para-defender-a-los-mexiquenses\/\" \/>\n<meta property=\"og:site_name\" content=\"21 Panorama\" \/>\n<meta property=\"article:published_time\" content=\"2022-02-13T17:27:33+00:00\" \/>\n<meta property=\"article:modified_time\" content=\"2022-02-13T17:27:34+00:00\" \/>\n<meta property=\"og:image\" content=\"https:\/\/21panorama.com\/wp-content\/uploads\/2022\/02\/8f6314d8-2708-4279-b495-8cfbebbeb798.jpeg\" \/>\n\t<meta property=\"og:image:width\" content=\"960\" \/>\n\t<meta property=\"og:image:height\" content=\"640\" \/>\n\t<meta property=\"og:image:type\" content=\"image\/jpeg\" \/>\n<meta name=\"author\" content=\"admin\" \/>\n<meta name=\"twitter:card\" content=\"summary_large_image\" \/>\n<meta name=\"twitter:label1\" content=\"Escrito por\" \/>\n\t<meta name=\"twitter:data1\" content=\"admin\" \/>\n\t<meta name=\"twitter:label2\" content=\"Tiempo de lectura\" \/>\n\t<meta name=\"twitter:data2\" content=\"2 minutos\" \/>\n<script type=\"application\/ld+json\" class=\"yoast-schema-graph\">{\"@context\":\"https:\/\/schema.org\",\"@graph\":[{\"@type\":\"Article\",\"@id\":\"https:\/\/21panorama.com\/index.php\/2022\/02\/13\/firme-diputados-del-pri-para-defender-a-los-mexiquenses\/#article\",\"isPartOf\":{\"@id\":\"https:\/\/21panorama.com\/index.php\/2022\/02\/13\/firme-diputados-del-pri-para-defender-a-los-mexiquenses\/\"},\"author\":{\"name\":\"admin\",\"@id\":\"https:\/\/21panorama.com\/#\/schema\/person\/1afc291b96d5792a158768324287319f\"},\"headline\":\"FIRME DIPUTADOS DEL PRI PARA DEFENDER A LOS MEXIQUENSES\",\"datePublished\":\"2022-02-13T17:27:33+00:00\",\"dateModified\":\"2022-02-13T17:27:34+00:00\",\"mainEntityOfPage\":{\"@id\":\"https:\/\/21panorama.com\/index.php\/2022\/02\/13\/firme-diputados-del-pri-para-defender-a-los-mexiquenses\/\"},\"wordCount\":156,\"commentCount\":0,\"publisher\":{\"@id\":\"https:\/\/21panorama.com\/#organization\"},\"image\":{\"@id\":\"https:\/\/21panorama.com\/index.php\/2022\/02\/13\/firme-diputados-del-pri-para-defender-a-los-mexiquenses\/#primaryimage\"},\"thumbnailUrl\":\"https:\/\/21panorama.com\/wp-content\/uploads\/2022\/02\/8f6314d8-2708-4279-b495-8cfbebbeb798.jpeg\",\"keywords\":[\"PRI\"],\"articleSection\":[\"Sociedad\"],\"inLanguage\":\"es\",\"potentialAction\":[{\"@type\":\"CommentAction\",\"name\":\"Comment\",\"target\":[\"https:\/\/21panorama.com\/index.php\/2022\/02\/13\/firme-diputados-del-pri-para-defender-a-los-mexiquenses\/#respond\"]}]},{\"@type\":\"WebPage\",\"@id\":\"https:\/\/21panorama.com\/index.php\/2022\/02\/13\/firme-diputados-del-pri-para-defender-a-los-mexiquenses\/\",\"url\":\"https:\/\/21panorama.com\/index.php\/2022\/02\/13\/firme-diputados-del-pri-para-defender-a-los-mexiquenses\/\",\"name\":\"FIRME DIPUTADOS DEL PRI PARA DEFENDER A LOS MEXIQUENSES - 21 Panorama\",\"isPartOf\":{\"@id\":\"https:\/\/21panorama.com\/#website\"},\"primaryImageOfPage\":{\"@id\":\"https:\/\/21panorama.com\/index.php\/2022\/02\/13\/firme-diputados-del-pri-para-defender-a-los-mexiquenses\/#primaryimage\"},\"image\":{\"@id\":\"https:\/\/21panorama.com\/index.php\/2022\/02\/13\/firme-diputados-del-pri-para-defender-a-los-mexiquenses\/#primaryimage\"},\"thumbnailUrl\":\"https:\/\/21panorama.com\/wp-content\/uploads\/2022\/02\/8f6314d8-2708-4279-b495-8cfbebbeb798.jpeg\",\"datePublished\":\"2022-02-13T17:27:33+00:00\",\"dateModified\":\"2022-02-13T17:27:34+00:00\",\"breadcrumb\":{\"@id\":\"https:\/\/21panorama.com\/index.php\/2022\/02\/13\/firme-diputados-del-pri-para-defender-a-los-mexiquenses\/#breadcrumb\"},\"inLanguage\":\"es\",\"potentialAction\":[{\"@type\":\"ReadAction\",\"target\":[\"https:\/\/21panorama.com\/index.php\/2022\/02\/13\/firme-diputados-del-pri-para-defender-a-los-mexiquenses\/\"]}]},{\"@type\":\"ImageObject\",\"inLanguage\":\"es\",\"@id\":\"https:\/\/21panorama.com\/index.php\/2022\/02\/13\/firme-diputados-del-pri-para-defender-a-los-mexiquenses\/#primaryimage\",\"url\":\"https:\/\/21panorama.com\/wp-content\/uploads\/2022\/02\/8f6314d8-2708-4279-b495-8cfbebbeb798.jpeg\",\"contentUrl\":\"https:\/\/21panorama.com\/wp-content\/uploads\/2022\/02\/8f6314d8-2708-4279-b495-8cfbebbeb798.jpeg\",\"width\":960,\"height\":640},{\"@type\":\"BreadcrumbList\",\"@id\":\"https:\/\/21panorama.com\/index.php\/2022\/02\/13\/firme-diputados-del-pri-para-defender-a-los-mexiquenses\/#breadcrumb\",\"itemListElement\":[{\"@type\":\"ListItem\",\"position\":1,\"name\":\"Inicio\",\"item\":\"https:\/\/21panorama.com\/\"},{\"@type\":\"ListItem\",\"position\":2,\"name\":\"FIRME DIPUTADOS DEL PRI PARA DEFENDER A LOS MEXIQUENSES\"}]},{\"@type\":\"WebSite\",\"@id\":\"https:\/\/21panorama.com\/#website\",\"url\":\"https:\/\/21panorama.com\/\",\"name\":\"21 Panorama\",\"description\":\"La construcci\u00f3n de la opini\u00f3n p\u00fablica merece un mejor Panorama en este siglo 21 para alcanzar una sociedad con mayor transparencia y sin corrupci\u00f3n.\",\"publisher\":{\"@id\":\"https:\/\/21panorama.com\/#organization\"},\"potentialAction\":[{\"@type\":\"SearchAction\",\"target\":{\"@type\":\"EntryPoint\",\"urlTemplate\":\"https:\/\/21panorama.com\/?s={search_term_string}\"},\"query-input\":{\"@type\":\"PropertyValueSpecification\",\"valueRequired\":true,\"valueName\":\"search_term_string\"}}],\"inLanguage\":\"es\"},{\"@type\":\"Organization\",\"@id\":\"https:\/\/21panorama.com\/#organization\",\"name\":\"21 Panorama\",\"url\":\"https:\/\/21panorama.com\/\",\"logo\":{\"@type\":\"ImageObject\",\"inLanguage\":\"es\",\"@id\":\"https:\/\/21panorama.com\/#\/schema\/logo\/image\/\",\"url\":\"https:\/\/21panorama.com\/wp-content\/uploads\/2019\/07\/cropped-Logo-Panorama-01.jpeg\",\"contentUrl\":\"https:\/\/21panorama.com\/wp-content\/uploads\/2019\/07\/cropped-Logo-Panorama-01.jpeg\",\"width\":290,\"height\":70,\"caption\":\"21 Panorama\"},\"image\":{\"@id\":\"https:\/\/21panorama.com\/#\/schema\/logo\/image\/\"}},{\"@type\":\"Person\",\"@id\":\"https:\/\/21panorama.com\/#\/schema\/person\/1afc291b96d5792a158768324287319f\",\"name\":\"admin\",\"image\":{\"@type\":\"ImageObject\",\"inLanguage\":\"es\",\"@id\":\"https:\/\/21panorama.com\/#\/schema\/person\/image\/\",\"url\":\"https:\/\/secure.gravatar.com\/avatar\/ad365d9d9f46719215b0d042cc3df92a5a8683e09ef13d102233e5491985f0f0?s=96&d=mm&r=g\",\"contentUrl\":\"https:\/\/secure.gravatar.com\/avatar\/ad365d9d9f46719215b0d042cc3df92a5a8683e09ef13d102233e5491985f0f0?s=96&d=mm&r=g\",\"caption\":\"admin\"},\"url\":\"https:\/\/21panorama.com\/index.php\/author\/admin\/\"}]}<\/script>\n<!-- \/ Yoast SEO plugin. -->","yoast_head_json":{"title":"FIRME DIPUTADOS DEL PRI PARA DEFENDER A LOS MEXIQUENSES - 21 Panorama","robots":{"index":"index","follow":"follow","max-snippet":"max-snippet:-1","max-image-preview":"max-image-preview:large","max-video-preview":"max-video-preview:-1"},"canonical":"https:\/\/21panorama.com\/index.php\/2022\/02\/13\/firme-diputados-del-pri-para-defender-a-los-mexiquenses\/","og_locale":"es_MX","og_type":"article","og_title":"FIRME DIPUTADOS DEL PRI PARA DEFENDER A LOS MEXIQUENSES - 21 Panorama","og_description":"Siempre estar\u00e1 firme el Grupo Parlamentario del PRI para defender los intereses de los mexiquenses con mucho trabajo en la conciliaci\u00f3n con otras fuerzas pol\u00edticas, dej\u00f3 en claro su coordinador Elias Rescala Jim\u00e9nez.","og_url":"https:\/\/21panorama.com\/index.php\/2022\/02\/13\/firme-diputados-del-pri-para-defender-a-los-mexiquenses\/","og_site_name":"21 Panorama","article_published_time":"2022-02-13T17:27:33+00:00","article_modified_time":"2022-02-13T17:27:34+00:00","og_image":[{"width":960,"height":640,"url":"https:\/\/21panorama.com\/wp-content\/uploads\/2022\/02\/8f6314d8-2708-4279-b495-8cfbebbeb798.jpeg","type":"image\/jpeg"}],"author":"admin","twitter_card":"summary_large_image","twitter_misc":{"Escrito por":"admin","Tiempo de lectura":"2 minutos"},"schema":{"@context":"https:\/\/schema.org","@graph":[{"@type":"Article","@id":"https:\/\/21panorama.com\/index.php\/2022\/02\/13\/firme-diputados-del-pri-para-defender-a-los-mexiquenses\/#article","isPartOf":{"@id":"https:\/\/21panorama.com\/index.php\/2022\/02\/13\/firme-diputados-del-pri-para-defender-a-los-mexiquenses\/"},"author":{"name":"admin","@id":"https:\/\/21panorama.com\/#\/schema\/person\/1afc291b96d5792a158768324287319f"},"headline":"FIRME DIPUTADOS DEL PRI PARA DEFENDER A LOS MEXIQUENSES","datePublished":"2022-02-13T17:27:33+00:00","dateModified":"2022-02-13T17:27:34+00:00","mainEntityOfPage":{"@id":"https:\/\/21panorama.com\/index.php\/2022\/02\/13\/firme-diputados-del-pri-para-defender-a-los-mexiquenses\/"},"wordCount":156,"commentCount":0,"publisher":{"@id":"https:\/\/21panorama.com\/#organization"},"image":{"@id":"https:\/\/21panorama.com\/index.php\/2022\/02\/13\/firme-diputados-del-pri-para-defender-a-los-mexiquenses\/#primaryimage"},"thumbnailUrl":"https:\/\/21panorama.com\/wp-content\/uploads\/2022\/02\/8f6314d8-2708-4279-b495-8cfbebbeb798.jpeg","keywords":["PRI"],"articleSection":["Sociedad"],"inLanguage":"es","potentialAction":[{"@type":"CommentAction","name":"Comment","target":["https:\/\/21panorama.com\/index.php\/2022\/02\/13\/firme-diputados-del-pri-para-defender-a-los-mexiquenses\/#respond"]}]},{"@type":"WebPage","@id":"https:\/\/21panorama.com\/index.php\/2022\/02\/13\/firme-diputados-del-pri-para-defender-a-los-mexiquenses\/","url":"https:\/\/21panorama.com\/index.php\/2022\/02\/13\/firme-diputados-del-pri-para-defender-a-los-mexiquenses\/","name":"FIRME DIPUTADOS DEL PRI PARA DEFENDER A LOS MEXIQUENSES - 21 Panorama","isPartOf":{"@id":"https:\/\/21panorama.com\/#website"},"primaryImageOfPage":{"@id":"https:\/\/21panorama.com\/index.php\/2022\/02\/13\/firme-diputados-del-pri-para-defender-a-los-mexiquenses\/#primaryimage"},"image":{"@id":"https:\/\/21panorama.com\/index.php\/2022\/02\/13\/firme-diputados-del-pri-para-defender-a-los-mexiquenses\/#primaryimage"},"thumbnailUrl":"https:\/\/21panorama.com\/wp-content\/uploads\/2022\/02\/8f6314d8-2708-4279-b495-8cfbebbeb798.jpeg","datePublished":"2022-02-13T17:27:33+00:00","dateModified":"2022-02-13T17:27:34+00:00","breadcrumb":{"@id":"https:\/\/21panorama.com\/index.php\/2022\/02\/13\/firme-diputados-del-pri-para-defender-a-los-mexiquenses\/#breadcrumb"},"inLanguage":"es","potentialAction":[{"@type":"ReadAction","target":["https:\/\/21panorama.com\/index.php\/2022\/02\/13\/firme-diputados-del-pri-para-defender-a-los-mexiquenses\/"]}]},{"@type":"ImageObject","inLanguage":"es","@id":"https:\/\/21panorama.com\/index.php\/2022\/02\/13\/firme-diputados-del-pri-para-defender-a-los-mexiquenses\/#primaryimage","url":"https:\/\/21panorama.com\/wp-content\/uploads\/2022\/02\/8f6314d8-2708-4279-b495-8cfbebbeb798.jpeg","contentUrl":"https:\/\/21panorama.com\/wp-content\/uploads\/2022\/02\/8f6314d8-2708-4279-b495-8cfbebbeb798.jpeg","width":960,"height":640},{"@type":"BreadcrumbList","@id":"https:\/\/21panorama.com\/index.php\/2022\/02\/13\/firme-diputados-del-pri-para-defender-a-los-mexiquenses\/#breadcrumb","itemListElement":[{"@type":"ListItem","position":1,"name":"Inicio","item":"https:\/\/21panorama.com\/"},{"@type":"ListItem","position":2,"name":"FIRME DIPUTADOS DEL PRI PARA DEFENDER A LOS MEXIQUENSES"}]},{"@type":"WebSite","@id":"https:\/\/21panorama.com\/#website","url":"https:\/\/21panorama.com\/","name":"21 Panorama","description":"La construcci\u00f3n de la opini\u00f3n p\u00fablica merece un mejor Panorama en este siglo 21 para alcanzar una sociedad con mayor transparencia y sin corrupci\u00f3n.","publisher":{"@id":"https:\/\/21panorama.com\/#organization"},"potentialAction":[{"@type":"SearchAction","target":{"@type":"EntryPoint","urlTemplate":"https:\/\/21panorama.com\/?s={search_term_string}"},"query-input":{"@type":"PropertyValueSpecification","valueRequired":true,"valueName":"search_term_string"}}],"inLanguage":"es"},{"@type":"Organization","@id":"https:\/\/21panorama.com\/#organization","name":"21 Panorama","url":"https:\/\/21panorama.com\/","logo":{"@type":"ImageObject","inLanguage":"es","@id":"https:\/\/21panorama.com\/#\/schema\/logo\/image\/","url":"https:\/\/21panorama.com\/wp-content\/uploads\/2019\/07\/cropped-Logo-Panorama-01.jpeg","contentUrl":"https:\/\/21panorama.com\/wp-content\/uploads\/2019\/07\/cropped-Logo-Panorama-01.jpeg","width":290,"height":70,"caption":"21 Panorama"},"image":{"@id":"https:\/\/21panorama.com\/#\/schema\/logo\/image\/"}},{"@type":"Person","@id":"https:\/\/21panorama.com\/#\/schema\/person\/1afc291b96d5792a158768324287319f","name":"admin","image":{"@type":"ImageObject","inLanguage":"es","@id":"https:\/\/21panorama.com\/#\/schema\/person\/image\/","url":"https:\/\/secure.gravatar.com\/avatar\/ad365d9d9f46719215b0d042cc3df92a5a8683e09ef13d102233e5491985f0f0?s=96&d=mm&r=g","contentUrl":"https:\/\/secure.gravatar.com\/avatar\/ad365d9d9f46719215b0d042cc3df92a5a8683e09ef13d102233e5491985f0f0?s=96&d=mm&r=g","caption":"admin"},"url":"https:\/\/21panorama.com\/index.php\/author\/admin\/"}]}},"_links":{"self":[{"href":"https:\/\/21panorama.com\/index.php\/wp-json\/wp\/v2\/posts\/3253","targetHints":{"allow":["GET"]}}],"collection":[{"href":"https:\/\/21panorama.com\/index.php\/wp-json\/wp\/v2\/posts"}],"about":[{"href":"https:\/\/21panorama.com\/index.php\/wp-json\/wp\/v2\/types\/post"}],"author":[{"embeddable":true,"href":"https:\/\/21panorama.com\/index.php\/wp-json\/wp\/v2\/users\/1"}],"replies":[{"embeddable":true,"href":"https:\/\/21panorama.com\/index.php\/wp-json\/wp\/v2\/comments?post=3253"}],"version-history":[{"count":1,"href":"https:\/\/21panorama.com\/index.php\/wp-json\/wp\/v2\/posts\/3253\/revisions"}],"predecessor-version":[{"id":3257,"href":"https:\/\/21panorama.com\/index.php\/wp-json\/wp\/v2\/posts\/3253\/revisions\/3257"}],"wp:featuredmedia":[{"embeddable":true,"href":"https:\/\/21panorama.com\/index.php\/wp-json\/wp\/v2\/media\/3254"}],"wp:attachment":[{"href":"https:\/\/21panorama.com\/index.php\/wp-json\/wp\/v2\/media?parent=3253"}],"wp:term":[{"taxonomy":"category","embeddable":true,"href":"https:\/\/21panorama.com\/index.php\/wp-json\/wp\/v2\/categories?post=3253"},{"taxonomy":"post_tag","embeddable":true,"href":"https:\/\/21panorama.com\/index.php\/wp-json\/wp\/v2\/tags?post=3253"}],"curies":[{"name":"wp","href":"https:\/\/api.w.org\/{rel}","templated":true}]}}