{"id":3239,"date":"2022-02-13T11:11:41","date_gmt":"2022-02-13T17:11:41","guid":{"rendered":"https:\/\/21panorama.com\/?p=3239"},"modified":"2022-02-13T11:11:43","modified_gmt":"2022-02-13T17:11:43","slug":"somos-aliados-permanentes-de-los-mexiquenses-ivan-equer","status":"publish","type":"post","link":"https:\/\/21panorama.com\/index.php\/2022\/02\/13\/somos-aliados-permanentes-de-los-mexiquenses-ivan-equer\/","title":{"rendered":"SOMOS ALIADOS PERMANENTES DE LOS MEXIQUENSES: IV\u00c1N EQUER"},"content":{"rendered":"\n<p>Los diputados del Grupo Parlamentario del PRI queremos ser aliados permanentes de los ciudadanos y construir con ello el progreso del municipio, afirm\u00f3 el diputado Iv\u00e1n Esquer Cruz.<\/p>\n\n\n\n<p>En la apertura de su oficina de atenci\u00f3n ciudadana en Temascalcingo, dijo que los diputados \u201csomos manos que trabajan y con esfuerzo en las gestiones nos veremos en sus comunidades\u201d.<\/p>\n\n\n\n<p>Somos diputados de la gente y a la gente nos debemos por eso en la C\u00e1mara se defendi\u00f3 el presupuesto de la gente para la atenci\u00f3n de sus necesidades sostuvo el legislador del distrito XIII.<\/p>\n\n\n\n<p>En el evento estuvo acompa\u00f1ado del Coordinador del Grupo Parlamentario del PRI, El\u00edas Rescala Jim\u00e9nez, as\u00ed como los diputados Jesus Izquierdo Rojas, Braulio \u00c1lvarez Jasso, Karla Aguilar Talavera, Myriam C\u00e1rdenas Rojas, Cristina Sanchez Coronel y Karla Aguilar Talavera.<\/p>\n\n\n\n<p>\u201cTrabajaremos en conjunto con el Presidente Municipal Jos\u00e9 Luis Espinoza Navarrete, con el Diputado Federal Miguel S\u00e1mano Peralta para el beneficio de las familias Temascalcingueses\u201d, dijo.<\/p>\n\n\n\n<figure class=\"wp-block-gallery columns-2 is-cropped wp-block-gallery-1 is-layout-flex wp-block-gallery-is-layout-flex\"><ul class=\"blocks-gallery-grid\"><li class=\"blocks-gallery-item\"><figure><img decoding=\"async\" width=\"960\" height=\"638\" src=\"https:\/\/21panorama.com\/wp-content\/uploads\/2022\/02\/9a94bebf-d8d7-40f2-b73c-78e615db2c17.jpeg\" alt=\"\" data-id=\"3241\" data-link=\"https:\/\/21panorama.com\/?attachment_id=3241\" class=\"wp-image-3241\" srcset=\"https:\/\/21panorama.com\/wp-content\/uploads\/2022\/02\/9a94bebf-d8d7-40f2-b73c-78e615db2c17.jpeg 960w, https:\/\/21panorama.com\/wp-content\/uploads\/2022\/02\/9a94bebf-d8d7-40f2-b73c-78e615db2c17-300x199.jpeg 300w, https:\/\/21panorama.com\/wp-content\/uploads\/2022\/02\/9a94bebf-d8d7-40f2-b73c-78e615db2c17-768x510.jpeg 768w\" sizes=\"(max-width: 960px) 100vw, 960px\" \/><\/figure><\/li><li class=\"blocks-gallery-item\"><figure><img decoding=\"async\" width=\"960\" height=\"670\" src=\"https:\/\/21panorama.com\/wp-content\/uploads\/2022\/02\/1f646a93-70ea-488c-95d7-18cdfcdf34ee.jpeg\" alt=\"\" data-id=\"3242\" data-full-url=\"https:\/\/21panorama.com\/wp-content\/uploads\/2022\/02\/1f646a93-70ea-488c-95d7-18cdfcdf34ee.jpeg\" data-link=\"https:\/\/21panorama.com\/?attachment_id=3242\" class=\"wp-image-3242\" srcset=\"https:\/\/21panorama.com\/wp-content\/uploads\/2022\/02\/1f646a93-70ea-488c-95d7-18cdfcdf34ee.jpeg 960w, https:\/\/21panorama.com\/wp-content\/uploads\/2022\/02\/1f646a93-70ea-488c-95d7-18cdfcdf34ee-300x209.jpeg 300w, https:\/\/21panorama.com\/wp-content\/uploads\/2022\/02\/1f646a93-70ea-488c-95d7-18cdfcdf34ee-768x536.jpeg 768w\" sizes=\"(max-width: 960px) 100vw, 960px\" \/><\/figure><\/li><\/ul><\/figure>\n","protected":false},"excerpt":{"rendered":"<p>Los diputados del Grupo Parlamentario del PRI queremos ser aliados permanentes de los ciudadanos y construir con ello el progreso del municipio, afirm\u00f3 el diputado Iv\u00e1n Esquer Cruz.   <\/p>\n","protected":false},"author":1,"featured_media":3240,"comment_status":"open","ping_status":"open","sticky":false,"template":"","format":"standard","meta":{"footnotes":""},"categories":[12],"tags":[249],"class_list":["post-3239","post","type-post","status-publish","format-standard","has-post-thumbnail","hentry","category-politica","tag-ivanesquer"],"yoast_head":"<!-- This site is optimized with the Yoast SEO plugin v24.9 - https:\/\/yoast.com\/wordpress\/plugins\/seo\/ -->\n<title>SOMOS ALIADOS PERMANENTES DE LOS MEXIQUENSES: IV\u00c1N EQUER - 21 Panorama<\/title>\n<meta name=\"robots\" content=\"index, follow, max-snippet:-1, max-image-preview:large, max-video-preview:-1\" \/>\n<link rel=\"canonical\" href=\"https:\/\/21panorama.com\/index.php\/2022\/02\/13\/somos-aliados-permanentes-de-los-mexiquenses-ivan-equer\/\" \/>\n<meta property=\"og:locale\" content=\"es_MX\" \/>\n<meta property=\"og:type\" content=\"article\" \/>\n<meta property=\"og:title\" content=\"SOMOS ALIADOS PERMANENTES DE LOS MEXIQUENSES: IV\u00c1N EQUER - 21 Panorama\" \/>\n<meta property=\"og:description\" content=\"Los diputados del Grupo Parlamentario del PRI queremos ser aliados permanentes de los ciudadanos y construir con ello el progreso del municipio, afirm\u00f3 el diputado Iv\u00e1n Esquer Cruz.\" \/>\n<meta property=\"og:url\" content=\"https:\/\/21panorama.com\/index.php\/2022\/02\/13\/somos-aliados-permanentes-de-los-mexiquenses-ivan-equer\/\" \/>\n<meta property=\"og:site_name\" content=\"21 Panorama\" \/>\n<meta property=\"article:published_time\" content=\"2022-02-13T17:11:41+00:00\" \/>\n<meta property=\"article:modified_time\" content=\"2022-02-13T17:11:43+00:00\" \/>\n<meta property=\"og:image\" content=\"https:\/\/21panorama.com\/wp-content\/uploads\/2022\/02\/1ef138bd-4f20-4730-a9be-be9eb813fd82.jpeg\" \/>\n\t<meta property=\"og:image:width\" content=\"960\" \/>\n\t<meta property=\"og:image:height\" content=\"686\" \/>\n\t<meta property=\"og:image:type\" content=\"image\/jpeg\" \/>\n<meta name=\"author\" content=\"admin\" \/>\n<meta name=\"twitter:card\" content=\"summary_large_image\" \/>\n<meta name=\"twitter:label1\" content=\"Escrito por\" \/>\n\t<meta name=\"twitter:data1\" content=\"admin\" \/>\n\t<meta name=\"twitter:label2\" content=\"Tiempo de lectura\" \/>\n\t<meta name=\"twitter:data2\" content=\"2 minutos\" \/>\n<script type=\"application\/ld+json\" class=\"yoast-schema-graph\">{\"@context\":\"https:\/\/schema.org\",\"@graph\":[{\"@type\":\"Article\",\"@id\":\"https:\/\/21panorama.com\/index.php\/2022\/02\/13\/somos-aliados-permanentes-de-los-mexiquenses-ivan-equer\/#article\",\"isPartOf\":{\"@id\":\"https:\/\/21panorama.com\/index.php\/2022\/02\/13\/somos-aliados-permanentes-de-los-mexiquenses-ivan-equer\/\"},\"author\":{\"name\":\"admin\",\"@id\":\"https:\/\/21panorama.com\/#\/schema\/person\/1afc291b96d5792a158768324287319f\"},\"headline\":\"SOMOS ALIADOS PERMANENTES DE LOS MEXIQUENSES: IV\u00c1N EQUER\",\"datePublished\":\"2022-02-13T17:11:41+00:00\",\"dateModified\":\"2022-02-13T17:11:43+00:00\",\"mainEntityOfPage\":{\"@id\":\"https:\/\/21panorama.com\/index.php\/2022\/02\/13\/somos-aliados-permanentes-de-los-mexiquenses-ivan-equer\/\"},\"wordCount\":175,\"commentCount\":0,\"publisher\":{\"@id\":\"https:\/\/21panorama.com\/#organization\"},\"image\":{\"@id\":\"https:\/\/21panorama.com\/index.php\/2022\/02\/13\/somos-aliados-permanentes-de-los-mexiquenses-ivan-equer\/#primaryimage\"},\"thumbnailUrl\":\"https:\/\/21panorama.com\/wp-content\/uploads\/2022\/02\/1ef138bd-4f20-4730-a9be-be9eb813fd82.jpeg\",\"keywords\":[\"IV\u00c1NESQUER\"],\"articleSection\":[\"Politica\"],\"inLanguage\":\"es\",\"potentialAction\":[{\"@type\":\"CommentAction\",\"name\":\"Comment\",\"target\":[\"https:\/\/21panorama.com\/index.php\/2022\/02\/13\/somos-aliados-permanentes-de-los-mexiquenses-ivan-equer\/#respond\"]}]},{\"@type\":\"WebPage\",\"@id\":\"https:\/\/21panorama.com\/index.php\/2022\/02\/13\/somos-aliados-permanentes-de-los-mexiquenses-ivan-equer\/\",\"url\":\"https:\/\/21panorama.com\/index.php\/2022\/02\/13\/somos-aliados-permanentes-de-los-mexiquenses-ivan-equer\/\",\"name\":\"SOMOS ALIADOS PERMANENTES DE LOS MEXIQUENSES: IV\u00c1N EQUER - 21 Panorama\",\"isPartOf\":{\"@id\":\"https:\/\/21panorama.com\/#website\"},\"primaryImageOfPage\":{\"@id\":\"https:\/\/21panorama.com\/index.php\/2022\/02\/13\/somos-aliados-permanentes-de-los-mexiquenses-ivan-equer\/#primaryimage\"},\"image\":{\"@id\":\"https:\/\/21panorama.com\/index.php\/2022\/02\/13\/somos-aliados-permanentes-de-los-mexiquenses-ivan-equer\/#primaryimage\"},\"thumbnailUrl\":\"https:\/\/21panorama.com\/wp-content\/uploads\/2022\/02\/1ef138bd-4f20-4730-a9be-be9eb813fd82.jpeg\",\"datePublished\":\"2022-02-13T17:11:41+00:00\",\"dateModified\":\"2022-02-13T17:11:43+00:00\",\"breadcrumb\":{\"@id\":\"https:\/\/21panorama.com\/index.php\/2022\/02\/13\/somos-aliados-permanentes-de-los-mexiquenses-ivan-equer\/#breadcrumb\"},\"inLanguage\":\"es\",\"potentialAction\":[{\"@type\":\"ReadAction\",\"target\":[\"https:\/\/21panorama.com\/index.php\/2022\/02\/13\/somos-aliados-permanentes-de-los-mexiquenses-ivan-equer\/\"]}]},{\"@type\":\"ImageObject\",\"inLanguage\":\"es\",\"@id\":\"https:\/\/21panorama.com\/index.php\/2022\/02\/13\/somos-aliados-permanentes-de-los-mexiquenses-ivan-equer\/#primaryimage\",\"url\":\"https:\/\/21panorama.com\/wp-content\/uploads\/2022\/02\/1ef138bd-4f20-4730-a9be-be9eb813fd82.jpeg\",\"contentUrl\":\"https:\/\/21panorama.com\/wp-content\/uploads\/2022\/02\/1ef138bd-4f20-4730-a9be-be9eb813fd82.jpeg\",\"width\":960,\"height\":686},{\"@type\":\"BreadcrumbList\",\"@id\":\"https:\/\/21panorama.com\/index.php\/2022\/02\/13\/somos-aliados-permanentes-de-los-mexiquenses-ivan-equer\/#breadcrumb\",\"itemListElement\":[{\"@type\":\"ListItem\",\"position\":1,\"name\":\"Inicio\",\"item\":\"https:\/\/21panorama.com\/\"},{\"@type\":\"ListItem\",\"position\":2,\"name\":\"SOMOS ALIADOS PERMANENTES DE LOS MEXIQUENSES: IV\u00c1N EQUER\"}]},{\"@type\":\"WebSite\",\"@id\":\"https:\/\/21panorama.com\/#website\",\"url\":\"https:\/\/21panorama.com\/\",\"name\":\"21 Panorama\",\"description\":\"La construcci\u00f3n de la opini\u00f3n p\u00fablica merece un mejor Panorama en este siglo 21 para alcanzar una sociedad con mayor transparencia y sin corrupci\u00f3n.\",\"publisher\":{\"@id\":\"https:\/\/21panorama.com\/#organization\"},\"potentialAction\":[{\"@type\":\"SearchAction\",\"target\":{\"@type\":\"EntryPoint\",\"urlTemplate\":\"https:\/\/21panorama.com\/?s={search_term_string}\"},\"query-input\":{\"@type\":\"PropertyValueSpecification\",\"valueRequired\":true,\"valueName\":\"search_term_string\"}}],\"inLanguage\":\"es\"},{\"@type\":\"Organization\",\"@id\":\"https:\/\/21panorama.com\/#organization\",\"name\":\"21 Panorama\",\"url\":\"https:\/\/21panorama.com\/\",\"logo\":{\"@type\":\"ImageObject\",\"inLanguage\":\"es\",\"@id\":\"https:\/\/21panorama.com\/#\/schema\/logo\/image\/\",\"url\":\"https:\/\/21panorama.com\/wp-content\/uploads\/2019\/07\/cropped-Logo-Panorama-01.jpeg\",\"contentUrl\":\"https:\/\/21panorama.com\/wp-content\/uploads\/2019\/07\/cropped-Logo-Panorama-01.jpeg\",\"width\":290,\"height\":70,\"caption\":\"21 Panorama\"},\"image\":{\"@id\":\"https:\/\/21panorama.com\/#\/schema\/logo\/image\/\"}},{\"@type\":\"Person\",\"@id\":\"https:\/\/21panorama.com\/#\/schema\/person\/1afc291b96d5792a158768324287319f\",\"name\":\"admin\",\"image\":{\"@type\":\"ImageObject\",\"inLanguage\":\"es\",\"@id\":\"https:\/\/21panorama.com\/#\/schema\/person\/image\/\",\"url\":\"https:\/\/secure.gravatar.com\/avatar\/ad365d9d9f46719215b0d042cc3df92a5a8683e09ef13d102233e5491985f0f0?s=96&d=mm&r=g\",\"contentUrl\":\"https:\/\/secure.gravatar.com\/avatar\/ad365d9d9f46719215b0d042cc3df92a5a8683e09ef13d102233e5491985f0f0?s=96&d=mm&r=g\",\"caption\":\"admin\"},\"url\":\"https:\/\/21panorama.com\/index.php\/author\/admin\/\"}]}<\/script>\n<!-- \/ Yoast SEO plugin. -->","yoast_head_json":{"title":"SOMOS ALIADOS PERMANENTES DE LOS MEXIQUENSES: IV\u00c1N EQUER - 21 Panorama","robots":{"index":"index","follow":"follow","max-snippet":"max-snippet:-1","max-image-preview":"max-image-preview:large","max-video-preview":"max-video-preview:-1"},"canonical":"https:\/\/21panorama.com\/index.php\/2022\/02\/13\/somos-aliados-permanentes-de-los-mexiquenses-ivan-equer\/","og_locale":"es_MX","og_type":"article","og_title":"SOMOS ALIADOS PERMANENTES DE LOS MEXIQUENSES: IV\u00c1N EQUER - 21 Panorama","og_description":"Los diputados del Grupo Parlamentario del PRI queremos ser aliados permanentes de los ciudadanos y construir con ello el progreso del municipio, afirm\u00f3 el diputado Iv\u00e1n Esquer Cruz.","og_url":"https:\/\/21panorama.com\/index.php\/2022\/02\/13\/somos-aliados-permanentes-de-los-mexiquenses-ivan-equer\/","og_site_name":"21 Panorama","article_published_time":"2022-02-13T17:11:41+00:00","article_modified_time":"2022-02-13T17:11:43+00:00","og_image":[{"width":960,"height":686,"url":"https:\/\/21panorama.com\/wp-content\/uploads\/2022\/02\/1ef138bd-4f20-4730-a9be-be9eb813fd82.jpeg","type":"image\/jpeg"}],"author":"admin","twitter_card":"summary_large_image","twitter_misc":{"Escrito por":"admin","Tiempo de lectura":"2 minutos"},"schema":{"@context":"https:\/\/schema.org","@graph":[{"@type":"Article","@id":"https:\/\/21panorama.com\/index.php\/2022\/02\/13\/somos-aliados-permanentes-de-los-mexiquenses-ivan-equer\/#article","isPartOf":{"@id":"https:\/\/21panorama.com\/index.php\/2022\/02\/13\/somos-aliados-permanentes-de-los-mexiquenses-ivan-equer\/"},"author":{"name":"admin","@id":"https:\/\/21panorama.com\/#\/schema\/person\/1afc291b96d5792a158768324287319f"},"headline":"SOMOS ALIADOS PERMANENTES DE LOS MEXIQUENSES: IV\u00c1N EQUER","datePublished":"2022-02-13T17:11:41+00:00","dateModified":"2022-02-13T17:11:43+00:00","mainEntityOfPage":{"@id":"https:\/\/21panorama.com\/index.php\/2022\/02\/13\/somos-aliados-permanentes-de-los-mexiquenses-ivan-equer\/"},"wordCount":175,"commentCount":0,"publisher":{"@id":"https:\/\/21panorama.com\/#organization"},"image":{"@id":"https:\/\/21panorama.com\/index.php\/2022\/02\/13\/somos-aliados-permanentes-de-los-mexiquenses-ivan-equer\/#primaryimage"},"thumbnailUrl":"https:\/\/21panorama.com\/wp-content\/uploads\/2022\/02\/1ef138bd-4f20-4730-a9be-be9eb813fd82.jpeg","keywords":["IV\u00c1NESQUER"],"articleSection":["Politica"],"inLanguage":"es","potentialAction":[{"@type":"CommentAction","name":"Comment","target":["https:\/\/21panorama.com\/index.php\/2022\/02\/13\/somos-aliados-permanentes-de-los-mexiquenses-ivan-equer\/#respond"]}]},{"@type":"WebPage","@id":"https:\/\/21panorama.com\/index.php\/2022\/02\/13\/somos-aliados-permanentes-de-los-mexiquenses-ivan-equer\/","url":"https:\/\/21panorama.com\/index.php\/2022\/02\/13\/somos-aliados-permanentes-de-los-mexiquenses-ivan-equer\/","name":"SOMOS ALIADOS PERMANENTES DE LOS MEXIQUENSES: IV\u00c1N EQUER - 21 Panorama","isPartOf":{"@id":"https:\/\/21panorama.com\/#website"},"primaryImageOfPage":{"@id":"https:\/\/21panorama.com\/index.php\/2022\/02\/13\/somos-aliados-permanentes-de-los-mexiquenses-ivan-equer\/#primaryimage"},"image":{"@id":"https:\/\/21panorama.com\/index.php\/2022\/02\/13\/somos-aliados-permanentes-de-los-mexiquenses-ivan-equer\/#primaryimage"},"thumbnailUrl":"https:\/\/21panorama.com\/wp-content\/uploads\/2022\/02\/1ef138bd-4f20-4730-a9be-be9eb813fd82.jpeg","datePublished":"2022-02-13T17:11:41+00:00","dateModified":"2022-02-13T17:11:43+00:00","breadcrumb":{"@id":"https:\/\/21panorama.com\/index.php\/2022\/02\/13\/somos-aliados-permanentes-de-los-mexiquenses-ivan-equer\/#breadcrumb"},"inLanguage":"es","potentialAction":[{"@type":"ReadAction","target":["https:\/\/21panorama.com\/index.php\/2022\/02\/13\/somos-aliados-permanentes-de-los-mexiquenses-ivan-equer\/"]}]},{"@type":"ImageObject","inLanguage":"es","@id":"https:\/\/21panorama.com\/index.php\/2022\/02\/13\/somos-aliados-permanentes-de-los-mexiquenses-ivan-equer\/#primaryimage","url":"https:\/\/21panorama.com\/wp-content\/uploads\/2022\/02\/1ef138bd-4f20-4730-a9be-be9eb813fd82.jpeg","contentUrl":"https:\/\/21panorama.com\/wp-content\/uploads\/2022\/02\/1ef138bd-4f20-4730-a9be-be9eb813fd82.jpeg","width":960,"height":686},{"@type":"BreadcrumbList","@id":"https:\/\/21panorama.com\/index.php\/2022\/02\/13\/somos-aliados-permanentes-de-los-mexiquenses-ivan-equer\/#breadcrumb","itemListElement":[{"@type":"ListItem","position":1,"name":"Inicio","item":"https:\/\/21panorama.com\/"},{"@type":"ListItem","position":2,"name":"SOMOS ALIADOS PERMANENTES DE LOS MEXIQUENSES: IV\u00c1N EQUER"}]},{"@type":"WebSite","@id":"https:\/\/21panorama.com\/#website","url":"https:\/\/21panorama.com\/","name":"21 Panorama","description":"La construcci\u00f3n de la opini\u00f3n p\u00fablica merece un mejor Panorama en este siglo 21 para alcanzar una sociedad con mayor transparencia y sin corrupci\u00f3n.","publisher":{"@id":"https:\/\/21panorama.com\/#organization"},"potentialAction":[{"@type":"SearchAction","target":{"@type":"EntryPoint","urlTemplate":"https:\/\/21panorama.com\/?s={search_term_string}"},"query-input":{"@type":"PropertyValueSpecification","valueRequired":true,"valueName":"search_term_string"}}],"inLanguage":"es"},{"@type":"Organization","@id":"https:\/\/21panorama.com\/#organization","name":"21 Panorama","url":"https:\/\/21panorama.com\/","logo":{"@type":"ImageObject","inLanguage":"es","@id":"https:\/\/21panorama.com\/#\/schema\/logo\/image\/","url":"https:\/\/21panorama.com\/wp-content\/uploads\/2019\/07\/cropped-Logo-Panorama-01.jpeg","contentUrl":"https:\/\/21panorama.com\/wp-content\/uploads\/2019\/07\/cropped-Logo-Panorama-01.jpeg","width":290,"height":70,"caption":"21 Panorama"},"image":{"@id":"https:\/\/21panorama.com\/#\/schema\/logo\/image\/"}},{"@type":"Person","@id":"https:\/\/21panorama.com\/#\/schema\/person\/1afc291b96d5792a158768324287319f","name":"admin","image":{"@type":"ImageObject","inLanguage":"es","@id":"https:\/\/21panorama.com\/#\/schema\/person\/image\/","url":"https:\/\/secure.gravatar.com\/avatar\/ad365d9d9f46719215b0d042cc3df92a5a8683e09ef13d102233e5491985f0f0?s=96&d=mm&r=g","contentUrl":"https:\/\/secure.gravatar.com\/avatar\/ad365d9d9f46719215b0d042cc3df92a5a8683e09ef13d102233e5491985f0f0?s=96&d=mm&r=g","caption":"admin"},"url":"https:\/\/21panorama.com\/index.php\/author\/admin\/"}]}},"_links":{"self":[{"href":"https:\/\/21panorama.com\/index.php\/wp-json\/wp\/v2\/posts\/3239","targetHints":{"allow":["GET"]}}],"collection":[{"href":"https:\/\/21panorama.com\/index.php\/wp-json\/wp\/v2\/posts"}],"about":[{"href":"https:\/\/21panorama.com\/index.php\/wp-json\/wp\/v2\/types\/post"}],"author":[{"embeddable":true,"href":"https:\/\/21panorama.com\/index.php\/wp-json\/wp\/v2\/users\/1"}],"replies":[{"embeddable":true,"href":"https:\/\/21panorama.com\/index.php\/wp-json\/wp\/v2\/comments?post=3239"}],"version-history":[{"count":1,"href":"https:\/\/21panorama.com\/index.php\/wp-json\/wp\/v2\/posts\/3239\/revisions"}],"predecessor-version":[{"id":3243,"href":"https:\/\/21panorama.com\/index.php\/wp-json\/wp\/v2\/posts\/3239\/revisions\/3243"}],"wp:featuredmedia":[{"embeddable":true,"href":"https:\/\/21panorama.com\/index.php\/wp-json\/wp\/v2\/media\/3240"}],"wp:attachment":[{"href":"https:\/\/21panorama.com\/index.php\/wp-json\/wp\/v2\/media?parent=3239"}],"wp:term":[{"taxonomy":"category","embeddable":true,"href":"https:\/\/21panorama.com\/index.php\/wp-json\/wp\/v2\/categories?post=3239"},{"taxonomy":"post_tag","embeddable":true,"href":"https:\/\/21panorama.com\/index.php\/wp-json\/wp\/v2\/tags?post=3239"}],"curies":[{"name":"wp","href":"https:\/\/api.w.org\/{rel}","templated":true}]}}