{"id":3223,"date":"2022-02-08T16:28:34","date_gmt":"2022-02-08T22:28:34","guid":{"rendered":"https:\/\/21panorama.com\/?p=3223"},"modified":"2022-02-08T16:28:35","modified_gmt":"2022-02-08T22:28:35","slug":"carolina-viggiano-va-con-todo","status":"publish","type":"post","link":"https:\/\/21panorama.com\/index.php\/2022\/02\/08\/carolina-viggiano-va-con-todo\/","title":{"rendered":"CAROLINA VIGGIANO VA CON TODO"},"content":{"rendered":"\n<p>Es ahora o nunca se escucha en las redes sociales de la virtual abanderada de la coalici\u00f3n PAN-PRI-PRD a la gubernatura de Hidalgo, Carolina Viggiano Austria, quien en diferentes encuestas se posiciona con mayor intenci\u00f3n del voto para los comicios de junio pr\u00f3ximo.<\/p>\n\n\n\n<p>En mensajes dirigidos exclusivamente a la militancia pri\u00edsta, panista y perredista dej\u00f3 en claro que tiene muchas ganas de trabajar, \u201ctengo ganas de servir y tengo ganas de luchar por mi estado, a Hidalgo le he entregado mi vida y as\u00ed lo seguir\u00e9 haciendo\u201d.<\/p>\n\n\n\n<p>Apegada a los ordenamientos legales, la tambi\u00e9n secretaria general del PRI se ha reunido con los militantes del tricolor para convocarlos a unir esfuerzos y voluntades por el Estado. \u201cNos reunimos con l\u00edderes priistas para afinar los \u00faltimos detalles de cara a las elecciones de junio\u201d.<\/p>\n\n\n\n<p>En su mensaje dirigido a militantes del PAN dijo que trabajan juntos para llevar a Hidalgo a lo m\u00e1s alto, al lugar que le corresponde. \u201cContinuamos los trabajos del partido, estamos m\u00e1s fuertes que nunca y desde ya levantamos todos la mano para unirnos a este proyecto\u201d.<\/p>\n\n\n\n<p>Expuso que la gran familia panista est\u00e1 decidida a construir un proyecto que le regrese lo que le corresponde a Hidalgo.<\/p>\n\n\n\n<p>Tambi\u00e9n como diputada federal tuvo la oportunidad de reunirse con militantes del PRD, \u201cacudiendo a la invitaci\u00f3n del presidente Jes\u00fas Zambrano Grijalva, para intercambiar ideas sobre el futuro que enfrentan las y los mexicanos\u201d.<\/p>\n\n\n\n<p>En suma, reconoci\u00f3 a los hidalguenses trabajadores y aguerridos con quienes \u201cvamos a luchar por un estado que apoye e impulse a todas y todos los que salen a chambear d\u00eda con d\u00eda para sacar adelante a su familia\u201d.<\/p>\n","protected":false},"excerpt":{"rendered":"<p>Es ahora o nunca se escucha en las redes sociales de la virtual abanderada de la coalici\u00f3n PAN-PRI-PRD a la gubernatura de Hidalgo, Carolina Viggiano Austria, quien en diferentes encuestas se posiciona con mayor intenci\u00f3n del voto para los comicios de junio pr\u00f3ximo.  <\/p>\n","protected":false},"author":1,"featured_media":3224,"comment_status":"open","ping_status":"open","sticky":false,"template":"","format":"standard","meta":{"footnotes":""},"categories":[12],"tags":[277],"class_list":["post-3223","post","type-post","status-publish","format-standard","has-post-thumbnail","hentry","category-politica","tag-carolinaviggiano"],"yoast_head":"<!-- This site is optimized with the Yoast SEO plugin v24.9 - https:\/\/yoast.com\/wordpress\/plugins\/seo\/ -->\n<title>CAROLINA VIGGIANO VA CON TODO - 21 Panorama<\/title>\n<meta name=\"robots\" content=\"index, follow, max-snippet:-1, max-image-preview:large, max-video-preview:-1\" \/>\n<link rel=\"canonical\" href=\"https:\/\/21panorama.com\/index.php\/2022\/02\/08\/carolina-viggiano-va-con-todo\/\" \/>\n<meta property=\"og:locale\" content=\"es_MX\" \/>\n<meta property=\"og:type\" content=\"article\" \/>\n<meta property=\"og:title\" content=\"CAROLINA VIGGIANO VA CON TODO - 21 Panorama\" \/>\n<meta property=\"og:description\" content=\"Es ahora o nunca se escucha en las redes sociales de la virtual abanderada de la coalici\u00f3n PAN-PRI-PRD a la gubernatura de Hidalgo, Carolina Viggiano Austria, quien en diferentes encuestas se posiciona con mayor intenci\u00f3n del voto para los comicios de junio pr\u00f3ximo.\" \/>\n<meta property=\"og:url\" content=\"https:\/\/21panorama.com\/index.php\/2022\/02\/08\/carolina-viggiano-va-con-todo\/\" \/>\n<meta property=\"og:site_name\" content=\"21 Panorama\" \/>\n<meta property=\"article:published_time\" content=\"2022-02-08T22:28:34+00:00\" \/>\n<meta property=\"article:modified_time\" content=\"2022-02-08T22:28:35+00:00\" \/>\n<meta property=\"og:image\" content=\"https:\/\/21panorama.com\/wp-content\/uploads\/2022\/02\/07e98308-1853-440b-abd9-f8cad9e9d845.jpeg\" \/>\n\t<meta property=\"og:image:width\" content=\"960\" \/>\n\t<meta property=\"og:image:height\" content=\"538\" \/>\n\t<meta property=\"og:image:type\" content=\"image\/jpeg\" \/>\n<meta name=\"author\" content=\"admin\" \/>\n<meta name=\"twitter:card\" content=\"summary_large_image\" \/>\n<meta name=\"twitter:label1\" content=\"Escrito por\" \/>\n\t<meta name=\"twitter:data1\" content=\"admin\" \/>\n\t<meta name=\"twitter:label2\" content=\"Tiempo de lectura\" \/>\n\t<meta name=\"twitter:data2\" content=\"1 minuto\" \/>\n<script type=\"application\/ld+json\" class=\"yoast-schema-graph\">{\"@context\":\"https:\/\/schema.org\",\"@graph\":[{\"@type\":\"Article\",\"@id\":\"https:\/\/21panorama.com\/index.php\/2022\/02\/08\/carolina-viggiano-va-con-todo\/#article\",\"isPartOf\":{\"@id\":\"https:\/\/21panorama.com\/index.php\/2022\/02\/08\/carolina-viggiano-va-con-todo\/\"},\"author\":{\"name\":\"admin\",\"@id\":\"https:\/\/21panorama.com\/#\/schema\/person\/1afc291b96d5792a158768324287319f\"},\"headline\":\"CAROLINA VIGGIANO VA CON TODO\",\"datePublished\":\"2022-02-08T22:28:34+00:00\",\"dateModified\":\"2022-02-08T22:28:35+00:00\",\"mainEntityOfPage\":{\"@id\":\"https:\/\/21panorama.com\/index.php\/2022\/02\/08\/carolina-viggiano-va-con-todo\/\"},\"wordCount\":292,\"commentCount\":0,\"publisher\":{\"@id\":\"https:\/\/21panorama.com\/#organization\"},\"image\":{\"@id\":\"https:\/\/21panorama.com\/index.php\/2022\/02\/08\/carolina-viggiano-va-con-todo\/#primaryimage\"},\"thumbnailUrl\":\"https:\/\/21panorama.com\/wp-content\/uploads\/2022\/02\/07e98308-1853-440b-abd9-f8cad9e9d845.jpeg\",\"keywords\":[\"CAROLINAVIGGIANO\"],\"articleSection\":[\"Politica\"],\"inLanguage\":\"es\",\"potentialAction\":[{\"@type\":\"CommentAction\",\"name\":\"Comment\",\"target\":[\"https:\/\/21panorama.com\/index.php\/2022\/02\/08\/carolina-viggiano-va-con-todo\/#respond\"]}]},{\"@type\":\"WebPage\",\"@id\":\"https:\/\/21panorama.com\/index.php\/2022\/02\/08\/carolina-viggiano-va-con-todo\/\",\"url\":\"https:\/\/21panorama.com\/index.php\/2022\/02\/08\/carolina-viggiano-va-con-todo\/\",\"name\":\"CAROLINA VIGGIANO VA CON TODO - 21 Panorama\",\"isPartOf\":{\"@id\":\"https:\/\/21panorama.com\/#website\"},\"primaryImageOfPage\":{\"@id\":\"https:\/\/21panorama.com\/index.php\/2022\/02\/08\/carolina-viggiano-va-con-todo\/#primaryimage\"},\"image\":{\"@id\":\"https:\/\/21panorama.com\/index.php\/2022\/02\/08\/carolina-viggiano-va-con-todo\/#primaryimage\"},\"thumbnailUrl\":\"https:\/\/21panorama.com\/wp-content\/uploads\/2022\/02\/07e98308-1853-440b-abd9-f8cad9e9d845.jpeg\",\"datePublished\":\"2022-02-08T22:28:34+00:00\",\"dateModified\":\"2022-02-08T22:28:35+00:00\",\"breadcrumb\":{\"@id\":\"https:\/\/21panorama.com\/index.php\/2022\/02\/08\/carolina-viggiano-va-con-todo\/#breadcrumb\"},\"inLanguage\":\"es\",\"potentialAction\":[{\"@type\":\"ReadAction\",\"target\":[\"https:\/\/21panorama.com\/index.php\/2022\/02\/08\/carolina-viggiano-va-con-todo\/\"]}]},{\"@type\":\"ImageObject\",\"inLanguage\":\"es\",\"@id\":\"https:\/\/21panorama.com\/index.php\/2022\/02\/08\/carolina-viggiano-va-con-todo\/#primaryimage\",\"url\":\"https:\/\/21panorama.com\/wp-content\/uploads\/2022\/02\/07e98308-1853-440b-abd9-f8cad9e9d845.jpeg\",\"contentUrl\":\"https:\/\/21panorama.com\/wp-content\/uploads\/2022\/02\/07e98308-1853-440b-abd9-f8cad9e9d845.jpeg\",\"width\":960,\"height\":538},{\"@type\":\"BreadcrumbList\",\"@id\":\"https:\/\/21panorama.com\/index.php\/2022\/02\/08\/carolina-viggiano-va-con-todo\/#breadcrumb\",\"itemListElement\":[{\"@type\":\"ListItem\",\"position\":1,\"name\":\"Inicio\",\"item\":\"https:\/\/21panorama.com\/\"},{\"@type\":\"ListItem\",\"position\":2,\"name\":\"CAROLINA VIGGIANO VA CON TODO\"}]},{\"@type\":\"WebSite\",\"@id\":\"https:\/\/21panorama.com\/#website\",\"url\":\"https:\/\/21panorama.com\/\",\"name\":\"21 Panorama\",\"description\":\"La construcci\u00f3n de la opini\u00f3n p\u00fablica merece un mejor Panorama en este siglo 21 para alcanzar una sociedad con mayor transparencia y sin corrupci\u00f3n.\",\"publisher\":{\"@id\":\"https:\/\/21panorama.com\/#organization\"},\"potentialAction\":[{\"@type\":\"SearchAction\",\"target\":{\"@type\":\"EntryPoint\",\"urlTemplate\":\"https:\/\/21panorama.com\/?s={search_term_string}\"},\"query-input\":{\"@type\":\"PropertyValueSpecification\",\"valueRequired\":true,\"valueName\":\"search_term_string\"}}],\"inLanguage\":\"es\"},{\"@type\":\"Organization\",\"@id\":\"https:\/\/21panorama.com\/#organization\",\"name\":\"21 Panorama\",\"url\":\"https:\/\/21panorama.com\/\",\"logo\":{\"@type\":\"ImageObject\",\"inLanguage\":\"es\",\"@id\":\"https:\/\/21panorama.com\/#\/schema\/logo\/image\/\",\"url\":\"https:\/\/21panorama.com\/wp-content\/uploads\/2019\/07\/cropped-Logo-Panorama-01.jpeg\",\"contentUrl\":\"https:\/\/21panorama.com\/wp-content\/uploads\/2019\/07\/cropped-Logo-Panorama-01.jpeg\",\"width\":290,\"height\":70,\"caption\":\"21 Panorama\"},\"image\":{\"@id\":\"https:\/\/21panorama.com\/#\/schema\/logo\/image\/\"}},{\"@type\":\"Person\",\"@id\":\"https:\/\/21panorama.com\/#\/schema\/person\/1afc291b96d5792a158768324287319f\",\"name\":\"admin\",\"image\":{\"@type\":\"ImageObject\",\"inLanguage\":\"es\",\"@id\":\"https:\/\/21panorama.com\/#\/schema\/person\/image\/\",\"url\":\"https:\/\/secure.gravatar.com\/avatar\/ad365d9d9f46719215b0d042cc3df92a5a8683e09ef13d102233e5491985f0f0?s=96&d=mm&r=g\",\"contentUrl\":\"https:\/\/secure.gravatar.com\/avatar\/ad365d9d9f46719215b0d042cc3df92a5a8683e09ef13d102233e5491985f0f0?s=96&d=mm&r=g\",\"caption\":\"admin\"},\"url\":\"https:\/\/21panorama.com\/index.php\/author\/admin\/\"}]}<\/script>\n<!-- \/ Yoast SEO plugin. -->","yoast_head_json":{"title":"CAROLINA VIGGIANO VA CON TODO - 21 Panorama","robots":{"index":"index","follow":"follow","max-snippet":"max-snippet:-1","max-image-preview":"max-image-preview:large","max-video-preview":"max-video-preview:-1"},"canonical":"https:\/\/21panorama.com\/index.php\/2022\/02\/08\/carolina-viggiano-va-con-todo\/","og_locale":"es_MX","og_type":"article","og_title":"CAROLINA VIGGIANO VA CON TODO - 21 Panorama","og_description":"Es ahora o nunca se escucha en las redes sociales de la virtual abanderada de la coalici\u00f3n PAN-PRI-PRD a la gubernatura de Hidalgo, Carolina Viggiano Austria, quien en diferentes encuestas se posiciona con mayor intenci\u00f3n del voto para los comicios de junio pr\u00f3ximo.","og_url":"https:\/\/21panorama.com\/index.php\/2022\/02\/08\/carolina-viggiano-va-con-todo\/","og_site_name":"21 Panorama","article_published_time":"2022-02-08T22:28:34+00:00","article_modified_time":"2022-02-08T22:28:35+00:00","og_image":[{"width":960,"height":538,"url":"https:\/\/21panorama.com\/wp-content\/uploads\/2022\/02\/07e98308-1853-440b-abd9-f8cad9e9d845.jpeg","type":"image\/jpeg"}],"author":"admin","twitter_card":"summary_large_image","twitter_misc":{"Escrito por":"admin","Tiempo de lectura":"1 minuto"},"schema":{"@context":"https:\/\/schema.org","@graph":[{"@type":"Article","@id":"https:\/\/21panorama.com\/index.php\/2022\/02\/08\/carolina-viggiano-va-con-todo\/#article","isPartOf":{"@id":"https:\/\/21panorama.com\/index.php\/2022\/02\/08\/carolina-viggiano-va-con-todo\/"},"author":{"name":"admin","@id":"https:\/\/21panorama.com\/#\/schema\/person\/1afc291b96d5792a158768324287319f"},"headline":"CAROLINA VIGGIANO VA CON TODO","datePublished":"2022-02-08T22:28:34+00:00","dateModified":"2022-02-08T22:28:35+00:00","mainEntityOfPage":{"@id":"https:\/\/21panorama.com\/index.php\/2022\/02\/08\/carolina-viggiano-va-con-todo\/"},"wordCount":292,"commentCount":0,"publisher":{"@id":"https:\/\/21panorama.com\/#organization"},"image":{"@id":"https:\/\/21panorama.com\/index.php\/2022\/02\/08\/carolina-viggiano-va-con-todo\/#primaryimage"},"thumbnailUrl":"https:\/\/21panorama.com\/wp-content\/uploads\/2022\/02\/07e98308-1853-440b-abd9-f8cad9e9d845.jpeg","keywords":["CAROLINAVIGGIANO"],"articleSection":["Politica"],"inLanguage":"es","potentialAction":[{"@type":"CommentAction","name":"Comment","target":["https:\/\/21panorama.com\/index.php\/2022\/02\/08\/carolina-viggiano-va-con-todo\/#respond"]}]},{"@type":"WebPage","@id":"https:\/\/21panorama.com\/index.php\/2022\/02\/08\/carolina-viggiano-va-con-todo\/","url":"https:\/\/21panorama.com\/index.php\/2022\/02\/08\/carolina-viggiano-va-con-todo\/","name":"CAROLINA VIGGIANO VA CON TODO - 21 Panorama","isPartOf":{"@id":"https:\/\/21panorama.com\/#website"},"primaryImageOfPage":{"@id":"https:\/\/21panorama.com\/index.php\/2022\/02\/08\/carolina-viggiano-va-con-todo\/#primaryimage"},"image":{"@id":"https:\/\/21panorama.com\/index.php\/2022\/02\/08\/carolina-viggiano-va-con-todo\/#primaryimage"},"thumbnailUrl":"https:\/\/21panorama.com\/wp-content\/uploads\/2022\/02\/07e98308-1853-440b-abd9-f8cad9e9d845.jpeg","datePublished":"2022-02-08T22:28:34+00:00","dateModified":"2022-02-08T22:28:35+00:00","breadcrumb":{"@id":"https:\/\/21panorama.com\/index.php\/2022\/02\/08\/carolina-viggiano-va-con-todo\/#breadcrumb"},"inLanguage":"es","potentialAction":[{"@type":"ReadAction","target":["https:\/\/21panorama.com\/index.php\/2022\/02\/08\/carolina-viggiano-va-con-todo\/"]}]},{"@type":"ImageObject","inLanguage":"es","@id":"https:\/\/21panorama.com\/index.php\/2022\/02\/08\/carolina-viggiano-va-con-todo\/#primaryimage","url":"https:\/\/21panorama.com\/wp-content\/uploads\/2022\/02\/07e98308-1853-440b-abd9-f8cad9e9d845.jpeg","contentUrl":"https:\/\/21panorama.com\/wp-content\/uploads\/2022\/02\/07e98308-1853-440b-abd9-f8cad9e9d845.jpeg","width":960,"height":538},{"@type":"BreadcrumbList","@id":"https:\/\/21panorama.com\/index.php\/2022\/02\/08\/carolina-viggiano-va-con-todo\/#breadcrumb","itemListElement":[{"@type":"ListItem","position":1,"name":"Inicio","item":"https:\/\/21panorama.com\/"},{"@type":"ListItem","position":2,"name":"CAROLINA VIGGIANO VA CON TODO"}]},{"@type":"WebSite","@id":"https:\/\/21panorama.com\/#website","url":"https:\/\/21panorama.com\/","name":"21 Panorama","description":"La construcci\u00f3n de la opini\u00f3n p\u00fablica merece un mejor Panorama en este siglo 21 para alcanzar una sociedad con mayor transparencia y sin corrupci\u00f3n.","publisher":{"@id":"https:\/\/21panorama.com\/#organization"},"potentialAction":[{"@type":"SearchAction","target":{"@type":"EntryPoint","urlTemplate":"https:\/\/21panorama.com\/?s={search_term_string}"},"query-input":{"@type":"PropertyValueSpecification","valueRequired":true,"valueName":"search_term_string"}}],"inLanguage":"es"},{"@type":"Organization","@id":"https:\/\/21panorama.com\/#organization","name":"21 Panorama","url":"https:\/\/21panorama.com\/","logo":{"@type":"ImageObject","inLanguage":"es","@id":"https:\/\/21panorama.com\/#\/schema\/logo\/image\/","url":"https:\/\/21panorama.com\/wp-content\/uploads\/2019\/07\/cropped-Logo-Panorama-01.jpeg","contentUrl":"https:\/\/21panorama.com\/wp-content\/uploads\/2019\/07\/cropped-Logo-Panorama-01.jpeg","width":290,"height":70,"caption":"21 Panorama"},"image":{"@id":"https:\/\/21panorama.com\/#\/schema\/logo\/image\/"}},{"@type":"Person","@id":"https:\/\/21panorama.com\/#\/schema\/person\/1afc291b96d5792a158768324287319f","name":"admin","image":{"@type":"ImageObject","inLanguage":"es","@id":"https:\/\/21panorama.com\/#\/schema\/person\/image\/","url":"https:\/\/secure.gravatar.com\/avatar\/ad365d9d9f46719215b0d042cc3df92a5a8683e09ef13d102233e5491985f0f0?s=96&d=mm&r=g","contentUrl":"https:\/\/secure.gravatar.com\/avatar\/ad365d9d9f46719215b0d042cc3df92a5a8683e09ef13d102233e5491985f0f0?s=96&d=mm&r=g","caption":"admin"},"url":"https:\/\/21panorama.com\/index.php\/author\/admin\/"}]}},"_links":{"self":[{"href":"https:\/\/21panorama.com\/index.php\/wp-json\/wp\/v2\/posts\/3223","targetHints":{"allow":["GET"]}}],"collection":[{"href":"https:\/\/21panorama.com\/index.php\/wp-json\/wp\/v2\/posts"}],"about":[{"href":"https:\/\/21panorama.com\/index.php\/wp-json\/wp\/v2\/types\/post"}],"author":[{"embeddable":true,"href":"https:\/\/21panorama.com\/index.php\/wp-json\/wp\/v2\/users\/1"}],"replies":[{"embeddable":true,"href":"https:\/\/21panorama.com\/index.php\/wp-json\/wp\/v2\/comments?post=3223"}],"version-history":[{"count":1,"href":"https:\/\/21panorama.com\/index.php\/wp-json\/wp\/v2\/posts\/3223\/revisions"}],"predecessor-version":[{"id":3225,"href":"https:\/\/21panorama.com\/index.php\/wp-json\/wp\/v2\/posts\/3223\/revisions\/3225"}],"wp:featuredmedia":[{"embeddable":true,"href":"https:\/\/21panorama.com\/index.php\/wp-json\/wp\/v2\/media\/3224"}],"wp:attachment":[{"href":"https:\/\/21panorama.com\/index.php\/wp-json\/wp\/v2\/media?parent=3223"}],"wp:term":[{"taxonomy":"category","embeddable":true,"href":"https:\/\/21panorama.com\/index.php\/wp-json\/wp\/v2\/categories?post=3223"},{"taxonomy":"post_tag","embeddable":true,"href":"https:\/\/21panorama.com\/index.php\/wp-json\/wp\/v2\/tags?post=3223"}],"curies":[{"name":"wp","href":"https:\/\/api.w.org\/{rel}","templated":true}]}}