{"id":3219,"date":"2022-02-08T16:25:21","date_gmt":"2022-02-08T22:25:21","guid":{"rendered":"https:\/\/21panorama.com\/?p=3219"},"modified":"2022-02-08T16:25:22","modified_gmt":"2022-02-08T22:25:22","slug":"uaemex-afianza-la-cultura-de-paz-y-fomenta-espacios-libres-de-violencia","status":"publish","type":"post","link":"https:\/\/21panorama.com\/index.php\/2022\/02\/08\/uaemex-afianza-la-cultura-de-paz-y-fomenta-espacios-libres-de-violencia\/","title":{"rendered":"UAEM\u00e9x afianza la cultura de paz y fomenta espacios libres de violencia"},"content":{"rendered":"\n<p>Toluca, M\u00e9x; 08 de febrero de 2022. Para continuar impulsando espacios donde se cultive la cultura de la paz y se afiancen espacios libres de violencia, el H. Consejo Universitario de la Universidad Aut\u00f3noma del Estado de M\u00e9xico (UAEM\u00e9x) aprob\u00f3 de forma un\u00e1nime el Reglamento del Procedimiento de Responsabilidad Universitaria, documento que en su actualizaci\u00f3n, considera opiniones jur\u00eddicas en temas de derechos humanos y mediaci\u00f3n de conflictos.<br>En sesi\u00f3n ordinaria, que presidi\u00f3 el rector Carlos Eduardo Barrera D\u00edaz, la Abogada General de esta Casa de Estudios, Luz Mar\u00eda Consuelo Jaimes Legorreta, sostuvo que entre sus innovaciones, el reglamento incluye medidas alternas de soluci\u00f3n de conflictos que fomenten el di\u00e1logo y la soluci\u00f3n expedita de las denuncias.<br>Dicho documento, integrado por 144 art\u00edculos, brindar\u00e1 certeza y seguridad jur\u00eddica a la comunidad universitaria, pero tambi\u00e9n cuenta con acciones preventivas para que cada espacio auriverde tenga acceso a pl\u00e1ticas, planes y programas sobre prevenci\u00f3n de la violencia y generaci\u00f3n de relaciones arm\u00f3nicas.<br>Ante el pleno del \u00f3rgano colegiado de la UAEM\u00e9x, la servidora auriverde detall\u00f3 que en el Reglamento del Procedimiento de Responsabilidad Universitaria se definen procesos como las denuncias formales, el respeto al debido proceso y al principio jur\u00eddico de presunci\u00f3n de inocencia, entre otras figuras legales.<br>Durante la lectura del dictamen de las comisiones de Legislaci\u00f3n Universitaria y Especial del Programa Legislativo de la UAEM\u00e9x, el secretario de Rector\u00eda, Marco Aurelio Cienfuegos Terr\u00f3n indic\u00f3 que este nuevo ordenamiento refleja el esfuerzo institucional por impulsar e implementar normas que propicien espacios libres de todo tipo de violencia.<\/p>\n\n\n\n<figure class=\"wp-block-image size-full\"><img decoding=\"async\" width=\"960\" height=\"640\" src=\"https:\/\/21panorama.com\/wp-content\/uploads\/2022\/02\/cc4d2c8c-4a67-460f-901e-b8ea5adac285.jpeg\" alt=\"\" class=\"wp-image-3221\" srcset=\"https:\/\/21panorama.com\/wp-content\/uploads\/2022\/02\/cc4d2c8c-4a67-460f-901e-b8ea5adac285.jpeg 960w, https:\/\/21panorama.com\/wp-content\/uploads\/2022\/02\/cc4d2c8c-4a67-460f-901e-b8ea5adac285-300x200.jpeg 300w, https:\/\/21panorama.com\/wp-content\/uploads\/2022\/02\/cc4d2c8c-4a67-460f-901e-b8ea5adac285-768x512.jpeg 768w\" sizes=\"(max-width: 960px) 100vw, 960px\" \/><\/figure>\n","protected":false},"excerpt":{"rendered":"<p>Al aprobarse el Reglamento del Procedimiento de Responsabilidad Universitaria por el H. Consejo Universitario, se afirm\u00f3 que se integran opiniones jur\u00eddicas en temas de derechos humanos y mediaci\u00f3n de conflictos. <\/p>\n","protected":false},"author":1,"featured_media":3220,"comment_status":"open","ping_status":"open","sticky":false,"template":"","format":"standard","meta":{"footnotes":""},"categories":[1],"tags":[131],"class_list":["post-3219","post","type-post","status-publish","format-standard","has-post-thumbnail","hentry","category-sociedad","tag-uaem"],"yoast_head":"<!-- This site is optimized with the Yoast SEO plugin v24.9 - https:\/\/yoast.com\/wordpress\/plugins\/seo\/ -->\n<title>UAEM\u00e9x afianza la cultura de paz y fomenta espacios libres de violencia - 21 Panorama<\/title>\n<meta name=\"robots\" content=\"index, follow, max-snippet:-1, max-image-preview:large, max-video-preview:-1\" \/>\n<link rel=\"canonical\" href=\"https:\/\/21panorama.com\/index.php\/2022\/02\/08\/uaemex-afianza-la-cultura-de-paz-y-fomenta-espacios-libres-de-violencia\/\" \/>\n<meta property=\"og:locale\" content=\"es_MX\" \/>\n<meta property=\"og:type\" content=\"article\" \/>\n<meta property=\"og:title\" content=\"UAEM\u00e9x afianza la cultura de paz y fomenta espacios libres de violencia - 21 Panorama\" \/>\n<meta property=\"og:description\" content=\"Al aprobarse el Reglamento del Procedimiento de Responsabilidad Universitaria por el H. Consejo Universitario, se afirm\u00f3 que se integran opiniones jur\u00eddicas en temas de derechos humanos y mediaci\u00f3n de conflictos.\" \/>\n<meta property=\"og:url\" content=\"https:\/\/21panorama.com\/index.php\/2022\/02\/08\/uaemex-afianza-la-cultura-de-paz-y-fomenta-espacios-libres-de-violencia\/\" \/>\n<meta property=\"og:site_name\" content=\"21 Panorama\" \/>\n<meta property=\"article:published_time\" content=\"2022-02-08T22:25:21+00:00\" \/>\n<meta property=\"article:modified_time\" content=\"2022-02-08T22:25:22+00:00\" \/>\n<meta property=\"og:image\" content=\"https:\/\/21panorama.com\/wp-content\/uploads\/2022\/02\/1047af3c-4517-4090-b470-fafc01d59489.jpeg\" \/>\n\t<meta property=\"og:image:width\" content=\"960\" \/>\n\t<meta property=\"og:image:height\" content=\"640\" \/>\n\t<meta property=\"og:image:type\" content=\"image\/jpeg\" \/>\n<meta name=\"author\" content=\"admin\" \/>\n<meta name=\"twitter:card\" content=\"summary_large_image\" \/>\n<meta name=\"twitter:label1\" content=\"Escrito por\" \/>\n\t<meta name=\"twitter:data1\" content=\"admin\" \/>\n\t<meta name=\"twitter:label2\" content=\"Tiempo de lectura\" \/>\n\t<meta name=\"twitter:data2\" content=\"2 minutos\" \/>\n<script type=\"application\/ld+json\" class=\"yoast-schema-graph\">{\"@context\":\"https:\/\/schema.org\",\"@graph\":[{\"@type\":\"Article\",\"@id\":\"https:\/\/21panorama.com\/index.php\/2022\/02\/08\/uaemex-afianza-la-cultura-de-paz-y-fomenta-espacios-libres-de-violencia\/#article\",\"isPartOf\":{\"@id\":\"https:\/\/21panorama.com\/index.php\/2022\/02\/08\/uaemex-afianza-la-cultura-de-paz-y-fomenta-espacios-libres-de-violencia\/\"},\"author\":{\"name\":\"admin\",\"@id\":\"https:\/\/21panorama.com\/#\/schema\/person\/1afc291b96d5792a158768324287319f\"},\"headline\":\"UAEM\u00e9x afianza la cultura de paz y fomenta espacios libres de violencia\",\"datePublished\":\"2022-02-08T22:25:21+00:00\",\"dateModified\":\"2022-02-08T22:25:22+00:00\",\"mainEntityOfPage\":{\"@id\":\"https:\/\/21panorama.com\/index.php\/2022\/02\/08\/uaemex-afianza-la-cultura-de-paz-y-fomenta-espacios-libres-de-violencia\/\"},\"wordCount\":293,\"commentCount\":0,\"publisher\":{\"@id\":\"https:\/\/21panorama.com\/#organization\"},\"image\":{\"@id\":\"https:\/\/21panorama.com\/index.php\/2022\/02\/08\/uaemex-afianza-la-cultura-de-paz-y-fomenta-espacios-libres-de-violencia\/#primaryimage\"},\"thumbnailUrl\":\"https:\/\/21panorama.com\/wp-content\/uploads\/2022\/02\/1047af3c-4517-4090-b470-fafc01d59489.jpeg\",\"keywords\":[\"UAEM\"],\"articleSection\":[\"Sociedad\"],\"inLanguage\":\"es\",\"potentialAction\":[{\"@type\":\"CommentAction\",\"name\":\"Comment\",\"target\":[\"https:\/\/21panorama.com\/index.php\/2022\/02\/08\/uaemex-afianza-la-cultura-de-paz-y-fomenta-espacios-libres-de-violencia\/#respond\"]}]},{\"@type\":\"WebPage\",\"@id\":\"https:\/\/21panorama.com\/index.php\/2022\/02\/08\/uaemex-afianza-la-cultura-de-paz-y-fomenta-espacios-libres-de-violencia\/\",\"url\":\"https:\/\/21panorama.com\/index.php\/2022\/02\/08\/uaemex-afianza-la-cultura-de-paz-y-fomenta-espacios-libres-de-violencia\/\",\"name\":\"UAEM\u00e9x afianza la cultura de paz y fomenta espacios libres de violencia - 21 Panorama\",\"isPartOf\":{\"@id\":\"https:\/\/21panorama.com\/#website\"},\"primaryImageOfPage\":{\"@id\":\"https:\/\/21panorama.com\/index.php\/2022\/02\/08\/uaemex-afianza-la-cultura-de-paz-y-fomenta-espacios-libres-de-violencia\/#primaryimage\"},\"image\":{\"@id\":\"https:\/\/21panorama.com\/index.php\/2022\/02\/08\/uaemex-afianza-la-cultura-de-paz-y-fomenta-espacios-libres-de-violencia\/#primaryimage\"},\"thumbnailUrl\":\"https:\/\/21panorama.com\/wp-content\/uploads\/2022\/02\/1047af3c-4517-4090-b470-fafc01d59489.jpeg\",\"datePublished\":\"2022-02-08T22:25:21+00:00\",\"dateModified\":\"2022-02-08T22:25:22+00:00\",\"breadcrumb\":{\"@id\":\"https:\/\/21panorama.com\/index.php\/2022\/02\/08\/uaemex-afianza-la-cultura-de-paz-y-fomenta-espacios-libres-de-violencia\/#breadcrumb\"},\"inLanguage\":\"es\",\"potentialAction\":[{\"@type\":\"ReadAction\",\"target\":[\"https:\/\/21panorama.com\/index.php\/2022\/02\/08\/uaemex-afianza-la-cultura-de-paz-y-fomenta-espacios-libres-de-violencia\/\"]}]},{\"@type\":\"ImageObject\",\"inLanguage\":\"es\",\"@id\":\"https:\/\/21panorama.com\/index.php\/2022\/02\/08\/uaemex-afianza-la-cultura-de-paz-y-fomenta-espacios-libres-de-violencia\/#primaryimage\",\"url\":\"https:\/\/21panorama.com\/wp-content\/uploads\/2022\/02\/1047af3c-4517-4090-b470-fafc01d59489.jpeg\",\"contentUrl\":\"https:\/\/21panorama.com\/wp-content\/uploads\/2022\/02\/1047af3c-4517-4090-b470-fafc01d59489.jpeg\",\"width\":960,\"height\":640},{\"@type\":\"BreadcrumbList\",\"@id\":\"https:\/\/21panorama.com\/index.php\/2022\/02\/08\/uaemex-afianza-la-cultura-de-paz-y-fomenta-espacios-libres-de-violencia\/#breadcrumb\",\"itemListElement\":[{\"@type\":\"ListItem\",\"position\":1,\"name\":\"Inicio\",\"item\":\"https:\/\/21panorama.com\/\"},{\"@type\":\"ListItem\",\"position\":2,\"name\":\"UAEM\u00e9x afianza la cultura de paz y fomenta espacios libres de violencia\"}]},{\"@type\":\"WebSite\",\"@id\":\"https:\/\/21panorama.com\/#website\",\"url\":\"https:\/\/21panorama.com\/\",\"name\":\"21 Panorama\",\"description\":\"La construcci\u00f3n de la opini\u00f3n p\u00fablica merece un mejor Panorama en este siglo 21 para alcanzar una sociedad con mayor transparencia y sin corrupci\u00f3n.\",\"publisher\":{\"@id\":\"https:\/\/21panorama.com\/#organization\"},\"potentialAction\":[{\"@type\":\"SearchAction\",\"target\":{\"@type\":\"EntryPoint\",\"urlTemplate\":\"https:\/\/21panorama.com\/?s={search_term_string}\"},\"query-input\":{\"@type\":\"PropertyValueSpecification\",\"valueRequired\":true,\"valueName\":\"search_term_string\"}}],\"inLanguage\":\"es\"},{\"@type\":\"Organization\",\"@id\":\"https:\/\/21panorama.com\/#organization\",\"name\":\"21 Panorama\",\"url\":\"https:\/\/21panorama.com\/\",\"logo\":{\"@type\":\"ImageObject\",\"inLanguage\":\"es\",\"@id\":\"https:\/\/21panorama.com\/#\/schema\/logo\/image\/\",\"url\":\"https:\/\/21panorama.com\/wp-content\/uploads\/2019\/07\/cropped-Logo-Panorama-01.jpeg\",\"contentUrl\":\"https:\/\/21panorama.com\/wp-content\/uploads\/2019\/07\/cropped-Logo-Panorama-01.jpeg\",\"width\":290,\"height\":70,\"caption\":\"21 Panorama\"},\"image\":{\"@id\":\"https:\/\/21panorama.com\/#\/schema\/logo\/image\/\"}},{\"@type\":\"Person\",\"@id\":\"https:\/\/21panorama.com\/#\/schema\/person\/1afc291b96d5792a158768324287319f\",\"name\":\"admin\",\"image\":{\"@type\":\"ImageObject\",\"inLanguage\":\"es\",\"@id\":\"https:\/\/21panorama.com\/#\/schema\/person\/image\/\",\"url\":\"https:\/\/secure.gravatar.com\/avatar\/ad365d9d9f46719215b0d042cc3df92a5a8683e09ef13d102233e5491985f0f0?s=96&d=mm&r=g\",\"contentUrl\":\"https:\/\/secure.gravatar.com\/avatar\/ad365d9d9f46719215b0d042cc3df92a5a8683e09ef13d102233e5491985f0f0?s=96&d=mm&r=g\",\"caption\":\"admin\"},\"url\":\"https:\/\/21panorama.com\/index.php\/author\/admin\/\"}]}<\/script>\n<!-- \/ Yoast SEO plugin. -->","yoast_head_json":{"title":"UAEM\u00e9x afianza la cultura de paz y fomenta espacios libres de violencia - 21 Panorama","robots":{"index":"index","follow":"follow","max-snippet":"max-snippet:-1","max-image-preview":"max-image-preview:large","max-video-preview":"max-video-preview:-1"},"canonical":"https:\/\/21panorama.com\/index.php\/2022\/02\/08\/uaemex-afianza-la-cultura-de-paz-y-fomenta-espacios-libres-de-violencia\/","og_locale":"es_MX","og_type":"article","og_title":"UAEM\u00e9x afianza la cultura de paz y fomenta espacios libres de violencia - 21 Panorama","og_description":"Al aprobarse el Reglamento del Procedimiento de Responsabilidad Universitaria por el H. Consejo Universitario, se afirm\u00f3 que se integran opiniones jur\u00eddicas en temas de derechos humanos y mediaci\u00f3n de conflictos.","og_url":"https:\/\/21panorama.com\/index.php\/2022\/02\/08\/uaemex-afianza-la-cultura-de-paz-y-fomenta-espacios-libres-de-violencia\/","og_site_name":"21 Panorama","article_published_time":"2022-02-08T22:25:21+00:00","article_modified_time":"2022-02-08T22:25:22+00:00","og_image":[{"width":960,"height":640,"url":"https:\/\/21panorama.com\/wp-content\/uploads\/2022\/02\/1047af3c-4517-4090-b470-fafc01d59489.jpeg","type":"image\/jpeg"}],"author":"admin","twitter_card":"summary_large_image","twitter_misc":{"Escrito por":"admin","Tiempo de lectura":"2 minutos"},"schema":{"@context":"https:\/\/schema.org","@graph":[{"@type":"Article","@id":"https:\/\/21panorama.com\/index.php\/2022\/02\/08\/uaemex-afianza-la-cultura-de-paz-y-fomenta-espacios-libres-de-violencia\/#article","isPartOf":{"@id":"https:\/\/21panorama.com\/index.php\/2022\/02\/08\/uaemex-afianza-la-cultura-de-paz-y-fomenta-espacios-libres-de-violencia\/"},"author":{"name":"admin","@id":"https:\/\/21panorama.com\/#\/schema\/person\/1afc291b96d5792a158768324287319f"},"headline":"UAEM\u00e9x afianza la cultura de paz y fomenta espacios libres de violencia","datePublished":"2022-02-08T22:25:21+00:00","dateModified":"2022-02-08T22:25:22+00:00","mainEntityOfPage":{"@id":"https:\/\/21panorama.com\/index.php\/2022\/02\/08\/uaemex-afianza-la-cultura-de-paz-y-fomenta-espacios-libres-de-violencia\/"},"wordCount":293,"commentCount":0,"publisher":{"@id":"https:\/\/21panorama.com\/#organization"},"image":{"@id":"https:\/\/21panorama.com\/index.php\/2022\/02\/08\/uaemex-afianza-la-cultura-de-paz-y-fomenta-espacios-libres-de-violencia\/#primaryimage"},"thumbnailUrl":"https:\/\/21panorama.com\/wp-content\/uploads\/2022\/02\/1047af3c-4517-4090-b470-fafc01d59489.jpeg","keywords":["UAEM"],"articleSection":["Sociedad"],"inLanguage":"es","potentialAction":[{"@type":"CommentAction","name":"Comment","target":["https:\/\/21panorama.com\/index.php\/2022\/02\/08\/uaemex-afianza-la-cultura-de-paz-y-fomenta-espacios-libres-de-violencia\/#respond"]}]},{"@type":"WebPage","@id":"https:\/\/21panorama.com\/index.php\/2022\/02\/08\/uaemex-afianza-la-cultura-de-paz-y-fomenta-espacios-libres-de-violencia\/","url":"https:\/\/21panorama.com\/index.php\/2022\/02\/08\/uaemex-afianza-la-cultura-de-paz-y-fomenta-espacios-libres-de-violencia\/","name":"UAEM\u00e9x afianza la cultura de paz y fomenta espacios libres de violencia - 21 Panorama","isPartOf":{"@id":"https:\/\/21panorama.com\/#website"},"primaryImageOfPage":{"@id":"https:\/\/21panorama.com\/index.php\/2022\/02\/08\/uaemex-afianza-la-cultura-de-paz-y-fomenta-espacios-libres-de-violencia\/#primaryimage"},"image":{"@id":"https:\/\/21panorama.com\/index.php\/2022\/02\/08\/uaemex-afianza-la-cultura-de-paz-y-fomenta-espacios-libres-de-violencia\/#primaryimage"},"thumbnailUrl":"https:\/\/21panorama.com\/wp-content\/uploads\/2022\/02\/1047af3c-4517-4090-b470-fafc01d59489.jpeg","datePublished":"2022-02-08T22:25:21+00:00","dateModified":"2022-02-08T22:25:22+00:00","breadcrumb":{"@id":"https:\/\/21panorama.com\/index.php\/2022\/02\/08\/uaemex-afianza-la-cultura-de-paz-y-fomenta-espacios-libres-de-violencia\/#breadcrumb"},"inLanguage":"es","potentialAction":[{"@type":"ReadAction","target":["https:\/\/21panorama.com\/index.php\/2022\/02\/08\/uaemex-afianza-la-cultura-de-paz-y-fomenta-espacios-libres-de-violencia\/"]}]},{"@type":"ImageObject","inLanguage":"es","@id":"https:\/\/21panorama.com\/index.php\/2022\/02\/08\/uaemex-afianza-la-cultura-de-paz-y-fomenta-espacios-libres-de-violencia\/#primaryimage","url":"https:\/\/21panorama.com\/wp-content\/uploads\/2022\/02\/1047af3c-4517-4090-b470-fafc01d59489.jpeg","contentUrl":"https:\/\/21panorama.com\/wp-content\/uploads\/2022\/02\/1047af3c-4517-4090-b470-fafc01d59489.jpeg","width":960,"height":640},{"@type":"BreadcrumbList","@id":"https:\/\/21panorama.com\/index.php\/2022\/02\/08\/uaemex-afianza-la-cultura-de-paz-y-fomenta-espacios-libres-de-violencia\/#breadcrumb","itemListElement":[{"@type":"ListItem","position":1,"name":"Inicio","item":"https:\/\/21panorama.com\/"},{"@type":"ListItem","position":2,"name":"UAEM\u00e9x afianza la cultura de paz y fomenta espacios libres de violencia"}]},{"@type":"WebSite","@id":"https:\/\/21panorama.com\/#website","url":"https:\/\/21panorama.com\/","name":"21 Panorama","description":"La construcci\u00f3n de la opini\u00f3n p\u00fablica merece un mejor Panorama en este siglo 21 para alcanzar una sociedad con mayor transparencia y sin corrupci\u00f3n.","publisher":{"@id":"https:\/\/21panorama.com\/#organization"},"potentialAction":[{"@type":"SearchAction","target":{"@type":"EntryPoint","urlTemplate":"https:\/\/21panorama.com\/?s={search_term_string}"},"query-input":{"@type":"PropertyValueSpecification","valueRequired":true,"valueName":"search_term_string"}}],"inLanguage":"es"},{"@type":"Organization","@id":"https:\/\/21panorama.com\/#organization","name":"21 Panorama","url":"https:\/\/21panorama.com\/","logo":{"@type":"ImageObject","inLanguage":"es","@id":"https:\/\/21panorama.com\/#\/schema\/logo\/image\/","url":"https:\/\/21panorama.com\/wp-content\/uploads\/2019\/07\/cropped-Logo-Panorama-01.jpeg","contentUrl":"https:\/\/21panorama.com\/wp-content\/uploads\/2019\/07\/cropped-Logo-Panorama-01.jpeg","width":290,"height":70,"caption":"21 Panorama"},"image":{"@id":"https:\/\/21panorama.com\/#\/schema\/logo\/image\/"}},{"@type":"Person","@id":"https:\/\/21panorama.com\/#\/schema\/person\/1afc291b96d5792a158768324287319f","name":"admin","image":{"@type":"ImageObject","inLanguage":"es","@id":"https:\/\/21panorama.com\/#\/schema\/person\/image\/","url":"https:\/\/secure.gravatar.com\/avatar\/ad365d9d9f46719215b0d042cc3df92a5a8683e09ef13d102233e5491985f0f0?s=96&d=mm&r=g","contentUrl":"https:\/\/secure.gravatar.com\/avatar\/ad365d9d9f46719215b0d042cc3df92a5a8683e09ef13d102233e5491985f0f0?s=96&d=mm&r=g","caption":"admin"},"url":"https:\/\/21panorama.com\/index.php\/author\/admin\/"}]}},"_links":{"self":[{"href":"https:\/\/21panorama.com\/index.php\/wp-json\/wp\/v2\/posts\/3219","targetHints":{"allow":["GET"]}}],"collection":[{"href":"https:\/\/21panorama.com\/index.php\/wp-json\/wp\/v2\/posts"}],"about":[{"href":"https:\/\/21panorama.com\/index.php\/wp-json\/wp\/v2\/types\/post"}],"author":[{"embeddable":true,"href":"https:\/\/21panorama.com\/index.php\/wp-json\/wp\/v2\/users\/1"}],"replies":[{"embeddable":true,"href":"https:\/\/21panorama.com\/index.php\/wp-json\/wp\/v2\/comments?post=3219"}],"version-history":[{"count":1,"href":"https:\/\/21panorama.com\/index.php\/wp-json\/wp\/v2\/posts\/3219\/revisions"}],"predecessor-version":[{"id":3222,"href":"https:\/\/21panorama.com\/index.php\/wp-json\/wp\/v2\/posts\/3219\/revisions\/3222"}],"wp:featuredmedia":[{"embeddable":true,"href":"https:\/\/21panorama.com\/index.php\/wp-json\/wp\/v2\/media\/3220"}],"wp:attachment":[{"href":"https:\/\/21panorama.com\/index.php\/wp-json\/wp\/v2\/media?parent=3219"}],"wp:term":[{"taxonomy":"category","embeddable":true,"href":"https:\/\/21panorama.com\/index.php\/wp-json\/wp\/v2\/categories?post=3219"},{"taxonomy":"post_tag","embeddable":true,"href":"https:\/\/21panorama.com\/index.php\/wp-json\/wp\/v2\/tags?post=3219"}],"curies":[{"name":"wp","href":"https:\/\/api.w.org\/{rel}","templated":true}]}}