{"id":3214,"date":"2022-02-07T22:31:42","date_gmt":"2022-02-08T04:31:42","guid":{"rendered":"https:\/\/21panorama.com\/?p=3214"},"modified":"2022-02-07T22:31:43","modified_gmt":"2022-02-08T04:31:43","slug":"demanda-tiempo-de-analisis-la-reforma-electrica-samano","status":"publish","type":"post","link":"https:\/\/21panorama.com\/index.php\/2022\/02\/07\/demanda-tiempo-de-analisis-la-reforma-electrica-samano\/","title":{"rendered":"DEMANDA TIEMPO DE AN\u00c1LISIS LA REFORMA EL\u00c9CTRICA: S\u00c1MANO"},"content":{"rendered":"\n<p>La iniciativa de reforma al sector el\u00e9ctrico demanda tiempo de an\u00e1lisis de los especialistas. No se puede aprobar como est\u00e1, por eso una eventual aprobaci\u00f3n se fue hasta despu\u00e9s de Junio.<\/p>\n\n\n\n<p>El diputado federal Miguel S\u00e1mano Peralta sostuvo que no va a bajar la luz con una reforma el\u00e9ctrica como la presentada por el Ejecutivo Federal. \u201cAl rato la CFE va a tener que subsidiar y para eso se requiere un presupuesto que no existe\u201d.<\/p>\n\n\n\n<p>El coordinador de los diputados priistas del Estado de M\u00e9xico, alert\u00f3 que se corre un grave riesgo de que haya apagones si se aprueba tal cual fue presentada la iniciativa. \u201cNo hay un presupuesto autorizado para subsidiar; dec\u00edan que la gasolina no subir\u00eda y hoy est\u00e1 a casi 24 pesos el litro\u201d.<\/p>\n\n\n\n<p>Destac\u00f3 lo logrado por el Grupo Parlamentario del PRI encabezado por el coordinador Rub\u00e9n Moreira, al generar las condiciones para que se hicieran foros y no se aprobara una iniciativa como la entregada a la C\u00e1mara.<\/p>\n\n\n\n<p>\u201cHay que darle tiempo al an\u00e1lisis y vaya bien elaborada y fortalecida con el punto de vista de los especialistas y no que sea un acuerdo pol\u00edtico\u201d, dijo el legislador federal, quien celebr\u00f3 la apertura del grupo mayoritario para que aceptaran los foros de parlamento abierto.<\/p>\n\n\n\n<p>En gira de trabajo por los municipios de Aculco y Polotitl\u00e1n, dej\u00f3 en claro que su obligaci\u00f3n es defender a los mexiquenses en la tribuna como lo hizo en el tema presupuestal.<\/p>\n\n\n\n<figure class=\"wp-block-gallery columns-2 is-cropped wp-block-gallery-1 is-layout-flex wp-block-gallery-is-layout-flex\"><ul class=\"blocks-gallery-grid\"><li class=\"blocks-gallery-item\"><figure><img decoding=\"async\" width=\"1024\" height=\"768\" src=\"https:\/\/21panorama.com\/wp-content\/uploads\/2022\/02\/7ae8f20a-ec02-4db7-b80b-64e08ceafab1-1024x768.jpeg\" alt=\"\" data-id=\"3216\" data-link=\"https:\/\/21panorama.com\/?attachment_id=3216\" class=\"wp-image-3216\" srcset=\"https:\/\/21panorama.com\/wp-content\/uploads\/2022\/02\/7ae8f20a-ec02-4db7-b80b-64e08ceafab1-1024x768.jpeg 1024w, https:\/\/21panorama.com\/wp-content\/uploads\/2022\/02\/7ae8f20a-ec02-4db7-b80b-64e08ceafab1-300x225.jpeg 300w, https:\/\/21panorama.com\/wp-content\/uploads\/2022\/02\/7ae8f20a-ec02-4db7-b80b-64e08ceafab1-768x576.jpeg 768w, https:\/\/21panorama.com\/wp-content\/uploads\/2022\/02\/7ae8f20a-ec02-4db7-b80b-64e08ceafab1-1536x1152.jpeg 1536w, https:\/\/21panorama.com\/wp-content\/uploads\/2022\/02\/7ae8f20a-ec02-4db7-b80b-64e08ceafab1.jpeg 1600w\" sizes=\"(max-width: 1024px) 100vw, 1024px\" \/><\/figure><\/li><li class=\"blocks-gallery-item\"><figure><img decoding=\"async\" width=\"1024\" height=\"768\" src=\"https:\/\/21panorama.com\/wp-content\/uploads\/2022\/02\/f3c48679-6274-41e3-95c9-d82508bac1da-1024x768.jpeg\" alt=\"\" data-id=\"3217\" data-full-url=\"https:\/\/21panorama.com\/wp-content\/uploads\/2022\/02\/f3c48679-6274-41e3-95c9-d82508bac1da.jpeg\" data-link=\"https:\/\/21panorama.com\/?attachment_id=3217\" class=\"wp-image-3217\" srcset=\"https:\/\/21panorama.com\/wp-content\/uploads\/2022\/02\/f3c48679-6274-41e3-95c9-d82508bac1da-1024x768.jpeg 1024w, https:\/\/21panorama.com\/wp-content\/uploads\/2022\/02\/f3c48679-6274-41e3-95c9-d82508bac1da-300x225.jpeg 300w, https:\/\/21panorama.com\/wp-content\/uploads\/2022\/02\/f3c48679-6274-41e3-95c9-d82508bac1da-768x576.jpeg 768w, https:\/\/21panorama.com\/wp-content\/uploads\/2022\/02\/f3c48679-6274-41e3-95c9-d82508bac1da-1536x1152.jpeg 1536w, https:\/\/21panorama.com\/wp-content\/uploads\/2022\/02\/f3c48679-6274-41e3-95c9-d82508bac1da.jpeg 1600w\" sizes=\"(max-width: 1024px) 100vw, 1024px\" \/><\/figure><\/li><\/ul><\/figure>\n","protected":false},"excerpt":{"rendered":"<p>No se puede aprobar como la enviaron pues provocar\u00eda la necesidad de subsidiar el suministro con un presupuesto que no existe y con ello vendr\u00edan los apagones. <\/p>\n","protected":false},"author":1,"featured_media":3215,"comment_status":"open","ping_status":"open","sticky":false,"template":"","format":"standard","meta":{"footnotes":""},"categories":[1],"tags":[212],"class_list":["post-3214","post","type-post","status-publish","format-standard","has-post-thumbnail","hentry","category-sociedad","tag-samano"],"yoast_head":"<!-- This site is optimized with the Yoast SEO plugin v24.9 - https:\/\/yoast.com\/wordpress\/plugins\/seo\/ -->\n<title>DEMANDA TIEMPO DE AN\u00c1LISIS LA REFORMA EL\u00c9CTRICA: S\u00c1MANO - 21 Panorama<\/title>\n<meta name=\"robots\" content=\"index, follow, max-snippet:-1, max-image-preview:large, max-video-preview:-1\" \/>\n<link rel=\"canonical\" href=\"https:\/\/21panorama.com\/index.php\/2022\/02\/07\/demanda-tiempo-de-analisis-la-reforma-electrica-samano\/\" \/>\n<meta property=\"og:locale\" content=\"es_MX\" \/>\n<meta property=\"og:type\" content=\"article\" \/>\n<meta property=\"og:title\" content=\"DEMANDA TIEMPO DE AN\u00c1LISIS LA REFORMA EL\u00c9CTRICA: S\u00c1MANO - 21 Panorama\" \/>\n<meta property=\"og:description\" content=\"No se puede aprobar como la enviaron pues provocar\u00eda la necesidad de subsidiar el suministro con un presupuesto que no existe y con ello vendr\u00edan los apagones.\" \/>\n<meta property=\"og:url\" content=\"https:\/\/21panorama.com\/index.php\/2022\/02\/07\/demanda-tiempo-de-analisis-la-reforma-electrica-samano\/\" \/>\n<meta property=\"og:site_name\" content=\"21 Panorama\" \/>\n<meta property=\"article:published_time\" content=\"2022-02-08T04:31:42+00:00\" \/>\n<meta property=\"article:modified_time\" content=\"2022-02-08T04:31:43+00:00\" \/>\n<meta property=\"og:image\" content=\"https:\/\/21panorama.com\/wp-content\/uploads\/2022\/02\/ebf08d61-ff3b-4b13-afcb-2f1b866b96c3.jpeg\" \/>\n\t<meta property=\"og:image:width\" content=\"1348\" \/>\n\t<meta property=\"og:image:height\" content=\"1600\" \/>\n\t<meta property=\"og:image:type\" content=\"image\/jpeg\" \/>\n<meta name=\"author\" content=\"admin\" \/>\n<meta name=\"twitter:card\" content=\"summary_large_image\" \/>\n<meta name=\"twitter:label1\" content=\"Escrito por\" \/>\n\t<meta name=\"twitter:data1\" content=\"admin\" \/>\n\t<meta name=\"twitter:label2\" content=\"Tiempo de lectura\" \/>\n\t<meta name=\"twitter:data2\" content=\"2 minutos\" \/>\n<script type=\"application\/ld+json\" class=\"yoast-schema-graph\">{\"@context\":\"https:\/\/schema.org\",\"@graph\":[{\"@type\":\"Article\",\"@id\":\"https:\/\/21panorama.com\/index.php\/2022\/02\/07\/demanda-tiempo-de-analisis-la-reforma-electrica-samano\/#article\",\"isPartOf\":{\"@id\":\"https:\/\/21panorama.com\/index.php\/2022\/02\/07\/demanda-tiempo-de-analisis-la-reforma-electrica-samano\/\"},\"author\":{\"name\":\"admin\",\"@id\":\"https:\/\/21panorama.com\/#\/schema\/person\/1afc291b96d5792a158768324287319f\"},\"headline\":\"DEMANDA TIEMPO DE AN\u00c1LISIS LA REFORMA EL\u00c9CTRICA: S\u00c1MANO\",\"datePublished\":\"2022-02-08T04:31:42+00:00\",\"dateModified\":\"2022-02-08T04:31:43+00:00\",\"mainEntityOfPage\":{\"@id\":\"https:\/\/21panorama.com\/index.php\/2022\/02\/07\/demanda-tiempo-de-analisis-la-reforma-electrica-samano\/\"},\"wordCount\":266,\"commentCount\":0,\"publisher\":{\"@id\":\"https:\/\/21panorama.com\/#organization\"},\"image\":{\"@id\":\"https:\/\/21panorama.com\/index.php\/2022\/02\/07\/demanda-tiempo-de-analisis-la-reforma-electrica-samano\/#primaryimage\"},\"thumbnailUrl\":\"https:\/\/21panorama.com\/wp-content\/uploads\/2022\/02\/ebf08d61-ff3b-4b13-afcb-2f1b866b96c3.jpeg\",\"keywords\":[\"S\u00c1MANO\"],\"articleSection\":[\"Sociedad\"],\"inLanguage\":\"es\",\"potentialAction\":[{\"@type\":\"CommentAction\",\"name\":\"Comment\",\"target\":[\"https:\/\/21panorama.com\/index.php\/2022\/02\/07\/demanda-tiempo-de-analisis-la-reforma-electrica-samano\/#respond\"]}]},{\"@type\":\"WebPage\",\"@id\":\"https:\/\/21panorama.com\/index.php\/2022\/02\/07\/demanda-tiempo-de-analisis-la-reforma-electrica-samano\/\",\"url\":\"https:\/\/21panorama.com\/index.php\/2022\/02\/07\/demanda-tiempo-de-analisis-la-reforma-electrica-samano\/\",\"name\":\"DEMANDA TIEMPO DE AN\u00c1LISIS LA REFORMA EL\u00c9CTRICA: S\u00c1MANO - 21 Panorama\",\"isPartOf\":{\"@id\":\"https:\/\/21panorama.com\/#website\"},\"primaryImageOfPage\":{\"@id\":\"https:\/\/21panorama.com\/index.php\/2022\/02\/07\/demanda-tiempo-de-analisis-la-reforma-electrica-samano\/#primaryimage\"},\"image\":{\"@id\":\"https:\/\/21panorama.com\/index.php\/2022\/02\/07\/demanda-tiempo-de-analisis-la-reforma-electrica-samano\/#primaryimage\"},\"thumbnailUrl\":\"https:\/\/21panorama.com\/wp-content\/uploads\/2022\/02\/ebf08d61-ff3b-4b13-afcb-2f1b866b96c3.jpeg\",\"datePublished\":\"2022-02-08T04:31:42+00:00\",\"dateModified\":\"2022-02-08T04:31:43+00:00\",\"breadcrumb\":{\"@id\":\"https:\/\/21panorama.com\/index.php\/2022\/02\/07\/demanda-tiempo-de-analisis-la-reforma-electrica-samano\/#breadcrumb\"},\"inLanguage\":\"es\",\"potentialAction\":[{\"@type\":\"ReadAction\",\"target\":[\"https:\/\/21panorama.com\/index.php\/2022\/02\/07\/demanda-tiempo-de-analisis-la-reforma-electrica-samano\/\"]}]},{\"@type\":\"ImageObject\",\"inLanguage\":\"es\",\"@id\":\"https:\/\/21panorama.com\/index.php\/2022\/02\/07\/demanda-tiempo-de-analisis-la-reforma-electrica-samano\/#primaryimage\",\"url\":\"https:\/\/21panorama.com\/wp-content\/uploads\/2022\/02\/ebf08d61-ff3b-4b13-afcb-2f1b866b96c3.jpeg\",\"contentUrl\":\"https:\/\/21panorama.com\/wp-content\/uploads\/2022\/02\/ebf08d61-ff3b-4b13-afcb-2f1b866b96c3.jpeg\",\"width\":1348,\"height\":1600},{\"@type\":\"BreadcrumbList\",\"@id\":\"https:\/\/21panorama.com\/index.php\/2022\/02\/07\/demanda-tiempo-de-analisis-la-reforma-electrica-samano\/#breadcrumb\",\"itemListElement\":[{\"@type\":\"ListItem\",\"position\":1,\"name\":\"Inicio\",\"item\":\"https:\/\/21panorama.com\/\"},{\"@type\":\"ListItem\",\"position\":2,\"name\":\"DEMANDA TIEMPO DE AN\u00c1LISIS LA REFORMA EL\u00c9CTRICA: S\u00c1MANO\"}]},{\"@type\":\"WebSite\",\"@id\":\"https:\/\/21panorama.com\/#website\",\"url\":\"https:\/\/21panorama.com\/\",\"name\":\"21 Panorama\",\"description\":\"La construcci\u00f3n de la opini\u00f3n p\u00fablica merece un mejor Panorama en este siglo 21 para alcanzar una sociedad con mayor transparencia y sin corrupci\u00f3n.\",\"publisher\":{\"@id\":\"https:\/\/21panorama.com\/#organization\"},\"potentialAction\":[{\"@type\":\"SearchAction\",\"target\":{\"@type\":\"EntryPoint\",\"urlTemplate\":\"https:\/\/21panorama.com\/?s={search_term_string}\"},\"query-input\":{\"@type\":\"PropertyValueSpecification\",\"valueRequired\":true,\"valueName\":\"search_term_string\"}}],\"inLanguage\":\"es\"},{\"@type\":\"Organization\",\"@id\":\"https:\/\/21panorama.com\/#organization\",\"name\":\"21 Panorama\",\"url\":\"https:\/\/21panorama.com\/\",\"logo\":{\"@type\":\"ImageObject\",\"inLanguage\":\"es\",\"@id\":\"https:\/\/21panorama.com\/#\/schema\/logo\/image\/\",\"url\":\"https:\/\/21panorama.com\/wp-content\/uploads\/2019\/07\/cropped-Logo-Panorama-01.jpeg\",\"contentUrl\":\"https:\/\/21panorama.com\/wp-content\/uploads\/2019\/07\/cropped-Logo-Panorama-01.jpeg\",\"width\":290,\"height\":70,\"caption\":\"21 Panorama\"},\"image\":{\"@id\":\"https:\/\/21panorama.com\/#\/schema\/logo\/image\/\"}},{\"@type\":\"Person\",\"@id\":\"https:\/\/21panorama.com\/#\/schema\/person\/1afc291b96d5792a158768324287319f\",\"name\":\"admin\",\"image\":{\"@type\":\"ImageObject\",\"inLanguage\":\"es\",\"@id\":\"https:\/\/21panorama.com\/#\/schema\/person\/image\/\",\"url\":\"https:\/\/secure.gravatar.com\/avatar\/ad365d9d9f46719215b0d042cc3df92a5a8683e09ef13d102233e5491985f0f0?s=96&d=mm&r=g\",\"contentUrl\":\"https:\/\/secure.gravatar.com\/avatar\/ad365d9d9f46719215b0d042cc3df92a5a8683e09ef13d102233e5491985f0f0?s=96&d=mm&r=g\",\"caption\":\"admin\"},\"url\":\"https:\/\/21panorama.com\/index.php\/author\/admin\/\"}]}<\/script>\n<!-- \/ Yoast SEO plugin. -->","yoast_head_json":{"title":"DEMANDA TIEMPO DE AN\u00c1LISIS LA REFORMA EL\u00c9CTRICA: S\u00c1MANO - 21 Panorama","robots":{"index":"index","follow":"follow","max-snippet":"max-snippet:-1","max-image-preview":"max-image-preview:large","max-video-preview":"max-video-preview:-1"},"canonical":"https:\/\/21panorama.com\/index.php\/2022\/02\/07\/demanda-tiempo-de-analisis-la-reforma-electrica-samano\/","og_locale":"es_MX","og_type":"article","og_title":"DEMANDA TIEMPO DE AN\u00c1LISIS LA REFORMA EL\u00c9CTRICA: S\u00c1MANO - 21 Panorama","og_description":"No se puede aprobar como la enviaron pues provocar\u00eda la necesidad de subsidiar el suministro con un presupuesto que no existe y con ello vendr\u00edan los apagones.","og_url":"https:\/\/21panorama.com\/index.php\/2022\/02\/07\/demanda-tiempo-de-analisis-la-reforma-electrica-samano\/","og_site_name":"21 Panorama","article_published_time":"2022-02-08T04:31:42+00:00","article_modified_time":"2022-02-08T04:31:43+00:00","og_image":[{"width":1348,"height":1600,"url":"https:\/\/21panorama.com\/wp-content\/uploads\/2022\/02\/ebf08d61-ff3b-4b13-afcb-2f1b866b96c3.jpeg","type":"image\/jpeg"}],"author":"admin","twitter_card":"summary_large_image","twitter_misc":{"Escrito por":"admin","Tiempo de lectura":"2 minutos"},"schema":{"@context":"https:\/\/schema.org","@graph":[{"@type":"Article","@id":"https:\/\/21panorama.com\/index.php\/2022\/02\/07\/demanda-tiempo-de-analisis-la-reforma-electrica-samano\/#article","isPartOf":{"@id":"https:\/\/21panorama.com\/index.php\/2022\/02\/07\/demanda-tiempo-de-analisis-la-reforma-electrica-samano\/"},"author":{"name":"admin","@id":"https:\/\/21panorama.com\/#\/schema\/person\/1afc291b96d5792a158768324287319f"},"headline":"DEMANDA TIEMPO DE AN\u00c1LISIS LA REFORMA EL\u00c9CTRICA: S\u00c1MANO","datePublished":"2022-02-08T04:31:42+00:00","dateModified":"2022-02-08T04:31:43+00:00","mainEntityOfPage":{"@id":"https:\/\/21panorama.com\/index.php\/2022\/02\/07\/demanda-tiempo-de-analisis-la-reforma-electrica-samano\/"},"wordCount":266,"commentCount":0,"publisher":{"@id":"https:\/\/21panorama.com\/#organization"},"image":{"@id":"https:\/\/21panorama.com\/index.php\/2022\/02\/07\/demanda-tiempo-de-analisis-la-reforma-electrica-samano\/#primaryimage"},"thumbnailUrl":"https:\/\/21panorama.com\/wp-content\/uploads\/2022\/02\/ebf08d61-ff3b-4b13-afcb-2f1b866b96c3.jpeg","keywords":["S\u00c1MANO"],"articleSection":["Sociedad"],"inLanguage":"es","potentialAction":[{"@type":"CommentAction","name":"Comment","target":["https:\/\/21panorama.com\/index.php\/2022\/02\/07\/demanda-tiempo-de-analisis-la-reforma-electrica-samano\/#respond"]}]},{"@type":"WebPage","@id":"https:\/\/21panorama.com\/index.php\/2022\/02\/07\/demanda-tiempo-de-analisis-la-reforma-electrica-samano\/","url":"https:\/\/21panorama.com\/index.php\/2022\/02\/07\/demanda-tiempo-de-analisis-la-reforma-electrica-samano\/","name":"DEMANDA TIEMPO DE AN\u00c1LISIS LA REFORMA EL\u00c9CTRICA: S\u00c1MANO - 21 Panorama","isPartOf":{"@id":"https:\/\/21panorama.com\/#website"},"primaryImageOfPage":{"@id":"https:\/\/21panorama.com\/index.php\/2022\/02\/07\/demanda-tiempo-de-analisis-la-reforma-electrica-samano\/#primaryimage"},"image":{"@id":"https:\/\/21panorama.com\/index.php\/2022\/02\/07\/demanda-tiempo-de-analisis-la-reforma-electrica-samano\/#primaryimage"},"thumbnailUrl":"https:\/\/21panorama.com\/wp-content\/uploads\/2022\/02\/ebf08d61-ff3b-4b13-afcb-2f1b866b96c3.jpeg","datePublished":"2022-02-08T04:31:42+00:00","dateModified":"2022-02-08T04:31:43+00:00","breadcrumb":{"@id":"https:\/\/21panorama.com\/index.php\/2022\/02\/07\/demanda-tiempo-de-analisis-la-reforma-electrica-samano\/#breadcrumb"},"inLanguage":"es","potentialAction":[{"@type":"ReadAction","target":["https:\/\/21panorama.com\/index.php\/2022\/02\/07\/demanda-tiempo-de-analisis-la-reforma-electrica-samano\/"]}]},{"@type":"ImageObject","inLanguage":"es","@id":"https:\/\/21panorama.com\/index.php\/2022\/02\/07\/demanda-tiempo-de-analisis-la-reforma-electrica-samano\/#primaryimage","url":"https:\/\/21panorama.com\/wp-content\/uploads\/2022\/02\/ebf08d61-ff3b-4b13-afcb-2f1b866b96c3.jpeg","contentUrl":"https:\/\/21panorama.com\/wp-content\/uploads\/2022\/02\/ebf08d61-ff3b-4b13-afcb-2f1b866b96c3.jpeg","width":1348,"height":1600},{"@type":"BreadcrumbList","@id":"https:\/\/21panorama.com\/index.php\/2022\/02\/07\/demanda-tiempo-de-analisis-la-reforma-electrica-samano\/#breadcrumb","itemListElement":[{"@type":"ListItem","position":1,"name":"Inicio","item":"https:\/\/21panorama.com\/"},{"@type":"ListItem","position":2,"name":"DEMANDA TIEMPO DE AN\u00c1LISIS LA REFORMA EL\u00c9CTRICA: S\u00c1MANO"}]},{"@type":"WebSite","@id":"https:\/\/21panorama.com\/#website","url":"https:\/\/21panorama.com\/","name":"21 Panorama","description":"La construcci\u00f3n de la opini\u00f3n p\u00fablica merece un mejor Panorama en este siglo 21 para alcanzar una sociedad con mayor transparencia y sin corrupci\u00f3n.","publisher":{"@id":"https:\/\/21panorama.com\/#organization"},"potentialAction":[{"@type":"SearchAction","target":{"@type":"EntryPoint","urlTemplate":"https:\/\/21panorama.com\/?s={search_term_string}"},"query-input":{"@type":"PropertyValueSpecification","valueRequired":true,"valueName":"search_term_string"}}],"inLanguage":"es"},{"@type":"Organization","@id":"https:\/\/21panorama.com\/#organization","name":"21 Panorama","url":"https:\/\/21panorama.com\/","logo":{"@type":"ImageObject","inLanguage":"es","@id":"https:\/\/21panorama.com\/#\/schema\/logo\/image\/","url":"https:\/\/21panorama.com\/wp-content\/uploads\/2019\/07\/cropped-Logo-Panorama-01.jpeg","contentUrl":"https:\/\/21panorama.com\/wp-content\/uploads\/2019\/07\/cropped-Logo-Panorama-01.jpeg","width":290,"height":70,"caption":"21 Panorama"},"image":{"@id":"https:\/\/21panorama.com\/#\/schema\/logo\/image\/"}},{"@type":"Person","@id":"https:\/\/21panorama.com\/#\/schema\/person\/1afc291b96d5792a158768324287319f","name":"admin","image":{"@type":"ImageObject","inLanguage":"es","@id":"https:\/\/21panorama.com\/#\/schema\/person\/image\/","url":"https:\/\/secure.gravatar.com\/avatar\/ad365d9d9f46719215b0d042cc3df92a5a8683e09ef13d102233e5491985f0f0?s=96&d=mm&r=g","contentUrl":"https:\/\/secure.gravatar.com\/avatar\/ad365d9d9f46719215b0d042cc3df92a5a8683e09ef13d102233e5491985f0f0?s=96&d=mm&r=g","caption":"admin"},"url":"https:\/\/21panorama.com\/index.php\/author\/admin\/"}]}},"_links":{"self":[{"href":"https:\/\/21panorama.com\/index.php\/wp-json\/wp\/v2\/posts\/3214","targetHints":{"allow":["GET"]}}],"collection":[{"href":"https:\/\/21panorama.com\/index.php\/wp-json\/wp\/v2\/posts"}],"about":[{"href":"https:\/\/21panorama.com\/index.php\/wp-json\/wp\/v2\/types\/post"}],"author":[{"embeddable":true,"href":"https:\/\/21panorama.com\/index.php\/wp-json\/wp\/v2\/users\/1"}],"replies":[{"embeddable":true,"href":"https:\/\/21panorama.com\/index.php\/wp-json\/wp\/v2\/comments?post=3214"}],"version-history":[{"count":1,"href":"https:\/\/21panorama.com\/index.php\/wp-json\/wp\/v2\/posts\/3214\/revisions"}],"predecessor-version":[{"id":3218,"href":"https:\/\/21panorama.com\/index.php\/wp-json\/wp\/v2\/posts\/3214\/revisions\/3218"}],"wp:featuredmedia":[{"embeddable":true,"href":"https:\/\/21panorama.com\/index.php\/wp-json\/wp\/v2\/media\/3215"}],"wp:attachment":[{"href":"https:\/\/21panorama.com\/index.php\/wp-json\/wp\/v2\/media?parent=3214"}],"wp:term":[{"taxonomy":"category","embeddable":true,"href":"https:\/\/21panorama.com\/index.php\/wp-json\/wp\/v2\/categories?post=3214"},{"taxonomy":"post_tag","embeddable":true,"href":"https:\/\/21panorama.com\/index.php\/wp-json\/wp\/v2\/tags?post=3214"}],"curies":[{"name":"wp","href":"https:\/\/api.w.org\/{rel}","templated":true}]}}