{"id":3197,"date":"2022-02-07T16:07:53","date_gmt":"2022-02-07T22:07:53","guid":{"rendered":"https:\/\/21panorama.com\/?p=3197"},"modified":"2022-02-07T16:07:55","modified_gmt":"2022-02-07T22:07:55","slug":"construiremos-un-mejor-temascalcingo","status":"publish","type":"post","link":"https:\/\/21panorama.com\/index.php\/2022\/02\/07\/construiremos-un-mejor-temascalcingo\/","title":{"rendered":"CONSTRUIREMOS UN MEJOR TEMASCALCINGO"},"content":{"rendered":"\n<p>(Escrito por Elisa Vega)<\/p>\n\n\n\n<p>En la Promulgaci\u00f3n y Publicaci\u00f3n del Bando Municipal 2022, el presidente municipal de Temascalcingo, Jos\u00e9 Luis Espinoza Navarrete, destac\u00f3 que se buscar\u00e1 el desarrollo y progreso del municipio de forma ordenada y ejemplar.<\/p>\n\n\n\n<p>Acompa\u00f1ado del diputado Iv\u00e1n Esquer Cruz y su Cabildo destac\u00f3 que el ordenamiento est\u00e1 m\u00e1s simplificado para el mejor funcionamiento del gobierno municipal con mayor transparencia y un uso de recursos m\u00e1s eficiente.<\/p>\n\n\n\n<p>Tambi\u00e9n se plasma el compromiso social de este Gobierno, \u201cse fortalece el rubro de seguridad p\u00fablica, la equidad de g\u00e9nero y se vigoriza el Sistema de Protecci\u00f3n de ni\u00f1as, ni\u00f1os y adolescentes, conocido como SIPINNA\u201d.<\/p>\n\n\n\n<p>Ante la presencia de autoridades auxiliares y vecinos de todo el municipio, se explic\u00f3 que una sociedad democr\u00e1tica, nadie, ninguna fuerza pol\u00edtica, puede arrogarse la representatividad absoluta, una legitimidad perversa y pretender modificaciones a nuestro sistema constitucional que miran al pasado, que atentan contra las libertades en aras de alcanzar una imaginaria justicia y equidad social.<\/p>\n\n\n\n<p>En el marco de la Promulgaci\u00f3n de la Constituci\u00f3n Mexicana, se resalt\u00f3 que la Constituci\u00f3n, debe ser la fuerza normativa de todo Gobierno, el \u00fanico referente de los servidores p\u00fablicos y el arma principal de los ciudadanos frente a la intolerancia, el divisionismo y la imposici\u00f3n.<\/p>\n\n\n\n<p>As\u00ed se record\u00f3 el aniversario de la promulgaci\u00f3n de la Constituci\u00f3n de los Estados Unidos Mexicanos con un Bando Municipal con mayor entendimiento para la ciudadan\u00eda que tiene derechos, obligaciones y responsabilidades a la que est\u00e1n sujetos con respeto a la ley.<\/p>\n\n\n\n<figure class=\"wp-block-gallery columns-3 is-cropped wp-block-gallery-1 is-layout-flex wp-block-gallery-is-layout-flex\"><ul class=\"blocks-gallery-grid\"><li class=\"blocks-gallery-item\"><figure><img decoding=\"async\" width=\"1024\" height=\"768\" src=\"https:\/\/21panorama.com\/wp-content\/uploads\/2022\/02\/1a6fdb7f-ef0b-46f9-8b48-48e7cfe511b0-1024x768.jpeg\" alt=\"\" data-id=\"3199\" data-link=\"https:\/\/21panorama.com\/?attachment_id=3199\" class=\"wp-image-3199\" srcset=\"https:\/\/21panorama.com\/wp-content\/uploads\/2022\/02\/1a6fdb7f-ef0b-46f9-8b48-48e7cfe511b0-1024x768.jpeg 1024w, https:\/\/21panorama.com\/wp-content\/uploads\/2022\/02\/1a6fdb7f-ef0b-46f9-8b48-48e7cfe511b0-300x225.jpeg 300w, https:\/\/21panorama.com\/wp-content\/uploads\/2022\/02\/1a6fdb7f-ef0b-46f9-8b48-48e7cfe511b0-768x576.jpeg 768w, https:\/\/21panorama.com\/wp-content\/uploads\/2022\/02\/1a6fdb7f-ef0b-46f9-8b48-48e7cfe511b0-1536x1152.jpeg 1536w, https:\/\/21panorama.com\/wp-content\/uploads\/2022\/02\/1a6fdb7f-ef0b-46f9-8b48-48e7cfe511b0.jpeg 1600w\" sizes=\"(max-width: 1024px) 100vw, 1024px\" \/><\/figure><\/li><li class=\"blocks-gallery-item\"><figure><img decoding=\"async\" width=\"268\" height=\"278\" src=\"https:\/\/21panorama.com\/wp-content\/uploads\/2022\/02\/833a5560-f20d-40ab-8c33-ae6346b25140.jpeg\" alt=\"\" data-id=\"3200\" data-link=\"https:\/\/21panorama.com\/?attachment_id=3200\" class=\"wp-image-3200\"\/><\/figure><\/li><li class=\"blocks-gallery-item\"><figure><img decoding=\"async\" width=\"458\" height=\"423\" src=\"https:\/\/21panorama.com\/wp-content\/uploads\/2022\/02\/d32cf019-f917-44c6-a020-aad017a9be7c.jpeg\" alt=\"\" data-id=\"3201\" data-full-url=\"https:\/\/21panorama.com\/wp-content\/uploads\/2022\/02\/d32cf019-f917-44c6-a020-aad017a9be7c.jpeg\" data-link=\"https:\/\/21panorama.com\/?attachment_id=3201\" class=\"wp-image-3201\" srcset=\"https:\/\/21panorama.com\/wp-content\/uploads\/2022\/02\/d32cf019-f917-44c6-a020-aad017a9be7c.jpeg 458w, https:\/\/21panorama.com\/wp-content\/uploads\/2022\/02\/d32cf019-f917-44c6-a020-aad017a9be7c-300x277.jpeg 300w\" sizes=\"(max-width: 458px) 100vw, 458px\" \/><\/figure><\/li><\/ul><\/figure>\n","protected":false},"excerpt":{"rendered":"<p>El alcalde Jos\u00e9 Luis Espinoza Navarrete dio a conocer el bando municipal que regir\u00e1 los destinos de sus habitantes.  <\/p>\n","protected":false},"author":1,"featured_media":3198,"comment_status":"open","ping_status":"open","sticky":false,"template":"","format":"standard","meta":{"footnotes":""},"categories":[1],"tags":[21],"class_list":["post-3197","post","type-post","status-publish","format-standard","has-post-thumbnail","hentry","category-sociedad","tag-temascalcingo"],"yoast_head":"<!-- This site is optimized with the Yoast SEO plugin v24.9 - https:\/\/yoast.com\/wordpress\/plugins\/seo\/ -->\n<title>CONSTRUIREMOS UN MEJOR TEMASCALCINGO - 21 Panorama<\/title>\n<meta name=\"robots\" content=\"index, follow, max-snippet:-1, max-image-preview:large, max-video-preview:-1\" \/>\n<link rel=\"canonical\" href=\"https:\/\/21panorama.com\/index.php\/2022\/02\/07\/construiremos-un-mejor-temascalcingo\/\" \/>\n<meta property=\"og:locale\" content=\"es_MX\" \/>\n<meta property=\"og:type\" content=\"article\" \/>\n<meta property=\"og:title\" content=\"CONSTRUIREMOS UN MEJOR TEMASCALCINGO - 21 Panorama\" \/>\n<meta property=\"og:description\" content=\"El alcalde Jos\u00e9 Luis Espinoza Navarrete dio a conocer el bando municipal que regir\u00e1 los destinos de sus habitantes.\" \/>\n<meta property=\"og:url\" content=\"https:\/\/21panorama.com\/index.php\/2022\/02\/07\/construiremos-un-mejor-temascalcingo\/\" \/>\n<meta property=\"og:site_name\" content=\"21 Panorama\" \/>\n<meta property=\"article:published_time\" content=\"2022-02-07T22:07:53+00:00\" \/>\n<meta property=\"article:modified_time\" content=\"2022-02-07T22:07:55+00:00\" \/>\n<meta property=\"og:image\" content=\"https:\/\/21panorama.com\/wp-content\/uploads\/2022\/02\/7b7cd022-2a55-4c7a-8e84-ba8b95c2baec.jpeg\" \/>\n\t<meta property=\"og:image:width\" content=\"1600\" \/>\n\t<meta property=\"og:image:height\" content=\"1168\" \/>\n\t<meta property=\"og:image:type\" content=\"image\/jpeg\" \/>\n<meta name=\"author\" content=\"admin\" \/>\n<meta name=\"twitter:card\" content=\"summary_large_image\" \/>\n<meta name=\"twitter:label1\" content=\"Escrito por\" \/>\n\t<meta name=\"twitter:data1\" content=\"admin\" \/>\n\t<meta name=\"twitter:label2\" content=\"Tiempo de lectura\" \/>\n\t<meta name=\"twitter:data2\" content=\"2 minutos\" \/>\n<script type=\"application\/ld+json\" class=\"yoast-schema-graph\">{\"@context\":\"https:\/\/schema.org\",\"@graph\":[{\"@type\":\"Article\",\"@id\":\"https:\/\/21panorama.com\/index.php\/2022\/02\/07\/construiremos-un-mejor-temascalcingo\/#article\",\"isPartOf\":{\"@id\":\"https:\/\/21panorama.com\/index.php\/2022\/02\/07\/construiremos-un-mejor-temascalcingo\/\"},\"author\":{\"name\":\"admin\",\"@id\":\"https:\/\/21panorama.com\/#\/schema\/person\/1afc291b96d5792a158768324287319f\"},\"headline\":\"CONSTRUIREMOS UN MEJOR TEMASCALCINGO\",\"datePublished\":\"2022-02-07T22:07:53+00:00\",\"dateModified\":\"2022-02-07T22:07:55+00:00\",\"mainEntityOfPage\":{\"@id\":\"https:\/\/21panorama.com\/index.php\/2022\/02\/07\/construiremos-un-mejor-temascalcingo\/\"},\"wordCount\":275,\"commentCount\":0,\"publisher\":{\"@id\":\"https:\/\/21panorama.com\/#organization\"},\"image\":{\"@id\":\"https:\/\/21panorama.com\/index.php\/2022\/02\/07\/construiremos-un-mejor-temascalcingo\/#primaryimage\"},\"thumbnailUrl\":\"https:\/\/21panorama.com\/wp-content\/uploads\/2022\/02\/7b7cd022-2a55-4c7a-8e84-ba8b95c2baec.jpeg\",\"keywords\":[\"Temascalcingo\"],\"articleSection\":[\"Sociedad\"],\"inLanguage\":\"es\",\"potentialAction\":[{\"@type\":\"CommentAction\",\"name\":\"Comment\",\"target\":[\"https:\/\/21panorama.com\/index.php\/2022\/02\/07\/construiremos-un-mejor-temascalcingo\/#respond\"]}]},{\"@type\":\"WebPage\",\"@id\":\"https:\/\/21panorama.com\/index.php\/2022\/02\/07\/construiremos-un-mejor-temascalcingo\/\",\"url\":\"https:\/\/21panorama.com\/index.php\/2022\/02\/07\/construiremos-un-mejor-temascalcingo\/\",\"name\":\"CONSTRUIREMOS UN MEJOR TEMASCALCINGO - 21 Panorama\",\"isPartOf\":{\"@id\":\"https:\/\/21panorama.com\/#website\"},\"primaryImageOfPage\":{\"@id\":\"https:\/\/21panorama.com\/index.php\/2022\/02\/07\/construiremos-un-mejor-temascalcingo\/#primaryimage\"},\"image\":{\"@id\":\"https:\/\/21panorama.com\/index.php\/2022\/02\/07\/construiremos-un-mejor-temascalcingo\/#primaryimage\"},\"thumbnailUrl\":\"https:\/\/21panorama.com\/wp-content\/uploads\/2022\/02\/7b7cd022-2a55-4c7a-8e84-ba8b95c2baec.jpeg\",\"datePublished\":\"2022-02-07T22:07:53+00:00\",\"dateModified\":\"2022-02-07T22:07:55+00:00\",\"breadcrumb\":{\"@id\":\"https:\/\/21panorama.com\/index.php\/2022\/02\/07\/construiremos-un-mejor-temascalcingo\/#breadcrumb\"},\"inLanguage\":\"es\",\"potentialAction\":[{\"@type\":\"ReadAction\",\"target\":[\"https:\/\/21panorama.com\/index.php\/2022\/02\/07\/construiremos-un-mejor-temascalcingo\/\"]}]},{\"@type\":\"ImageObject\",\"inLanguage\":\"es\",\"@id\":\"https:\/\/21panorama.com\/index.php\/2022\/02\/07\/construiremos-un-mejor-temascalcingo\/#primaryimage\",\"url\":\"https:\/\/21panorama.com\/wp-content\/uploads\/2022\/02\/7b7cd022-2a55-4c7a-8e84-ba8b95c2baec.jpeg\",\"contentUrl\":\"https:\/\/21panorama.com\/wp-content\/uploads\/2022\/02\/7b7cd022-2a55-4c7a-8e84-ba8b95c2baec.jpeg\",\"width\":1600,\"height\":1168},{\"@type\":\"BreadcrumbList\",\"@id\":\"https:\/\/21panorama.com\/index.php\/2022\/02\/07\/construiremos-un-mejor-temascalcingo\/#breadcrumb\",\"itemListElement\":[{\"@type\":\"ListItem\",\"position\":1,\"name\":\"Inicio\",\"item\":\"https:\/\/21panorama.com\/\"},{\"@type\":\"ListItem\",\"position\":2,\"name\":\"CONSTRUIREMOS UN MEJOR TEMASCALCINGO\"}]},{\"@type\":\"WebSite\",\"@id\":\"https:\/\/21panorama.com\/#website\",\"url\":\"https:\/\/21panorama.com\/\",\"name\":\"21 Panorama\",\"description\":\"La construcci\u00f3n de la opini\u00f3n p\u00fablica merece un mejor Panorama en este siglo 21 para alcanzar una sociedad con mayor transparencia y sin corrupci\u00f3n.\",\"publisher\":{\"@id\":\"https:\/\/21panorama.com\/#organization\"},\"potentialAction\":[{\"@type\":\"SearchAction\",\"target\":{\"@type\":\"EntryPoint\",\"urlTemplate\":\"https:\/\/21panorama.com\/?s={search_term_string}\"},\"query-input\":{\"@type\":\"PropertyValueSpecification\",\"valueRequired\":true,\"valueName\":\"search_term_string\"}}],\"inLanguage\":\"es\"},{\"@type\":\"Organization\",\"@id\":\"https:\/\/21panorama.com\/#organization\",\"name\":\"21 Panorama\",\"url\":\"https:\/\/21panorama.com\/\",\"logo\":{\"@type\":\"ImageObject\",\"inLanguage\":\"es\",\"@id\":\"https:\/\/21panorama.com\/#\/schema\/logo\/image\/\",\"url\":\"https:\/\/21panorama.com\/wp-content\/uploads\/2019\/07\/cropped-Logo-Panorama-01.jpeg\",\"contentUrl\":\"https:\/\/21panorama.com\/wp-content\/uploads\/2019\/07\/cropped-Logo-Panorama-01.jpeg\",\"width\":290,\"height\":70,\"caption\":\"21 Panorama\"},\"image\":{\"@id\":\"https:\/\/21panorama.com\/#\/schema\/logo\/image\/\"}},{\"@type\":\"Person\",\"@id\":\"https:\/\/21panorama.com\/#\/schema\/person\/1afc291b96d5792a158768324287319f\",\"name\":\"admin\",\"image\":{\"@type\":\"ImageObject\",\"inLanguage\":\"es\",\"@id\":\"https:\/\/21panorama.com\/#\/schema\/person\/image\/\",\"url\":\"https:\/\/secure.gravatar.com\/avatar\/ad365d9d9f46719215b0d042cc3df92a5a8683e09ef13d102233e5491985f0f0?s=96&d=mm&r=g\",\"contentUrl\":\"https:\/\/secure.gravatar.com\/avatar\/ad365d9d9f46719215b0d042cc3df92a5a8683e09ef13d102233e5491985f0f0?s=96&d=mm&r=g\",\"caption\":\"admin\"},\"url\":\"https:\/\/21panorama.com\/index.php\/author\/admin\/\"}]}<\/script>\n<!-- \/ Yoast SEO plugin. -->","yoast_head_json":{"title":"CONSTRUIREMOS UN MEJOR TEMASCALCINGO - 21 Panorama","robots":{"index":"index","follow":"follow","max-snippet":"max-snippet:-1","max-image-preview":"max-image-preview:large","max-video-preview":"max-video-preview:-1"},"canonical":"https:\/\/21panorama.com\/index.php\/2022\/02\/07\/construiremos-un-mejor-temascalcingo\/","og_locale":"es_MX","og_type":"article","og_title":"CONSTRUIREMOS UN MEJOR TEMASCALCINGO - 21 Panorama","og_description":"El alcalde Jos\u00e9 Luis Espinoza Navarrete dio a conocer el bando municipal que regir\u00e1 los destinos de sus habitantes.","og_url":"https:\/\/21panorama.com\/index.php\/2022\/02\/07\/construiremos-un-mejor-temascalcingo\/","og_site_name":"21 Panorama","article_published_time":"2022-02-07T22:07:53+00:00","article_modified_time":"2022-02-07T22:07:55+00:00","og_image":[{"width":1600,"height":1168,"url":"https:\/\/21panorama.com\/wp-content\/uploads\/2022\/02\/7b7cd022-2a55-4c7a-8e84-ba8b95c2baec.jpeg","type":"image\/jpeg"}],"author":"admin","twitter_card":"summary_large_image","twitter_misc":{"Escrito por":"admin","Tiempo de lectura":"2 minutos"},"schema":{"@context":"https:\/\/schema.org","@graph":[{"@type":"Article","@id":"https:\/\/21panorama.com\/index.php\/2022\/02\/07\/construiremos-un-mejor-temascalcingo\/#article","isPartOf":{"@id":"https:\/\/21panorama.com\/index.php\/2022\/02\/07\/construiremos-un-mejor-temascalcingo\/"},"author":{"name":"admin","@id":"https:\/\/21panorama.com\/#\/schema\/person\/1afc291b96d5792a158768324287319f"},"headline":"CONSTRUIREMOS UN MEJOR TEMASCALCINGO","datePublished":"2022-02-07T22:07:53+00:00","dateModified":"2022-02-07T22:07:55+00:00","mainEntityOfPage":{"@id":"https:\/\/21panorama.com\/index.php\/2022\/02\/07\/construiremos-un-mejor-temascalcingo\/"},"wordCount":275,"commentCount":0,"publisher":{"@id":"https:\/\/21panorama.com\/#organization"},"image":{"@id":"https:\/\/21panorama.com\/index.php\/2022\/02\/07\/construiremos-un-mejor-temascalcingo\/#primaryimage"},"thumbnailUrl":"https:\/\/21panorama.com\/wp-content\/uploads\/2022\/02\/7b7cd022-2a55-4c7a-8e84-ba8b95c2baec.jpeg","keywords":["Temascalcingo"],"articleSection":["Sociedad"],"inLanguage":"es","potentialAction":[{"@type":"CommentAction","name":"Comment","target":["https:\/\/21panorama.com\/index.php\/2022\/02\/07\/construiremos-un-mejor-temascalcingo\/#respond"]}]},{"@type":"WebPage","@id":"https:\/\/21panorama.com\/index.php\/2022\/02\/07\/construiremos-un-mejor-temascalcingo\/","url":"https:\/\/21panorama.com\/index.php\/2022\/02\/07\/construiremos-un-mejor-temascalcingo\/","name":"CONSTRUIREMOS UN MEJOR TEMASCALCINGO - 21 Panorama","isPartOf":{"@id":"https:\/\/21panorama.com\/#website"},"primaryImageOfPage":{"@id":"https:\/\/21panorama.com\/index.php\/2022\/02\/07\/construiremos-un-mejor-temascalcingo\/#primaryimage"},"image":{"@id":"https:\/\/21panorama.com\/index.php\/2022\/02\/07\/construiremos-un-mejor-temascalcingo\/#primaryimage"},"thumbnailUrl":"https:\/\/21panorama.com\/wp-content\/uploads\/2022\/02\/7b7cd022-2a55-4c7a-8e84-ba8b95c2baec.jpeg","datePublished":"2022-02-07T22:07:53+00:00","dateModified":"2022-02-07T22:07:55+00:00","breadcrumb":{"@id":"https:\/\/21panorama.com\/index.php\/2022\/02\/07\/construiremos-un-mejor-temascalcingo\/#breadcrumb"},"inLanguage":"es","potentialAction":[{"@type":"ReadAction","target":["https:\/\/21panorama.com\/index.php\/2022\/02\/07\/construiremos-un-mejor-temascalcingo\/"]}]},{"@type":"ImageObject","inLanguage":"es","@id":"https:\/\/21panorama.com\/index.php\/2022\/02\/07\/construiremos-un-mejor-temascalcingo\/#primaryimage","url":"https:\/\/21panorama.com\/wp-content\/uploads\/2022\/02\/7b7cd022-2a55-4c7a-8e84-ba8b95c2baec.jpeg","contentUrl":"https:\/\/21panorama.com\/wp-content\/uploads\/2022\/02\/7b7cd022-2a55-4c7a-8e84-ba8b95c2baec.jpeg","width":1600,"height":1168},{"@type":"BreadcrumbList","@id":"https:\/\/21panorama.com\/index.php\/2022\/02\/07\/construiremos-un-mejor-temascalcingo\/#breadcrumb","itemListElement":[{"@type":"ListItem","position":1,"name":"Inicio","item":"https:\/\/21panorama.com\/"},{"@type":"ListItem","position":2,"name":"CONSTRUIREMOS UN MEJOR TEMASCALCINGO"}]},{"@type":"WebSite","@id":"https:\/\/21panorama.com\/#website","url":"https:\/\/21panorama.com\/","name":"21 Panorama","description":"La construcci\u00f3n de la opini\u00f3n p\u00fablica merece un mejor Panorama en este siglo 21 para alcanzar una sociedad con mayor transparencia y sin corrupci\u00f3n.","publisher":{"@id":"https:\/\/21panorama.com\/#organization"},"potentialAction":[{"@type":"SearchAction","target":{"@type":"EntryPoint","urlTemplate":"https:\/\/21panorama.com\/?s={search_term_string}"},"query-input":{"@type":"PropertyValueSpecification","valueRequired":true,"valueName":"search_term_string"}}],"inLanguage":"es"},{"@type":"Organization","@id":"https:\/\/21panorama.com\/#organization","name":"21 Panorama","url":"https:\/\/21panorama.com\/","logo":{"@type":"ImageObject","inLanguage":"es","@id":"https:\/\/21panorama.com\/#\/schema\/logo\/image\/","url":"https:\/\/21panorama.com\/wp-content\/uploads\/2019\/07\/cropped-Logo-Panorama-01.jpeg","contentUrl":"https:\/\/21panorama.com\/wp-content\/uploads\/2019\/07\/cropped-Logo-Panorama-01.jpeg","width":290,"height":70,"caption":"21 Panorama"},"image":{"@id":"https:\/\/21panorama.com\/#\/schema\/logo\/image\/"}},{"@type":"Person","@id":"https:\/\/21panorama.com\/#\/schema\/person\/1afc291b96d5792a158768324287319f","name":"admin","image":{"@type":"ImageObject","inLanguage":"es","@id":"https:\/\/21panorama.com\/#\/schema\/person\/image\/","url":"https:\/\/secure.gravatar.com\/avatar\/ad365d9d9f46719215b0d042cc3df92a5a8683e09ef13d102233e5491985f0f0?s=96&d=mm&r=g","contentUrl":"https:\/\/secure.gravatar.com\/avatar\/ad365d9d9f46719215b0d042cc3df92a5a8683e09ef13d102233e5491985f0f0?s=96&d=mm&r=g","caption":"admin"},"url":"https:\/\/21panorama.com\/index.php\/author\/admin\/"}]}},"_links":{"self":[{"href":"https:\/\/21panorama.com\/index.php\/wp-json\/wp\/v2\/posts\/3197","targetHints":{"allow":["GET"]}}],"collection":[{"href":"https:\/\/21panorama.com\/index.php\/wp-json\/wp\/v2\/posts"}],"about":[{"href":"https:\/\/21panorama.com\/index.php\/wp-json\/wp\/v2\/types\/post"}],"author":[{"embeddable":true,"href":"https:\/\/21panorama.com\/index.php\/wp-json\/wp\/v2\/users\/1"}],"replies":[{"embeddable":true,"href":"https:\/\/21panorama.com\/index.php\/wp-json\/wp\/v2\/comments?post=3197"}],"version-history":[{"count":1,"href":"https:\/\/21panorama.com\/index.php\/wp-json\/wp\/v2\/posts\/3197\/revisions"}],"predecessor-version":[{"id":3202,"href":"https:\/\/21panorama.com\/index.php\/wp-json\/wp\/v2\/posts\/3197\/revisions\/3202"}],"wp:featuredmedia":[{"embeddable":true,"href":"https:\/\/21panorama.com\/index.php\/wp-json\/wp\/v2\/media\/3198"}],"wp:attachment":[{"href":"https:\/\/21panorama.com\/index.php\/wp-json\/wp\/v2\/media?parent=3197"}],"wp:term":[{"taxonomy":"category","embeddable":true,"href":"https:\/\/21panorama.com\/index.php\/wp-json\/wp\/v2\/categories?post=3197"},{"taxonomy":"post_tag","embeddable":true,"href":"https:\/\/21panorama.com\/index.php\/wp-json\/wp\/v2\/tags?post=3197"}],"curies":[{"name":"wp","href":"https:\/\/api.w.org\/{rel}","templated":true}]}}