{"id":3160,"date":"2022-02-04T09:16:32","date_gmt":"2022-02-04T15:16:32","guid":{"rendered":"https:\/\/21panorama.com\/?p=3160"},"modified":"2022-02-04T09:16:34","modified_gmt":"2022-02-04T15:16:34","slug":"alista-metepec-ventanilla-unica-para-apertura-rapida-de-empresas","status":"publish","type":"post","link":"https:\/\/21panorama.com\/index.php\/2022\/02\/04\/alista-metepec-ventanilla-unica-para-apertura-rapida-de-empresas\/","title":{"rendered":"ALISTA METEPEC VENTANILLA \u00daNICA PARA APERTURA R\u00c1PIDA DE EMPRESAS"},"content":{"rendered":"\n<p>En la instalaci\u00f3n y primera sesi\u00f3n del Comit\u00e9 Municipal de Dict\u00e1menes de Giros de Metepec se dio a conocer la operaci\u00f3n de la Ventanilla \u00danica para la Apertura R\u00e1pida de Empresas.<\/p>\n\n\n\n<p>Con la presencia del alcalde Fernando Flores Fern\u00e1ndez se inform\u00f3 que busca dar un trato igualitario, certeza y transparencia en la apertura de unidades econ\u00f3micas en Metepec.<\/p>\n\n\n\n<p>En el Comit\u00e9 Municipal de Dict\u00e1menes de Giros, participan integrantes de la administraci\u00f3n p\u00fablica municipal; empresarios; la C\u00e1mara Nacional de Comercio, Servicios y Turismo del Valle de Toluca, as\u00ed como el Comit\u00e9 Municipal Anticorrupci\u00f3n.<\/p>\n\n\n\n<p>El edil refiri\u00f3 que el sector empresarial se ha visto muy afectado en los \u00faltimos a\u00f1os con motivo de la pandemia y por malas pr\u00e1cticas que anteriormente se suscitaban al ser condicionadas en muchas ocasiones la apertura de negocios, aun cuando inversionistas contaban con la documentaci\u00f3n requerida y las condiciones para ello.<\/p>\n\n\n\n<p>Enfatiz\u00f3 que dichas pr\u00e1cticas se acabaron ya, y que, con la instalaci\u00f3n del Comit\u00e9 de Giros, se transparenta el procedimiento para dar paso a la reactivaci\u00f3n econ\u00f3mica del municipio a trav\u00e9s de la operaci\u00f3n de diversos negocios, todos acatando las normas de funcionamiento.<\/p>\n\n\n\n<p>La apertura de establecimientos de diversos giros, no ser\u00e1 m\u00e1s supeditada o dependiente de intereses particulares, se trata, dijo, de un ejercicio de legalidad y viabilidad, \u201cpues no es posible que existan negocios de determinado giro en sitios inapropiados que pongan en riesgo la seguridad de las personas.<\/p>\n\n\n\n<p>En adelante se disminuir\u00e1n los tr\u00e1mites que frenan la inversi\u00f3n para hacer del procedimiento m\u00e1s \u00e1gil y eficaz, m\u00e1s f\u00e1cil para el inversionista sin tanto tr\u00e1mite y desde luego erradicando todo acto de corrupci\u00f3n.<\/p>\n\n\n\n<p>En el acto, destac\u00f3 la presencia de la Presidenta del Comit\u00e9 Coordinador del Sistema Municipal Anticorrupci\u00f3n, Karla Isabel Col\u00edn Maya; el Presidenta de la CANACO SERVyTUR, Jorge Luis Pedraza Navarrete y el Contralor Municipal, Edgar Enr\u00edquez Jaimes Heredia y del Secretario del Ayuntamiento, Ernesto Nemer Monroy.<\/p>\n\n\n\n<p>A la fecha, en la Direcci\u00f3n de Desarrollo Econ\u00f3mico, se han realizado mil 200 tr\u00e1mites y en ninguno ha existido queja o solicitud de ayuda para su apertura.<\/p>\n\n\n\n<figure class=\"wp-block-gallery columns-3 is-cropped wp-block-gallery-1 is-layout-flex wp-block-gallery-is-layout-flex\"><ul class=\"blocks-gallery-grid\"><li class=\"blocks-gallery-item\"><figure><img decoding=\"async\" width=\"1024\" height=\"616\" src=\"https:\/\/21panorama.com\/wp-content\/uploads\/2022\/02\/5af00a19-4068-4e5e-8c38-9017fce97add-1024x616.jpeg\" alt=\"\" data-id=\"3162\" data-link=\"https:\/\/21panorama.com\/?attachment_id=3162\" class=\"wp-image-3162\" srcset=\"https:\/\/21panorama.com\/wp-content\/uploads\/2022\/02\/5af00a19-4068-4e5e-8c38-9017fce97add-1024x616.jpeg 1024w, https:\/\/21panorama.com\/wp-content\/uploads\/2022\/02\/5af00a19-4068-4e5e-8c38-9017fce97add-300x180.jpeg 300w, https:\/\/21panorama.com\/wp-content\/uploads\/2022\/02\/5af00a19-4068-4e5e-8c38-9017fce97add-768x462.jpeg 768w, https:\/\/21panorama.com\/wp-content\/uploads\/2022\/02\/5af00a19-4068-4e5e-8c38-9017fce97add.jpeg 1280w\" sizes=\"(max-width: 1024px) 100vw, 1024px\" \/><\/figure><\/li><li class=\"blocks-gallery-item\"><figure><img decoding=\"async\" width=\"1024\" height=\"984\" src=\"https:\/\/21panorama.com\/wp-content\/uploads\/2022\/02\/126a5708-7625-44c9-8e37-a1874cb0dbb9-1024x984.jpeg\" alt=\"\" data-id=\"3163\" data-link=\"https:\/\/21panorama.com\/?attachment_id=3163\" class=\"wp-image-3163\" srcset=\"https:\/\/21panorama.com\/wp-content\/uploads\/2022\/02\/126a5708-7625-44c9-8e37-a1874cb0dbb9-1024x984.jpeg 1024w, https:\/\/21panorama.com\/wp-content\/uploads\/2022\/02\/126a5708-7625-44c9-8e37-a1874cb0dbb9-300x288.jpeg 300w, https:\/\/21panorama.com\/wp-content\/uploads\/2022\/02\/126a5708-7625-44c9-8e37-a1874cb0dbb9-768x738.jpeg 768w, https:\/\/21panorama.com\/wp-content\/uploads\/2022\/02\/126a5708-7625-44c9-8e37-a1874cb0dbb9.jpeg 1109w\" sizes=\"(max-width: 1024px) 100vw, 1024px\" \/><\/figure><\/li><li class=\"blocks-gallery-item\"><figure><img decoding=\"async\" width=\"1024\" height=\"406\" src=\"https:\/\/21panorama.com\/wp-content\/uploads\/2022\/02\/ab8c7aa7-9aca-4cd3-b57a-0c7e40d208ac-1024x406.jpeg\" alt=\"\" data-id=\"3164\" data-full-url=\"https:\/\/21panorama.com\/wp-content\/uploads\/2022\/02\/ab8c7aa7-9aca-4cd3-b57a-0c7e40d208ac.jpeg\" data-link=\"https:\/\/21panorama.com\/?attachment_id=3164\" class=\"wp-image-3164\" srcset=\"https:\/\/21panorama.com\/wp-content\/uploads\/2022\/02\/ab8c7aa7-9aca-4cd3-b57a-0c7e40d208ac-1024x406.jpeg 1024w, https:\/\/21panorama.com\/wp-content\/uploads\/2022\/02\/ab8c7aa7-9aca-4cd3-b57a-0c7e40d208ac-300x119.jpeg 300w, https:\/\/21panorama.com\/wp-content\/uploads\/2022\/02\/ab8c7aa7-9aca-4cd3-b57a-0c7e40d208ac-768x305.jpeg 768w, https:\/\/21panorama.com\/wp-content\/uploads\/2022\/02\/ab8c7aa7-9aca-4cd3-b57a-0c7e40d208ac.jpeg 1280w\" sizes=\"(max-width: 1024px) 100vw, 1024px\" \/><\/figure><\/li><\/ul><\/figure>\n","protected":false},"excerpt":{"rendered":"<p>En la instalaci\u00f3n y primera sesi\u00f3n del Comit\u00e9 Municipal de Dict\u00e1menes de Giros de Metepec se dio a conocer  la operaci\u00f3n de la Ventanilla \u00danica para la Apertura R\u00e1pida de Empresas.<\/p>\n","protected":false},"author":1,"featured_media":3161,"comment_status":"open","ping_status":"open","sticky":false,"template":"","format":"standard","meta":{"footnotes":""},"categories":[1],"tags":[77],"class_list":["post-3160","post","type-post","status-publish","format-standard","has-post-thumbnail","hentry","category-sociedad","tag-metepec"],"yoast_head":"<!-- This site is optimized with the Yoast SEO plugin v24.9 - https:\/\/yoast.com\/wordpress\/plugins\/seo\/ -->\n<title>ALISTA METEPEC VENTANILLA \u00daNICA PARA APERTURA R\u00c1PIDA DE EMPRESAS - 21 Panorama<\/title>\n<meta name=\"robots\" content=\"index, follow, max-snippet:-1, max-image-preview:large, max-video-preview:-1\" \/>\n<link rel=\"canonical\" href=\"https:\/\/21panorama.com\/index.php\/2022\/02\/04\/alista-metepec-ventanilla-unica-para-apertura-rapida-de-empresas\/\" \/>\n<meta property=\"og:locale\" content=\"es_MX\" \/>\n<meta property=\"og:type\" content=\"article\" \/>\n<meta property=\"og:title\" content=\"ALISTA METEPEC VENTANILLA \u00daNICA PARA APERTURA R\u00c1PIDA DE EMPRESAS - 21 Panorama\" \/>\n<meta property=\"og:description\" content=\"En la instalaci\u00f3n y primera sesi\u00f3n del Comit\u00e9 Municipal de Dict\u00e1menes de Giros de Metepec se dio a conocer la operaci\u00f3n de la Ventanilla \u00danica para la Apertura R\u00e1pida de Empresas.\" \/>\n<meta property=\"og:url\" content=\"https:\/\/21panorama.com\/index.php\/2022\/02\/04\/alista-metepec-ventanilla-unica-para-apertura-rapida-de-empresas\/\" \/>\n<meta property=\"og:site_name\" content=\"21 Panorama\" \/>\n<meta property=\"article:published_time\" content=\"2022-02-04T15:16:32+00:00\" \/>\n<meta property=\"article:modified_time\" content=\"2022-02-04T15:16:34+00:00\" \/>\n<meta property=\"og:image\" content=\"https:\/\/21panorama.com\/wp-content\/uploads\/2022\/02\/3a5b1d3f-8886-4e6a-9950-bcac5df2b064.jpeg\" \/>\n\t<meta property=\"og:image:width\" content=\"1600\" \/>\n\t<meta property=\"og:image:height\" content=\"785\" \/>\n\t<meta property=\"og:image:type\" content=\"image\/jpeg\" \/>\n<meta name=\"author\" content=\"admin\" \/>\n<meta name=\"twitter:card\" content=\"summary_large_image\" \/>\n<meta name=\"twitter:label1\" content=\"Escrito por\" \/>\n\t<meta name=\"twitter:data1\" content=\"admin\" \/>\n\t<meta name=\"twitter:label2\" content=\"Tiempo de lectura\" \/>\n\t<meta name=\"twitter:data2\" content=\"3 minutos\" \/>\n<script type=\"application\/ld+json\" class=\"yoast-schema-graph\">{\"@context\":\"https:\/\/schema.org\",\"@graph\":[{\"@type\":\"Article\",\"@id\":\"https:\/\/21panorama.com\/index.php\/2022\/02\/04\/alista-metepec-ventanilla-unica-para-apertura-rapida-de-empresas\/#article\",\"isPartOf\":{\"@id\":\"https:\/\/21panorama.com\/index.php\/2022\/02\/04\/alista-metepec-ventanilla-unica-para-apertura-rapida-de-empresas\/\"},\"author\":{\"name\":\"admin\",\"@id\":\"https:\/\/21panorama.com\/#\/schema\/person\/1afc291b96d5792a158768324287319f\"},\"headline\":\"ALISTA METEPEC VENTANILLA \u00daNICA PARA APERTURA R\u00c1PIDA DE EMPRESAS\",\"datePublished\":\"2022-02-04T15:16:32+00:00\",\"dateModified\":\"2022-02-04T15:16:34+00:00\",\"mainEntityOfPage\":{\"@id\":\"https:\/\/21panorama.com\/index.php\/2022\/02\/04\/alista-metepec-ventanilla-unica-para-apertura-rapida-de-empresas\/\"},\"wordCount\":388,\"commentCount\":0,\"publisher\":{\"@id\":\"https:\/\/21panorama.com\/#organization\"},\"image\":{\"@id\":\"https:\/\/21panorama.com\/index.php\/2022\/02\/04\/alista-metepec-ventanilla-unica-para-apertura-rapida-de-empresas\/#primaryimage\"},\"thumbnailUrl\":\"https:\/\/21panorama.com\/wp-content\/uploads\/2022\/02\/3a5b1d3f-8886-4e6a-9950-bcac5df2b064.jpeg\",\"keywords\":[\"Metepec\"],\"articleSection\":[\"Sociedad\"],\"inLanguage\":\"es\",\"potentialAction\":[{\"@type\":\"CommentAction\",\"name\":\"Comment\",\"target\":[\"https:\/\/21panorama.com\/index.php\/2022\/02\/04\/alista-metepec-ventanilla-unica-para-apertura-rapida-de-empresas\/#respond\"]}]},{\"@type\":\"WebPage\",\"@id\":\"https:\/\/21panorama.com\/index.php\/2022\/02\/04\/alista-metepec-ventanilla-unica-para-apertura-rapida-de-empresas\/\",\"url\":\"https:\/\/21panorama.com\/index.php\/2022\/02\/04\/alista-metepec-ventanilla-unica-para-apertura-rapida-de-empresas\/\",\"name\":\"ALISTA METEPEC VENTANILLA \u00daNICA PARA APERTURA R\u00c1PIDA DE EMPRESAS - 21 Panorama\",\"isPartOf\":{\"@id\":\"https:\/\/21panorama.com\/#website\"},\"primaryImageOfPage\":{\"@id\":\"https:\/\/21panorama.com\/index.php\/2022\/02\/04\/alista-metepec-ventanilla-unica-para-apertura-rapida-de-empresas\/#primaryimage\"},\"image\":{\"@id\":\"https:\/\/21panorama.com\/index.php\/2022\/02\/04\/alista-metepec-ventanilla-unica-para-apertura-rapida-de-empresas\/#primaryimage\"},\"thumbnailUrl\":\"https:\/\/21panorama.com\/wp-content\/uploads\/2022\/02\/3a5b1d3f-8886-4e6a-9950-bcac5df2b064.jpeg\",\"datePublished\":\"2022-02-04T15:16:32+00:00\",\"dateModified\":\"2022-02-04T15:16:34+00:00\",\"breadcrumb\":{\"@id\":\"https:\/\/21panorama.com\/index.php\/2022\/02\/04\/alista-metepec-ventanilla-unica-para-apertura-rapida-de-empresas\/#breadcrumb\"},\"inLanguage\":\"es\",\"potentialAction\":[{\"@type\":\"ReadAction\",\"target\":[\"https:\/\/21panorama.com\/index.php\/2022\/02\/04\/alista-metepec-ventanilla-unica-para-apertura-rapida-de-empresas\/\"]}]},{\"@type\":\"ImageObject\",\"inLanguage\":\"es\",\"@id\":\"https:\/\/21panorama.com\/index.php\/2022\/02\/04\/alista-metepec-ventanilla-unica-para-apertura-rapida-de-empresas\/#primaryimage\",\"url\":\"https:\/\/21panorama.com\/wp-content\/uploads\/2022\/02\/3a5b1d3f-8886-4e6a-9950-bcac5df2b064.jpeg\",\"contentUrl\":\"https:\/\/21panorama.com\/wp-content\/uploads\/2022\/02\/3a5b1d3f-8886-4e6a-9950-bcac5df2b064.jpeg\",\"width\":1600,\"height\":785},{\"@type\":\"BreadcrumbList\",\"@id\":\"https:\/\/21panorama.com\/index.php\/2022\/02\/04\/alista-metepec-ventanilla-unica-para-apertura-rapida-de-empresas\/#breadcrumb\",\"itemListElement\":[{\"@type\":\"ListItem\",\"position\":1,\"name\":\"Inicio\",\"item\":\"https:\/\/21panorama.com\/\"},{\"@type\":\"ListItem\",\"position\":2,\"name\":\"ALISTA METEPEC VENTANILLA \u00daNICA PARA APERTURA R\u00c1PIDA DE EMPRESAS\"}]},{\"@type\":\"WebSite\",\"@id\":\"https:\/\/21panorama.com\/#website\",\"url\":\"https:\/\/21panorama.com\/\",\"name\":\"21 Panorama\",\"description\":\"La construcci\u00f3n de la opini\u00f3n p\u00fablica merece un mejor Panorama en este siglo 21 para alcanzar una sociedad con mayor transparencia y sin corrupci\u00f3n.\",\"publisher\":{\"@id\":\"https:\/\/21panorama.com\/#organization\"},\"potentialAction\":[{\"@type\":\"SearchAction\",\"target\":{\"@type\":\"EntryPoint\",\"urlTemplate\":\"https:\/\/21panorama.com\/?s={search_term_string}\"},\"query-input\":{\"@type\":\"PropertyValueSpecification\",\"valueRequired\":true,\"valueName\":\"search_term_string\"}}],\"inLanguage\":\"es\"},{\"@type\":\"Organization\",\"@id\":\"https:\/\/21panorama.com\/#organization\",\"name\":\"21 Panorama\",\"url\":\"https:\/\/21panorama.com\/\",\"logo\":{\"@type\":\"ImageObject\",\"inLanguage\":\"es\",\"@id\":\"https:\/\/21panorama.com\/#\/schema\/logo\/image\/\",\"url\":\"https:\/\/21panorama.com\/wp-content\/uploads\/2019\/07\/cropped-Logo-Panorama-01.jpeg\",\"contentUrl\":\"https:\/\/21panorama.com\/wp-content\/uploads\/2019\/07\/cropped-Logo-Panorama-01.jpeg\",\"width\":290,\"height\":70,\"caption\":\"21 Panorama\"},\"image\":{\"@id\":\"https:\/\/21panorama.com\/#\/schema\/logo\/image\/\"}},{\"@type\":\"Person\",\"@id\":\"https:\/\/21panorama.com\/#\/schema\/person\/1afc291b96d5792a158768324287319f\",\"name\":\"admin\",\"image\":{\"@type\":\"ImageObject\",\"inLanguage\":\"es\",\"@id\":\"https:\/\/21panorama.com\/#\/schema\/person\/image\/\",\"url\":\"https:\/\/secure.gravatar.com\/avatar\/ad365d9d9f46719215b0d042cc3df92a5a8683e09ef13d102233e5491985f0f0?s=96&d=mm&r=g\",\"contentUrl\":\"https:\/\/secure.gravatar.com\/avatar\/ad365d9d9f46719215b0d042cc3df92a5a8683e09ef13d102233e5491985f0f0?s=96&d=mm&r=g\",\"caption\":\"admin\"},\"url\":\"https:\/\/21panorama.com\/index.php\/author\/admin\/\"}]}<\/script>\n<!-- \/ Yoast SEO plugin. -->","yoast_head_json":{"title":"ALISTA METEPEC VENTANILLA \u00daNICA PARA APERTURA R\u00c1PIDA DE EMPRESAS - 21 Panorama","robots":{"index":"index","follow":"follow","max-snippet":"max-snippet:-1","max-image-preview":"max-image-preview:large","max-video-preview":"max-video-preview:-1"},"canonical":"https:\/\/21panorama.com\/index.php\/2022\/02\/04\/alista-metepec-ventanilla-unica-para-apertura-rapida-de-empresas\/","og_locale":"es_MX","og_type":"article","og_title":"ALISTA METEPEC VENTANILLA \u00daNICA PARA APERTURA R\u00c1PIDA DE EMPRESAS - 21 Panorama","og_description":"En la instalaci\u00f3n y primera sesi\u00f3n del Comit\u00e9 Municipal de Dict\u00e1menes de Giros de Metepec se dio a conocer la operaci\u00f3n de la Ventanilla \u00danica para la Apertura R\u00e1pida de Empresas.","og_url":"https:\/\/21panorama.com\/index.php\/2022\/02\/04\/alista-metepec-ventanilla-unica-para-apertura-rapida-de-empresas\/","og_site_name":"21 Panorama","article_published_time":"2022-02-04T15:16:32+00:00","article_modified_time":"2022-02-04T15:16:34+00:00","og_image":[{"width":1600,"height":785,"url":"https:\/\/21panorama.com\/wp-content\/uploads\/2022\/02\/3a5b1d3f-8886-4e6a-9950-bcac5df2b064.jpeg","type":"image\/jpeg"}],"author":"admin","twitter_card":"summary_large_image","twitter_misc":{"Escrito por":"admin","Tiempo de lectura":"3 minutos"},"schema":{"@context":"https:\/\/schema.org","@graph":[{"@type":"Article","@id":"https:\/\/21panorama.com\/index.php\/2022\/02\/04\/alista-metepec-ventanilla-unica-para-apertura-rapida-de-empresas\/#article","isPartOf":{"@id":"https:\/\/21panorama.com\/index.php\/2022\/02\/04\/alista-metepec-ventanilla-unica-para-apertura-rapida-de-empresas\/"},"author":{"name":"admin","@id":"https:\/\/21panorama.com\/#\/schema\/person\/1afc291b96d5792a158768324287319f"},"headline":"ALISTA METEPEC VENTANILLA \u00daNICA PARA APERTURA R\u00c1PIDA DE EMPRESAS","datePublished":"2022-02-04T15:16:32+00:00","dateModified":"2022-02-04T15:16:34+00:00","mainEntityOfPage":{"@id":"https:\/\/21panorama.com\/index.php\/2022\/02\/04\/alista-metepec-ventanilla-unica-para-apertura-rapida-de-empresas\/"},"wordCount":388,"commentCount":0,"publisher":{"@id":"https:\/\/21panorama.com\/#organization"},"image":{"@id":"https:\/\/21panorama.com\/index.php\/2022\/02\/04\/alista-metepec-ventanilla-unica-para-apertura-rapida-de-empresas\/#primaryimage"},"thumbnailUrl":"https:\/\/21panorama.com\/wp-content\/uploads\/2022\/02\/3a5b1d3f-8886-4e6a-9950-bcac5df2b064.jpeg","keywords":["Metepec"],"articleSection":["Sociedad"],"inLanguage":"es","potentialAction":[{"@type":"CommentAction","name":"Comment","target":["https:\/\/21panorama.com\/index.php\/2022\/02\/04\/alista-metepec-ventanilla-unica-para-apertura-rapida-de-empresas\/#respond"]}]},{"@type":"WebPage","@id":"https:\/\/21panorama.com\/index.php\/2022\/02\/04\/alista-metepec-ventanilla-unica-para-apertura-rapida-de-empresas\/","url":"https:\/\/21panorama.com\/index.php\/2022\/02\/04\/alista-metepec-ventanilla-unica-para-apertura-rapida-de-empresas\/","name":"ALISTA METEPEC VENTANILLA \u00daNICA PARA APERTURA R\u00c1PIDA DE EMPRESAS - 21 Panorama","isPartOf":{"@id":"https:\/\/21panorama.com\/#website"},"primaryImageOfPage":{"@id":"https:\/\/21panorama.com\/index.php\/2022\/02\/04\/alista-metepec-ventanilla-unica-para-apertura-rapida-de-empresas\/#primaryimage"},"image":{"@id":"https:\/\/21panorama.com\/index.php\/2022\/02\/04\/alista-metepec-ventanilla-unica-para-apertura-rapida-de-empresas\/#primaryimage"},"thumbnailUrl":"https:\/\/21panorama.com\/wp-content\/uploads\/2022\/02\/3a5b1d3f-8886-4e6a-9950-bcac5df2b064.jpeg","datePublished":"2022-02-04T15:16:32+00:00","dateModified":"2022-02-04T15:16:34+00:00","breadcrumb":{"@id":"https:\/\/21panorama.com\/index.php\/2022\/02\/04\/alista-metepec-ventanilla-unica-para-apertura-rapida-de-empresas\/#breadcrumb"},"inLanguage":"es","potentialAction":[{"@type":"ReadAction","target":["https:\/\/21panorama.com\/index.php\/2022\/02\/04\/alista-metepec-ventanilla-unica-para-apertura-rapida-de-empresas\/"]}]},{"@type":"ImageObject","inLanguage":"es","@id":"https:\/\/21panorama.com\/index.php\/2022\/02\/04\/alista-metepec-ventanilla-unica-para-apertura-rapida-de-empresas\/#primaryimage","url":"https:\/\/21panorama.com\/wp-content\/uploads\/2022\/02\/3a5b1d3f-8886-4e6a-9950-bcac5df2b064.jpeg","contentUrl":"https:\/\/21panorama.com\/wp-content\/uploads\/2022\/02\/3a5b1d3f-8886-4e6a-9950-bcac5df2b064.jpeg","width":1600,"height":785},{"@type":"BreadcrumbList","@id":"https:\/\/21panorama.com\/index.php\/2022\/02\/04\/alista-metepec-ventanilla-unica-para-apertura-rapida-de-empresas\/#breadcrumb","itemListElement":[{"@type":"ListItem","position":1,"name":"Inicio","item":"https:\/\/21panorama.com\/"},{"@type":"ListItem","position":2,"name":"ALISTA METEPEC VENTANILLA \u00daNICA PARA APERTURA R\u00c1PIDA DE EMPRESAS"}]},{"@type":"WebSite","@id":"https:\/\/21panorama.com\/#website","url":"https:\/\/21panorama.com\/","name":"21 Panorama","description":"La construcci\u00f3n de la opini\u00f3n p\u00fablica merece un mejor Panorama en este siglo 21 para alcanzar una sociedad con mayor transparencia y sin corrupci\u00f3n.","publisher":{"@id":"https:\/\/21panorama.com\/#organization"},"potentialAction":[{"@type":"SearchAction","target":{"@type":"EntryPoint","urlTemplate":"https:\/\/21panorama.com\/?s={search_term_string}"},"query-input":{"@type":"PropertyValueSpecification","valueRequired":true,"valueName":"search_term_string"}}],"inLanguage":"es"},{"@type":"Organization","@id":"https:\/\/21panorama.com\/#organization","name":"21 Panorama","url":"https:\/\/21panorama.com\/","logo":{"@type":"ImageObject","inLanguage":"es","@id":"https:\/\/21panorama.com\/#\/schema\/logo\/image\/","url":"https:\/\/21panorama.com\/wp-content\/uploads\/2019\/07\/cropped-Logo-Panorama-01.jpeg","contentUrl":"https:\/\/21panorama.com\/wp-content\/uploads\/2019\/07\/cropped-Logo-Panorama-01.jpeg","width":290,"height":70,"caption":"21 Panorama"},"image":{"@id":"https:\/\/21panorama.com\/#\/schema\/logo\/image\/"}},{"@type":"Person","@id":"https:\/\/21panorama.com\/#\/schema\/person\/1afc291b96d5792a158768324287319f","name":"admin","image":{"@type":"ImageObject","inLanguage":"es","@id":"https:\/\/21panorama.com\/#\/schema\/person\/image\/","url":"https:\/\/secure.gravatar.com\/avatar\/ad365d9d9f46719215b0d042cc3df92a5a8683e09ef13d102233e5491985f0f0?s=96&d=mm&r=g","contentUrl":"https:\/\/secure.gravatar.com\/avatar\/ad365d9d9f46719215b0d042cc3df92a5a8683e09ef13d102233e5491985f0f0?s=96&d=mm&r=g","caption":"admin"},"url":"https:\/\/21panorama.com\/index.php\/author\/admin\/"}]}},"_links":{"self":[{"href":"https:\/\/21panorama.com\/index.php\/wp-json\/wp\/v2\/posts\/3160","targetHints":{"allow":["GET"]}}],"collection":[{"href":"https:\/\/21panorama.com\/index.php\/wp-json\/wp\/v2\/posts"}],"about":[{"href":"https:\/\/21panorama.com\/index.php\/wp-json\/wp\/v2\/types\/post"}],"author":[{"embeddable":true,"href":"https:\/\/21panorama.com\/index.php\/wp-json\/wp\/v2\/users\/1"}],"replies":[{"embeddable":true,"href":"https:\/\/21panorama.com\/index.php\/wp-json\/wp\/v2\/comments?post=3160"}],"version-history":[{"count":1,"href":"https:\/\/21panorama.com\/index.php\/wp-json\/wp\/v2\/posts\/3160\/revisions"}],"predecessor-version":[{"id":3165,"href":"https:\/\/21panorama.com\/index.php\/wp-json\/wp\/v2\/posts\/3160\/revisions\/3165"}],"wp:featuredmedia":[{"embeddable":true,"href":"https:\/\/21panorama.com\/index.php\/wp-json\/wp\/v2\/media\/3161"}],"wp:attachment":[{"href":"https:\/\/21panorama.com\/index.php\/wp-json\/wp\/v2\/media?parent=3160"}],"wp:term":[{"taxonomy":"category","embeddable":true,"href":"https:\/\/21panorama.com\/index.php\/wp-json\/wp\/v2\/categories?post=3160"},{"taxonomy":"post_tag","embeddable":true,"href":"https:\/\/21panorama.com\/index.php\/wp-json\/wp\/v2\/tags?post=3160"}],"curies":[{"name":"wp","href":"https:\/\/api.w.org\/{rel}","templated":true}]}}