{"id":3108,"date":"2022-01-28T19:31:04","date_gmt":"2022-01-29T01:31:04","guid":{"rendered":"https:\/\/21panorama.com\/?p=3108"},"modified":"2022-01-28T19:31:06","modified_gmt":"2022-01-29T01:31:06","slug":"invitan-a-metepequenses-aprovechar-descuentos-de-inicio-de-ano-en-predial-y-agua","status":"publish","type":"post","link":"https:\/\/21panorama.com\/index.php\/2022\/01\/28\/invitan-a-metepequenses-aprovechar-descuentos-de-inicio-de-ano-en-predial-y-agua\/","title":{"rendered":"INVITAN A METEPEQUENSES APROVECHAR DESCUENTOS DE INICIO DE A\u00d1O EN PREDIAL Y AGUA"},"content":{"rendered":"\n<p>El ayuntamiento de Metepec invita a los contribuyentes aprovechar los descuentos de inicio de a\u00f1o en el pago del impuesto predial y por derechos de agua potable.<\/p>\n\n\n\n<p>Las bonificaciones en predial y por derechos de agua: son del 8, 6 y 4 por ciento para los meses de enero, febrero y marzo, respectivamente<\/p>\n\n\n\n<p>En impuesto predial, los contribuyentes cumplidos en los dos a\u00f1os anteriores podr\u00e1n obtener un descuento adicional en el primer trimestre, as\u00ed como un beneficio de hasta el 34 por ciento para la poblaci\u00f3n en condici\u00f3n vulnerable.<\/p>\n\n\n\n<p>Por derechos de agua potable, descuento adicional del 4 por ciento en el caso de haber cubierto el pago durante el primer trimestre del ejercicio fiscal de los a\u00f1os 2020 y 2021.<\/p>\n\n\n\n<p>Para poblaci\u00f3n vulnerable, descuento de hasta el 34% en predial y hasta 38% en agua (pensionados, jubilados, hu\u00e9rfanos menores de 18 a\u00f1os, personas con discapacidad, adultos mayores, viudas o viudos, madres solteras sin ingresos fijos y aquellas personas f\u00edsicas cuya percepci\u00f3n diaria no rebase tres salarios m\u00ednimos generales del \u00e1rea geogr\u00e1fica que corresponda).<\/p>\n\n\n\n<p>Para ambos conceptos, el pago se puede hacer directo en las cajas recaudadoras que estar\u00e1n abiertas el s\u00e1bado 29 de enero de las 9:00 a las 17:00 horas y en l\u00ednea a trav\u00e9s de las p\u00e1ginas https:\/\/pagosmetepec.mx y http:\/\/asoservices.mx\/metepec\/pago_web\/Control_Acceso.<\/p>\n\n\n\n<figure class=\"wp-block-gallery columns-3 is-cropped wp-block-gallery-1 is-layout-flex wp-block-gallery-is-layout-flex\"><ul class=\"blocks-gallery-grid\"><li class=\"blocks-gallery-item\"><figure><img decoding=\"async\" width=\"1024\" height=\"682\" src=\"https:\/\/21panorama.com\/wp-content\/uploads\/2022\/01\/087e98af-36a2-4142-ad11-2204363890fa-1024x682.jpeg\" alt=\"\" data-id=\"3110\" data-link=\"https:\/\/21panorama.com\/?attachment_id=3110\" class=\"wp-image-3110\" srcset=\"https:\/\/21panorama.com\/wp-content\/uploads\/2022\/01\/087e98af-36a2-4142-ad11-2204363890fa-1024x682.jpeg 1024w, https:\/\/21panorama.com\/wp-content\/uploads\/2022\/01\/087e98af-36a2-4142-ad11-2204363890fa-300x200.jpeg 300w, https:\/\/21panorama.com\/wp-content\/uploads\/2022\/01\/087e98af-36a2-4142-ad11-2204363890fa-768x512.jpeg 768w, https:\/\/21panorama.com\/wp-content\/uploads\/2022\/01\/087e98af-36a2-4142-ad11-2204363890fa.jpeg 1280w\" sizes=\"(max-width: 1024px) 100vw, 1024px\" \/><\/figure><\/li><li class=\"blocks-gallery-item\"><figure><img decoding=\"async\" width=\"1024\" height=\"682\" src=\"https:\/\/21panorama.com\/wp-content\/uploads\/2022\/01\/cdd86038-24f9-417d-8672-eaac15ce0cac-1024x682.jpeg\" alt=\"\" data-id=\"3111\" data-link=\"https:\/\/21panorama.com\/?attachment_id=3111\" class=\"wp-image-3111\" srcset=\"https:\/\/21panorama.com\/wp-content\/uploads\/2022\/01\/cdd86038-24f9-417d-8672-eaac15ce0cac-1024x682.jpeg 1024w, https:\/\/21panorama.com\/wp-content\/uploads\/2022\/01\/cdd86038-24f9-417d-8672-eaac15ce0cac-300x200.jpeg 300w, https:\/\/21panorama.com\/wp-content\/uploads\/2022\/01\/cdd86038-24f9-417d-8672-eaac15ce0cac-768x512.jpeg 768w, https:\/\/21panorama.com\/wp-content\/uploads\/2022\/01\/cdd86038-24f9-417d-8672-eaac15ce0cac.jpeg 1280w\" sizes=\"(max-width: 1024px) 100vw, 1024px\" \/><\/figure><\/li><li class=\"blocks-gallery-item\"><figure><img decoding=\"async\" width=\"1024\" height=\"682\" src=\"https:\/\/21panorama.com\/wp-content\/uploads\/2022\/01\/5be7ba23-9033-4eee-9d18-0cbf0675e122-1024x682.jpeg\" alt=\"\" data-id=\"3112\" data-full-url=\"https:\/\/21panorama.com\/wp-content\/uploads\/2022\/01\/5be7ba23-9033-4eee-9d18-0cbf0675e122.jpeg\" data-link=\"https:\/\/21panorama.com\/?attachment_id=3112\" class=\"wp-image-3112\" srcset=\"https:\/\/21panorama.com\/wp-content\/uploads\/2022\/01\/5be7ba23-9033-4eee-9d18-0cbf0675e122-1024x682.jpeg 1024w, https:\/\/21panorama.com\/wp-content\/uploads\/2022\/01\/5be7ba23-9033-4eee-9d18-0cbf0675e122-300x200.jpeg 300w, https:\/\/21panorama.com\/wp-content\/uploads\/2022\/01\/5be7ba23-9033-4eee-9d18-0cbf0675e122-768x512.jpeg 768w, https:\/\/21panorama.com\/wp-content\/uploads\/2022\/01\/5be7ba23-9033-4eee-9d18-0cbf0675e122.jpeg 1280w\" sizes=\"(max-width: 1024px) 100vw, 1024px\" \/><\/figure><\/li><\/ul><\/figure>\n","protected":false},"excerpt":{"rendered":"<p>El ayuntamiento de Metepec invita a los contribuyentes aprovechar los descuentos de inicio de a\u00f1o en el pago del impuesto predial y por derechos de agua potable.<\/p>\n","protected":false},"author":1,"featured_media":3109,"comment_status":"open","ping_status":"open","sticky":false,"template":"","format":"standard","meta":{"footnotes":""},"categories":[1],"tags":[77],"class_list":["post-3108","post","type-post","status-publish","format-standard","has-post-thumbnail","hentry","category-sociedad","tag-metepec"],"yoast_head":"<!-- This site is optimized with the Yoast SEO plugin v24.9 - https:\/\/yoast.com\/wordpress\/plugins\/seo\/ -->\n<title>INVITAN A METEPEQUENSES APROVECHAR DESCUENTOS DE INICIO DE A\u00d1O EN PREDIAL Y AGUA - 21 Panorama<\/title>\n<meta name=\"robots\" content=\"index, follow, max-snippet:-1, max-image-preview:large, max-video-preview:-1\" \/>\n<link rel=\"canonical\" href=\"https:\/\/21panorama.com\/index.php\/2022\/01\/28\/invitan-a-metepequenses-aprovechar-descuentos-de-inicio-de-ano-en-predial-y-agua\/\" \/>\n<meta property=\"og:locale\" content=\"es_MX\" \/>\n<meta property=\"og:type\" content=\"article\" \/>\n<meta property=\"og:title\" content=\"INVITAN A METEPEQUENSES APROVECHAR DESCUENTOS DE INICIO DE A\u00d1O EN PREDIAL Y AGUA - 21 Panorama\" \/>\n<meta property=\"og:description\" content=\"El ayuntamiento de Metepec invita a los contribuyentes aprovechar los descuentos de inicio de a\u00f1o en el pago del impuesto predial y por derechos de agua potable.\" \/>\n<meta property=\"og:url\" content=\"https:\/\/21panorama.com\/index.php\/2022\/01\/28\/invitan-a-metepequenses-aprovechar-descuentos-de-inicio-de-ano-en-predial-y-agua\/\" \/>\n<meta property=\"og:site_name\" content=\"21 Panorama\" \/>\n<meta property=\"article:published_time\" content=\"2022-01-29T01:31:04+00:00\" \/>\n<meta property=\"article:modified_time\" content=\"2022-01-29T01:31:06+00:00\" \/>\n<meta property=\"og:image\" content=\"https:\/\/21panorama.com\/wp-content\/uploads\/2022\/01\/19411c68-849c-41e4-9458-fcb225414009.jpeg\" \/>\n\t<meta property=\"og:image:width\" content=\"1280\" \/>\n\t<meta property=\"og:image:height\" content=\"853\" \/>\n\t<meta property=\"og:image:type\" content=\"image\/jpeg\" \/>\n<meta name=\"author\" content=\"admin\" \/>\n<meta name=\"twitter:card\" content=\"summary_large_image\" \/>\n<meta name=\"twitter:label1\" content=\"Escrito por\" \/>\n\t<meta name=\"twitter:data1\" content=\"admin\" \/>\n\t<meta name=\"twitter:label2\" content=\"Tiempo de lectura\" \/>\n\t<meta name=\"twitter:data2\" content=\"2 minutos\" \/>\n<script type=\"application\/ld+json\" class=\"yoast-schema-graph\">{\"@context\":\"https:\/\/schema.org\",\"@graph\":[{\"@type\":\"Article\",\"@id\":\"https:\/\/21panorama.com\/index.php\/2022\/01\/28\/invitan-a-metepequenses-aprovechar-descuentos-de-inicio-de-ano-en-predial-y-agua\/#article\",\"isPartOf\":{\"@id\":\"https:\/\/21panorama.com\/index.php\/2022\/01\/28\/invitan-a-metepequenses-aprovechar-descuentos-de-inicio-de-ano-en-predial-y-agua\/\"},\"author\":{\"name\":\"admin\",\"@id\":\"https:\/\/21panorama.com\/#\/schema\/person\/1afc291b96d5792a158768324287319f\"},\"headline\":\"INVITAN A METEPEQUENSES APROVECHAR DESCUENTOS DE INICIO DE A\u00d1O EN PREDIAL Y AGUA\",\"datePublished\":\"2022-01-29T01:31:04+00:00\",\"dateModified\":\"2022-01-29T01:31:06+00:00\",\"mainEntityOfPage\":{\"@id\":\"https:\/\/21panorama.com\/index.php\/2022\/01\/28\/invitan-a-metepequenses-aprovechar-descuentos-de-inicio-de-ano-en-predial-y-agua\/\"},\"wordCount\":241,\"commentCount\":0,\"publisher\":{\"@id\":\"https:\/\/21panorama.com\/#organization\"},\"image\":{\"@id\":\"https:\/\/21panorama.com\/index.php\/2022\/01\/28\/invitan-a-metepequenses-aprovechar-descuentos-de-inicio-de-ano-en-predial-y-agua\/#primaryimage\"},\"thumbnailUrl\":\"https:\/\/21panorama.com\/wp-content\/uploads\/2022\/01\/19411c68-849c-41e4-9458-fcb225414009.jpeg\",\"keywords\":[\"Metepec\"],\"articleSection\":[\"Sociedad\"],\"inLanguage\":\"es\",\"potentialAction\":[{\"@type\":\"CommentAction\",\"name\":\"Comment\",\"target\":[\"https:\/\/21panorama.com\/index.php\/2022\/01\/28\/invitan-a-metepequenses-aprovechar-descuentos-de-inicio-de-ano-en-predial-y-agua\/#respond\"]}]},{\"@type\":\"WebPage\",\"@id\":\"https:\/\/21panorama.com\/index.php\/2022\/01\/28\/invitan-a-metepequenses-aprovechar-descuentos-de-inicio-de-ano-en-predial-y-agua\/\",\"url\":\"https:\/\/21panorama.com\/index.php\/2022\/01\/28\/invitan-a-metepequenses-aprovechar-descuentos-de-inicio-de-ano-en-predial-y-agua\/\",\"name\":\"INVITAN A METEPEQUENSES APROVECHAR DESCUENTOS DE INICIO DE A\u00d1O EN PREDIAL Y AGUA - 21 Panorama\",\"isPartOf\":{\"@id\":\"https:\/\/21panorama.com\/#website\"},\"primaryImageOfPage\":{\"@id\":\"https:\/\/21panorama.com\/index.php\/2022\/01\/28\/invitan-a-metepequenses-aprovechar-descuentos-de-inicio-de-ano-en-predial-y-agua\/#primaryimage\"},\"image\":{\"@id\":\"https:\/\/21panorama.com\/index.php\/2022\/01\/28\/invitan-a-metepequenses-aprovechar-descuentos-de-inicio-de-ano-en-predial-y-agua\/#primaryimage\"},\"thumbnailUrl\":\"https:\/\/21panorama.com\/wp-content\/uploads\/2022\/01\/19411c68-849c-41e4-9458-fcb225414009.jpeg\",\"datePublished\":\"2022-01-29T01:31:04+00:00\",\"dateModified\":\"2022-01-29T01:31:06+00:00\",\"breadcrumb\":{\"@id\":\"https:\/\/21panorama.com\/index.php\/2022\/01\/28\/invitan-a-metepequenses-aprovechar-descuentos-de-inicio-de-ano-en-predial-y-agua\/#breadcrumb\"},\"inLanguage\":\"es\",\"potentialAction\":[{\"@type\":\"ReadAction\",\"target\":[\"https:\/\/21panorama.com\/index.php\/2022\/01\/28\/invitan-a-metepequenses-aprovechar-descuentos-de-inicio-de-ano-en-predial-y-agua\/\"]}]},{\"@type\":\"ImageObject\",\"inLanguage\":\"es\",\"@id\":\"https:\/\/21panorama.com\/index.php\/2022\/01\/28\/invitan-a-metepequenses-aprovechar-descuentos-de-inicio-de-ano-en-predial-y-agua\/#primaryimage\",\"url\":\"https:\/\/21panorama.com\/wp-content\/uploads\/2022\/01\/19411c68-849c-41e4-9458-fcb225414009.jpeg\",\"contentUrl\":\"https:\/\/21panorama.com\/wp-content\/uploads\/2022\/01\/19411c68-849c-41e4-9458-fcb225414009.jpeg\",\"width\":1280,\"height\":853},{\"@type\":\"BreadcrumbList\",\"@id\":\"https:\/\/21panorama.com\/index.php\/2022\/01\/28\/invitan-a-metepequenses-aprovechar-descuentos-de-inicio-de-ano-en-predial-y-agua\/#breadcrumb\",\"itemListElement\":[{\"@type\":\"ListItem\",\"position\":1,\"name\":\"Inicio\",\"item\":\"https:\/\/21panorama.com\/\"},{\"@type\":\"ListItem\",\"position\":2,\"name\":\"INVITAN A METEPEQUENSES APROVECHAR DESCUENTOS DE INICIO DE A\u00d1O EN PREDIAL Y AGUA\"}]},{\"@type\":\"WebSite\",\"@id\":\"https:\/\/21panorama.com\/#website\",\"url\":\"https:\/\/21panorama.com\/\",\"name\":\"21 Panorama\",\"description\":\"La construcci\u00f3n de la opini\u00f3n p\u00fablica merece un mejor Panorama en este siglo 21 para alcanzar una sociedad con mayor transparencia y sin corrupci\u00f3n.\",\"publisher\":{\"@id\":\"https:\/\/21panorama.com\/#organization\"},\"potentialAction\":[{\"@type\":\"SearchAction\",\"target\":{\"@type\":\"EntryPoint\",\"urlTemplate\":\"https:\/\/21panorama.com\/?s={search_term_string}\"},\"query-input\":{\"@type\":\"PropertyValueSpecification\",\"valueRequired\":true,\"valueName\":\"search_term_string\"}}],\"inLanguage\":\"es\"},{\"@type\":\"Organization\",\"@id\":\"https:\/\/21panorama.com\/#organization\",\"name\":\"21 Panorama\",\"url\":\"https:\/\/21panorama.com\/\",\"logo\":{\"@type\":\"ImageObject\",\"inLanguage\":\"es\",\"@id\":\"https:\/\/21panorama.com\/#\/schema\/logo\/image\/\",\"url\":\"https:\/\/21panorama.com\/wp-content\/uploads\/2019\/07\/cropped-Logo-Panorama-01.jpeg\",\"contentUrl\":\"https:\/\/21panorama.com\/wp-content\/uploads\/2019\/07\/cropped-Logo-Panorama-01.jpeg\",\"width\":290,\"height\":70,\"caption\":\"21 Panorama\"},\"image\":{\"@id\":\"https:\/\/21panorama.com\/#\/schema\/logo\/image\/\"}},{\"@type\":\"Person\",\"@id\":\"https:\/\/21panorama.com\/#\/schema\/person\/1afc291b96d5792a158768324287319f\",\"name\":\"admin\",\"image\":{\"@type\":\"ImageObject\",\"inLanguage\":\"es\",\"@id\":\"https:\/\/21panorama.com\/#\/schema\/person\/image\/\",\"url\":\"https:\/\/secure.gravatar.com\/avatar\/ad365d9d9f46719215b0d042cc3df92a5a8683e09ef13d102233e5491985f0f0?s=96&d=mm&r=g\",\"contentUrl\":\"https:\/\/secure.gravatar.com\/avatar\/ad365d9d9f46719215b0d042cc3df92a5a8683e09ef13d102233e5491985f0f0?s=96&d=mm&r=g\",\"caption\":\"admin\"},\"url\":\"https:\/\/21panorama.com\/index.php\/author\/admin\/\"}]}<\/script>\n<!-- \/ Yoast SEO plugin. -->","yoast_head_json":{"title":"INVITAN A METEPEQUENSES APROVECHAR DESCUENTOS DE INICIO DE A\u00d1O EN PREDIAL Y AGUA - 21 Panorama","robots":{"index":"index","follow":"follow","max-snippet":"max-snippet:-1","max-image-preview":"max-image-preview:large","max-video-preview":"max-video-preview:-1"},"canonical":"https:\/\/21panorama.com\/index.php\/2022\/01\/28\/invitan-a-metepequenses-aprovechar-descuentos-de-inicio-de-ano-en-predial-y-agua\/","og_locale":"es_MX","og_type":"article","og_title":"INVITAN A METEPEQUENSES APROVECHAR DESCUENTOS DE INICIO DE A\u00d1O EN PREDIAL Y AGUA - 21 Panorama","og_description":"El ayuntamiento de Metepec invita a los contribuyentes aprovechar los descuentos de inicio de a\u00f1o en el pago del impuesto predial y por derechos de agua potable.","og_url":"https:\/\/21panorama.com\/index.php\/2022\/01\/28\/invitan-a-metepequenses-aprovechar-descuentos-de-inicio-de-ano-en-predial-y-agua\/","og_site_name":"21 Panorama","article_published_time":"2022-01-29T01:31:04+00:00","article_modified_time":"2022-01-29T01:31:06+00:00","og_image":[{"width":1280,"height":853,"url":"https:\/\/21panorama.com\/wp-content\/uploads\/2022\/01\/19411c68-849c-41e4-9458-fcb225414009.jpeg","type":"image\/jpeg"}],"author":"admin","twitter_card":"summary_large_image","twitter_misc":{"Escrito por":"admin","Tiempo de lectura":"2 minutos"},"schema":{"@context":"https:\/\/schema.org","@graph":[{"@type":"Article","@id":"https:\/\/21panorama.com\/index.php\/2022\/01\/28\/invitan-a-metepequenses-aprovechar-descuentos-de-inicio-de-ano-en-predial-y-agua\/#article","isPartOf":{"@id":"https:\/\/21panorama.com\/index.php\/2022\/01\/28\/invitan-a-metepequenses-aprovechar-descuentos-de-inicio-de-ano-en-predial-y-agua\/"},"author":{"name":"admin","@id":"https:\/\/21panorama.com\/#\/schema\/person\/1afc291b96d5792a158768324287319f"},"headline":"INVITAN A METEPEQUENSES APROVECHAR DESCUENTOS DE INICIO DE A\u00d1O EN PREDIAL Y AGUA","datePublished":"2022-01-29T01:31:04+00:00","dateModified":"2022-01-29T01:31:06+00:00","mainEntityOfPage":{"@id":"https:\/\/21panorama.com\/index.php\/2022\/01\/28\/invitan-a-metepequenses-aprovechar-descuentos-de-inicio-de-ano-en-predial-y-agua\/"},"wordCount":241,"commentCount":0,"publisher":{"@id":"https:\/\/21panorama.com\/#organization"},"image":{"@id":"https:\/\/21panorama.com\/index.php\/2022\/01\/28\/invitan-a-metepequenses-aprovechar-descuentos-de-inicio-de-ano-en-predial-y-agua\/#primaryimage"},"thumbnailUrl":"https:\/\/21panorama.com\/wp-content\/uploads\/2022\/01\/19411c68-849c-41e4-9458-fcb225414009.jpeg","keywords":["Metepec"],"articleSection":["Sociedad"],"inLanguage":"es","potentialAction":[{"@type":"CommentAction","name":"Comment","target":["https:\/\/21panorama.com\/index.php\/2022\/01\/28\/invitan-a-metepequenses-aprovechar-descuentos-de-inicio-de-ano-en-predial-y-agua\/#respond"]}]},{"@type":"WebPage","@id":"https:\/\/21panorama.com\/index.php\/2022\/01\/28\/invitan-a-metepequenses-aprovechar-descuentos-de-inicio-de-ano-en-predial-y-agua\/","url":"https:\/\/21panorama.com\/index.php\/2022\/01\/28\/invitan-a-metepequenses-aprovechar-descuentos-de-inicio-de-ano-en-predial-y-agua\/","name":"INVITAN A METEPEQUENSES APROVECHAR DESCUENTOS DE INICIO DE A\u00d1O EN PREDIAL Y AGUA - 21 Panorama","isPartOf":{"@id":"https:\/\/21panorama.com\/#website"},"primaryImageOfPage":{"@id":"https:\/\/21panorama.com\/index.php\/2022\/01\/28\/invitan-a-metepequenses-aprovechar-descuentos-de-inicio-de-ano-en-predial-y-agua\/#primaryimage"},"image":{"@id":"https:\/\/21panorama.com\/index.php\/2022\/01\/28\/invitan-a-metepequenses-aprovechar-descuentos-de-inicio-de-ano-en-predial-y-agua\/#primaryimage"},"thumbnailUrl":"https:\/\/21panorama.com\/wp-content\/uploads\/2022\/01\/19411c68-849c-41e4-9458-fcb225414009.jpeg","datePublished":"2022-01-29T01:31:04+00:00","dateModified":"2022-01-29T01:31:06+00:00","breadcrumb":{"@id":"https:\/\/21panorama.com\/index.php\/2022\/01\/28\/invitan-a-metepequenses-aprovechar-descuentos-de-inicio-de-ano-en-predial-y-agua\/#breadcrumb"},"inLanguage":"es","potentialAction":[{"@type":"ReadAction","target":["https:\/\/21panorama.com\/index.php\/2022\/01\/28\/invitan-a-metepequenses-aprovechar-descuentos-de-inicio-de-ano-en-predial-y-agua\/"]}]},{"@type":"ImageObject","inLanguage":"es","@id":"https:\/\/21panorama.com\/index.php\/2022\/01\/28\/invitan-a-metepequenses-aprovechar-descuentos-de-inicio-de-ano-en-predial-y-agua\/#primaryimage","url":"https:\/\/21panorama.com\/wp-content\/uploads\/2022\/01\/19411c68-849c-41e4-9458-fcb225414009.jpeg","contentUrl":"https:\/\/21panorama.com\/wp-content\/uploads\/2022\/01\/19411c68-849c-41e4-9458-fcb225414009.jpeg","width":1280,"height":853},{"@type":"BreadcrumbList","@id":"https:\/\/21panorama.com\/index.php\/2022\/01\/28\/invitan-a-metepequenses-aprovechar-descuentos-de-inicio-de-ano-en-predial-y-agua\/#breadcrumb","itemListElement":[{"@type":"ListItem","position":1,"name":"Inicio","item":"https:\/\/21panorama.com\/"},{"@type":"ListItem","position":2,"name":"INVITAN A METEPEQUENSES APROVECHAR DESCUENTOS DE INICIO DE A\u00d1O EN PREDIAL Y AGUA"}]},{"@type":"WebSite","@id":"https:\/\/21panorama.com\/#website","url":"https:\/\/21panorama.com\/","name":"21 Panorama","description":"La construcci\u00f3n de la opini\u00f3n p\u00fablica merece un mejor Panorama en este siglo 21 para alcanzar una sociedad con mayor transparencia y sin corrupci\u00f3n.","publisher":{"@id":"https:\/\/21panorama.com\/#organization"},"potentialAction":[{"@type":"SearchAction","target":{"@type":"EntryPoint","urlTemplate":"https:\/\/21panorama.com\/?s={search_term_string}"},"query-input":{"@type":"PropertyValueSpecification","valueRequired":true,"valueName":"search_term_string"}}],"inLanguage":"es"},{"@type":"Organization","@id":"https:\/\/21panorama.com\/#organization","name":"21 Panorama","url":"https:\/\/21panorama.com\/","logo":{"@type":"ImageObject","inLanguage":"es","@id":"https:\/\/21panorama.com\/#\/schema\/logo\/image\/","url":"https:\/\/21panorama.com\/wp-content\/uploads\/2019\/07\/cropped-Logo-Panorama-01.jpeg","contentUrl":"https:\/\/21panorama.com\/wp-content\/uploads\/2019\/07\/cropped-Logo-Panorama-01.jpeg","width":290,"height":70,"caption":"21 Panorama"},"image":{"@id":"https:\/\/21panorama.com\/#\/schema\/logo\/image\/"}},{"@type":"Person","@id":"https:\/\/21panorama.com\/#\/schema\/person\/1afc291b96d5792a158768324287319f","name":"admin","image":{"@type":"ImageObject","inLanguage":"es","@id":"https:\/\/21panorama.com\/#\/schema\/person\/image\/","url":"https:\/\/secure.gravatar.com\/avatar\/ad365d9d9f46719215b0d042cc3df92a5a8683e09ef13d102233e5491985f0f0?s=96&d=mm&r=g","contentUrl":"https:\/\/secure.gravatar.com\/avatar\/ad365d9d9f46719215b0d042cc3df92a5a8683e09ef13d102233e5491985f0f0?s=96&d=mm&r=g","caption":"admin"},"url":"https:\/\/21panorama.com\/index.php\/author\/admin\/"}]}},"_links":{"self":[{"href":"https:\/\/21panorama.com\/index.php\/wp-json\/wp\/v2\/posts\/3108","targetHints":{"allow":["GET"]}}],"collection":[{"href":"https:\/\/21panorama.com\/index.php\/wp-json\/wp\/v2\/posts"}],"about":[{"href":"https:\/\/21panorama.com\/index.php\/wp-json\/wp\/v2\/types\/post"}],"author":[{"embeddable":true,"href":"https:\/\/21panorama.com\/index.php\/wp-json\/wp\/v2\/users\/1"}],"replies":[{"embeddable":true,"href":"https:\/\/21panorama.com\/index.php\/wp-json\/wp\/v2\/comments?post=3108"}],"version-history":[{"count":1,"href":"https:\/\/21panorama.com\/index.php\/wp-json\/wp\/v2\/posts\/3108\/revisions"}],"predecessor-version":[{"id":3113,"href":"https:\/\/21panorama.com\/index.php\/wp-json\/wp\/v2\/posts\/3108\/revisions\/3113"}],"wp:featuredmedia":[{"embeddable":true,"href":"https:\/\/21panorama.com\/index.php\/wp-json\/wp\/v2\/media\/3109"}],"wp:attachment":[{"href":"https:\/\/21panorama.com\/index.php\/wp-json\/wp\/v2\/media?parent=3108"}],"wp:term":[{"taxonomy":"category","embeddable":true,"href":"https:\/\/21panorama.com\/index.php\/wp-json\/wp\/v2\/categories?post=3108"},{"taxonomy":"post_tag","embeddable":true,"href":"https:\/\/21panorama.com\/index.php\/wp-json\/wp\/v2\/tags?post=3108"}],"curies":[{"name":"wp","href":"https:\/\/api.w.org\/{rel}","templated":true}]}}