{"id":3098,"date":"2022-01-28T19:20:50","date_gmt":"2022-01-29T01:20:50","guid":{"rendered":"https:\/\/21panorama.com\/?p=3098"},"modified":"2022-01-28T19:20:51","modified_gmt":"2022-01-29T01:20:51","slug":"demandan-municipios-un-arranque-fuerte-para-el-desarrollo","status":"publish","type":"post","link":"https:\/\/21panorama.com\/index.php\/2022\/01\/28\/demandan-municipios-un-arranque-fuerte-para-el-desarrollo\/","title":{"rendered":"DEMANDAN MUNICIPIOS UN ARRANQUE FUERTE PARA EL DESARROLLO"},"content":{"rendered":"\n<p>Las administraciones municipales que van iniciando su gesti\u00f3n tienen que arrancar fuerte para el desarrollo de la gente, con fortalecimiento en las haciendas p\u00fablicas y la cooperaci\u00f3n entre los diferentes niveles de gobierno, dej\u00f3 en claro el diputado federal Gustavo C\u00e1rdenas Monroy.<\/p>\n\n\n\n<p>Durante la Mesa de Fortalecimiento Municipal Regi\u00f3n III realizada en Temascalcingo, manifest\u00f3 que se debe sumar a los funcionar\u00edas federales para buscar acuerdos que permitan la posibilidad de desarrollo, no para reclamarles.<\/p>\n\n\n\n<p>En la Trig\u00e9sima Sesi\u00f3n Ordinaria encabezada por la Secretar\u00eda del Campo, Mercedes Col\u00edn Guadarrama, sostuvo que los acercamientos que en esa mesa se generan entre las dependencias estatales y los gobiernos municipales, favorecen la cooperaci\u00f3n, la coordinaci\u00f3n y la suma de esfuerzos entre esos dos niveles de gobierno, incrementando la calidad en la atenci\u00f3n y los buenos resultados en favor de la ciudadan\u00eda.<\/p>\n\n\n\n<p>Gustavo C\u00e1rdenas Monroy al hacer uso de la voz reconoci\u00f3 el trabajo itinerante de la secretaria del campo, qui\u00e9n incansablemente recorre todas las regiones de la geograf\u00eda mexiquense y con una especial cercan\u00eda la regi\u00f3n norte de la entidad.<\/p>\n\n\n\n<p>Se refiri\u00f3 a Col\u00edn Guadarrama como una servidora p\u00fablica confiable y reconoci\u00f3 su poder de convocatoria para reunir a todos los Presidentes Municipales y Legisladores tanto Locales como Federales, a quienes el Diputado Federal por Atlacomulco ubic\u00f3 como corresponsables directos de que las cosas salgan mejor que en el pasado reciente.<\/p>\n\n\n\n<p>Exhort\u00f3 a la responsable de la mesa, para que en ejercicios subsecuentes sean invitadas m\u00e1s dependencias incluso federales, acerc\u00e1ndolas a los ayuntamientos, pues estos van iniciando y no pueden arrancar lento; necesitan de la gesti\u00f3n ante las dependencias para cumplir las expectativas de los ciudadanos.<\/p>\n\n\n\n<p>Resalt\u00f3 que quienes vivimos en el norte del estado, siempre nos hemos visto como hermanos, como compa\u00f1eros que cuando podemos ayudar a alguien, no lo hacemos trat\u00e1ndolo de detener, sino pensando \u00bfC\u00f3mo lo podemos promover?<\/p>\n\n\n\n<p>Dicha reuni\u00f3n se llev\u00f3 a cabo en el municipio de Temascalcingo, contando con la presencia de los presidentes que integran esa regi\u00f3n; tambi\u00e9n asistieron los Diputados Federales: Ricardo Aguilar Castillo, Eduardo Zarzosa S\u00e1nchez y Miguel S\u00e1mano Peralta; adem\u00e1s de Iv\u00e1n Esquer Cruz Diputado Local por el Distrito XIII con cabecera en Atlacomulco y los responsables regionales de las dependencias del gobierno estatal.<\/p>\n\n\n\n<h1 class=\"wp-block-heading\">GustavoCardenas<\/h1>\n\n\n\n<figure class=\"wp-block-gallery columns-2 is-cropped wp-block-gallery-1 is-layout-flex wp-block-gallery-is-layout-flex\"><ul class=\"blocks-gallery-grid\"><li class=\"blocks-gallery-item\"><figure><img decoding=\"async\" width=\"960\" height=\"640\" src=\"https:\/\/21panorama.com\/wp-content\/uploads\/2022\/01\/f390d1c9-ee6f-4e1b-8c9e-7ae46c97ed8e.jpeg\" alt=\"\" data-id=\"3100\" data-link=\"https:\/\/21panorama.com\/?attachment_id=3100\" class=\"wp-image-3100\" srcset=\"https:\/\/21panorama.com\/wp-content\/uploads\/2022\/01\/f390d1c9-ee6f-4e1b-8c9e-7ae46c97ed8e.jpeg 960w, https:\/\/21panorama.com\/wp-content\/uploads\/2022\/01\/f390d1c9-ee6f-4e1b-8c9e-7ae46c97ed8e-300x200.jpeg 300w, https:\/\/21panorama.com\/wp-content\/uploads\/2022\/01\/f390d1c9-ee6f-4e1b-8c9e-7ae46c97ed8e-768x512.jpeg 768w\" sizes=\"(max-width: 960px) 100vw, 960px\" \/><\/figure><\/li><li class=\"blocks-gallery-item\"><figure><img decoding=\"async\" width=\"960\" height=\"640\" src=\"https:\/\/21panorama.com\/wp-content\/uploads\/2022\/01\/4b58d2ba-75d4-4782-bef0-5df2f8dc6e52.jpeg\" alt=\"\" data-id=\"3101\" data-full-url=\"https:\/\/21panorama.com\/wp-content\/uploads\/2022\/01\/4b58d2ba-75d4-4782-bef0-5df2f8dc6e52.jpeg\" data-link=\"https:\/\/21panorama.com\/?attachment_id=3101\" class=\"wp-image-3101\" srcset=\"https:\/\/21panorama.com\/wp-content\/uploads\/2022\/01\/4b58d2ba-75d4-4782-bef0-5df2f8dc6e52.jpeg 960w, https:\/\/21panorama.com\/wp-content\/uploads\/2022\/01\/4b58d2ba-75d4-4782-bef0-5df2f8dc6e52-300x200.jpeg 300w, https:\/\/21panorama.com\/wp-content\/uploads\/2022\/01\/4b58d2ba-75d4-4782-bef0-5df2f8dc6e52-768x512.jpeg 768w\" sizes=\"(max-width: 960px) 100vw, 960px\" \/><\/figure><\/li><\/ul><\/figure>\n","protected":false},"excerpt":{"rendered":"<p>El diputado federal Gustavo C\u00e1rdenas Monroy llam\u00f3 a integrar en las Mesas de Fortalecimiento a los funcionarios federales que tienen a cargo diferentes programas del gobierno. <\/p>\n","protected":false},"author":1,"featured_media":3099,"comment_status":"open","ping_status":"open","sticky":false,"template":"","format":"standard","meta":{"footnotes":""},"categories":[1],"tags":[159],"class_list":["post-3098","post","type-post","status-publish","format-standard","has-post-thumbnail","hentry","category-sociedad","tag-desarrollo"],"yoast_head":"<!-- This site is optimized with the Yoast SEO plugin v24.9 - https:\/\/yoast.com\/wordpress\/plugins\/seo\/ -->\n<title>DEMANDAN MUNICIPIOS UN ARRANQUE FUERTE PARA EL DESARROLLO - 21 Panorama<\/title>\n<meta name=\"robots\" content=\"index, follow, max-snippet:-1, max-image-preview:large, max-video-preview:-1\" \/>\n<link rel=\"canonical\" href=\"https:\/\/21panorama.com\/index.php\/2022\/01\/28\/demandan-municipios-un-arranque-fuerte-para-el-desarrollo\/\" \/>\n<meta property=\"og:locale\" content=\"es_MX\" \/>\n<meta property=\"og:type\" content=\"article\" \/>\n<meta property=\"og:title\" content=\"DEMANDAN MUNICIPIOS UN ARRANQUE FUERTE PARA EL DESARROLLO - 21 Panorama\" \/>\n<meta property=\"og:description\" content=\"El diputado federal Gustavo C\u00e1rdenas Monroy llam\u00f3 a integrar en las Mesas de Fortalecimiento a los funcionarios federales que tienen a cargo diferentes programas del gobierno.\" \/>\n<meta property=\"og:url\" content=\"https:\/\/21panorama.com\/index.php\/2022\/01\/28\/demandan-municipios-un-arranque-fuerte-para-el-desarrollo\/\" \/>\n<meta property=\"og:site_name\" content=\"21 Panorama\" \/>\n<meta property=\"article:published_time\" content=\"2022-01-29T01:20:50+00:00\" \/>\n<meta property=\"article:modified_time\" content=\"2022-01-29T01:20:51+00:00\" \/>\n<meta property=\"og:image\" content=\"https:\/\/21panorama.com\/wp-content\/uploads\/2022\/01\/cc3455b3-6e90-49db-a225-aa36fdf3e27d.jpeg\" \/>\n\t<meta property=\"og:image:width\" content=\"960\" \/>\n\t<meta property=\"og:image:height\" content=\"640\" \/>\n\t<meta property=\"og:image:type\" content=\"image\/jpeg\" \/>\n<meta name=\"author\" content=\"admin\" \/>\n<meta name=\"twitter:card\" content=\"summary_large_image\" \/>\n<meta name=\"twitter:label1\" content=\"Escrito por\" \/>\n\t<meta name=\"twitter:data1\" content=\"admin\" \/>\n\t<meta name=\"twitter:label2\" content=\"Tiempo de lectura\" \/>\n\t<meta name=\"twitter:data2\" content=\"3 minutos\" \/>\n<script type=\"application\/ld+json\" class=\"yoast-schema-graph\">{\"@context\":\"https:\/\/schema.org\",\"@graph\":[{\"@type\":\"Article\",\"@id\":\"https:\/\/21panorama.com\/index.php\/2022\/01\/28\/demandan-municipios-un-arranque-fuerte-para-el-desarrollo\/#article\",\"isPartOf\":{\"@id\":\"https:\/\/21panorama.com\/index.php\/2022\/01\/28\/demandan-municipios-un-arranque-fuerte-para-el-desarrollo\/\"},\"author\":{\"name\":\"admin\",\"@id\":\"https:\/\/21panorama.com\/#\/schema\/person\/1afc291b96d5792a158768324287319f\"},\"headline\":\"DEMANDAN MUNICIPIOS UN ARRANQUE FUERTE PARA EL DESARROLLO\",\"datePublished\":\"2022-01-29T01:20:50+00:00\",\"dateModified\":\"2022-01-29T01:20:51+00:00\",\"mainEntityOfPage\":{\"@id\":\"https:\/\/21panorama.com\/index.php\/2022\/01\/28\/demandan-municipios-un-arranque-fuerte-para-el-desarrollo\/\"},\"wordCount\":412,\"commentCount\":0,\"publisher\":{\"@id\":\"https:\/\/21panorama.com\/#organization\"},\"image\":{\"@id\":\"https:\/\/21panorama.com\/index.php\/2022\/01\/28\/demandan-municipios-un-arranque-fuerte-para-el-desarrollo\/#primaryimage\"},\"thumbnailUrl\":\"https:\/\/21panorama.com\/wp-content\/uploads\/2022\/01\/cc3455b3-6e90-49db-a225-aa36fdf3e27d.jpeg\",\"keywords\":[\"DESARROLLO\"],\"articleSection\":[\"Sociedad\"],\"inLanguage\":\"es\",\"potentialAction\":[{\"@type\":\"CommentAction\",\"name\":\"Comment\",\"target\":[\"https:\/\/21panorama.com\/index.php\/2022\/01\/28\/demandan-municipios-un-arranque-fuerte-para-el-desarrollo\/#respond\"]}]},{\"@type\":\"WebPage\",\"@id\":\"https:\/\/21panorama.com\/index.php\/2022\/01\/28\/demandan-municipios-un-arranque-fuerte-para-el-desarrollo\/\",\"url\":\"https:\/\/21panorama.com\/index.php\/2022\/01\/28\/demandan-municipios-un-arranque-fuerte-para-el-desarrollo\/\",\"name\":\"DEMANDAN MUNICIPIOS UN ARRANQUE FUERTE PARA EL DESARROLLO - 21 Panorama\",\"isPartOf\":{\"@id\":\"https:\/\/21panorama.com\/#website\"},\"primaryImageOfPage\":{\"@id\":\"https:\/\/21panorama.com\/index.php\/2022\/01\/28\/demandan-municipios-un-arranque-fuerte-para-el-desarrollo\/#primaryimage\"},\"image\":{\"@id\":\"https:\/\/21panorama.com\/index.php\/2022\/01\/28\/demandan-municipios-un-arranque-fuerte-para-el-desarrollo\/#primaryimage\"},\"thumbnailUrl\":\"https:\/\/21panorama.com\/wp-content\/uploads\/2022\/01\/cc3455b3-6e90-49db-a225-aa36fdf3e27d.jpeg\",\"datePublished\":\"2022-01-29T01:20:50+00:00\",\"dateModified\":\"2022-01-29T01:20:51+00:00\",\"breadcrumb\":{\"@id\":\"https:\/\/21panorama.com\/index.php\/2022\/01\/28\/demandan-municipios-un-arranque-fuerte-para-el-desarrollo\/#breadcrumb\"},\"inLanguage\":\"es\",\"potentialAction\":[{\"@type\":\"ReadAction\",\"target\":[\"https:\/\/21panorama.com\/index.php\/2022\/01\/28\/demandan-municipios-un-arranque-fuerte-para-el-desarrollo\/\"]}]},{\"@type\":\"ImageObject\",\"inLanguage\":\"es\",\"@id\":\"https:\/\/21panorama.com\/index.php\/2022\/01\/28\/demandan-municipios-un-arranque-fuerte-para-el-desarrollo\/#primaryimage\",\"url\":\"https:\/\/21panorama.com\/wp-content\/uploads\/2022\/01\/cc3455b3-6e90-49db-a225-aa36fdf3e27d.jpeg\",\"contentUrl\":\"https:\/\/21panorama.com\/wp-content\/uploads\/2022\/01\/cc3455b3-6e90-49db-a225-aa36fdf3e27d.jpeg\",\"width\":960,\"height\":640},{\"@type\":\"BreadcrumbList\",\"@id\":\"https:\/\/21panorama.com\/index.php\/2022\/01\/28\/demandan-municipios-un-arranque-fuerte-para-el-desarrollo\/#breadcrumb\",\"itemListElement\":[{\"@type\":\"ListItem\",\"position\":1,\"name\":\"Inicio\",\"item\":\"https:\/\/21panorama.com\/\"},{\"@type\":\"ListItem\",\"position\":2,\"name\":\"DEMANDAN MUNICIPIOS UN ARRANQUE FUERTE PARA EL DESARROLLO\"}]},{\"@type\":\"WebSite\",\"@id\":\"https:\/\/21panorama.com\/#website\",\"url\":\"https:\/\/21panorama.com\/\",\"name\":\"21 Panorama\",\"description\":\"La construcci\u00f3n de la opini\u00f3n p\u00fablica merece un mejor Panorama en este siglo 21 para alcanzar una sociedad con mayor transparencia y sin corrupci\u00f3n.\",\"publisher\":{\"@id\":\"https:\/\/21panorama.com\/#organization\"},\"potentialAction\":[{\"@type\":\"SearchAction\",\"target\":{\"@type\":\"EntryPoint\",\"urlTemplate\":\"https:\/\/21panorama.com\/?s={search_term_string}\"},\"query-input\":{\"@type\":\"PropertyValueSpecification\",\"valueRequired\":true,\"valueName\":\"search_term_string\"}}],\"inLanguage\":\"es\"},{\"@type\":\"Organization\",\"@id\":\"https:\/\/21panorama.com\/#organization\",\"name\":\"21 Panorama\",\"url\":\"https:\/\/21panorama.com\/\",\"logo\":{\"@type\":\"ImageObject\",\"inLanguage\":\"es\",\"@id\":\"https:\/\/21panorama.com\/#\/schema\/logo\/image\/\",\"url\":\"https:\/\/21panorama.com\/wp-content\/uploads\/2019\/07\/cropped-Logo-Panorama-01.jpeg\",\"contentUrl\":\"https:\/\/21panorama.com\/wp-content\/uploads\/2019\/07\/cropped-Logo-Panorama-01.jpeg\",\"width\":290,\"height\":70,\"caption\":\"21 Panorama\"},\"image\":{\"@id\":\"https:\/\/21panorama.com\/#\/schema\/logo\/image\/\"}},{\"@type\":\"Person\",\"@id\":\"https:\/\/21panorama.com\/#\/schema\/person\/1afc291b96d5792a158768324287319f\",\"name\":\"admin\",\"image\":{\"@type\":\"ImageObject\",\"inLanguage\":\"es\",\"@id\":\"https:\/\/21panorama.com\/#\/schema\/person\/image\/\",\"url\":\"https:\/\/secure.gravatar.com\/avatar\/ad365d9d9f46719215b0d042cc3df92a5a8683e09ef13d102233e5491985f0f0?s=96&d=mm&r=g\",\"contentUrl\":\"https:\/\/secure.gravatar.com\/avatar\/ad365d9d9f46719215b0d042cc3df92a5a8683e09ef13d102233e5491985f0f0?s=96&d=mm&r=g\",\"caption\":\"admin\"},\"url\":\"https:\/\/21panorama.com\/index.php\/author\/admin\/\"}]}<\/script>\n<!-- \/ Yoast SEO plugin. -->","yoast_head_json":{"title":"DEMANDAN MUNICIPIOS UN ARRANQUE FUERTE PARA EL DESARROLLO - 21 Panorama","robots":{"index":"index","follow":"follow","max-snippet":"max-snippet:-1","max-image-preview":"max-image-preview:large","max-video-preview":"max-video-preview:-1"},"canonical":"https:\/\/21panorama.com\/index.php\/2022\/01\/28\/demandan-municipios-un-arranque-fuerte-para-el-desarrollo\/","og_locale":"es_MX","og_type":"article","og_title":"DEMANDAN MUNICIPIOS UN ARRANQUE FUERTE PARA EL DESARROLLO - 21 Panorama","og_description":"El diputado federal Gustavo C\u00e1rdenas Monroy llam\u00f3 a integrar en las Mesas de Fortalecimiento a los funcionarios federales que tienen a cargo diferentes programas del gobierno.","og_url":"https:\/\/21panorama.com\/index.php\/2022\/01\/28\/demandan-municipios-un-arranque-fuerte-para-el-desarrollo\/","og_site_name":"21 Panorama","article_published_time":"2022-01-29T01:20:50+00:00","article_modified_time":"2022-01-29T01:20:51+00:00","og_image":[{"width":960,"height":640,"url":"https:\/\/21panorama.com\/wp-content\/uploads\/2022\/01\/cc3455b3-6e90-49db-a225-aa36fdf3e27d.jpeg","type":"image\/jpeg"}],"author":"admin","twitter_card":"summary_large_image","twitter_misc":{"Escrito por":"admin","Tiempo de lectura":"3 minutos"},"schema":{"@context":"https:\/\/schema.org","@graph":[{"@type":"Article","@id":"https:\/\/21panorama.com\/index.php\/2022\/01\/28\/demandan-municipios-un-arranque-fuerte-para-el-desarrollo\/#article","isPartOf":{"@id":"https:\/\/21panorama.com\/index.php\/2022\/01\/28\/demandan-municipios-un-arranque-fuerte-para-el-desarrollo\/"},"author":{"name":"admin","@id":"https:\/\/21panorama.com\/#\/schema\/person\/1afc291b96d5792a158768324287319f"},"headline":"DEMANDAN MUNICIPIOS UN ARRANQUE FUERTE PARA EL DESARROLLO","datePublished":"2022-01-29T01:20:50+00:00","dateModified":"2022-01-29T01:20:51+00:00","mainEntityOfPage":{"@id":"https:\/\/21panorama.com\/index.php\/2022\/01\/28\/demandan-municipios-un-arranque-fuerte-para-el-desarrollo\/"},"wordCount":412,"commentCount":0,"publisher":{"@id":"https:\/\/21panorama.com\/#organization"},"image":{"@id":"https:\/\/21panorama.com\/index.php\/2022\/01\/28\/demandan-municipios-un-arranque-fuerte-para-el-desarrollo\/#primaryimage"},"thumbnailUrl":"https:\/\/21panorama.com\/wp-content\/uploads\/2022\/01\/cc3455b3-6e90-49db-a225-aa36fdf3e27d.jpeg","keywords":["DESARROLLO"],"articleSection":["Sociedad"],"inLanguage":"es","potentialAction":[{"@type":"CommentAction","name":"Comment","target":["https:\/\/21panorama.com\/index.php\/2022\/01\/28\/demandan-municipios-un-arranque-fuerte-para-el-desarrollo\/#respond"]}]},{"@type":"WebPage","@id":"https:\/\/21panorama.com\/index.php\/2022\/01\/28\/demandan-municipios-un-arranque-fuerte-para-el-desarrollo\/","url":"https:\/\/21panorama.com\/index.php\/2022\/01\/28\/demandan-municipios-un-arranque-fuerte-para-el-desarrollo\/","name":"DEMANDAN MUNICIPIOS UN ARRANQUE FUERTE PARA EL DESARROLLO - 21 Panorama","isPartOf":{"@id":"https:\/\/21panorama.com\/#website"},"primaryImageOfPage":{"@id":"https:\/\/21panorama.com\/index.php\/2022\/01\/28\/demandan-municipios-un-arranque-fuerte-para-el-desarrollo\/#primaryimage"},"image":{"@id":"https:\/\/21panorama.com\/index.php\/2022\/01\/28\/demandan-municipios-un-arranque-fuerte-para-el-desarrollo\/#primaryimage"},"thumbnailUrl":"https:\/\/21panorama.com\/wp-content\/uploads\/2022\/01\/cc3455b3-6e90-49db-a225-aa36fdf3e27d.jpeg","datePublished":"2022-01-29T01:20:50+00:00","dateModified":"2022-01-29T01:20:51+00:00","breadcrumb":{"@id":"https:\/\/21panorama.com\/index.php\/2022\/01\/28\/demandan-municipios-un-arranque-fuerte-para-el-desarrollo\/#breadcrumb"},"inLanguage":"es","potentialAction":[{"@type":"ReadAction","target":["https:\/\/21panorama.com\/index.php\/2022\/01\/28\/demandan-municipios-un-arranque-fuerte-para-el-desarrollo\/"]}]},{"@type":"ImageObject","inLanguage":"es","@id":"https:\/\/21panorama.com\/index.php\/2022\/01\/28\/demandan-municipios-un-arranque-fuerte-para-el-desarrollo\/#primaryimage","url":"https:\/\/21panorama.com\/wp-content\/uploads\/2022\/01\/cc3455b3-6e90-49db-a225-aa36fdf3e27d.jpeg","contentUrl":"https:\/\/21panorama.com\/wp-content\/uploads\/2022\/01\/cc3455b3-6e90-49db-a225-aa36fdf3e27d.jpeg","width":960,"height":640},{"@type":"BreadcrumbList","@id":"https:\/\/21panorama.com\/index.php\/2022\/01\/28\/demandan-municipios-un-arranque-fuerte-para-el-desarrollo\/#breadcrumb","itemListElement":[{"@type":"ListItem","position":1,"name":"Inicio","item":"https:\/\/21panorama.com\/"},{"@type":"ListItem","position":2,"name":"DEMANDAN MUNICIPIOS UN ARRANQUE FUERTE PARA EL DESARROLLO"}]},{"@type":"WebSite","@id":"https:\/\/21panorama.com\/#website","url":"https:\/\/21panorama.com\/","name":"21 Panorama","description":"La construcci\u00f3n de la opini\u00f3n p\u00fablica merece un mejor Panorama en este siglo 21 para alcanzar una sociedad con mayor transparencia y sin corrupci\u00f3n.","publisher":{"@id":"https:\/\/21panorama.com\/#organization"},"potentialAction":[{"@type":"SearchAction","target":{"@type":"EntryPoint","urlTemplate":"https:\/\/21panorama.com\/?s={search_term_string}"},"query-input":{"@type":"PropertyValueSpecification","valueRequired":true,"valueName":"search_term_string"}}],"inLanguage":"es"},{"@type":"Organization","@id":"https:\/\/21panorama.com\/#organization","name":"21 Panorama","url":"https:\/\/21panorama.com\/","logo":{"@type":"ImageObject","inLanguage":"es","@id":"https:\/\/21panorama.com\/#\/schema\/logo\/image\/","url":"https:\/\/21panorama.com\/wp-content\/uploads\/2019\/07\/cropped-Logo-Panorama-01.jpeg","contentUrl":"https:\/\/21panorama.com\/wp-content\/uploads\/2019\/07\/cropped-Logo-Panorama-01.jpeg","width":290,"height":70,"caption":"21 Panorama"},"image":{"@id":"https:\/\/21panorama.com\/#\/schema\/logo\/image\/"}},{"@type":"Person","@id":"https:\/\/21panorama.com\/#\/schema\/person\/1afc291b96d5792a158768324287319f","name":"admin","image":{"@type":"ImageObject","inLanguage":"es","@id":"https:\/\/21panorama.com\/#\/schema\/person\/image\/","url":"https:\/\/secure.gravatar.com\/avatar\/ad365d9d9f46719215b0d042cc3df92a5a8683e09ef13d102233e5491985f0f0?s=96&d=mm&r=g","contentUrl":"https:\/\/secure.gravatar.com\/avatar\/ad365d9d9f46719215b0d042cc3df92a5a8683e09ef13d102233e5491985f0f0?s=96&d=mm&r=g","caption":"admin"},"url":"https:\/\/21panorama.com\/index.php\/author\/admin\/"}]}},"_links":{"self":[{"href":"https:\/\/21panorama.com\/index.php\/wp-json\/wp\/v2\/posts\/3098","targetHints":{"allow":["GET"]}}],"collection":[{"href":"https:\/\/21panorama.com\/index.php\/wp-json\/wp\/v2\/posts"}],"about":[{"href":"https:\/\/21panorama.com\/index.php\/wp-json\/wp\/v2\/types\/post"}],"author":[{"embeddable":true,"href":"https:\/\/21panorama.com\/index.php\/wp-json\/wp\/v2\/users\/1"}],"replies":[{"embeddable":true,"href":"https:\/\/21panorama.com\/index.php\/wp-json\/wp\/v2\/comments?post=3098"}],"version-history":[{"count":1,"href":"https:\/\/21panorama.com\/index.php\/wp-json\/wp\/v2\/posts\/3098\/revisions"}],"predecessor-version":[{"id":3102,"href":"https:\/\/21panorama.com\/index.php\/wp-json\/wp\/v2\/posts\/3098\/revisions\/3102"}],"wp:featuredmedia":[{"embeddable":true,"href":"https:\/\/21panorama.com\/index.php\/wp-json\/wp\/v2\/media\/3099"}],"wp:attachment":[{"href":"https:\/\/21panorama.com\/index.php\/wp-json\/wp\/v2\/media?parent=3098"}],"wp:term":[{"taxonomy":"category","embeddable":true,"href":"https:\/\/21panorama.com\/index.php\/wp-json\/wp\/v2\/categories?post=3098"},{"taxonomy":"post_tag","embeddable":true,"href":"https:\/\/21panorama.com\/index.php\/wp-json\/wp\/v2\/tags?post=3098"}],"curies":[{"name":"wp","href":"https:\/\/api.w.org\/{rel}","templated":true}]}}