{"id":3095,"date":"2022-01-28T13:24:09","date_gmt":"2022-01-28T19:24:09","guid":{"rendered":"https:\/\/21panorama.com\/?p=3095"},"modified":"2022-01-28T13:24:10","modified_gmt":"2022-01-28T19:24:10","slug":"reversible-vial-en-la-carretera-mexico-toluca-por-trabajos-del-tren-interurbano","status":"publish","type":"post","link":"https:\/\/21panorama.com\/index.php\/2022\/01\/28\/reversible-vial-en-la-carretera-mexico-toluca-por-trabajos-del-tren-interurbano\/","title":{"rendered":"REVERSIBLE VIAL EN LA CARRETERA M\u00c9XICO-TOLUCA POR TRABAJOS DEL TREN INTERURBANO"},"content":{"rendered":"\n<p>La Secretar\u00eda de Infraestructura, Comunicaciones y Transportes (SICT), en el Estado de M\u00e9xico informa que los d\u00edas 29 de Enero y 5 de Febrero se realizar\u00e1 un reversible vial del kil\u00f3metro 24 al 26 en la carretera M\u00e9xico \u2013 Toluca, en horario nocturno de las 22:00 horas a las 05:00 horas del d\u00eda siguiente.<\/p>\n\n\n\n<p>Debido a los avances en la construcci\u00f3n del Tren Interurbano M\u00e9xico-Toluca (TIMT) se mantendr\u00e1 el reversible vial, exclusivamente, en el sentido hacia la Ciudad de M\u00e9xico; por tanto, se ocupar\u00e1 un cuerpo de rodamiento para la circulaci\u00f3n vehicular con destino a la capital del Estado de M\u00e9xico.<\/p>\n\n\n\n<p>El objetivo de esta medida es proteger a los ciudadanos y avanzar en los trabajos de la obra, por ello se desarrollar\u00e1 un dispositivo de agilizaci\u00f3n de tr\u00e1nsito vehicular, mediante barreras pl\u00e1sticas y sus respectivos destellos luminosos, adem\u00e1s de letreros de reducci\u00f3n de velocidad y hombres trabajando.<\/p>\n\n\n\n<p>De igual manera, se contar\u00e1 con flecheros luminosos para indicar la circulaci\u00f3n y se colocar\u00e1 lonas informativas de la reducci\u00f3n de carriles en los puentes peatonales de la carretera M\u00e9xico-Toluca.<\/p>\n\n\n\n<p>Cabe precisar que el reversible vial se realizar\u00e1 en ese tramo del kil\u00f3metro 24 al 26 para cerrar temporalmente los carriles en el sentido a Toluca, con el fin de colocar estructura met\u00e1lica en los viaductos del Tren Interurbano.<\/p>\n\n\n\n<p>La SICT pide su comprensi\u00f3n ante las afectaciones y molestias que esta medida les puede ocasionar. De la misma forma, se les invita a los automovilistas que circulan por este tramo a salir con anticipaci\u00f3n de su lugar de origen y tomar las precauciones debidas para que eviten tener alguna complicaci\u00f3n en su recorrido.<\/p>\n","protected":false},"excerpt":{"rendered":"<p>Las maniobras se realizar\u00e1n los s\u00e1bados: 29 de enero y 5 de Febrero, entre los kil\u00f3metros 24 y 26 de la vialidad.<\/p>\n","protected":false},"author":1,"featured_media":3096,"comment_status":"open","ping_status":"open","sticky":false,"template":"","format":"standard","meta":{"footnotes":""},"categories":[1],"tags":[268],"class_list":["post-3095","post","type-post","status-publish","format-standard","has-post-thumbnail","hentry","category-sociedad","tag-tren"],"yoast_head":"<!-- This site is optimized with the Yoast SEO plugin v24.9 - https:\/\/yoast.com\/wordpress\/plugins\/seo\/ -->\n<title>REVERSIBLE VIAL EN LA CARRETERA M\u00c9XICO-TOLUCA POR TRABAJOS DEL TREN INTERURBANO - 21 Panorama<\/title>\n<meta name=\"robots\" content=\"index, follow, max-snippet:-1, max-image-preview:large, max-video-preview:-1\" \/>\n<link rel=\"canonical\" href=\"https:\/\/21panorama.com\/index.php\/2022\/01\/28\/reversible-vial-en-la-carretera-mexico-toluca-por-trabajos-del-tren-interurbano\/\" \/>\n<meta property=\"og:locale\" content=\"es_MX\" \/>\n<meta property=\"og:type\" content=\"article\" \/>\n<meta property=\"og:title\" content=\"REVERSIBLE VIAL EN LA CARRETERA M\u00c9XICO-TOLUCA POR TRABAJOS DEL TREN INTERURBANO - 21 Panorama\" \/>\n<meta property=\"og:description\" content=\"Las maniobras se realizar\u00e1n los s\u00e1bados: 29 de enero y 5 de Febrero, entre los kil\u00f3metros 24 y 26 de la vialidad.\" \/>\n<meta property=\"og:url\" content=\"https:\/\/21panorama.com\/index.php\/2022\/01\/28\/reversible-vial-en-la-carretera-mexico-toluca-por-trabajos-del-tren-interurbano\/\" \/>\n<meta property=\"og:site_name\" content=\"21 Panorama\" \/>\n<meta property=\"article:published_time\" content=\"2022-01-28T19:24:09+00:00\" \/>\n<meta property=\"article:modified_time\" content=\"2022-01-28T19:24:10+00:00\" \/>\n<meta property=\"og:image\" content=\"https:\/\/21panorama.com\/wp-content\/uploads\/2022\/01\/bae9c9b2-78b9-4d28-9a66-ec21794af517.jpeg\" \/>\n\t<meta property=\"og:image:width\" content=\"1471\" \/>\n\t<meta property=\"og:image:height\" content=\"827\" \/>\n\t<meta property=\"og:image:type\" content=\"image\/jpeg\" \/>\n<meta name=\"author\" content=\"admin\" \/>\n<meta name=\"twitter:card\" content=\"summary_large_image\" \/>\n<meta name=\"twitter:label1\" content=\"Escrito por\" \/>\n\t<meta name=\"twitter:data1\" content=\"admin\" \/>\n\t<meta name=\"twitter:label2\" content=\"Tiempo de lectura\" \/>\n\t<meta name=\"twitter:data2\" content=\"1 minuto\" \/>\n<script type=\"application\/ld+json\" class=\"yoast-schema-graph\">{\"@context\":\"https:\/\/schema.org\",\"@graph\":[{\"@type\":\"Article\",\"@id\":\"https:\/\/21panorama.com\/index.php\/2022\/01\/28\/reversible-vial-en-la-carretera-mexico-toluca-por-trabajos-del-tren-interurbano\/#article\",\"isPartOf\":{\"@id\":\"https:\/\/21panorama.com\/index.php\/2022\/01\/28\/reversible-vial-en-la-carretera-mexico-toluca-por-trabajos-del-tren-interurbano\/\"},\"author\":{\"name\":\"admin\",\"@id\":\"https:\/\/21panorama.com\/#\/schema\/person\/1afc291b96d5792a158768324287319f\"},\"headline\":\"REVERSIBLE VIAL EN LA CARRETERA M\u00c9XICO-TOLUCA POR TRABAJOS DEL TREN INTERURBANO\",\"datePublished\":\"2022-01-28T19:24:09+00:00\",\"dateModified\":\"2022-01-28T19:24:10+00:00\",\"mainEntityOfPage\":{\"@id\":\"https:\/\/21panorama.com\/index.php\/2022\/01\/28\/reversible-vial-en-la-carretera-mexico-toluca-por-trabajos-del-tren-interurbano\/\"},\"wordCount\":298,\"commentCount\":0,\"publisher\":{\"@id\":\"https:\/\/21panorama.com\/#organization\"},\"image\":{\"@id\":\"https:\/\/21panorama.com\/index.php\/2022\/01\/28\/reversible-vial-en-la-carretera-mexico-toluca-por-trabajos-del-tren-interurbano\/#primaryimage\"},\"thumbnailUrl\":\"https:\/\/21panorama.com\/wp-content\/uploads\/2022\/01\/bae9c9b2-78b9-4d28-9a66-ec21794af517.jpeg\",\"keywords\":[\"TREN\"],\"articleSection\":[\"Sociedad\"],\"inLanguage\":\"es\",\"potentialAction\":[{\"@type\":\"CommentAction\",\"name\":\"Comment\",\"target\":[\"https:\/\/21panorama.com\/index.php\/2022\/01\/28\/reversible-vial-en-la-carretera-mexico-toluca-por-trabajos-del-tren-interurbano\/#respond\"]}]},{\"@type\":\"WebPage\",\"@id\":\"https:\/\/21panorama.com\/index.php\/2022\/01\/28\/reversible-vial-en-la-carretera-mexico-toluca-por-trabajos-del-tren-interurbano\/\",\"url\":\"https:\/\/21panorama.com\/index.php\/2022\/01\/28\/reversible-vial-en-la-carretera-mexico-toluca-por-trabajos-del-tren-interurbano\/\",\"name\":\"REVERSIBLE VIAL EN LA CARRETERA M\u00c9XICO-TOLUCA POR TRABAJOS DEL TREN INTERURBANO - 21 Panorama\",\"isPartOf\":{\"@id\":\"https:\/\/21panorama.com\/#website\"},\"primaryImageOfPage\":{\"@id\":\"https:\/\/21panorama.com\/index.php\/2022\/01\/28\/reversible-vial-en-la-carretera-mexico-toluca-por-trabajos-del-tren-interurbano\/#primaryimage\"},\"image\":{\"@id\":\"https:\/\/21panorama.com\/index.php\/2022\/01\/28\/reversible-vial-en-la-carretera-mexico-toluca-por-trabajos-del-tren-interurbano\/#primaryimage\"},\"thumbnailUrl\":\"https:\/\/21panorama.com\/wp-content\/uploads\/2022\/01\/bae9c9b2-78b9-4d28-9a66-ec21794af517.jpeg\",\"datePublished\":\"2022-01-28T19:24:09+00:00\",\"dateModified\":\"2022-01-28T19:24:10+00:00\",\"breadcrumb\":{\"@id\":\"https:\/\/21panorama.com\/index.php\/2022\/01\/28\/reversible-vial-en-la-carretera-mexico-toluca-por-trabajos-del-tren-interurbano\/#breadcrumb\"},\"inLanguage\":\"es\",\"potentialAction\":[{\"@type\":\"ReadAction\",\"target\":[\"https:\/\/21panorama.com\/index.php\/2022\/01\/28\/reversible-vial-en-la-carretera-mexico-toluca-por-trabajos-del-tren-interurbano\/\"]}]},{\"@type\":\"ImageObject\",\"inLanguage\":\"es\",\"@id\":\"https:\/\/21panorama.com\/index.php\/2022\/01\/28\/reversible-vial-en-la-carretera-mexico-toluca-por-trabajos-del-tren-interurbano\/#primaryimage\",\"url\":\"https:\/\/21panorama.com\/wp-content\/uploads\/2022\/01\/bae9c9b2-78b9-4d28-9a66-ec21794af517.jpeg\",\"contentUrl\":\"https:\/\/21panorama.com\/wp-content\/uploads\/2022\/01\/bae9c9b2-78b9-4d28-9a66-ec21794af517.jpeg\",\"width\":1471,\"height\":827},{\"@type\":\"BreadcrumbList\",\"@id\":\"https:\/\/21panorama.com\/index.php\/2022\/01\/28\/reversible-vial-en-la-carretera-mexico-toluca-por-trabajos-del-tren-interurbano\/#breadcrumb\",\"itemListElement\":[{\"@type\":\"ListItem\",\"position\":1,\"name\":\"Inicio\",\"item\":\"https:\/\/21panorama.com\/\"},{\"@type\":\"ListItem\",\"position\":2,\"name\":\"REVERSIBLE VIAL EN LA CARRETERA M\u00c9XICO-TOLUCA POR TRABAJOS DEL TREN INTERURBANO\"}]},{\"@type\":\"WebSite\",\"@id\":\"https:\/\/21panorama.com\/#website\",\"url\":\"https:\/\/21panorama.com\/\",\"name\":\"21 Panorama\",\"description\":\"La construcci\u00f3n de la opini\u00f3n p\u00fablica merece un mejor Panorama en este siglo 21 para alcanzar una sociedad con mayor transparencia y sin corrupci\u00f3n.\",\"publisher\":{\"@id\":\"https:\/\/21panorama.com\/#organization\"},\"potentialAction\":[{\"@type\":\"SearchAction\",\"target\":{\"@type\":\"EntryPoint\",\"urlTemplate\":\"https:\/\/21panorama.com\/?s={search_term_string}\"},\"query-input\":{\"@type\":\"PropertyValueSpecification\",\"valueRequired\":true,\"valueName\":\"search_term_string\"}}],\"inLanguage\":\"es\"},{\"@type\":\"Organization\",\"@id\":\"https:\/\/21panorama.com\/#organization\",\"name\":\"21 Panorama\",\"url\":\"https:\/\/21panorama.com\/\",\"logo\":{\"@type\":\"ImageObject\",\"inLanguage\":\"es\",\"@id\":\"https:\/\/21panorama.com\/#\/schema\/logo\/image\/\",\"url\":\"https:\/\/21panorama.com\/wp-content\/uploads\/2019\/07\/cropped-Logo-Panorama-01.jpeg\",\"contentUrl\":\"https:\/\/21panorama.com\/wp-content\/uploads\/2019\/07\/cropped-Logo-Panorama-01.jpeg\",\"width\":290,\"height\":70,\"caption\":\"21 Panorama\"},\"image\":{\"@id\":\"https:\/\/21panorama.com\/#\/schema\/logo\/image\/\"}},{\"@type\":\"Person\",\"@id\":\"https:\/\/21panorama.com\/#\/schema\/person\/1afc291b96d5792a158768324287319f\",\"name\":\"admin\",\"image\":{\"@type\":\"ImageObject\",\"inLanguage\":\"es\",\"@id\":\"https:\/\/21panorama.com\/#\/schema\/person\/image\/\",\"url\":\"https:\/\/secure.gravatar.com\/avatar\/ad365d9d9f46719215b0d042cc3df92a5a8683e09ef13d102233e5491985f0f0?s=96&d=mm&r=g\",\"contentUrl\":\"https:\/\/secure.gravatar.com\/avatar\/ad365d9d9f46719215b0d042cc3df92a5a8683e09ef13d102233e5491985f0f0?s=96&d=mm&r=g\",\"caption\":\"admin\"},\"url\":\"https:\/\/21panorama.com\/index.php\/author\/admin\/\"}]}<\/script>\n<!-- \/ Yoast SEO plugin. -->","yoast_head_json":{"title":"REVERSIBLE VIAL EN LA CARRETERA M\u00c9XICO-TOLUCA POR TRABAJOS DEL TREN INTERURBANO - 21 Panorama","robots":{"index":"index","follow":"follow","max-snippet":"max-snippet:-1","max-image-preview":"max-image-preview:large","max-video-preview":"max-video-preview:-1"},"canonical":"https:\/\/21panorama.com\/index.php\/2022\/01\/28\/reversible-vial-en-la-carretera-mexico-toluca-por-trabajos-del-tren-interurbano\/","og_locale":"es_MX","og_type":"article","og_title":"REVERSIBLE VIAL EN LA CARRETERA M\u00c9XICO-TOLUCA POR TRABAJOS DEL TREN INTERURBANO - 21 Panorama","og_description":"Las maniobras se realizar\u00e1n los s\u00e1bados: 29 de enero y 5 de Febrero, entre los kil\u00f3metros 24 y 26 de la vialidad.","og_url":"https:\/\/21panorama.com\/index.php\/2022\/01\/28\/reversible-vial-en-la-carretera-mexico-toluca-por-trabajos-del-tren-interurbano\/","og_site_name":"21 Panorama","article_published_time":"2022-01-28T19:24:09+00:00","article_modified_time":"2022-01-28T19:24:10+00:00","og_image":[{"width":1471,"height":827,"url":"https:\/\/21panorama.com\/wp-content\/uploads\/2022\/01\/bae9c9b2-78b9-4d28-9a66-ec21794af517.jpeg","type":"image\/jpeg"}],"author":"admin","twitter_card":"summary_large_image","twitter_misc":{"Escrito por":"admin","Tiempo de lectura":"1 minuto"},"schema":{"@context":"https:\/\/schema.org","@graph":[{"@type":"Article","@id":"https:\/\/21panorama.com\/index.php\/2022\/01\/28\/reversible-vial-en-la-carretera-mexico-toluca-por-trabajos-del-tren-interurbano\/#article","isPartOf":{"@id":"https:\/\/21panorama.com\/index.php\/2022\/01\/28\/reversible-vial-en-la-carretera-mexico-toluca-por-trabajos-del-tren-interurbano\/"},"author":{"name":"admin","@id":"https:\/\/21panorama.com\/#\/schema\/person\/1afc291b96d5792a158768324287319f"},"headline":"REVERSIBLE VIAL EN LA CARRETERA M\u00c9XICO-TOLUCA POR TRABAJOS DEL TREN INTERURBANO","datePublished":"2022-01-28T19:24:09+00:00","dateModified":"2022-01-28T19:24:10+00:00","mainEntityOfPage":{"@id":"https:\/\/21panorama.com\/index.php\/2022\/01\/28\/reversible-vial-en-la-carretera-mexico-toluca-por-trabajos-del-tren-interurbano\/"},"wordCount":298,"commentCount":0,"publisher":{"@id":"https:\/\/21panorama.com\/#organization"},"image":{"@id":"https:\/\/21panorama.com\/index.php\/2022\/01\/28\/reversible-vial-en-la-carretera-mexico-toluca-por-trabajos-del-tren-interurbano\/#primaryimage"},"thumbnailUrl":"https:\/\/21panorama.com\/wp-content\/uploads\/2022\/01\/bae9c9b2-78b9-4d28-9a66-ec21794af517.jpeg","keywords":["TREN"],"articleSection":["Sociedad"],"inLanguage":"es","potentialAction":[{"@type":"CommentAction","name":"Comment","target":["https:\/\/21panorama.com\/index.php\/2022\/01\/28\/reversible-vial-en-la-carretera-mexico-toluca-por-trabajos-del-tren-interurbano\/#respond"]}]},{"@type":"WebPage","@id":"https:\/\/21panorama.com\/index.php\/2022\/01\/28\/reversible-vial-en-la-carretera-mexico-toluca-por-trabajos-del-tren-interurbano\/","url":"https:\/\/21panorama.com\/index.php\/2022\/01\/28\/reversible-vial-en-la-carretera-mexico-toluca-por-trabajos-del-tren-interurbano\/","name":"REVERSIBLE VIAL EN LA CARRETERA M\u00c9XICO-TOLUCA POR TRABAJOS DEL TREN INTERURBANO - 21 Panorama","isPartOf":{"@id":"https:\/\/21panorama.com\/#website"},"primaryImageOfPage":{"@id":"https:\/\/21panorama.com\/index.php\/2022\/01\/28\/reversible-vial-en-la-carretera-mexico-toluca-por-trabajos-del-tren-interurbano\/#primaryimage"},"image":{"@id":"https:\/\/21panorama.com\/index.php\/2022\/01\/28\/reversible-vial-en-la-carretera-mexico-toluca-por-trabajos-del-tren-interurbano\/#primaryimage"},"thumbnailUrl":"https:\/\/21panorama.com\/wp-content\/uploads\/2022\/01\/bae9c9b2-78b9-4d28-9a66-ec21794af517.jpeg","datePublished":"2022-01-28T19:24:09+00:00","dateModified":"2022-01-28T19:24:10+00:00","breadcrumb":{"@id":"https:\/\/21panorama.com\/index.php\/2022\/01\/28\/reversible-vial-en-la-carretera-mexico-toluca-por-trabajos-del-tren-interurbano\/#breadcrumb"},"inLanguage":"es","potentialAction":[{"@type":"ReadAction","target":["https:\/\/21panorama.com\/index.php\/2022\/01\/28\/reversible-vial-en-la-carretera-mexico-toluca-por-trabajos-del-tren-interurbano\/"]}]},{"@type":"ImageObject","inLanguage":"es","@id":"https:\/\/21panorama.com\/index.php\/2022\/01\/28\/reversible-vial-en-la-carretera-mexico-toluca-por-trabajos-del-tren-interurbano\/#primaryimage","url":"https:\/\/21panorama.com\/wp-content\/uploads\/2022\/01\/bae9c9b2-78b9-4d28-9a66-ec21794af517.jpeg","contentUrl":"https:\/\/21panorama.com\/wp-content\/uploads\/2022\/01\/bae9c9b2-78b9-4d28-9a66-ec21794af517.jpeg","width":1471,"height":827},{"@type":"BreadcrumbList","@id":"https:\/\/21panorama.com\/index.php\/2022\/01\/28\/reversible-vial-en-la-carretera-mexico-toluca-por-trabajos-del-tren-interurbano\/#breadcrumb","itemListElement":[{"@type":"ListItem","position":1,"name":"Inicio","item":"https:\/\/21panorama.com\/"},{"@type":"ListItem","position":2,"name":"REVERSIBLE VIAL EN LA CARRETERA M\u00c9XICO-TOLUCA POR TRABAJOS DEL TREN INTERURBANO"}]},{"@type":"WebSite","@id":"https:\/\/21panorama.com\/#website","url":"https:\/\/21panorama.com\/","name":"21 Panorama","description":"La construcci\u00f3n de la opini\u00f3n p\u00fablica merece un mejor Panorama en este siglo 21 para alcanzar una sociedad con mayor transparencia y sin corrupci\u00f3n.","publisher":{"@id":"https:\/\/21panorama.com\/#organization"},"potentialAction":[{"@type":"SearchAction","target":{"@type":"EntryPoint","urlTemplate":"https:\/\/21panorama.com\/?s={search_term_string}"},"query-input":{"@type":"PropertyValueSpecification","valueRequired":true,"valueName":"search_term_string"}}],"inLanguage":"es"},{"@type":"Organization","@id":"https:\/\/21panorama.com\/#organization","name":"21 Panorama","url":"https:\/\/21panorama.com\/","logo":{"@type":"ImageObject","inLanguage":"es","@id":"https:\/\/21panorama.com\/#\/schema\/logo\/image\/","url":"https:\/\/21panorama.com\/wp-content\/uploads\/2019\/07\/cropped-Logo-Panorama-01.jpeg","contentUrl":"https:\/\/21panorama.com\/wp-content\/uploads\/2019\/07\/cropped-Logo-Panorama-01.jpeg","width":290,"height":70,"caption":"21 Panorama"},"image":{"@id":"https:\/\/21panorama.com\/#\/schema\/logo\/image\/"}},{"@type":"Person","@id":"https:\/\/21panorama.com\/#\/schema\/person\/1afc291b96d5792a158768324287319f","name":"admin","image":{"@type":"ImageObject","inLanguage":"es","@id":"https:\/\/21panorama.com\/#\/schema\/person\/image\/","url":"https:\/\/secure.gravatar.com\/avatar\/ad365d9d9f46719215b0d042cc3df92a5a8683e09ef13d102233e5491985f0f0?s=96&d=mm&r=g","contentUrl":"https:\/\/secure.gravatar.com\/avatar\/ad365d9d9f46719215b0d042cc3df92a5a8683e09ef13d102233e5491985f0f0?s=96&d=mm&r=g","caption":"admin"},"url":"https:\/\/21panorama.com\/index.php\/author\/admin\/"}]}},"_links":{"self":[{"href":"https:\/\/21panorama.com\/index.php\/wp-json\/wp\/v2\/posts\/3095","targetHints":{"allow":["GET"]}}],"collection":[{"href":"https:\/\/21panorama.com\/index.php\/wp-json\/wp\/v2\/posts"}],"about":[{"href":"https:\/\/21panorama.com\/index.php\/wp-json\/wp\/v2\/types\/post"}],"author":[{"embeddable":true,"href":"https:\/\/21panorama.com\/index.php\/wp-json\/wp\/v2\/users\/1"}],"replies":[{"embeddable":true,"href":"https:\/\/21panorama.com\/index.php\/wp-json\/wp\/v2\/comments?post=3095"}],"version-history":[{"count":1,"href":"https:\/\/21panorama.com\/index.php\/wp-json\/wp\/v2\/posts\/3095\/revisions"}],"predecessor-version":[{"id":3097,"href":"https:\/\/21panorama.com\/index.php\/wp-json\/wp\/v2\/posts\/3095\/revisions\/3097"}],"wp:featuredmedia":[{"embeddable":true,"href":"https:\/\/21panorama.com\/index.php\/wp-json\/wp\/v2\/media\/3096"}],"wp:attachment":[{"href":"https:\/\/21panorama.com\/index.php\/wp-json\/wp\/v2\/media?parent=3095"}],"wp:term":[{"taxonomy":"category","embeddable":true,"href":"https:\/\/21panorama.com\/index.php\/wp-json\/wp\/v2\/categories?post=3095"},{"taxonomy":"post_tag","embeddable":true,"href":"https:\/\/21panorama.com\/index.php\/wp-json\/wp\/v2\/tags?post=3095"}],"curies":[{"name":"wp","href":"https:\/\/api.w.org\/{rel}","templated":true}]}}