{"id":3092,"date":"2022-01-25T13:07:00","date_gmt":"2022-01-25T19:07:00","guid":{"rendered":"https:\/\/21panorama.com\/?p=3092"},"modified":"2022-01-26T13:09:07","modified_gmt":"2022-01-26T19:09:07","slug":"confirman-cadena-perpetua-al-chapo","status":"publish","type":"post","link":"https:\/\/21panorama.com\/index.php\/2022\/01\/25\/confirman-cadena-perpetua-al-chapo\/","title":{"rendered":"CONFIRMAN CADENA PERPETUA AL \u201cCHAPO\u201d"},"content":{"rendered":"\n<p>Un tribunal de apelaciones de Estados Unidos confirm\u00f3 la condena del narcotraficante mexicano Joaqu\u00edn \u201cChapo\u201d Guzm\u00e1n.<\/p>\n\n\n\n<p>La Corte de Apelaciones del Segundo Circuito de Estados Unidos en Manhattan rechaz\u00f3 varios argumentos que Guzm\u00e1n plante\u00f3 para buscar una revocaci\u00f3n, incluyendo la mala conducta del jurado y las condiciones que experiment\u00f3 en la c\u00e1rcel.<\/p>\n\n\n\n<p>Guzm\u00e1n fue condenado en febrero de 2019 por traficar miles de millones de d\u00f3lares en drogas y conspirar para asesinar a enemigos, como l\u00edder del c\u00e1rtel de Sinaloa.<\/p>\n\n\n\n<p>Joaqu\u00edn Guzm\u00e1n apel\u00f3 la sentencia que el juez Brian Cogan, de la Corte de Distrito Este de Nueva York, emiti\u00f3 en julio de 2019 en su contra, quien fue declarado culpable de diez delitos relacionados con el narcotr\u00e1fico.<\/p>\n\n\n\n<p>Guzm\u00e1n exig\u00eda la anulaci\u00f3n de la condena que se le impuso y la repetici\u00f3n de su juicio, con el principal argumento de que fue tratado de forma inhumana durante su encarcelamiento y que el jurado incumpli\u00f3 y viol\u00f3 la normativa que se le impuso, por lo tanto, su decisi\u00f3n no puede ser v\u00e1lida.<\/p>\n","protected":false},"excerpt":{"rendered":"<p>Un tribunal de apelaciones de Estados Unidos confirm\u00f3 la condena del narcotraficante mexicano Joaqu\u00edn \u201cChapo\u201d Guzm\u00e1n.<\/p>\n","protected":false},"author":1,"featured_media":3093,"comment_status":"open","ping_status":"open","sticky":false,"template":"","format":"standard","meta":{"footnotes":""},"categories":[1],"tags":[267],"class_list":["post-3092","post","type-post","status-publish","format-standard","has-post-thumbnail","hentry","category-sociedad","tag-chapo"],"yoast_head":"<!-- This site is optimized with the Yoast SEO plugin v24.9 - https:\/\/yoast.com\/wordpress\/plugins\/seo\/ -->\n<title>CONFIRMAN CADENA PERPETUA AL \u201cCHAPO\u201d - 21 Panorama<\/title>\n<meta name=\"robots\" content=\"index, follow, max-snippet:-1, max-image-preview:large, max-video-preview:-1\" \/>\n<link rel=\"canonical\" href=\"https:\/\/21panorama.com\/index.php\/2022\/01\/25\/confirman-cadena-perpetua-al-chapo\/\" \/>\n<meta property=\"og:locale\" content=\"es_MX\" \/>\n<meta property=\"og:type\" content=\"article\" \/>\n<meta property=\"og:title\" content=\"CONFIRMAN CADENA PERPETUA AL \u201cCHAPO\u201d - 21 Panorama\" \/>\n<meta property=\"og:description\" content=\"Un tribunal de apelaciones de Estados Unidos confirm\u00f3 la condena del narcotraficante mexicano Joaqu\u00edn \u201cChapo\u201d Guzm\u00e1n.\" \/>\n<meta property=\"og:url\" content=\"https:\/\/21panorama.com\/index.php\/2022\/01\/25\/confirman-cadena-perpetua-al-chapo\/\" \/>\n<meta property=\"og:site_name\" content=\"21 Panorama\" \/>\n<meta property=\"article:published_time\" content=\"2022-01-25T19:07:00+00:00\" \/>\n<meta property=\"article:modified_time\" content=\"2022-01-26T19:09:07+00:00\" \/>\n<meta property=\"og:image\" content=\"https:\/\/21panorama.com\/wp-content\/uploads\/2022\/01\/f55d8712-d46e-4237-a5b4-363f80d68fbd.jpeg\" \/>\n\t<meta property=\"og:image:width\" content=\"968\" \/>\n\t<meta property=\"og:image:height\" content=\"695\" \/>\n\t<meta property=\"og:image:type\" content=\"image\/jpeg\" \/>\n<meta name=\"author\" content=\"admin\" \/>\n<meta name=\"twitter:card\" content=\"summary_large_image\" \/>\n<meta name=\"twitter:label1\" content=\"Escrito por\" \/>\n\t<meta name=\"twitter:data1\" content=\"admin\" \/>\n\t<meta name=\"twitter:label2\" content=\"Tiempo de lectura\" \/>\n\t<meta name=\"twitter:data2\" content=\"1 minuto\" \/>\n<script type=\"application\/ld+json\" class=\"yoast-schema-graph\">{\"@context\":\"https:\/\/schema.org\",\"@graph\":[{\"@type\":\"Article\",\"@id\":\"https:\/\/21panorama.com\/index.php\/2022\/01\/25\/confirman-cadena-perpetua-al-chapo\/#article\",\"isPartOf\":{\"@id\":\"https:\/\/21panorama.com\/index.php\/2022\/01\/25\/confirman-cadena-perpetua-al-chapo\/\"},\"author\":{\"name\":\"admin\",\"@id\":\"https:\/\/21panorama.com\/#\/schema\/person\/1afc291b96d5792a158768324287319f\"},\"headline\":\"CONFIRMAN CADENA PERPETUA AL \u201cCHAPO\u201d\",\"datePublished\":\"2022-01-25T19:07:00+00:00\",\"dateModified\":\"2022-01-26T19:09:07+00:00\",\"mainEntityOfPage\":{\"@id\":\"https:\/\/21panorama.com\/index.php\/2022\/01\/25\/confirman-cadena-perpetua-al-chapo\/\"},\"wordCount\":192,\"commentCount\":0,\"publisher\":{\"@id\":\"https:\/\/21panorama.com\/#organization\"},\"image\":{\"@id\":\"https:\/\/21panorama.com\/index.php\/2022\/01\/25\/confirman-cadena-perpetua-al-chapo\/#primaryimage\"},\"thumbnailUrl\":\"https:\/\/21panorama.com\/wp-content\/uploads\/2022\/01\/f55d8712-d46e-4237-a5b4-363f80d68fbd.jpeg\",\"keywords\":[\"chapo\"],\"articleSection\":[\"Sociedad\"],\"inLanguage\":\"es\",\"potentialAction\":[{\"@type\":\"CommentAction\",\"name\":\"Comment\",\"target\":[\"https:\/\/21panorama.com\/index.php\/2022\/01\/25\/confirman-cadena-perpetua-al-chapo\/#respond\"]}]},{\"@type\":\"WebPage\",\"@id\":\"https:\/\/21panorama.com\/index.php\/2022\/01\/25\/confirman-cadena-perpetua-al-chapo\/\",\"url\":\"https:\/\/21panorama.com\/index.php\/2022\/01\/25\/confirman-cadena-perpetua-al-chapo\/\",\"name\":\"CONFIRMAN CADENA PERPETUA AL \u201cCHAPO\u201d - 21 Panorama\",\"isPartOf\":{\"@id\":\"https:\/\/21panorama.com\/#website\"},\"primaryImageOfPage\":{\"@id\":\"https:\/\/21panorama.com\/index.php\/2022\/01\/25\/confirman-cadena-perpetua-al-chapo\/#primaryimage\"},\"image\":{\"@id\":\"https:\/\/21panorama.com\/index.php\/2022\/01\/25\/confirman-cadena-perpetua-al-chapo\/#primaryimage\"},\"thumbnailUrl\":\"https:\/\/21panorama.com\/wp-content\/uploads\/2022\/01\/f55d8712-d46e-4237-a5b4-363f80d68fbd.jpeg\",\"datePublished\":\"2022-01-25T19:07:00+00:00\",\"dateModified\":\"2022-01-26T19:09:07+00:00\",\"breadcrumb\":{\"@id\":\"https:\/\/21panorama.com\/index.php\/2022\/01\/25\/confirman-cadena-perpetua-al-chapo\/#breadcrumb\"},\"inLanguage\":\"es\",\"potentialAction\":[{\"@type\":\"ReadAction\",\"target\":[\"https:\/\/21panorama.com\/index.php\/2022\/01\/25\/confirman-cadena-perpetua-al-chapo\/\"]}]},{\"@type\":\"ImageObject\",\"inLanguage\":\"es\",\"@id\":\"https:\/\/21panorama.com\/index.php\/2022\/01\/25\/confirman-cadena-perpetua-al-chapo\/#primaryimage\",\"url\":\"https:\/\/21panorama.com\/wp-content\/uploads\/2022\/01\/f55d8712-d46e-4237-a5b4-363f80d68fbd.jpeg\",\"contentUrl\":\"https:\/\/21panorama.com\/wp-content\/uploads\/2022\/01\/f55d8712-d46e-4237-a5b4-363f80d68fbd.jpeg\",\"width\":968,\"height\":695},{\"@type\":\"BreadcrumbList\",\"@id\":\"https:\/\/21panorama.com\/index.php\/2022\/01\/25\/confirman-cadena-perpetua-al-chapo\/#breadcrumb\",\"itemListElement\":[{\"@type\":\"ListItem\",\"position\":1,\"name\":\"Inicio\",\"item\":\"https:\/\/21panorama.com\/\"},{\"@type\":\"ListItem\",\"position\":2,\"name\":\"CONFIRMAN CADENA PERPETUA AL \u201cCHAPO\u201d\"}]},{\"@type\":\"WebSite\",\"@id\":\"https:\/\/21panorama.com\/#website\",\"url\":\"https:\/\/21panorama.com\/\",\"name\":\"21 Panorama\",\"description\":\"La construcci\u00f3n de la opini\u00f3n p\u00fablica merece un mejor Panorama en este siglo 21 para alcanzar una sociedad con mayor transparencia y sin corrupci\u00f3n.\",\"publisher\":{\"@id\":\"https:\/\/21panorama.com\/#organization\"},\"potentialAction\":[{\"@type\":\"SearchAction\",\"target\":{\"@type\":\"EntryPoint\",\"urlTemplate\":\"https:\/\/21panorama.com\/?s={search_term_string}\"},\"query-input\":{\"@type\":\"PropertyValueSpecification\",\"valueRequired\":true,\"valueName\":\"search_term_string\"}}],\"inLanguage\":\"es\"},{\"@type\":\"Organization\",\"@id\":\"https:\/\/21panorama.com\/#organization\",\"name\":\"21 Panorama\",\"url\":\"https:\/\/21panorama.com\/\",\"logo\":{\"@type\":\"ImageObject\",\"inLanguage\":\"es\",\"@id\":\"https:\/\/21panorama.com\/#\/schema\/logo\/image\/\",\"url\":\"https:\/\/21panorama.com\/wp-content\/uploads\/2019\/07\/cropped-Logo-Panorama-01.jpeg\",\"contentUrl\":\"https:\/\/21panorama.com\/wp-content\/uploads\/2019\/07\/cropped-Logo-Panorama-01.jpeg\",\"width\":290,\"height\":70,\"caption\":\"21 Panorama\"},\"image\":{\"@id\":\"https:\/\/21panorama.com\/#\/schema\/logo\/image\/\"}},{\"@type\":\"Person\",\"@id\":\"https:\/\/21panorama.com\/#\/schema\/person\/1afc291b96d5792a158768324287319f\",\"name\":\"admin\",\"image\":{\"@type\":\"ImageObject\",\"inLanguage\":\"es\",\"@id\":\"https:\/\/21panorama.com\/#\/schema\/person\/image\/\",\"url\":\"https:\/\/secure.gravatar.com\/avatar\/ad365d9d9f46719215b0d042cc3df92a5a8683e09ef13d102233e5491985f0f0?s=96&d=mm&r=g\",\"contentUrl\":\"https:\/\/secure.gravatar.com\/avatar\/ad365d9d9f46719215b0d042cc3df92a5a8683e09ef13d102233e5491985f0f0?s=96&d=mm&r=g\",\"caption\":\"admin\"},\"url\":\"https:\/\/21panorama.com\/index.php\/author\/admin\/\"}]}<\/script>\n<!-- \/ Yoast SEO plugin. -->","yoast_head_json":{"title":"CONFIRMAN CADENA PERPETUA AL \u201cCHAPO\u201d - 21 Panorama","robots":{"index":"index","follow":"follow","max-snippet":"max-snippet:-1","max-image-preview":"max-image-preview:large","max-video-preview":"max-video-preview:-1"},"canonical":"https:\/\/21panorama.com\/index.php\/2022\/01\/25\/confirman-cadena-perpetua-al-chapo\/","og_locale":"es_MX","og_type":"article","og_title":"CONFIRMAN CADENA PERPETUA AL \u201cCHAPO\u201d - 21 Panorama","og_description":"Un tribunal de apelaciones de Estados Unidos confirm\u00f3 la condena del narcotraficante mexicano Joaqu\u00edn \u201cChapo\u201d Guzm\u00e1n.","og_url":"https:\/\/21panorama.com\/index.php\/2022\/01\/25\/confirman-cadena-perpetua-al-chapo\/","og_site_name":"21 Panorama","article_published_time":"2022-01-25T19:07:00+00:00","article_modified_time":"2022-01-26T19:09:07+00:00","og_image":[{"width":968,"height":695,"url":"https:\/\/21panorama.com\/wp-content\/uploads\/2022\/01\/f55d8712-d46e-4237-a5b4-363f80d68fbd.jpeg","type":"image\/jpeg"}],"author":"admin","twitter_card":"summary_large_image","twitter_misc":{"Escrito por":"admin","Tiempo de lectura":"1 minuto"},"schema":{"@context":"https:\/\/schema.org","@graph":[{"@type":"Article","@id":"https:\/\/21panorama.com\/index.php\/2022\/01\/25\/confirman-cadena-perpetua-al-chapo\/#article","isPartOf":{"@id":"https:\/\/21panorama.com\/index.php\/2022\/01\/25\/confirman-cadena-perpetua-al-chapo\/"},"author":{"name":"admin","@id":"https:\/\/21panorama.com\/#\/schema\/person\/1afc291b96d5792a158768324287319f"},"headline":"CONFIRMAN CADENA PERPETUA AL \u201cCHAPO\u201d","datePublished":"2022-01-25T19:07:00+00:00","dateModified":"2022-01-26T19:09:07+00:00","mainEntityOfPage":{"@id":"https:\/\/21panorama.com\/index.php\/2022\/01\/25\/confirman-cadena-perpetua-al-chapo\/"},"wordCount":192,"commentCount":0,"publisher":{"@id":"https:\/\/21panorama.com\/#organization"},"image":{"@id":"https:\/\/21panorama.com\/index.php\/2022\/01\/25\/confirman-cadena-perpetua-al-chapo\/#primaryimage"},"thumbnailUrl":"https:\/\/21panorama.com\/wp-content\/uploads\/2022\/01\/f55d8712-d46e-4237-a5b4-363f80d68fbd.jpeg","keywords":["chapo"],"articleSection":["Sociedad"],"inLanguage":"es","potentialAction":[{"@type":"CommentAction","name":"Comment","target":["https:\/\/21panorama.com\/index.php\/2022\/01\/25\/confirman-cadena-perpetua-al-chapo\/#respond"]}]},{"@type":"WebPage","@id":"https:\/\/21panorama.com\/index.php\/2022\/01\/25\/confirman-cadena-perpetua-al-chapo\/","url":"https:\/\/21panorama.com\/index.php\/2022\/01\/25\/confirman-cadena-perpetua-al-chapo\/","name":"CONFIRMAN CADENA PERPETUA AL \u201cCHAPO\u201d - 21 Panorama","isPartOf":{"@id":"https:\/\/21panorama.com\/#website"},"primaryImageOfPage":{"@id":"https:\/\/21panorama.com\/index.php\/2022\/01\/25\/confirman-cadena-perpetua-al-chapo\/#primaryimage"},"image":{"@id":"https:\/\/21panorama.com\/index.php\/2022\/01\/25\/confirman-cadena-perpetua-al-chapo\/#primaryimage"},"thumbnailUrl":"https:\/\/21panorama.com\/wp-content\/uploads\/2022\/01\/f55d8712-d46e-4237-a5b4-363f80d68fbd.jpeg","datePublished":"2022-01-25T19:07:00+00:00","dateModified":"2022-01-26T19:09:07+00:00","breadcrumb":{"@id":"https:\/\/21panorama.com\/index.php\/2022\/01\/25\/confirman-cadena-perpetua-al-chapo\/#breadcrumb"},"inLanguage":"es","potentialAction":[{"@type":"ReadAction","target":["https:\/\/21panorama.com\/index.php\/2022\/01\/25\/confirman-cadena-perpetua-al-chapo\/"]}]},{"@type":"ImageObject","inLanguage":"es","@id":"https:\/\/21panorama.com\/index.php\/2022\/01\/25\/confirman-cadena-perpetua-al-chapo\/#primaryimage","url":"https:\/\/21panorama.com\/wp-content\/uploads\/2022\/01\/f55d8712-d46e-4237-a5b4-363f80d68fbd.jpeg","contentUrl":"https:\/\/21panorama.com\/wp-content\/uploads\/2022\/01\/f55d8712-d46e-4237-a5b4-363f80d68fbd.jpeg","width":968,"height":695},{"@type":"BreadcrumbList","@id":"https:\/\/21panorama.com\/index.php\/2022\/01\/25\/confirman-cadena-perpetua-al-chapo\/#breadcrumb","itemListElement":[{"@type":"ListItem","position":1,"name":"Inicio","item":"https:\/\/21panorama.com\/"},{"@type":"ListItem","position":2,"name":"CONFIRMAN CADENA PERPETUA AL \u201cCHAPO\u201d"}]},{"@type":"WebSite","@id":"https:\/\/21panorama.com\/#website","url":"https:\/\/21panorama.com\/","name":"21 Panorama","description":"La construcci\u00f3n de la opini\u00f3n p\u00fablica merece un mejor Panorama en este siglo 21 para alcanzar una sociedad con mayor transparencia y sin corrupci\u00f3n.","publisher":{"@id":"https:\/\/21panorama.com\/#organization"},"potentialAction":[{"@type":"SearchAction","target":{"@type":"EntryPoint","urlTemplate":"https:\/\/21panorama.com\/?s={search_term_string}"},"query-input":{"@type":"PropertyValueSpecification","valueRequired":true,"valueName":"search_term_string"}}],"inLanguage":"es"},{"@type":"Organization","@id":"https:\/\/21panorama.com\/#organization","name":"21 Panorama","url":"https:\/\/21panorama.com\/","logo":{"@type":"ImageObject","inLanguage":"es","@id":"https:\/\/21panorama.com\/#\/schema\/logo\/image\/","url":"https:\/\/21panorama.com\/wp-content\/uploads\/2019\/07\/cropped-Logo-Panorama-01.jpeg","contentUrl":"https:\/\/21panorama.com\/wp-content\/uploads\/2019\/07\/cropped-Logo-Panorama-01.jpeg","width":290,"height":70,"caption":"21 Panorama"},"image":{"@id":"https:\/\/21panorama.com\/#\/schema\/logo\/image\/"}},{"@type":"Person","@id":"https:\/\/21panorama.com\/#\/schema\/person\/1afc291b96d5792a158768324287319f","name":"admin","image":{"@type":"ImageObject","inLanguage":"es","@id":"https:\/\/21panorama.com\/#\/schema\/person\/image\/","url":"https:\/\/secure.gravatar.com\/avatar\/ad365d9d9f46719215b0d042cc3df92a5a8683e09ef13d102233e5491985f0f0?s=96&d=mm&r=g","contentUrl":"https:\/\/secure.gravatar.com\/avatar\/ad365d9d9f46719215b0d042cc3df92a5a8683e09ef13d102233e5491985f0f0?s=96&d=mm&r=g","caption":"admin"},"url":"https:\/\/21panorama.com\/index.php\/author\/admin\/"}]}},"_links":{"self":[{"href":"https:\/\/21panorama.com\/index.php\/wp-json\/wp\/v2\/posts\/3092","targetHints":{"allow":["GET"]}}],"collection":[{"href":"https:\/\/21panorama.com\/index.php\/wp-json\/wp\/v2\/posts"}],"about":[{"href":"https:\/\/21panorama.com\/index.php\/wp-json\/wp\/v2\/types\/post"}],"author":[{"embeddable":true,"href":"https:\/\/21panorama.com\/index.php\/wp-json\/wp\/v2\/users\/1"}],"replies":[{"embeddable":true,"href":"https:\/\/21panorama.com\/index.php\/wp-json\/wp\/v2\/comments?post=3092"}],"version-history":[{"count":1,"href":"https:\/\/21panorama.com\/index.php\/wp-json\/wp\/v2\/posts\/3092\/revisions"}],"predecessor-version":[{"id":3094,"href":"https:\/\/21panorama.com\/index.php\/wp-json\/wp\/v2\/posts\/3092\/revisions\/3094"}],"wp:featuredmedia":[{"embeddable":true,"href":"https:\/\/21panorama.com\/index.php\/wp-json\/wp\/v2\/media\/3093"}],"wp:attachment":[{"href":"https:\/\/21panorama.com\/index.php\/wp-json\/wp\/v2\/media?parent=3092"}],"wp:term":[{"taxonomy":"category","embeddable":true,"href":"https:\/\/21panorama.com\/index.php\/wp-json\/wp\/v2\/categories?post=3092"},{"taxonomy":"post_tag","embeddable":true,"href":"https:\/\/21panorama.com\/index.php\/wp-json\/wp\/v2\/tags?post=3092"}],"curies":[{"name":"wp","href":"https:\/\/api.w.org\/{rel}","templated":true}]}}