{"id":3074,"date":"2022-01-24T13:07:25","date_gmt":"2022-01-24T19:07:25","guid":{"rendered":"https:\/\/21panorama.com\/?p=3074"},"modified":"2022-01-24T13:07:26","modified_gmt":"2022-01-24T19:07:26","slug":"de-buena-fuente-columna-opinion-19","status":"publish","type":"post","link":"https:\/\/21panorama.com\/index.php\/2022\/01\/24\/de-buena-fuente-columna-opinion-19\/","title":{"rendered":"DE BUENA FUENTE Columna &#8211; Opini\u00f3n"},"content":{"rendered":"\n<p>EDOMEX TIENE UN FUTURO NARANJA<\/p>\n\n\n\n<p>El crecimiento exponencial que tiene Movimiento Ciudadano en el pa\u00eds no es raz\u00f3n para bajar el ritmo a las actividades partidistas en a\u00f1o no electoral en el Estado de M\u00e9xico sino por el contrario es tiempo de renovar los cuadros operativos en sus 125 municipios.<\/p>\n\n\n\n<p>El proyecto es muy claro y se llama Juan Zepeda que sin jugarle al mago o esperar a que lo destapen como ocurre en otras opciones pol\u00edticas no se detiene en la ruta que tiene definida con sus operadores. Gente de confianza que sabe trabajar en campo para entregar resultados.<\/p>\n\n\n\n<p>Es el caso de quien fuera diputada federal excepcional Ruth Salinas Reyes que alejada de la pol\u00edtica tradicional se meti\u00f3 con sensibilidad entre la gente para convencer que si existe otra opci\u00f3n en el Estado de M\u00e9xico para salir adelante y tener mejores condiciones de vida.<\/p>\n\n\n\n<p>Por lo pronto, se ha dedicado a fortalecer los trabajos de la Coordinadora Ciudadana Nacional dando pasos importantes para que el pa\u00eds se pinte de naranja. \u201cVamos a construir un movimiento de oportunidades y respeto a los derechos de las y los ciudadanos\u201d, dijo en su momento.<\/p>\n\n\n\n<p>Asimismo se dedic\u00f3 a formalizar las tomas de protesta de las Comisiones Operativas Distritales de Naucalpan y otros municipios, donde salud\u00f3 a sus amigas y amigos de esta regi\u00f3n, \u201cmujeres y hombres libres con los que vamos a construir un movimiento s\u00f3lido en el municipio\u201d.<\/p>\n\n\n\n<p>Y como siempre dice que al Estado de M\u00e9xico, le queda bien el Naranja, no se detienen y visitaron la Regi\u00f3n Volcanes para tomar protesta a quienes conforman las comisiones operativas de esta zona. \u201cMe llena de emoci\u00f3n saber que nuestro movimiento va creciendo y con \u00e9l la ciudadan\u00eda tiene oportunidad de que su voz sea escuchada\u201d.<br>El futuro del Estado de M\u00e9xico es naranja es lo que se dice a voz abierta y se fundamentan en el cambio de mentalidad de los mexicanos que quieren resultados como ocurri\u00f3 en Jalisco y Nuevo Le\u00f3n.<\/p>\n\n\n\n<figure class=\"wp-block-gallery columns-2 is-cropped wp-block-gallery-1 is-layout-flex wp-block-gallery-is-layout-flex\"><ul class=\"blocks-gallery-grid\"><li class=\"blocks-gallery-item\"><figure><img decoding=\"async\" width=\"600\" height=\"450\" src=\"https:\/\/21panorama.com\/wp-content\/uploads\/2022\/01\/b13559de-1329-4a7c-a234-d3046fcab91f.jpeg\" alt=\"\" data-id=\"3077\" data-link=\"https:\/\/21panorama.com\/?attachment_id=3077\" class=\"wp-image-3077\" srcset=\"https:\/\/21panorama.com\/wp-content\/uploads\/2022\/01\/b13559de-1329-4a7c-a234-d3046fcab91f.jpeg 600w, https:\/\/21panorama.com\/wp-content\/uploads\/2022\/01\/b13559de-1329-4a7c-a234-d3046fcab91f-300x225.jpeg 300w\" sizes=\"(max-width: 600px) 100vw, 600px\" \/><\/figure><\/li><li class=\"blocks-gallery-item\"><figure><img decoding=\"async\" width=\"827\" height=\"956\" src=\"https:\/\/21panorama.com\/wp-content\/uploads\/2022\/01\/0268ac84-c9e7-4eb5-a2c4-e138ea00e3f5-1.jpeg\" alt=\"\" data-id=\"3078\" data-full-url=\"https:\/\/21panorama.com\/wp-content\/uploads\/2022\/01\/0268ac84-c9e7-4eb5-a2c4-e138ea00e3f5-1.jpeg\" data-link=\"https:\/\/21panorama.com\/?attachment_id=3078\" class=\"wp-image-3078\" srcset=\"https:\/\/21panorama.com\/wp-content\/uploads\/2022\/01\/0268ac84-c9e7-4eb5-a2c4-e138ea00e3f5-1.jpeg 827w, https:\/\/21panorama.com\/wp-content\/uploads\/2022\/01\/0268ac84-c9e7-4eb5-a2c4-e138ea00e3f5-1-260x300.jpeg 260w, https:\/\/21panorama.com\/wp-content\/uploads\/2022\/01\/0268ac84-c9e7-4eb5-a2c4-e138ea00e3f5-1-768x888.jpeg 768w\" sizes=\"(max-width: 827px) 100vw, 827px\" \/><\/figure><\/li><\/ul><\/figure>\n","protected":false},"excerpt":{"rendered":"<p>El crecimiento exponencial que tiene Movimiento Ciudadano en el pa\u00eds no es raz\u00f3n para bajar el ritmo a las actividades partidistas en a\u00f1o no electoral en el Estado de M\u00e9xico sino por el contrario es tiempo de renovar los cuadros operativos en sus 125 municipios.  <\/p>\n","protected":false},"author":1,"featured_media":3075,"comment_status":"open","ping_status":"open","sticky":false,"template":"","format":"standard","meta":{"footnotes":""},"categories":[22],"tags":[173],"class_list":["post-3074","post","type-post","status-publish","format-standard","has-post-thumbnail","hentry","category-columna-opinion","tag-columna"],"yoast_head":"<!-- This site is optimized with the Yoast SEO plugin v24.9 - https:\/\/yoast.com\/wordpress\/plugins\/seo\/ -->\n<title>DE BUENA FUENTE Columna - Opini\u00f3n - 21 Panorama<\/title>\n<meta name=\"robots\" content=\"index, follow, max-snippet:-1, max-image-preview:large, max-video-preview:-1\" \/>\n<link rel=\"canonical\" href=\"https:\/\/21panorama.com\/index.php\/2022\/01\/24\/de-buena-fuente-columna-opinion-19\/\" \/>\n<meta property=\"og:locale\" content=\"es_MX\" \/>\n<meta property=\"og:type\" content=\"article\" \/>\n<meta property=\"og:title\" content=\"DE BUENA FUENTE Columna - Opini\u00f3n - 21 Panorama\" \/>\n<meta property=\"og:description\" content=\"El crecimiento exponencial que tiene Movimiento Ciudadano en el pa\u00eds no es raz\u00f3n para bajar el ritmo a las actividades partidistas en a\u00f1o no electoral en el Estado de M\u00e9xico sino por el contrario es tiempo de renovar los cuadros operativos en sus 125 municipios.\" \/>\n<meta property=\"og:url\" content=\"https:\/\/21panorama.com\/index.php\/2022\/01\/24\/de-buena-fuente-columna-opinion-19\/\" \/>\n<meta property=\"og:site_name\" content=\"21 Panorama\" \/>\n<meta property=\"article:published_time\" content=\"2022-01-24T19:07:25+00:00\" \/>\n<meta property=\"article:modified_time\" content=\"2022-01-24T19:07:26+00:00\" \/>\n<meta property=\"og:image\" content=\"https:\/\/21panorama.com\/wp-content\/uploads\/2022\/01\/e9c5d339-4337-42ad-842d-485b5121e6b5.jpeg\" \/>\n\t<meta property=\"og:image:width\" content=\"960\" \/>\n\t<meta property=\"og:image:height\" content=\"720\" \/>\n\t<meta property=\"og:image:type\" content=\"image\/jpeg\" \/>\n<meta name=\"author\" content=\"admin\" \/>\n<meta name=\"twitter:card\" content=\"summary_large_image\" \/>\n<meta name=\"twitter:label1\" content=\"Escrito por\" \/>\n\t<meta name=\"twitter:data1\" content=\"admin\" \/>\n\t<meta name=\"twitter:label2\" content=\"Tiempo de lectura\" \/>\n\t<meta name=\"twitter:data2\" content=\"2 minutos\" \/>\n<script type=\"application\/ld+json\" class=\"yoast-schema-graph\">{\"@context\":\"https:\/\/schema.org\",\"@graph\":[{\"@type\":\"Article\",\"@id\":\"https:\/\/21panorama.com\/index.php\/2022\/01\/24\/de-buena-fuente-columna-opinion-19\/#article\",\"isPartOf\":{\"@id\":\"https:\/\/21panorama.com\/index.php\/2022\/01\/24\/de-buena-fuente-columna-opinion-19\/\"},\"author\":{\"name\":\"admin\",\"@id\":\"https:\/\/21panorama.com\/#\/schema\/person\/1afc291b96d5792a158768324287319f\"},\"headline\":\"DE BUENA FUENTE Columna &#8211; Opini\u00f3n\",\"datePublished\":\"2022-01-24T19:07:25+00:00\",\"dateModified\":\"2022-01-24T19:07:26+00:00\",\"mainEntityOfPage\":{\"@id\":\"https:\/\/21panorama.com\/index.php\/2022\/01\/24\/de-buena-fuente-columna-opinion-19\/\"},\"wordCount\":355,\"commentCount\":0,\"publisher\":{\"@id\":\"https:\/\/21panorama.com\/#organization\"},\"image\":{\"@id\":\"https:\/\/21panorama.com\/index.php\/2022\/01\/24\/de-buena-fuente-columna-opinion-19\/#primaryimage\"},\"thumbnailUrl\":\"https:\/\/21panorama.com\/wp-content\/uploads\/2022\/01\/e9c5d339-4337-42ad-842d-485b5121e6b5.jpeg\",\"keywords\":[\"Columna\"],\"articleSection\":[\"Columna-Opini\u00f3n\"],\"inLanguage\":\"es\",\"potentialAction\":[{\"@type\":\"CommentAction\",\"name\":\"Comment\",\"target\":[\"https:\/\/21panorama.com\/index.php\/2022\/01\/24\/de-buena-fuente-columna-opinion-19\/#respond\"]}]},{\"@type\":\"WebPage\",\"@id\":\"https:\/\/21panorama.com\/index.php\/2022\/01\/24\/de-buena-fuente-columna-opinion-19\/\",\"url\":\"https:\/\/21panorama.com\/index.php\/2022\/01\/24\/de-buena-fuente-columna-opinion-19\/\",\"name\":\"DE BUENA FUENTE Columna - Opini\u00f3n - 21 Panorama\",\"isPartOf\":{\"@id\":\"https:\/\/21panorama.com\/#website\"},\"primaryImageOfPage\":{\"@id\":\"https:\/\/21panorama.com\/index.php\/2022\/01\/24\/de-buena-fuente-columna-opinion-19\/#primaryimage\"},\"image\":{\"@id\":\"https:\/\/21panorama.com\/index.php\/2022\/01\/24\/de-buena-fuente-columna-opinion-19\/#primaryimage\"},\"thumbnailUrl\":\"https:\/\/21panorama.com\/wp-content\/uploads\/2022\/01\/e9c5d339-4337-42ad-842d-485b5121e6b5.jpeg\",\"datePublished\":\"2022-01-24T19:07:25+00:00\",\"dateModified\":\"2022-01-24T19:07:26+00:00\",\"breadcrumb\":{\"@id\":\"https:\/\/21panorama.com\/index.php\/2022\/01\/24\/de-buena-fuente-columna-opinion-19\/#breadcrumb\"},\"inLanguage\":\"es\",\"potentialAction\":[{\"@type\":\"ReadAction\",\"target\":[\"https:\/\/21panorama.com\/index.php\/2022\/01\/24\/de-buena-fuente-columna-opinion-19\/\"]}]},{\"@type\":\"ImageObject\",\"inLanguage\":\"es\",\"@id\":\"https:\/\/21panorama.com\/index.php\/2022\/01\/24\/de-buena-fuente-columna-opinion-19\/#primaryimage\",\"url\":\"https:\/\/21panorama.com\/wp-content\/uploads\/2022\/01\/e9c5d339-4337-42ad-842d-485b5121e6b5.jpeg\",\"contentUrl\":\"https:\/\/21panorama.com\/wp-content\/uploads\/2022\/01\/e9c5d339-4337-42ad-842d-485b5121e6b5.jpeg\",\"width\":960,\"height\":720},{\"@type\":\"BreadcrumbList\",\"@id\":\"https:\/\/21panorama.com\/index.php\/2022\/01\/24\/de-buena-fuente-columna-opinion-19\/#breadcrumb\",\"itemListElement\":[{\"@type\":\"ListItem\",\"position\":1,\"name\":\"Inicio\",\"item\":\"https:\/\/21panorama.com\/\"},{\"@type\":\"ListItem\",\"position\":2,\"name\":\"DE BUENA FUENTE Columna &#8211; Opini\u00f3n\"}]},{\"@type\":\"WebSite\",\"@id\":\"https:\/\/21panorama.com\/#website\",\"url\":\"https:\/\/21panorama.com\/\",\"name\":\"21 Panorama\",\"description\":\"La construcci\u00f3n de la opini\u00f3n p\u00fablica merece un mejor Panorama en este siglo 21 para alcanzar una sociedad con mayor transparencia y sin corrupci\u00f3n.\",\"publisher\":{\"@id\":\"https:\/\/21panorama.com\/#organization\"},\"potentialAction\":[{\"@type\":\"SearchAction\",\"target\":{\"@type\":\"EntryPoint\",\"urlTemplate\":\"https:\/\/21panorama.com\/?s={search_term_string}\"},\"query-input\":{\"@type\":\"PropertyValueSpecification\",\"valueRequired\":true,\"valueName\":\"search_term_string\"}}],\"inLanguage\":\"es\"},{\"@type\":\"Organization\",\"@id\":\"https:\/\/21panorama.com\/#organization\",\"name\":\"21 Panorama\",\"url\":\"https:\/\/21panorama.com\/\",\"logo\":{\"@type\":\"ImageObject\",\"inLanguage\":\"es\",\"@id\":\"https:\/\/21panorama.com\/#\/schema\/logo\/image\/\",\"url\":\"https:\/\/21panorama.com\/wp-content\/uploads\/2019\/07\/cropped-Logo-Panorama-01.jpeg\",\"contentUrl\":\"https:\/\/21panorama.com\/wp-content\/uploads\/2019\/07\/cropped-Logo-Panorama-01.jpeg\",\"width\":290,\"height\":70,\"caption\":\"21 Panorama\"},\"image\":{\"@id\":\"https:\/\/21panorama.com\/#\/schema\/logo\/image\/\"}},{\"@type\":\"Person\",\"@id\":\"https:\/\/21panorama.com\/#\/schema\/person\/1afc291b96d5792a158768324287319f\",\"name\":\"admin\",\"image\":{\"@type\":\"ImageObject\",\"inLanguage\":\"es\",\"@id\":\"https:\/\/21panorama.com\/#\/schema\/person\/image\/\",\"url\":\"https:\/\/secure.gravatar.com\/avatar\/ad365d9d9f46719215b0d042cc3df92a5a8683e09ef13d102233e5491985f0f0?s=96&d=mm&r=g\",\"contentUrl\":\"https:\/\/secure.gravatar.com\/avatar\/ad365d9d9f46719215b0d042cc3df92a5a8683e09ef13d102233e5491985f0f0?s=96&d=mm&r=g\",\"caption\":\"admin\"},\"url\":\"https:\/\/21panorama.com\/index.php\/author\/admin\/\"}]}<\/script>\n<!-- \/ Yoast SEO plugin. -->","yoast_head_json":{"title":"DE BUENA FUENTE Columna - Opini\u00f3n - 21 Panorama","robots":{"index":"index","follow":"follow","max-snippet":"max-snippet:-1","max-image-preview":"max-image-preview:large","max-video-preview":"max-video-preview:-1"},"canonical":"https:\/\/21panorama.com\/index.php\/2022\/01\/24\/de-buena-fuente-columna-opinion-19\/","og_locale":"es_MX","og_type":"article","og_title":"DE BUENA FUENTE Columna - Opini\u00f3n - 21 Panorama","og_description":"El crecimiento exponencial que tiene Movimiento Ciudadano en el pa\u00eds no es raz\u00f3n para bajar el ritmo a las actividades partidistas en a\u00f1o no electoral en el Estado de M\u00e9xico sino por el contrario es tiempo de renovar los cuadros operativos en sus 125 municipios.","og_url":"https:\/\/21panorama.com\/index.php\/2022\/01\/24\/de-buena-fuente-columna-opinion-19\/","og_site_name":"21 Panorama","article_published_time":"2022-01-24T19:07:25+00:00","article_modified_time":"2022-01-24T19:07:26+00:00","og_image":[{"width":960,"height":720,"url":"https:\/\/21panorama.com\/wp-content\/uploads\/2022\/01\/e9c5d339-4337-42ad-842d-485b5121e6b5.jpeg","type":"image\/jpeg"}],"author":"admin","twitter_card":"summary_large_image","twitter_misc":{"Escrito por":"admin","Tiempo de lectura":"2 minutos"},"schema":{"@context":"https:\/\/schema.org","@graph":[{"@type":"Article","@id":"https:\/\/21panorama.com\/index.php\/2022\/01\/24\/de-buena-fuente-columna-opinion-19\/#article","isPartOf":{"@id":"https:\/\/21panorama.com\/index.php\/2022\/01\/24\/de-buena-fuente-columna-opinion-19\/"},"author":{"name":"admin","@id":"https:\/\/21panorama.com\/#\/schema\/person\/1afc291b96d5792a158768324287319f"},"headline":"DE BUENA FUENTE Columna &#8211; Opini\u00f3n","datePublished":"2022-01-24T19:07:25+00:00","dateModified":"2022-01-24T19:07:26+00:00","mainEntityOfPage":{"@id":"https:\/\/21panorama.com\/index.php\/2022\/01\/24\/de-buena-fuente-columna-opinion-19\/"},"wordCount":355,"commentCount":0,"publisher":{"@id":"https:\/\/21panorama.com\/#organization"},"image":{"@id":"https:\/\/21panorama.com\/index.php\/2022\/01\/24\/de-buena-fuente-columna-opinion-19\/#primaryimage"},"thumbnailUrl":"https:\/\/21panorama.com\/wp-content\/uploads\/2022\/01\/e9c5d339-4337-42ad-842d-485b5121e6b5.jpeg","keywords":["Columna"],"articleSection":["Columna-Opini\u00f3n"],"inLanguage":"es","potentialAction":[{"@type":"CommentAction","name":"Comment","target":["https:\/\/21panorama.com\/index.php\/2022\/01\/24\/de-buena-fuente-columna-opinion-19\/#respond"]}]},{"@type":"WebPage","@id":"https:\/\/21panorama.com\/index.php\/2022\/01\/24\/de-buena-fuente-columna-opinion-19\/","url":"https:\/\/21panorama.com\/index.php\/2022\/01\/24\/de-buena-fuente-columna-opinion-19\/","name":"DE BUENA FUENTE Columna - Opini\u00f3n - 21 Panorama","isPartOf":{"@id":"https:\/\/21panorama.com\/#website"},"primaryImageOfPage":{"@id":"https:\/\/21panorama.com\/index.php\/2022\/01\/24\/de-buena-fuente-columna-opinion-19\/#primaryimage"},"image":{"@id":"https:\/\/21panorama.com\/index.php\/2022\/01\/24\/de-buena-fuente-columna-opinion-19\/#primaryimage"},"thumbnailUrl":"https:\/\/21panorama.com\/wp-content\/uploads\/2022\/01\/e9c5d339-4337-42ad-842d-485b5121e6b5.jpeg","datePublished":"2022-01-24T19:07:25+00:00","dateModified":"2022-01-24T19:07:26+00:00","breadcrumb":{"@id":"https:\/\/21panorama.com\/index.php\/2022\/01\/24\/de-buena-fuente-columna-opinion-19\/#breadcrumb"},"inLanguage":"es","potentialAction":[{"@type":"ReadAction","target":["https:\/\/21panorama.com\/index.php\/2022\/01\/24\/de-buena-fuente-columna-opinion-19\/"]}]},{"@type":"ImageObject","inLanguage":"es","@id":"https:\/\/21panorama.com\/index.php\/2022\/01\/24\/de-buena-fuente-columna-opinion-19\/#primaryimage","url":"https:\/\/21panorama.com\/wp-content\/uploads\/2022\/01\/e9c5d339-4337-42ad-842d-485b5121e6b5.jpeg","contentUrl":"https:\/\/21panorama.com\/wp-content\/uploads\/2022\/01\/e9c5d339-4337-42ad-842d-485b5121e6b5.jpeg","width":960,"height":720},{"@type":"BreadcrumbList","@id":"https:\/\/21panorama.com\/index.php\/2022\/01\/24\/de-buena-fuente-columna-opinion-19\/#breadcrumb","itemListElement":[{"@type":"ListItem","position":1,"name":"Inicio","item":"https:\/\/21panorama.com\/"},{"@type":"ListItem","position":2,"name":"DE BUENA FUENTE Columna &#8211; Opini\u00f3n"}]},{"@type":"WebSite","@id":"https:\/\/21panorama.com\/#website","url":"https:\/\/21panorama.com\/","name":"21 Panorama","description":"La construcci\u00f3n de la opini\u00f3n p\u00fablica merece un mejor Panorama en este siglo 21 para alcanzar una sociedad con mayor transparencia y sin corrupci\u00f3n.","publisher":{"@id":"https:\/\/21panorama.com\/#organization"},"potentialAction":[{"@type":"SearchAction","target":{"@type":"EntryPoint","urlTemplate":"https:\/\/21panorama.com\/?s={search_term_string}"},"query-input":{"@type":"PropertyValueSpecification","valueRequired":true,"valueName":"search_term_string"}}],"inLanguage":"es"},{"@type":"Organization","@id":"https:\/\/21panorama.com\/#organization","name":"21 Panorama","url":"https:\/\/21panorama.com\/","logo":{"@type":"ImageObject","inLanguage":"es","@id":"https:\/\/21panorama.com\/#\/schema\/logo\/image\/","url":"https:\/\/21panorama.com\/wp-content\/uploads\/2019\/07\/cropped-Logo-Panorama-01.jpeg","contentUrl":"https:\/\/21panorama.com\/wp-content\/uploads\/2019\/07\/cropped-Logo-Panorama-01.jpeg","width":290,"height":70,"caption":"21 Panorama"},"image":{"@id":"https:\/\/21panorama.com\/#\/schema\/logo\/image\/"}},{"@type":"Person","@id":"https:\/\/21panorama.com\/#\/schema\/person\/1afc291b96d5792a158768324287319f","name":"admin","image":{"@type":"ImageObject","inLanguage":"es","@id":"https:\/\/21panorama.com\/#\/schema\/person\/image\/","url":"https:\/\/secure.gravatar.com\/avatar\/ad365d9d9f46719215b0d042cc3df92a5a8683e09ef13d102233e5491985f0f0?s=96&d=mm&r=g","contentUrl":"https:\/\/secure.gravatar.com\/avatar\/ad365d9d9f46719215b0d042cc3df92a5a8683e09ef13d102233e5491985f0f0?s=96&d=mm&r=g","caption":"admin"},"url":"https:\/\/21panorama.com\/index.php\/author\/admin\/"}]}},"_links":{"self":[{"href":"https:\/\/21panorama.com\/index.php\/wp-json\/wp\/v2\/posts\/3074","targetHints":{"allow":["GET"]}}],"collection":[{"href":"https:\/\/21panorama.com\/index.php\/wp-json\/wp\/v2\/posts"}],"about":[{"href":"https:\/\/21panorama.com\/index.php\/wp-json\/wp\/v2\/types\/post"}],"author":[{"embeddable":true,"href":"https:\/\/21panorama.com\/index.php\/wp-json\/wp\/v2\/users\/1"}],"replies":[{"embeddable":true,"href":"https:\/\/21panorama.com\/index.php\/wp-json\/wp\/v2\/comments?post=3074"}],"version-history":[{"count":1,"href":"https:\/\/21panorama.com\/index.php\/wp-json\/wp\/v2\/posts\/3074\/revisions"}],"predecessor-version":[{"id":3079,"href":"https:\/\/21panorama.com\/index.php\/wp-json\/wp\/v2\/posts\/3074\/revisions\/3079"}],"wp:featuredmedia":[{"embeddable":true,"href":"https:\/\/21panorama.com\/index.php\/wp-json\/wp\/v2\/media\/3075"}],"wp:attachment":[{"href":"https:\/\/21panorama.com\/index.php\/wp-json\/wp\/v2\/media?parent=3074"}],"wp:term":[{"taxonomy":"category","embeddable":true,"href":"https:\/\/21panorama.com\/index.php\/wp-json\/wp\/v2\/categories?post=3074"},{"taxonomy":"post_tag","embeddable":true,"href":"https:\/\/21panorama.com\/index.php\/wp-json\/wp\/v2\/tags?post=3074"}],"curies":[{"name":"wp","href":"https:\/\/api.w.org\/{rel}","templated":true}]}}