{"id":3051,"date":"2022-01-24T09:29:28","date_gmt":"2022-01-24T15:29:28","guid":{"rendered":"https:\/\/21panorama.com\/?p=3051"},"modified":"2022-01-24T09:29:30","modified_gmt":"2022-01-24T15:29:30","slug":"productores-del-campo-tienen-aliados-en-sus-diputados","status":"publish","type":"post","link":"https:\/\/21panorama.com\/index.php\/2022\/01\/24\/productores-del-campo-tienen-aliados-en-sus-diputados\/","title":{"rendered":"PRODUCTORES DEL CAMPO TIENEN ALIADOS EN SUS DIPUTADOS"},"content":{"rendered":"\n<p>Hay voluntad y compromiso de trabajar por el campo, dej\u00f3 en claro el diputado por el Distrito XIII, Iv\u00e1n Esquer Cruz, al reunirse con productores de Atlacomulco que fueron beneficiados con el revestimiento de canales para riego.<\/p>\n\n\n\n<p>Este es uno de los municipios que tienen una infraestructura adecuada porque el gobierno del Estado de M\u00e9xico impulsa la tecnificaci\u00f3n de la actividad agr\u00edcola para asegurar una buena producci\u00f3n, dijo el legislador.<\/p>\n\n\n\n<p>En el acto de supervisi\u00f3n estuvo acompa\u00f1ado del diputado federal Gustavo C\u00e1rdenas Monroy y del cuarto regidor de Atlacomulco, H\u00e9ctor C\u00e1rdenas, quienes refrendaron la importancia de aprovechar el agua pluvial en los campos de cultivo.<\/p>\n\n\n\n<p>Esquer Cruz dijo que los productores cuentan con aliados en la secretar\u00eda del Campo y con un gobernador que siempre est\u00e1 atento a la regi\u00f3n norte para \u201cresolver unidos cada una de las necesidades que se tienen en materia de infraestructura y con la gesti\u00f3n le vaya bien al sector primario de la econom\u00eda\u201d.<\/p>\n\n\n\n<p>El Diputado Federal Gustavo C\u00e1rdenas Monroy, el Presidente Municipal de Jocotitl\u00e1n, Jes\u00fas Cedillo Gonz\u00e1lez y el cuarto regidor del Ayuntamiento de Atlacomulco H\u00e9ctor C\u00e1rdenas Mart\u00ednez en representaci\u00f3n de la Presidenta Municipal Marisol Arias Flores, participaron en un acercamiento con la mesa directiva, representantes y usuarios del M\u00f3dulo de Riego J. Trinidad Fabela, para escuchar sus necesidades y unir esfuerzos en varias gestiones.<\/p>\n\n\n\n<p>Adem\u00e1s de supervisar un tramo de revestimiento del canal principal margen derecho de dicho m\u00f3dulo.<br>El presidente de ese m\u00f3dulo de riego Guillermo Hern\u00e1ndez Medina, agradeci\u00f3 la presencia y el inter\u00e9s de los ayuntamientos de Atlacomulco y Jocotitl\u00e1n as\u00ed como el de los Diputados Federal y Local, ya que dicho m\u00f3dulo riega 22 n\u00facleos agr\u00edcolas, entre peque\u00f1a propiedad, ejidos y n\u00facleos de bienes comunales que se encuentran en los dos municipios antes mencionados.<\/p>\n\n\n\n<p>Gustavo C\u00e1rdenas Monroy al hacer uso de la voz se comprometi\u00f3 a que las autoridades presentes trabajar\u00e1n estrechamente para que se realicen m\u00e1s obras de infraestructura hidroagr\u00edcola en ese m\u00f3dulo de riego adem\u00e1s enfatiz\u00f3 que ya hay un gran avance y un valioso acercamiento con la Secretaria del Campo Mexiquense Mercedes Col\u00edn Guadarrama que adem\u00e1s de ser una gran servidora p\u00fablica, es la responsable de la regi\u00f3n norte del estado por parte del gobierno de Alfredo Del Mazo Maza.<\/p>\n\n\n\n<figure class=\"wp-block-gallery columns-3 is-cropped wp-block-gallery-1 is-layout-flex wp-block-gallery-is-layout-flex\"><ul class=\"blocks-gallery-grid\"><li class=\"blocks-gallery-item\"><figure><img decoding=\"async\" width=\"1024\" height=\"768\" src=\"https:\/\/21panorama.com\/wp-content\/uploads\/2022\/01\/d6f0298d-479d-4dd4-a112-8191b46c4bf3-1024x768.jpeg\" alt=\"\" data-id=\"3053\" data-link=\"https:\/\/21panorama.com\/?attachment_id=3053\" class=\"wp-image-3053\" srcset=\"https:\/\/21panorama.com\/wp-content\/uploads\/2022\/01\/d6f0298d-479d-4dd4-a112-8191b46c4bf3-1024x768.jpeg 1024w, https:\/\/21panorama.com\/wp-content\/uploads\/2022\/01\/d6f0298d-479d-4dd4-a112-8191b46c4bf3-300x225.jpeg 300w, https:\/\/21panorama.com\/wp-content\/uploads\/2022\/01\/d6f0298d-479d-4dd4-a112-8191b46c4bf3-768x576.jpeg 768w, https:\/\/21panorama.com\/wp-content\/uploads\/2022\/01\/d6f0298d-479d-4dd4-a112-8191b46c4bf3-1536x1152.jpeg 1536w, https:\/\/21panorama.com\/wp-content\/uploads\/2022\/01\/d6f0298d-479d-4dd4-a112-8191b46c4bf3.jpeg 1600w\" sizes=\"(max-width: 1024px) 100vw, 1024px\" \/><\/figure><\/li><li class=\"blocks-gallery-item\"><figure><img decoding=\"async\" width=\"1024\" height=\"768\" src=\"https:\/\/21panorama.com\/wp-content\/uploads\/2022\/01\/bd3ea037-8b17-4a3c-ab11-a4dccdcf9dd0-1024x768.jpeg\" alt=\"\" data-id=\"3054\" data-link=\"https:\/\/21panorama.com\/?attachment_id=3054\" class=\"wp-image-3054\" srcset=\"https:\/\/21panorama.com\/wp-content\/uploads\/2022\/01\/bd3ea037-8b17-4a3c-ab11-a4dccdcf9dd0-1024x768.jpeg 1024w, https:\/\/21panorama.com\/wp-content\/uploads\/2022\/01\/bd3ea037-8b17-4a3c-ab11-a4dccdcf9dd0-300x225.jpeg 300w, https:\/\/21panorama.com\/wp-content\/uploads\/2022\/01\/bd3ea037-8b17-4a3c-ab11-a4dccdcf9dd0-768x576.jpeg 768w, https:\/\/21panorama.com\/wp-content\/uploads\/2022\/01\/bd3ea037-8b17-4a3c-ab11-a4dccdcf9dd0-1536x1152.jpeg 1536w, https:\/\/21panorama.com\/wp-content\/uploads\/2022\/01\/bd3ea037-8b17-4a3c-ab11-a4dccdcf9dd0.jpeg 1600w\" sizes=\"(max-width: 1024px) 100vw, 1024px\" \/><\/figure><\/li><li class=\"blocks-gallery-item\"><figure><img decoding=\"async\" width=\"1024\" height=\"768\" src=\"https:\/\/21panorama.com\/wp-content\/uploads\/2022\/01\/c5352877-792d-432b-a024-0a8853039e19-1024x768.jpeg\" alt=\"\" data-id=\"3055\" data-full-url=\"https:\/\/21panorama.com\/wp-content\/uploads\/2022\/01\/c5352877-792d-432b-a024-0a8853039e19.jpeg\" data-link=\"https:\/\/21panorama.com\/?attachment_id=3055\" class=\"wp-image-3055\" srcset=\"https:\/\/21panorama.com\/wp-content\/uploads\/2022\/01\/c5352877-792d-432b-a024-0a8853039e19-1024x768.jpeg 1024w, https:\/\/21panorama.com\/wp-content\/uploads\/2022\/01\/c5352877-792d-432b-a024-0a8853039e19-300x225.jpeg 300w, https:\/\/21panorama.com\/wp-content\/uploads\/2022\/01\/c5352877-792d-432b-a024-0a8853039e19-768x576.jpeg 768w, https:\/\/21panorama.com\/wp-content\/uploads\/2022\/01\/c5352877-792d-432b-a024-0a8853039e19-1536x1152.jpeg 1536w, https:\/\/21panorama.com\/wp-content\/uploads\/2022\/01\/c5352877-792d-432b-a024-0a8853039e19.jpeg 1600w\" sizes=\"(max-width: 1024px) 100vw, 1024px\" \/><\/figure><\/li><\/ul><\/figure>\n","protected":false},"excerpt":{"rendered":"<p>Hay voluntad y compromiso de trabajar por el campo, dej\u00f3 en claro el diputado por el Distrito XIII, Iv\u00e1n Esquer Cruz, al reunirse con productores de Atlacomulco que fueron beneficiados con el revestimiento de canales para riego.   <\/p>\n","protected":false},"author":1,"featured_media":3052,"comment_status":"open","ping_status":"open","sticky":false,"template":"","format":"standard","meta":{"footnotes":""},"categories":[1],"tags":[190],"class_list":["post-3051","post","type-post","status-publish","format-standard","has-post-thumbnail","hentry","category-sociedad","tag-campo"],"yoast_head":"<!-- This site is optimized with the Yoast SEO plugin v24.9 - https:\/\/yoast.com\/wordpress\/plugins\/seo\/ -->\n<title>PRODUCTORES DEL CAMPO TIENEN ALIADOS EN SUS DIPUTADOS - 21 Panorama<\/title>\n<meta name=\"robots\" content=\"index, follow, max-snippet:-1, max-image-preview:large, max-video-preview:-1\" \/>\n<link rel=\"canonical\" href=\"https:\/\/21panorama.com\/index.php\/2022\/01\/24\/productores-del-campo-tienen-aliados-en-sus-diputados\/\" \/>\n<meta property=\"og:locale\" content=\"es_MX\" \/>\n<meta property=\"og:type\" content=\"article\" \/>\n<meta property=\"og:title\" content=\"PRODUCTORES DEL CAMPO TIENEN ALIADOS EN SUS DIPUTADOS - 21 Panorama\" \/>\n<meta property=\"og:description\" content=\"Hay voluntad y compromiso de trabajar por el campo, dej\u00f3 en claro el diputado por el Distrito XIII, Iv\u00e1n Esquer Cruz, al reunirse con productores de Atlacomulco que fueron beneficiados con el revestimiento de canales para riego.\" \/>\n<meta property=\"og:url\" content=\"https:\/\/21panorama.com\/index.php\/2022\/01\/24\/productores-del-campo-tienen-aliados-en-sus-diputados\/\" \/>\n<meta property=\"og:site_name\" content=\"21 Panorama\" \/>\n<meta property=\"article:published_time\" content=\"2022-01-24T15:29:28+00:00\" \/>\n<meta property=\"article:modified_time\" content=\"2022-01-24T15:29:30+00:00\" \/>\n<meta property=\"og:image\" content=\"https:\/\/21panorama.com\/wp-content\/uploads\/2022\/01\/e343991b-5646-47d9-bc03-61fec52d0c33.jpeg\" \/>\n\t<meta property=\"og:image:width\" content=\"1600\" \/>\n\t<meta property=\"og:image:height\" content=\"1200\" \/>\n\t<meta property=\"og:image:type\" content=\"image\/jpeg\" \/>\n<meta name=\"author\" content=\"admin\" \/>\n<meta name=\"twitter:card\" content=\"summary_large_image\" \/>\n<meta name=\"twitter:label1\" content=\"Escrito por\" \/>\n\t<meta name=\"twitter:data1\" content=\"admin\" \/>\n\t<meta name=\"twitter:label2\" content=\"Tiempo de lectura\" \/>\n\t<meta name=\"twitter:data2\" content=\"3 minutos\" \/>\n<script type=\"application\/ld+json\" class=\"yoast-schema-graph\">{\"@context\":\"https:\/\/schema.org\",\"@graph\":[{\"@type\":\"Article\",\"@id\":\"https:\/\/21panorama.com\/index.php\/2022\/01\/24\/productores-del-campo-tienen-aliados-en-sus-diputados\/#article\",\"isPartOf\":{\"@id\":\"https:\/\/21panorama.com\/index.php\/2022\/01\/24\/productores-del-campo-tienen-aliados-en-sus-diputados\/\"},\"author\":{\"name\":\"admin\",\"@id\":\"https:\/\/21panorama.com\/#\/schema\/person\/1afc291b96d5792a158768324287319f\"},\"headline\":\"PRODUCTORES DEL CAMPO TIENEN ALIADOS EN SUS DIPUTADOS\",\"datePublished\":\"2022-01-24T15:29:28+00:00\",\"dateModified\":\"2022-01-24T15:29:30+00:00\",\"mainEntityOfPage\":{\"@id\":\"https:\/\/21panorama.com\/index.php\/2022\/01\/24\/productores-del-campo-tienen-aliados-en-sus-diputados\/\"},\"wordCount\":424,\"commentCount\":0,\"publisher\":{\"@id\":\"https:\/\/21panorama.com\/#organization\"},\"image\":{\"@id\":\"https:\/\/21panorama.com\/index.php\/2022\/01\/24\/productores-del-campo-tienen-aliados-en-sus-diputados\/#primaryimage\"},\"thumbnailUrl\":\"https:\/\/21panorama.com\/wp-content\/uploads\/2022\/01\/e343991b-5646-47d9-bc03-61fec52d0c33.jpeg\",\"keywords\":[\"Campo\"],\"articleSection\":[\"Sociedad\"],\"inLanguage\":\"es\",\"potentialAction\":[{\"@type\":\"CommentAction\",\"name\":\"Comment\",\"target\":[\"https:\/\/21panorama.com\/index.php\/2022\/01\/24\/productores-del-campo-tienen-aliados-en-sus-diputados\/#respond\"]}]},{\"@type\":\"WebPage\",\"@id\":\"https:\/\/21panorama.com\/index.php\/2022\/01\/24\/productores-del-campo-tienen-aliados-en-sus-diputados\/\",\"url\":\"https:\/\/21panorama.com\/index.php\/2022\/01\/24\/productores-del-campo-tienen-aliados-en-sus-diputados\/\",\"name\":\"PRODUCTORES DEL CAMPO TIENEN ALIADOS EN SUS DIPUTADOS - 21 Panorama\",\"isPartOf\":{\"@id\":\"https:\/\/21panorama.com\/#website\"},\"primaryImageOfPage\":{\"@id\":\"https:\/\/21panorama.com\/index.php\/2022\/01\/24\/productores-del-campo-tienen-aliados-en-sus-diputados\/#primaryimage\"},\"image\":{\"@id\":\"https:\/\/21panorama.com\/index.php\/2022\/01\/24\/productores-del-campo-tienen-aliados-en-sus-diputados\/#primaryimage\"},\"thumbnailUrl\":\"https:\/\/21panorama.com\/wp-content\/uploads\/2022\/01\/e343991b-5646-47d9-bc03-61fec52d0c33.jpeg\",\"datePublished\":\"2022-01-24T15:29:28+00:00\",\"dateModified\":\"2022-01-24T15:29:30+00:00\",\"breadcrumb\":{\"@id\":\"https:\/\/21panorama.com\/index.php\/2022\/01\/24\/productores-del-campo-tienen-aliados-en-sus-diputados\/#breadcrumb\"},\"inLanguage\":\"es\",\"potentialAction\":[{\"@type\":\"ReadAction\",\"target\":[\"https:\/\/21panorama.com\/index.php\/2022\/01\/24\/productores-del-campo-tienen-aliados-en-sus-diputados\/\"]}]},{\"@type\":\"ImageObject\",\"inLanguage\":\"es\",\"@id\":\"https:\/\/21panorama.com\/index.php\/2022\/01\/24\/productores-del-campo-tienen-aliados-en-sus-diputados\/#primaryimage\",\"url\":\"https:\/\/21panorama.com\/wp-content\/uploads\/2022\/01\/e343991b-5646-47d9-bc03-61fec52d0c33.jpeg\",\"contentUrl\":\"https:\/\/21panorama.com\/wp-content\/uploads\/2022\/01\/e343991b-5646-47d9-bc03-61fec52d0c33.jpeg\",\"width\":1600,\"height\":1200},{\"@type\":\"BreadcrumbList\",\"@id\":\"https:\/\/21panorama.com\/index.php\/2022\/01\/24\/productores-del-campo-tienen-aliados-en-sus-diputados\/#breadcrumb\",\"itemListElement\":[{\"@type\":\"ListItem\",\"position\":1,\"name\":\"Inicio\",\"item\":\"https:\/\/21panorama.com\/\"},{\"@type\":\"ListItem\",\"position\":2,\"name\":\"PRODUCTORES DEL CAMPO TIENEN ALIADOS EN SUS DIPUTADOS\"}]},{\"@type\":\"WebSite\",\"@id\":\"https:\/\/21panorama.com\/#website\",\"url\":\"https:\/\/21panorama.com\/\",\"name\":\"21 Panorama\",\"description\":\"La construcci\u00f3n de la opini\u00f3n p\u00fablica merece un mejor Panorama en este siglo 21 para alcanzar una sociedad con mayor transparencia y sin corrupci\u00f3n.\",\"publisher\":{\"@id\":\"https:\/\/21panorama.com\/#organization\"},\"potentialAction\":[{\"@type\":\"SearchAction\",\"target\":{\"@type\":\"EntryPoint\",\"urlTemplate\":\"https:\/\/21panorama.com\/?s={search_term_string}\"},\"query-input\":{\"@type\":\"PropertyValueSpecification\",\"valueRequired\":true,\"valueName\":\"search_term_string\"}}],\"inLanguage\":\"es\"},{\"@type\":\"Organization\",\"@id\":\"https:\/\/21panorama.com\/#organization\",\"name\":\"21 Panorama\",\"url\":\"https:\/\/21panorama.com\/\",\"logo\":{\"@type\":\"ImageObject\",\"inLanguage\":\"es\",\"@id\":\"https:\/\/21panorama.com\/#\/schema\/logo\/image\/\",\"url\":\"https:\/\/21panorama.com\/wp-content\/uploads\/2019\/07\/cropped-Logo-Panorama-01.jpeg\",\"contentUrl\":\"https:\/\/21panorama.com\/wp-content\/uploads\/2019\/07\/cropped-Logo-Panorama-01.jpeg\",\"width\":290,\"height\":70,\"caption\":\"21 Panorama\"},\"image\":{\"@id\":\"https:\/\/21panorama.com\/#\/schema\/logo\/image\/\"}},{\"@type\":\"Person\",\"@id\":\"https:\/\/21panorama.com\/#\/schema\/person\/1afc291b96d5792a158768324287319f\",\"name\":\"admin\",\"image\":{\"@type\":\"ImageObject\",\"inLanguage\":\"es\",\"@id\":\"https:\/\/21panorama.com\/#\/schema\/person\/image\/\",\"url\":\"https:\/\/secure.gravatar.com\/avatar\/ad365d9d9f46719215b0d042cc3df92a5a8683e09ef13d102233e5491985f0f0?s=96&d=mm&r=g\",\"contentUrl\":\"https:\/\/secure.gravatar.com\/avatar\/ad365d9d9f46719215b0d042cc3df92a5a8683e09ef13d102233e5491985f0f0?s=96&d=mm&r=g\",\"caption\":\"admin\"},\"url\":\"https:\/\/21panorama.com\/index.php\/author\/admin\/\"}]}<\/script>\n<!-- \/ Yoast SEO plugin. -->","yoast_head_json":{"title":"PRODUCTORES DEL CAMPO TIENEN ALIADOS EN SUS DIPUTADOS - 21 Panorama","robots":{"index":"index","follow":"follow","max-snippet":"max-snippet:-1","max-image-preview":"max-image-preview:large","max-video-preview":"max-video-preview:-1"},"canonical":"https:\/\/21panorama.com\/index.php\/2022\/01\/24\/productores-del-campo-tienen-aliados-en-sus-diputados\/","og_locale":"es_MX","og_type":"article","og_title":"PRODUCTORES DEL CAMPO TIENEN ALIADOS EN SUS DIPUTADOS - 21 Panorama","og_description":"Hay voluntad y compromiso de trabajar por el campo, dej\u00f3 en claro el diputado por el Distrito XIII, Iv\u00e1n Esquer Cruz, al reunirse con productores de Atlacomulco que fueron beneficiados con el revestimiento de canales para riego.","og_url":"https:\/\/21panorama.com\/index.php\/2022\/01\/24\/productores-del-campo-tienen-aliados-en-sus-diputados\/","og_site_name":"21 Panorama","article_published_time":"2022-01-24T15:29:28+00:00","article_modified_time":"2022-01-24T15:29:30+00:00","og_image":[{"width":1600,"height":1200,"url":"https:\/\/21panorama.com\/wp-content\/uploads\/2022\/01\/e343991b-5646-47d9-bc03-61fec52d0c33.jpeg","type":"image\/jpeg"}],"author":"admin","twitter_card":"summary_large_image","twitter_misc":{"Escrito por":"admin","Tiempo de lectura":"3 minutos"},"schema":{"@context":"https:\/\/schema.org","@graph":[{"@type":"Article","@id":"https:\/\/21panorama.com\/index.php\/2022\/01\/24\/productores-del-campo-tienen-aliados-en-sus-diputados\/#article","isPartOf":{"@id":"https:\/\/21panorama.com\/index.php\/2022\/01\/24\/productores-del-campo-tienen-aliados-en-sus-diputados\/"},"author":{"name":"admin","@id":"https:\/\/21panorama.com\/#\/schema\/person\/1afc291b96d5792a158768324287319f"},"headline":"PRODUCTORES DEL CAMPO TIENEN ALIADOS EN SUS DIPUTADOS","datePublished":"2022-01-24T15:29:28+00:00","dateModified":"2022-01-24T15:29:30+00:00","mainEntityOfPage":{"@id":"https:\/\/21panorama.com\/index.php\/2022\/01\/24\/productores-del-campo-tienen-aliados-en-sus-diputados\/"},"wordCount":424,"commentCount":0,"publisher":{"@id":"https:\/\/21panorama.com\/#organization"},"image":{"@id":"https:\/\/21panorama.com\/index.php\/2022\/01\/24\/productores-del-campo-tienen-aliados-en-sus-diputados\/#primaryimage"},"thumbnailUrl":"https:\/\/21panorama.com\/wp-content\/uploads\/2022\/01\/e343991b-5646-47d9-bc03-61fec52d0c33.jpeg","keywords":["Campo"],"articleSection":["Sociedad"],"inLanguage":"es","potentialAction":[{"@type":"CommentAction","name":"Comment","target":["https:\/\/21panorama.com\/index.php\/2022\/01\/24\/productores-del-campo-tienen-aliados-en-sus-diputados\/#respond"]}]},{"@type":"WebPage","@id":"https:\/\/21panorama.com\/index.php\/2022\/01\/24\/productores-del-campo-tienen-aliados-en-sus-diputados\/","url":"https:\/\/21panorama.com\/index.php\/2022\/01\/24\/productores-del-campo-tienen-aliados-en-sus-diputados\/","name":"PRODUCTORES DEL CAMPO TIENEN ALIADOS EN SUS DIPUTADOS - 21 Panorama","isPartOf":{"@id":"https:\/\/21panorama.com\/#website"},"primaryImageOfPage":{"@id":"https:\/\/21panorama.com\/index.php\/2022\/01\/24\/productores-del-campo-tienen-aliados-en-sus-diputados\/#primaryimage"},"image":{"@id":"https:\/\/21panorama.com\/index.php\/2022\/01\/24\/productores-del-campo-tienen-aliados-en-sus-diputados\/#primaryimage"},"thumbnailUrl":"https:\/\/21panorama.com\/wp-content\/uploads\/2022\/01\/e343991b-5646-47d9-bc03-61fec52d0c33.jpeg","datePublished":"2022-01-24T15:29:28+00:00","dateModified":"2022-01-24T15:29:30+00:00","breadcrumb":{"@id":"https:\/\/21panorama.com\/index.php\/2022\/01\/24\/productores-del-campo-tienen-aliados-en-sus-diputados\/#breadcrumb"},"inLanguage":"es","potentialAction":[{"@type":"ReadAction","target":["https:\/\/21panorama.com\/index.php\/2022\/01\/24\/productores-del-campo-tienen-aliados-en-sus-diputados\/"]}]},{"@type":"ImageObject","inLanguage":"es","@id":"https:\/\/21panorama.com\/index.php\/2022\/01\/24\/productores-del-campo-tienen-aliados-en-sus-diputados\/#primaryimage","url":"https:\/\/21panorama.com\/wp-content\/uploads\/2022\/01\/e343991b-5646-47d9-bc03-61fec52d0c33.jpeg","contentUrl":"https:\/\/21panorama.com\/wp-content\/uploads\/2022\/01\/e343991b-5646-47d9-bc03-61fec52d0c33.jpeg","width":1600,"height":1200},{"@type":"BreadcrumbList","@id":"https:\/\/21panorama.com\/index.php\/2022\/01\/24\/productores-del-campo-tienen-aliados-en-sus-diputados\/#breadcrumb","itemListElement":[{"@type":"ListItem","position":1,"name":"Inicio","item":"https:\/\/21panorama.com\/"},{"@type":"ListItem","position":2,"name":"PRODUCTORES DEL CAMPO TIENEN ALIADOS EN SUS DIPUTADOS"}]},{"@type":"WebSite","@id":"https:\/\/21panorama.com\/#website","url":"https:\/\/21panorama.com\/","name":"21 Panorama","description":"La construcci\u00f3n de la opini\u00f3n p\u00fablica merece un mejor Panorama en este siglo 21 para alcanzar una sociedad con mayor transparencia y sin corrupci\u00f3n.","publisher":{"@id":"https:\/\/21panorama.com\/#organization"},"potentialAction":[{"@type":"SearchAction","target":{"@type":"EntryPoint","urlTemplate":"https:\/\/21panorama.com\/?s={search_term_string}"},"query-input":{"@type":"PropertyValueSpecification","valueRequired":true,"valueName":"search_term_string"}}],"inLanguage":"es"},{"@type":"Organization","@id":"https:\/\/21panorama.com\/#organization","name":"21 Panorama","url":"https:\/\/21panorama.com\/","logo":{"@type":"ImageObject","inLanguage":"es","@id":"https:\/\/21panorama.com\/#\/schema\/logo\/image\/","url":"https:\/\/21panorama.com\/wp-content\/uploads\/2019\/07\/cropped-Logo-Panorama-01.jpeg","contentUrl":"https:\/\/21panorama.com\/wp-content\/uploads\/2019\/07\/cropped-Logo-Panorama-01.jpeg","width":290,"height":70,"caption":"21 Panorama"},"image":{"@id":"https:\/\/21panorama.com\/#\/schema\/logo\/image\/"}},{"@type":"Person","@id":"https:\/\/21panorama.com\/#\/schema\/person\/1afc291b96d5792a158768324287319f","name":"admin","image":{"@type":"ImageObject","inLanguage":"es","@id":"https:\/\/21panorama.com\/#\/schema\/person\/image\/","url":"https:\/\/secure.gravatar.com\/avatar\/ad365d9d9f46719215b0d042cc3df92a5a8683e09ef13d102233e5491985f0f0?s=96&d=mm&r=g","contentUrl":"https:\/\/secure.gravatar.com\/avatar\/ad365d9d9f46719215b0d042cc3df92a5a8683e09ef13d102233e5491985f0f0?s=96&d=mm&r=g","caption":"admin"},"url":"https:\/\/21panorama.com\/index.php\/author\/admin\/"}]}},"_links":{"self":[{"href":"https:\/\/21panorama.com\/index.php\/wp-json\/wp\/v2\/posts\/3051","targetHints":{"allow":["GET"]}}],"collection":[{"href":"https:\/\/21panorama.com\/index.php\/wp-json\/wp\/v2\/posts"}],"about":[{"href":"https:\/\/21panorama.com\/index.php\/wp-json\/wp\/v2\/types\/post"}],"author":[{"embeddable":true,"href":"https:\/\/21panorama.com\/index.php\/wp-json\/wp\/v2\/users\/1"}],"replies":[{"embeddable":true,"href":"https:\/\/21panorama.com\/index.php\/wp-json\/wp\/v2\/comments?post=3051"}],"version-history":[{"count":1,"href":"https:\/\/21panorama.com\/index.php\/wp-json\/wp\/v2\/posts\/3051\/revisions"}],"predecessor-version":[{"id":3056,"href":"https:\/\/21panorama.com\/index.php\/wp-json\/wp\/v2\/posts\/3051\/revisions\/3056"}],"wp:featuredmedia":[{"embeddable":true,"href":"https:\/\/21panorama.com\/index.php\/wp-json\/wp\/v2\/media\/3052"}],"wp:attachment":[{"href":"https:\/\/21panorama.com\/index.php\/wp-json\/wp\/v2\/media?parent=3051"}],"wp:term":[{"taxonomy":"category","embeddable":true,"href":"https:\/\/21panorama.com\/index.php\/wp-json\/wp\/v2\/categories?post=3051"},{"taxonomy":"post_tag","embeddable":true,"href":"https:\/\/21panorama.com\/index.php\/wp-json\/wp\/v2\/tags?post=3051"}],"curies":[{"name":"wp","href":"https:\/\/api.w.org\/{rel}","templated":true}]}}