{"id":3045,"date":"2022-01-22T14:26:32","date_gmt":"2022-01-22T20:26:32","guid":{"rendered":"https:\/\/21panorama.com\/?p=3045"},"modified":"2022-01-22T14:26:33","modified_gmt":"2022-01-22T20:26:33","slug":"de-buena-fuente-cronica-3","status":"publish","type":"post","link":"https:\/\/21panorama.com\/index.php\/2022\/01\/22\/de-buena-fuente-cronica-3\/","title":{"rendered":"DE BUENA FUENTE Cr\u00f3nica"},"content":{"rendered":"\n<p>GUSTAVO ES GARANT\u00cdA PARA PRODUCTORES DEL CAMPO<\/p>\n\n\n\n<p>Escuchar directamente las demandas de los productores del campo entre semana y fines de semana es soporte de su \u00e9xito como gestor del diputado federal Gustavo C\u00e1rdenas Monroy en sus municipios que integran el Distrito 03 con sede en Atlacomulco.<\/p>\n\n\n\n<p>Resolver los asuntos en la oficina ser\u00e1 importante pero mucho m\u00e1s en campo porque ah\u00ed se observa la realidad de lo que atraviesan los hombres y mujeres que se dedican a la producci\u00f3n del campo.<\/p>\n\n\n\n<p>En una gira por el Centro Acu\u00edcola de Tiacaque en Jocotitl\u00e1n atestigu\u00f3 una vez m\u00e1s que el trabajo de los productores ha llevado al Estado de M\u00e9xico a tener el primer lugar nacional en la producci\u00f3n de peces sin tener litoral.<\/p>\n\n\n\n<p>Su forma itinerante de trabajar permiti\u00f3 entregar con el gobierno mexiquense un subsidio para alimento de carpa y trucha, a pesar de la falta de presupuesto federal que repercuti\u00f3 en las granjas de piscicultura dedicada al<br>consumo interno y comercializaci\u00f3n.<\/p>\n\n\n\n<p>Hay diferencia en los apoyos entregados con el alimento a los productores de peces por la falta de inter\u00e9s del gobierno federal. Si pero no se detendr\u00e1 la gesti\u00f3n hasta donde se pueda apoyar a los mexiquenses.<\/p>\n\n\n\n<figure class=\"wp-block-gallery columns-2 is-cropped wp-block-gallery-1 is-layout-flex wp-block-gallery-is-layout-flex\"><ul class=\"blocks-gallery-grid\"><li class=\"blocks-gallery-item\"><figure><img decoding=\"async\" width=\"1024\" height=\"768\" src=\"https:\/\/21panorama.com\/wp-content\/uploads\/2022\/01\/4cf565b4-4579-4aad-9b2e-f49c8d994b73-1024x768.jpeg\" alt=\"\" data-id=\"3047\" data-link=\"https:\/\/21panorama.com\/?attachment_id=3047\" class=\"wp-image-3047\" srcset=\"https:\/\/21panorama.com\/wp-content\/uploads\/2022\/01\/4cf565b4-4579-4aad-9b2e-f49c8d994b73-1024x768.jpeg 1024w, https:\/\/21panorama.com\/wp-content\/uploads\/2022\/01\/4cf565b4-4579-4aad-9b2e-f49c8d994b73-300x225.jpeg 300w, https:\/\/21panorama.com\/wp-content\/uploads\/2022\/01\/4cf565b4-4579-4aad-9b2e-f49c8d994b73-768x576.jpeg 768w, https:\/\/21panorama.com\/wp-content\/uploads\/2022\/01\/4cf565b4-4579-4aad-9b2e-f49c8d994b73.jpeg 1280w\" sizes=\"(max-width: 1024px) 100vw, 1024px\" \/><\/figure><\/li><li class=\"blocks-gallery-item\"><figure><img decoding=\"async\" width=\"1024\" height=\"768\" src=\"https:\/\/21panorama.com\/wp-content\/uploads\/2022\/01\/9fb0e276-c7d6-46b0-8bbc-ee6ae7c7315b-1024x768.jpeg\" alt=\"\" data-id=\"3048\" data-full-url=\"https:\/\/21panorama.com\/wp-content\/uploads\/2022\/01\/9fb0e276-c7d6-46b0-8bbc-ee6ae7c7315b.jpeg\" data-link=\"https:\/\/21panorama.com\/?attachment_id=3048\" class=\"wp-image-3048\" srcset=\"https:\/\/21panorama.com\/wp-content\/uploads\/2022\/01\/9fb0e276-c7d6-46b0-8bbc-ee6ae7c7315b-1024x768.jpeg 1024w, https:\/\/21panorama.com\/wp-content\/uploads\/2022\/01\/9fb0e276-c7d6-46b0-8bbc-ee6ae7c7315b-300x225.jpeg 300w, https:\/\/21panorama.com\/wp-content\/uploads\/2022\/01\/9fb0e276-c7d6-46b0-8bbc-ee6ae7c7315b-768x576.jpeg 768w, https:\/\/21panorama.com\/wp-content\/uploads\/2022\/01\/9fb0e276-c7d6-46b0-8bbc-ee6ae7c7315b.jpeg 1280w\" sizes=\"(max-width: 1024px) 100vw, 1024px\" \/><\/figure><\/li><\/ul><\/figure>\n","protected":false},"excerpt":{"rendered":"<p>Escuchar directamente las demandas de los productores del campo entre semana y fines de semana es soporte de su \u00e9xito como gestor del diputado federal Gustavo C\u00e1rdenas Monroy en sus municipios que integran el Distrito 03 con sede en Atlacomulco.   <\/p>\n","protected":false},"author":1,"featured_media":3046,"comment_status":"open","ping_status":"open","sticky":false,"template":"","format":"standard","meta":{"footnotes":""},"categories":[1],"tags":[262],"class_list":["post-3045","post","type-post","status-publish","format-standard","has-post-thumbnail","hentry","category-sociedad","tag-cronica"],"yoast_head":"<!-- This site is optimized with the Yoast SEO plugin v24.9 - https:\/\/yoast.com\/wordpress\/plugins\/seo\/ -->\n<title>DE BUENA FUENTE Cr\u00f3nica - 21 Panorama<\/title>\n<meta name=\"robots\" content=\"index, follow, max-snippet:-1, max-image-preview:large, max-video-preview:-1\" \/>\n<link rel=\"canonical\" href=\"https:\/\/21panorama.com\/index.php\/2022\/01\/22\/de-buena-fuente-cronica-3\/\" \/>\n<meta property=\"og:locale\" content=\"es_MX\" \/>\n<meta property=\"og:type\" content=\"article\" \/>\n<meta property=\"og:title\" content=\"DE BUENA FUENTE Cr\u00f3nica - 21 Panorama\" \/>\n<meta property=\"og:description\" content=\"Escuchar directamente las demandas de los productores del campo entre semana y fines de semana es soporte de su \u00e9xito como gestor del diputado federal Gustavo C\u00e1rdenas Monroy en sus municipios que integran el Distrito 03 con sede en Atlacomulco.\" \/>\n<meta property=\"og:url\" content=\"https:\/\/21panorama.com\/index.php\/2022\/01\/22\/de-buena-fuente-cronica-3\/\" \/>\n<meta property=\"og:site_name\" content=\"21 Panorama\" \/>\n<meta property=\"article:published_time\" content=\"2022-01-22T20:26:32+00:00\" \/>\n<meta property=\"article:modified_time\" content=\"2022-01-22T20:26:33+00:00\" \/>\n<meta property=\"og:image\" content=\"https:\/\/21panorama.com\/wp-content\/uploads\/2022\/01\/81ee956c-dc84-4298-89cd-135690dc7835.jpeg\" \/>\n\t<meta property=\"og:image:width\" content=\"1280\" \/>\n\t<meta property=\"og:image:height\" content=\"960\" \/>\n\t<meta property=\"og:image:type\" content=\"image\/jpeg\" \/>\n<meta name=\"author\" content=\"admin\" \/>\n<meta name=\"twitter:card\" content=\"summary_large_image\" \/>\n<meta name=\"twitter:label1\" content=\"Escrito por\" \/>\n\t<meta name=\"twitter:data1\" content=\"admin\" \/>\n\t<meta name=\"twitter:label2\" content=\"Tiempo de lectura\" \/>\n\t<meta name=\"twitter:data2\" content=\"2 minutos\" \/>\n<script type=\"application\/ld+json\" class=\"yoast-schema-graph\">{\"@context\":\"https:\/\/schema.org\",\"@graph\":[{\"@type\":\"Article\",\"@id\":\"https:\/\/21panorama.com\/index.php\/2022\/01\/22\/de-buena-fuente-cronica-3\/#article\",\"isPartOf\":{\"@id\":\"https:\/\/21panorama.com\/index.php\/2022\/01\/22\/de-buena-fuente-cronica-3\/\"},\"author\":{\"name\":\"admin\",\"@id\":\"https:\/\/21panorama.com\/#\/schema\/person\/1afc291b96d5792a158768324287319f\"},\"headline\":\"DE BUENA FUENTE Cr\u00f3nica\",\"datePublished\":\"2022-01-22T20:26:32+00:00\",\"dateModified\":\"2022-01-22T20:26:33+00:00\",\"mainEntityOfPage\":{\"@id\":\"https:\/\/21panorama.com\/index.php\/2022\/01\/22\/de-buena-fuente-cronica-3\/\"},\"wordCount\":215,\"commentCount\":0,\"publisher\":{\"@id\":\"https:\/\/21panorama.com\/#organization\"},\"image\":{\"@id\":\"https:\/\/21panorama.com\/index.php\/2022\/01\/22\/de-buena-fuente-cronica-3\/#primaryimage\"},\"thumbnailUrl\":\"https:\/\/21panorama.com\/wp-content\/uploads\/2022\/01\/81ee956c-dc84-4298-89cd-135690dc7835.jpeg\",\"keywords\":[\"cr\u00f3nica\"],\"articleSection\":[\"Sociedad\"],\"inLanguage\":\"es\",\"potentialAction\":[{\"@type\":\"CommentAction\",\"name\":\"Comment\",\"target\":[\"https:\/\/21panorama.com\/index.php\/2022\/01\/22\/de-buena-fuente-cronica-3\/#respond\"]}]},{\"@type\":\"WebPage\",\"@id\":\"https:\/\/21panorama.com\/index.php\/2022\/01\/22\/de-buena-fuente-cronica-3\/\",\"url\":\"https:\/\/21panorama.com\/index.php\/2022\/01\/22\/de-buena-fuente-cronica-3\/\",\"name\":\"DE BUENA FUENTE Cr\u00f3nica - 21 Panorama\",\"isPartOf\":{\"@id\":\"https:\/\/21panorama.com\/#website\"},\"primaryImageOfPage\":{\"@id\":\"https:\/\/21panorama.com\/index.php\/2022\/01\/22\/de-buena-fuente-cronica-3\/#primaryimage\"},\"image\":{\"@id\":\"https:\/\/21panorama.com\/index.php\/2022\/01\/22\/de-buena-fuente-cronica-3\/#primaryimage\"},\"thumbnailUrl\":\"https:\/\/21panorama.com\/wp-content\/uploads\/2022\/01\/81ee956c-dc84-4298-89cd-135690dc7835.jpeg\",\"datePublished\":\"2022-01-22T20:26:32+00:00\",\"dateModified\":\"2022-01-22T20:26:33+00:00\",\"breadcrumb\":{\"@id\":\"https:\/\/21panorama.com\/index.php\/2022\/01\/22\/de-buena-fuente-cronica-3\/#breadcrumb\"},\"inLanguage\":\"es\",\"potentialAction\":[{\"@type\":\"ReadAction\",\"target\":[\"https:\/\/21panorama.com\/index.php\/2022\/01\/22\/de-buena-fuente-cronica-3\/\"]}]},{\"@type\":\"ImageObject\",\"inLanguage\":\"es\",\"@id\":\"https:\/\/21panorama.com\/index.php\/2022\/01\/22\/de-buena-fuente-cronica-3\/#primaryimage\",\"url\":\"https:\/\/21panorama.com\/wp-content\/uploads\/2022\/01\/81ee956c-dc84-4298-89cd-135690dc7835.jpeg\",\"contentUrl\":\"https:\/\/21panorama.com\/wp-content\/uploads\/2022\/01\/81ee956c-dc84-4298-89cd-135690dc7835.jpeg\",\"width\":1280,\"height\":960},{\"@type\":\"BreadcrumbList\",\"@id\":\"https:\/\/21panorama.com\/index.php\/2022\/01\/22\/de-buena-fuente-cronica-3\/#breadcrumb\",\"itemListElement\":[{\"@type\":\"ListItem\",\"position\":1,\"name\":\"Inicio\",\"item\":\"https:\/\/21panorama.com\/\"},{\"@type\":\"ListItem\",\"position\":2,\"name\":\"DE BUENA FUENTE Cr\u00f3nica\"}]},{\"@type\":\"WebSite\",\"@id\":\"https:\/\/21panorama.com\/#website\",\"url\":\"https:\/\/21panorama.com\/\",\"name\":\"21 Panorama\",\"description\":\"La construcci\u00f3n de la opini\u00f3n p\u00fablica merece un mejor Panorama en este siglo 21 para alcanzar una sociedad con mayor transparencia y sin corrupci\u00f3n.\",\"publisher\":{\"@id\":\"https:\/\/21panorama.com\/#organization\"},\"potentialAction\":[{\"@type\":\"SearchAction\",\"target\":{\"@type\":\"EntryPoint\",\"urlTemplate\":\"https:\/\/21panorama.com\/?s={search_term_string}\"},\"query-input\":{\"@type\":\"PropertyValueSpecification\",\"valueRequired\":true,\"valueName\":\"search_term_string\"}}],\"inLanguage\":\"es\"},{\"@type\":\"Organization\",\"@id\":\"https:\/\/21panorama.com\/#organization\",\"name\":\"21 Panorama\",\"url\":\"https:\/\/21panorama.com\/\",\"logo\":{\"@type\":\"ImageObject\",\"inLanguage\":\"es\",\"@id\":\"https:\/\/21panorama.com\/#\/schema\/logo\/image\/\",\"url\":\"https:\/\/21panorama.com\/wp-content\/uploads\/2019\/07\/cropped-Logo-Panorama-01.jpeg\",\"contentUrl\":\"https:\/\/21panorama.com\/wp-content\/uploads\/2019\/07\/cropped-Logo-Panorama-01.jpeg\",\"width\":290,\"height\":70,\"caption\":\"21 Panorama\"},\"image\":{\"@id\":\"https:\/\/21panorama.com\/#\/schema\/logo\/image\/\"}},{\"@type\":\"Person\",\"@id\":\"https:\/\/21panorama.com\/#\/schema\/person\/1afc291b96d5792a158768324287319f\",\"name\":\"admin\",\"image\":{\"@type\":\"ImageObject\",\"inLanguage\":\"es\",\"@id\":\"https:\/\/21panorama.com\/#\/schema\/person\/image\/\",\"url\":\"https:\/\/secure.gravatar.com\/avatar\/ad365d9d9f46719215b0d042cc3df92a5a8683e09ef13d102233e5491985f0f0?s=96&d=mm&r=g\",\"contentUrl\":\"https:\/\/secure.gravatar.com\/avatar\/ad365d9d9f46719215b0d042cc3df92a5a8683e09ef13d102233e5491985f0f0?s=96&d=mm&r=g\",\"caption\":\"admin\"},\"url\":\"https:\/\/21panorama.com\/index.php\/author\/admin\/\"}]}<\/script>\n<!-- \/ Yoast SEO plugin. -->","yoast_head_json":{"title":"DE BUENA FUENTE Cr\u00f3nica - 21 Panorama","robots":{"index":"index","follow":"follow","max-snippet":"max-snippet:-1","max-image-preview":"max-image-preview:large","max-video-preview":"max-video-preview:-1"},"canonical":"https:\/\/21panorama.com\/index.php\/2022\/01\/22\/de-buena-fuente-cronica-3\/","og_locale":"es_MX","og_type":"article","og_title":"DE BUENA FUENTE Cr\u00f3nica - 21 Panorama","og_description":"Escuchar directamente las demandas de los productores del campo entre semana y fines de semana es soporte de su \u00e9xito como gestor del diputado federal Gustavo C\u00e1rdenas Monroy en sus municipios que integran el Distrito 03 con sede en Atlacomulco.","og_url":"https:\/\/21panorama.com\/index.php\/2022\/01\/22\/de-buena-fuente-cronica-3\/","og_site_name":"21 Panorama","article_published_time":"2022-01-22T20:26:32+00:00","article_modified_time":"2022-01-22T20:26:33+00:00","og_image":[{"width":1280,"height":960,"url":"https:\/\/21panorama.com\/wp-content\/uploads\/2022\/01\/81ee956c-dc84-4298-89cd-135690dc7835.jpeg","type":"image\/jpeg"}],"author":"admin","twitter_card":"summary_large_image","twitter_misc":{"Escrito por":"admin","Tiempo de lectura":"2 minutos"},"schema":{"@context":"https:\/\/schema.org","@graph":[{"@type":"Article","@id":"https:\/\/21panorama.com\/index.php\/2022\/01\/22\/de-buena-fuente-cronica-3\/#article","isPartOf":{"@id":"https:\/\/21panorama.com\/index.php\/2022\/01\/22\/de-buena-fuente-cronica-3\/"},"author":{"name":"admin","@id":"https:\/\/21panorama.com\/#\/schema\/person\/1afc291b96d5792a158768324287319f"},"headline":"DE BUENA FUENTE Cr\u00f3nica","datePublished":"2022-01-22T20:26:32+00:00","dateModified":"2022-01-22T20:26:33+00:00","mainEntityOfPage":{"@id":"https:\/\/21panorama.com\/index.php\/2022\/01\/22\/de-buena-fuente-cronica-3\/"},"wordCount":215,"commentCount":0,"publisher":{"@id":"https:\/\/21panorama.com\/#organization"},"image":{"@id":"https:\/\/21panorama.com\/index.php\/2022\/01\/22\/de-buena-fuente-cronica-3\/#primaryimage"},"thumbnailUrl":"https:\/\/21panorama.com\/wp-content\/uploads\/2022\/01\/81ee956c-dc84-4298-89cd-135690dc7835.jpeg","keywords":["cr\u00f3nica"],"articleSection":["Sociedad"],"inLanguage":"es","potentialAction":[{"@type":"CommentAction","name":"Comment","target":["https:\/\/21panorama.com\/index.php\/2022\/01\/22\/de-buena-fuente-cronica-3\/#respond"]}]},{"@type":"WebPage","@id":"https:\/\/21panorama.com\/index.php\/2022\/01\/22\/de-buena-fuente-cronica-3\/","url":"https:\/\/21panorama.com\/index.php\/2022\/01\/22\/de-buena-fuente-cronica-3\/","name":"DE BUENA FUENTE Cr\u00f3nica - 21 Panorama","isPartOf":{"@id":"https:\/\/21panorama.com\/#website"},"primaryImageOfPage":{"@id":"https:\/\/21panorama.com\/index.php\/2022\/01\/22\/de-buena-fuente-cronica-3\/#primaryimage"},"image":{"@id":"https:\/\/21panorama.com\/index.php\/2022\/01\/22\/de-buena-fuente-cronica-3\/#primaryimage"},"thumbnailUrl":"https:\/\/21panorama.com\/wp-content\/uploads\/2022\/01\/81ee956c-dc84-4298-89cd-135690dc7835.jpeg","datePublished":"2022-01-22T20:26:32+00:00","dateModified":"2022-01-22T20:26:33+00:00","breadcrumb":{"@id":"https:\/\/21panorama.com\/index.php\/2022\/01\/22\/de-buena-fuente-cronica-3\/#breadcrumb"},"inLanguage":"es","potentialAction":[{"@type":"ReadAction","target":["https:\/\/21panorama.com\/index.php\/2022\/01\/22\/de-buena-fuente-cronica-3\/"]}]},{"@type":"ImageObject","inLanguage":"es","@id":"https:\/\/21panorama.com\/index.php\/2022\/01\/22\/de-buena-fuente-cronica-3\/#primaryimage","url":"https:\/\/21panorama.com\/wp-content\/uploads\/2022\/01\/81ee956c-dc84-4298-89cd-135690dc7835.jpeg","contentUrl":"https:\/\/21panorama.com\/wp-content\/uploads\/2022\/01\/81ee956c-dc84-4298-89cd-135690dc7835.jpeg","width":1280,"height":960},{"@type":"BreadcrumbList","@id":"https:\/\/21panorama.com\/index.php\/2022\/01\/22\/de-buena-fuente-cronica-3\/#breadcrumb","itemListElement":[{"@type":"ListItem","position":1,"name":"Inicio","item":"https:\/\/21panorama.com\/"},{"@type":"ListItem","position":2,"name":"DE BUENA FUENTE Cr\u00f3nica"}]},{"@type":"WebSite","@id":"https:\/\/21panorama.com\/#website","url":"https:\/\/21panorama.com\/","name":"21 Panorama","description":"La construcci\u00f3n de la opini\u00f3n p\u00fablica merece un mejor Panorama en este siglo 21 para alcanzar una sociedad con mayor transparencia y sin corrupci\u00f3n.","publisher":{"@id":"https:\/\/21panorama.com\/#organization"},"potentialAction":[{"@type":"SearchAction","target":{"@type":"EntryPoint","urlTemplate":"https:\/\/21panorama.com\/?s={search_term_string}"},"query-input":{"@type":"PropertyValueSpecification","valueRequired":true,"valueName":"search_term_string"}}],"inLanguage":"es"},{"@type":"Organization","@id":"https:\/\/21panorama.com\/#organization","name":"21 Panorama","url":"https:\/\/21panorama.com\/","logo":{"@type":"ImageObject","inLanguage":"es","@id":"https:\/\/21panorama.com\/#\/schema\/logo\/image\/","url":"https:\/\/21panorama.com\/wp-content\/uploads\/2019\/07\/cropped-Logo-Panorama-01.jpeg","contentUrl":"https:\/\/21panorama.com\/wp-content\/uploads\/2019\/07\/cropped-Logo-Panorama-01.jpeg","width":290,"height":70,"caption":"21 Panorama"},"image":{"@id":"https:\/\/21panorama.com\/#\/schema\/logo\/image\/"}},{"@type":"Person","@id":"https:\/\/21panorama.com\/#\/schema\/person\/1afc291b96d5792a158768324287319f","name":"admin","image":{"@type":"ImageObject","inLanguage":"es","@id":"https:\/\/21panorama.com\/#\/schema\/person\/image\/","url":"https:\/\/secure.gravatar.com\/avatar\/ad365d9d9f46719215b0d042cc3df92a5a8683e09ef13d102233e5491985f0f0?s=96&d=mm&r=g","contentUrl":"https:\/\/secure.gravatar.com\/avatar\/ad365d9d9f46719215b0d042cc3df92a5a8683e09ef13d102233e5491985f0f0?s=96&d=mm&r=g","caption":"admin"},"url":"https:\/\/21panorama.com\/index.php\/author\/admin\/"}]}},"_links":{"self":[{"href":"https:\/\/21panorama.com\/index.php\/wp-json\/wp\/v2\/posts\/3045","targetHints":{"allow":["GET"]}}],"collection":[{"href":"https:\/\/21panorama.com\/index.php\/wp-json\/wp\/v2\/posts"}],"about":[{"href":"https:\/\/21panorama.com\/index.php\/wp-json\/wp\/v2\/types\/post"}],"author":[{"embeddable":true,"href":"https:\/\/21panorama.com\/index.php\/wp-json\/wp\/v2\/users\/1"}],"replies":[{"embeddable":true,"href":"https:\/\/21panorama.com\/index.php\/wp-json\/wp\/v2\/comments?post=3045"}],"version-history":[{"count":1,"href":"https:\/\/21panorama.com\/index.php\/wp-json\/wp\/v2\/posts\/3045\/revisions"}],"predecessor-version":[{"id":3049,"href":"https:\/\/21panorama.com\/index.php\/wp-json\/wp\/v2\/posts\/3045\/revisions\/3049"}],"wp:featuredmedia":[{"embeddable":true,"href":"https:\/\/21panorama.com\/index.php\/wp-json\/wp\/v2\/media\/3046"}],"wp:attachment":[{"href":"https:\/\/21panorama.com\/index.php\/wp-json\/wp\/v2\/media?parent=3045"}],"wp:term":[{"taxonomy":"category","embeddable":true,"href":"https:\/\/21panorama.com\/index.php\/wp-json\/wp\/v2\/categories?post=3045"},{"taxonomy":"post_tag","embeddable":true,"href":"https:\/\/21panorama.com\/index.php\/wp-json\/wp\/v2\/tags?post=3045"}],"curies":[{"name":"wp","href":"https:\/\/api.w.org\/{rel}","templated":true}]}}