{"id":3033,"date":"2022-01-21T13:05:57","date_gmt":"2022-01-21T19:05:57","guid":{"rendered":"https:\/\/21panorama.com\/?p=3033"},"modified":"2022-01-21T13:05:58","modified_gmt":"2022-01-21T19:05:58","slug":"tenemos-que-rescatar-el-campo","status":"publish","type":"post","link":"https:\/\/21panorama.com\/index.php\/2022\/01\/21\/tenemos-que-rescatar-el-campo\/","title":{"rendered":"TENEMOS QUE RESCATAR EL CAMPO"},"content":{"rendered":"\n<p>La Secretar\u00eda del Campo sostuvo una reuni\u00f3n de trabajo con legisladores, autoridades municipales y autoridades auxiliares de la Region Norte del Estado de M\u00e9xico, para fortalecer la infraestructura hidroagr\u00edcola de la zona.<\/p>\n\n\n\n<p>Esto es fundamental para el desarrollo de mejores cosechas, aminorando los costos de producci\u00f3n, as\u00ed lo dejaron en claro en reuni\u00f3n de trabajo con Mercedes Col\u00edn Guadarrama titular de la Secretar\u00eda del Campo mexiquense, la vocal ejecutiva del CEDIPIEM Diana P\u00e9rez Barrag\u00e1n, el diputado federal Gustavo Cardenas Monroy, la diputada Leticia Mejia Garcia, el presidente municipal de Ixtlahuaca Abuzeid Lozano Casta\u00f1eda y personal de esa dependencia.<\/p>\n\n\n\n<p>El objetivo de fortalecer la infraestructura rural hidroagr\u00edcola est\u00e1 encaminada a la captaci\u00f3n, conducci\u00f3n y uso eficiente del agua de riego agr\u00edcola, consumo pecuario y su utilizaci\u00f3n en la acuacultura.<\/p>\n\n\n\n<p>Acercamientos como estos son el resultado del cada vez m\u00e1s eficaz #3de3, la suma de voluntades de alcaldes y legisladores que al complementarse con la respuesta del Gobierno del Estado de M\u00e9xico; entrega siempre a la gente resultados \u00fatiles y firmes para la ciudadan\u00eda que les dio su confianza en las urnas y demuestra que #UnidosSomosMasFuertes<\/p>\n\n\n\n<figure class=\"wp-block-gallery columns-3 is-cropped wp-block-gallery-1 is-layout-flex wp-block-gallery-is-layout-flex\"><ul class=\"blocks-gallery-grid\"><li class=\"blocks-gallery-item\"><figure><img decoding=\"async\" width=\"960\" height=\"639\" src=\"https:\/\/21panorama.com\/wp-content\/uploads\/2022\/01\/1afa624f-a0ad-4218-a9c5-bc024514025d.jpeg\" alt=\"\" data-id=\"3035\" data-link=\"https:\/\/21panorama.com\/?attachment_id=3035\" class=\"wp-image-3035\" srcset=\"https:\/\/21panorama.com\/wp-content\/uploads\/2022\/01\/1afa624f-a0ad-4218-a9c5-bc024514025d.jpeg 960w, https:\/\/21panorama.com\/wp-content\/uploads\/2022\/01\/1afa624f-a0ad-4218-a9c5-bc024514025d-300x200.jpeg 300w, https:\/\/21panorama.com\/wp-content\/uploads\/2022\/01\/1afa624f-a0ad-4218-a9c5-bc024514025d-768x511.jpeg 768w\" sizes=\"(max-width: 960px) 100vw, 960px\" \/><\/figure><\/li><li class=\"blocks-gallery-item\"><figure><img decoding=\"async\" width=\"959\" height=\"540\" src=\"https:\/\/21panorama.com\/wp-content\/uploads\/2022\/01\/9e16fda4-341c-4dce-9b81-3a2f9a6bd43c.jpeg\" alt=\"\" data-id=\"3036\" data-link=\"https:\/\/21panorama.com\/?attachment_id=3036\" class=\"wp-image-3036\" srcset=\"https:\/\/21panorama.com\/wp-content\/uploads\/2022\/01\/9e16fda4-341c-4dce-9b81-3a2f9a6bd43c.jpeg 959w, https:\/\/21panorama.com\/wp-content\/uploads\/2022\/01\/9e16fda4-341c-4dce-9b81-3a2f9a6bd43c-300x169.jpeg 300w, https:\/\/21panorama.com\/wp-content\/uploads\/2022\/01\/9e16fda4-341c-4dce-9b81-3a2f9a6bd43c-768x432.jpeg 768w\" sizes=\"(max-width: 959px) 100vw, 959px\" \/><\/figure><\/li><li class=\"blocks-gallery-item\"><figure><img decoding=\"async\" width=\"960\" height=\"541\" src=\"https:\/\/21panorama.com\/wp-content\/uploads\/2022\/01\/48833d03-dcc9-49c5-a03e-eea766c18755.jpeg\" alt=\"\" data-id=\"3037\" data-link=\"https:\/\/21panorama.com\/?attachment_id=3037\" class=\"wp-image-3037\" srcset=\"https:\/\/21panorama.com\/wp-content\/uploads\/2022\/01\/48833d03-dcc9-49c5-a03e-eea766c18755.jpeg 960w, https:\/\/21panorama.com\/wp-content\/uploads\/2022\/01\/48833d03-dcc9-49c5-a03e-eea766c18755-300x169.jpeg 300w, https:\/\/21panorama.com\/wp-content\/uploads\/2022\/01\/48833d03-dcc9-49c5-a03e-eea766c18755-768x433.jpeg 768w\" sizes=\"(max-width: 960px) 100vw, 960px\" \/><\/figure><\/li><li class=\"blocks-gallery-item\"><figure><img decoding=\"async\" width=\"960\" height=\"640\" src=\"https:\/\/21panorama.com\/wp-content\/uploads\/2022\/01\/59fec6f3-829b-4955-97f4-22221a79670f.jpeg\" alt=\"\" data-id=\"3038\" data-full-url=\"https:\/\/21panorama.com\/wp-content\/uploads\/2022\/01\/59fec6f3-829b-4955-97f4-22221a79670f.jpeg\" data-link=\"https:\/\/21panorama.com\/?attachment_id=3038\" class=\"wp-image-3038\" srcset=\"https:\/\/21panorama.com\/wp-content\/uploads\/2022\/01\/59fec6f3-829b-4955-97f4-22221a79670f.jpeg 960w, https:\/\/21panorama.com\/wp-content\/uploads\/2022\/01\/59fec6f3-829b-4955-97f4-22221a79670f-300x200.jpeg 300w, https:\/\/21panorama.com\/wp-content\/uploads\/2022\/01\/59fec6f3-829b-4955-97f4-22221a79670f-768x512.jpeg 768w\" sizes=\"(max-width: 960px) 100vw, 960px\" \/><\/figure><\/li><\/ul><\/figure>\n","protected":false},"excerpt":{"rendered":"<p>TENEMOS QUE RESCATAR EL CAMPO<br \/>\n* La gente del campo siempre se la juega porque est\u00e1 de por medio la familia y no hay otra opci\u00f3n m\u00e1s que salir adelante, sostuvo el diputado federal Gustavo C\u00e1rdenas Monroy.  <\/p>\n","protected":false},"author":1,"featured_media":3034,"comment_status":"open","ping_status":"open","sticky":false,"template":"","format":"standard","meta":{"footnotes":""},"categories":[1],"tags":[190],"class_list":["post-3033","post","type-post","status-publish","format-standard","has-post-thumbnail","hentry","category-sociedad","tag-campo"],"yoast_head":"<!-- This site is optimized with the Yoast SEO plugin v24.9 - https:\/\/yoast.com\/wordpress\/plugins\/seo\/ -->\n<title>TENEMOS QUE RESCATAR EL CAMPO - 21 Panorama<\/title>\n<meta name=\"robots\" content=\"index, follow, max-snippet:-1, max-image-preview:large, max-video-preview:-1\" \/>\n<link rel=\"canonical\" href=\"https:\/\/21panorama.com\/index.php\/2022\/01\/21\/tenemos-que-rescatar-el-campo\/\" \/>\n<meta property=\"og:locale\" content=\"es_MX\" \/>\n<meta property=\"og:type\" content=\"article\" \/>\n<meta property=\"og:title\" content=\"TENEMOS QUE RESCATAR EL CAMPO - 21 Panorama\" \/>\n<meta property=\"og:description\" content=\"TENEMOS QUE RESCATAR EL CAMPO * La gente del campo siempre se la juega porque est\u00e1 de por medio la familia y no hay otra opci\u00f3n m\u00e1s que salir adelante, sostuvo el diputado federal Gustavo C\u00e1rdenas Monroy.\" \/>\n<meta property=\"og:url\" content=\"https:\/\/21panorama.com\/index.php\/2022\/01\/21\/tenemos-que-rescatar-el-campo\/\" \/>\n<meta property=\"og:site_name\" content=\"21 Panorama\" \/>\n<meta property=\"article:published_time\" content=\"2022-01-21T19:05:57+00:00\" \/>\n<meta property=\"article:modified_time\" content=\"2022-01-21T19:05:58+00:00\" \/>\n<meta property=\"og:image\" content=\"https:\/\/21panorama.com\/wp-content\/uploads\/2022\/01\/9925583e-a7a7-4bdb-a59b-3cc66efb552e.jpeg\" \/>\n\t<meta property=\"og:image:width\" content=\"960\" \/>\n\t<meta property=\"og:image:height\" content=\"541\" \/>\n\t<meta property=\"og:image:type\" content=\"image\/jpeg\" \/>\n<meta name=\"author\" content=\"admin\" \/>\n<meta name=\"twitter:card\" content=\"summary_large_image\" \/>\n<meta name=\"twitter:label1\" content=\"Escrito por\" \/>\n\t<meta name=\"twitter:data1\" content=\"admin\" \/>\n\t<meta name=\"twitter:label2\" content=\"Tiempo de lectura\" \/>\n\t<meta name=\"twitter:data2\" content=\"2 minutos\" \/>\n<script type=\"application\/ld+json\" class=\"yoast-schema-graph\">{\"@context\":\"https:\/\/schema.org\",\"@graph\":[{\"@type\":\"Article\",\"@id\":\"https:\/\/21panorama.com\/index.php\/2022\/01\/21\/tenemos-que-rescatar-el-campo\/#article\",\"isPartOf\":{\"@id\":\"https:\/\/21panorama.com\/index.php\/2022\/01\/21\/tenemos-que-rescatar-el-campo\/\"},\"author\":{\"name\":\"admin\",\"@id\":\"https:\/\/21panorama.com\/#\/schema\/person\/1afc291b96d5792a158768324287319f\"},\"headline\":\"TENEMOS QUE RESCATAR EL CAMPO\",\"datePublished\":\"2022-01-21T19:05:57+00:00\",\"dateModified\":\"2022-01-21T19:05:58+00:00\",\"mainEntityOfPage\":{\"@id\":\"https:\/\/21panorama.com\/index.php\/2022\/01\/21\/tenemos-que-rescatar-el-campo\/\"},\"wordCount\":208,\"commentCount\":0,\"publisher\":{\"@id\":\"https:\/\/21panorama.com\/#organization\"},\"image\":{\"@id\":\"https:\/\/21panorama.com\/index.php\/2022\/01\/21\/tenemos-que-rescatar-el-campo\/#primaryimage\"},\"thumbnailUrl\":\"https:\/\/21panorama.com\/wp-content\/uploads\/2022\/01\/9925583e-a7a7-4bdb-a59b-3cc66efb552e.jpeg\",\"keywords\":[\"Campo\"],\"articleSection\":[\"Sociedad\"],\"inLanguage\":\"es\",\"potentialAction\":[{\"@type\":\"CommentAction\",\"name\":\"Comment\",\"target\":[\"https:\/\/21panorama.com\/index.php\/2022\/01\/21\/tenemos-que-rescatar-el-campo\/#respond\"]}]},{\"@type\":\"WebPage\",\"@id\":\"https:\/\/21panorama.com\/index.php\/2022\/01\/21\/tenemos-que-rescatar-el-campo\/\",\"url\":\"https:\/\/21panorama.com\/index.php\/2022\/01\/21\/tenemos-que-rescatar-el-campo\/\",\"name\":\"TENEMOS QUE RESCATAR EL CAMPO - 21 Panorama\",\"isPartOf\":{\"@id\":\"https:\/\/21panorama.com\/#website\"},\"primaryImageOfPage\":{\"@id\":\"https:\/\/21panorama.com\/index.php\/2022\/01\/21\/tenemos-que-rescatar-el-campo\/#primaryimage\"},\"image\":{\"@id\":\"https:\/\/21panorama.com\/index.php\/2022\/01\/21\/tenemos-que-rescatar-el-campo\/#primaryimage\"},\"thumbnailUrl\":\"https:\/\/21panorama.com\/wp-content\/uploads\/2022\/01\/9925583e-a7a7-4bdb-a59b-3cc66efb552e.jpeg\",\"datePublished\":\"2022-01-21T19:05:57+00:00\",\"dateModified\":\"2022-01-21T19:05:58+00:00\",\"breadcrumb\":{\"@id\":\"https:\/\/21panorama.com\/index.php\/2022\/01\/21\/tenemos-que-rescatar-el-campo\/#breadcrumb\"},\"inLanguage\":\"es\",\"potentialAction\":[{\"@type\":\"ReadAction\",\"target\":[\"https:\/\/21panorama.com\/index.php\/2022\/01\/21\/tenemos-que-rescatar-el-campo\/\"]}]},{\"@type\":\"ImageObject\",\"inLanguage\":\"es\",\"@id\":\"https:\/\/21panorama.com\/index.php\/2022\/01\/21\/tenemos-que-rescatar-el-campo\/#primaryimage\",\"url\":\"https:\/\/21panorama.com\/wp-content\/uploads\/2022\/01\/9925583e-a7a7-4bdb-a59b-3cc66efb552e.jpeg\",\"contentUrl\":\"https:\/\/21panorama.com\/wp-content\/uploads\/2022\/01\/9925583e-a7a7-4bdb-a59b-3cc66efb552e.jpeg\",\"width\":960,\"height\":541},{\"@type\":\"BreadcrumbList\",\"@id\":\"https:\/\/21panorama.com\/index.php\/2022\/01\/21\/tenemos-que-rescatar-el-campo\/#breadcrumb\",\"itemListElement\":[{\"@type\":\"ListItem\",\"position\":1,\"name\":\"Inicio\",\"item\":\"https:\/\/21panorama.com\/\"},{\"@type\":\"ListItem\",\"position\":2,\"name\":\"TENEMOS QUE RESCATAR EL CAMPO\"}]},{\"@type\":\"WebSite\",\"@id\":\"https:\/\/21panorama.com\/#website\",\"url\":\"https:\/\/21panorama.com\/\",\"name\":\"21 Panorama\",\"description\":\"La construcci\u00f3n de la opini\u00f3n p\u00fablica merece un mejor Panorama en este siglo 21 para alcanzar una sociedad con mayor transparencia y sin corrupci\u00f3n.\",\"publisher\":{\"@id\":\"https:\/\/21panorama.com\/#organization\"},\"potentialAction\":[{\"@type\":\"SearchAction\",\"target\":{\"@type\":\"EntryPoint\",\"urlTemplate\":\"https:\/\/21panorama.com\/?s={search_term_string}\"},\"query-input\":{\"@type\":\"PropertyValueSpecification\",\"valueRequired\":true,\"valueName\":\"search_term_string\"}}],\"inLanguage\":\"es\"},{\"@type\":\"Organization\",\"@id\":\"https:\/\/21panorama.com\/#organization\",\"name\":\"21 Panorama\",\"url\":\"https:\/\/21panorama.com\/\",\"logo\":{\"@type\":\"ImageObject\",\"inLanguage\":\"es\",\"@id\":\"https:\/\/21panorama.com\/#\/schema\/logo\/image\/\",\"url\":\"https:\/\/21panorama.com\/wp-content\/uploads\/2019\/07\/cropped-Logo-Panorama-01.jpeg\",\"contentUrl\":\"https:\/\/21panorama.com\/wp-content\/uploads\/2019\/07\/cropped-Logo-Panorama-01.jpeg\",\"width\":290,\"height\":70,\"caption\":\"21 Panorama\"},\"image\":{\"@id\":\"https:\/\/21panorama.com\/#\/schema\/logo\/image\/\"}},{\"@type\":\"Person\",\"@id\":\"https:\/\/21panorama.com\/#\/schema\/person\/1afc291b96d5792a158768324287319f\",\"name\":\"admin\",\"image\":{\"@type\":\"ImageObject\",\"inLanguage\":\"es\",\"@id\":\"https:\/\/21panorama.com\/#\/schema\/person\/image\/\",\"url\":\"https:\/\/secure.gravatar.com\/avatar\/ad365d9d9f46719215b0d042cc3df92a5a8683e09ef13d102233e5491985f0f0?s=96&d=mm&r=g\",\"contentUrl\":\"https:\/\/secure.gravatar.com\/avatar\/ad365d9d9f46719215b0d042cc3df92a5a8683e09ef13d102233e5491985f0f0?s=96&d=mm&r=g\",\"caption\":\"admin\"},\"url\":\"https:\/\/21panorama.com\/index.php\/author\/admin\/\"}]}<\/script>\n<!-- \/ Yoast SEO plugin. -->","yoast_head_json":{"title":"TENEMOS QUE RESCATAR EL CAMPO - 21 Panorama","robots":{"index":"index","follow":"follow","max-snippet":"max-snippet:-1","max-image-preview":"max-image-preview:large","max-video-preview":"max-video-preview:-1"},"canonical":"https:\/\/21panorama.com\/index.php\/2022\/01\/21\/tenemos-que-rescatar-el-campo\/","og_locale":"es_MX","og_type":"article","og_title":"TENEMOS QUE RESCATAR EL CAMPO - 21 Panorama","og_description":"TENEMOS QUE RESCATAR EL CAMPO * La gente del campo siempre se la juega porque est\u00e1 de por medio la familia y no hay otra opci\u00f3n m\u00e1s que salir adelante, sostuvo el diputado federal Gustavo C\u00e1rdenas Monroy.","og_url":"https:\/\/21panorama.com\/index.php\/2022\/01\/21\/tenemos-que-rescatar-el-campo\/","og_site_name":"21 Panorama","article_published_time":"2022-01-21T19:05:57+00:00","article_modified_time":"2022-01-21T19:05:58+00:00","og_image":[{"width":960,"height":541,"url":"https:\/\/21panorama.com\/wp-content\/uploads\/2022\/01\/9925583e-a7a7-4bdb-a59b-3cc66efb552e.jpeg","type":"image\/jpeg"}],"author":"admin","twitter_card":"summary_large_image","twitter_misc":{"Escrito por":"admin","Tiempo de lectura":"2 minutos"},"schema":{"@context":"https:\/\/schema.org","@graph":[{"@type":"Article","@id":"https:\/\/21panorama.com\/index.php\/2022\/01\/21\/tenemos-que-rescatar-el-campo\/#article","isPartOf":{"@id":"https:\/\/21panorama.com\/index.php\/2022\/01\/21\/tenemos-que-rescatar-el-campo\/"},"author":{"name":"admin","@id":"https:\/\/21panorama.com\/#\/schema\/person\/1afc291b96d5792a158768324287319f"},"headline":"TENEMOS QUE RESCATAR EL CAMPO","datePublished":"2022-01-21T19:05:57+00:00","dateModified":"2022-01-21T19:05:58+00:00","mainEntityOfPage":{"@id":"https:\/\/21panorama.com\/index.php\/2022\/01\/21\/tenemos-que-rescatar-el-campo\/"},"wordCount":208,"commentCount":0,"publisher":{"@id":"https:\/\/21panorama.com\/#organization"},"image":{"@id":"https:\/\/21panorama.com\/index.php\/2022\/01\/21\/tenemos-que-rescatar-el-campo\/#primaryimage"},"thumbnailUrl":"https:\/\/21panorama.com\/wp-content\/uploads\/2022\/01\/9925583e-a7a7-4bdb-a59b-3cc66efb552e.jpeg","keywords":["Campo"],"articleSection":["Sociedad"],"inLanguage":"es","potentialAction":[{"@type":"CommentAction","name":"Comment","target":["https:\/\/21panorama.com\/index.php\/2022\/01\/21\/tenemos-que-rescatar-el-campo\/#respond"]}]},{"@type":"WebPage","@id":"https:\/\/21panorama.com\/index.php\/2022\/01\/21\/tenemos-que-rescatar-el-campo\/","url":"https:\/\/21panorama.com\/index.php\/2022\/01\/21\/tenemos-que-rescatar-el-campo\/","name":"TENEMOS QUE RESCATAR EL CAMPO - 21 Panorama","isPartOf":{"@id":"https:\/\/21panorama.com\/#website"},"primaryImageOfPage":{"@id":"https:\/\/21panorama.com\/index.php\/2022\/01\/21\/tenemos-que-rescatar-el-campo\/#primaryimage"},"image":{"@id":"https:\/\/21panorama.com\/index.php\/2022\/01\/21\/tenemos-que-rescatar-el-campo\/#primaryimage"},"thumbnailUrl":"https:\/\/21panorama.com\/wp-content\/uploads\/2022\/01\/9925583e-a7a7-4bdb-a59b-3cc66efb552e.jpeg","datePublished":"2022-01-21T19:05:57+00:00","dateModified":"2022-01-21T19:05:58+00:00","breadcrumb":{"@id":"https:\/\/21panorama.com\/index.php\/2022\/01\/21\/tenemos-que-rescatar-el-campo\/#breadcrumb"},"inLanguage":"es","potentialAction":[{"@type":"ReadAction","target":["https:\/\/21panorama.com\/index.php\/2022\/01\/21\/tenemos-que-rescatar-el-campo\/"]}]},{"@type":"ImageObject","inLanguage":"es","@id":"https:\/\/21panorama.com\/index.php\/2022\/01\/21\/tenemos-que-rescatar-el-campo\/#primaryimage","url":"https:\/\/21panorama.com\/wp-content\/uploads\/2022\/01\/9925583e-a7a7-4bdb-a59b-3cc66efb552e.jpeg","contentUrl":"https:\/\/21panorama.com\/wp-content\/uploads\/2022\/01\/9925583e-a7a7-4bdb-a59b-3cc66efb552e.jpeg","width":960,"height":541},{"@type":"BreadcrumbList","@id":"https:\/\/21panorama.com\/index.php\/2022\/01\/21\/tenemos-que-rescatar-el-campo\/#breadcrumb","itemListElement":[{"@type":"ListItem","position":1,"name":"Inicio","item":"https:\/\/21panorama.com\/"},{"@type":"ListItem","position":2,"name":"TENEMOS QUE RESCATAR EL CAMPO"}]},{"@type":"WebSite","@id":"https:\/\/21panorama.com\/#website","url":"https:\/\/21panorama.com\/","name":"21 Panorama","description":"La construcci\u00f3n de la opini\u00f3n p\u00fablica merece un mejor Panorama en este siglo 21 para alcanzar una sociedad con mayor transparencia y sin corrupci\u00f3n.","publisher":{"@id":"https:\/\/21panorama.com\/#organization"},"potentialAction":[{"@type":"SearchAction","target":{"@type":"EntryPoint","urlTemplate":"https:\/\/21panorama.com\/?s={search_term_string}"},"query-input":{"@type":"PropertyValueSpecification","valueRequired":true,"valueName":"search_term_string"}}],"inLanguage":"es"},{"@type":"Organization","@id":"https:\/\/21panorama.com\/#organization","name":"21 Panorama","url":"https:\/\/21panorama.com\/","logo":{"@type":"ImageObject","inLanguage":"es","@id":"https:\/\/21panorama.com\/#\/schema\/logo\/image\/","url":"https:\/\/21panorama.com\/wp-content\/uploads\/2019\/07\/cropped-Logo-Panorama-01.jpeg","contentUrl":"https:\/\/21panorama.com\/wp-content\/uploads\/2019\/07\/cropped-Logo-Panorama-01.jpeg","width":290,"height":70,"caption":"21 Panorama"},"image":{"@id":"https:\/\/21panorama.com\/#\/schema\/logo\/image\/"}},{"@type":"Person","@id":"https:\/\/21panorama.com\/#\/schema\/person\/1afc291b96d5792a158768324287319f","name":"admin","image":{"@type":"ImageObject","inLanguage":"es","@id":"https:\/\/21panorama.com\/#\/schema\/person\/image\/","url":"https:\/\/secure.gravatar.com\/avatar\/ad365d9d9f46719215b0d042cc3df92a5a8683e09ef13d102233e5491985f0f0?s=96&d=mm&r=g","contentUrl":"https:\/\/secure.gravatar.com\/avatar\/ad365d9d9f46719215b0d042cc3df92a5a8683e09ef13d102233e5491985f0f0?s=96&d=mm&r=g","caption":"admin"},"url":"https:\/\/21panorama.com\/index.php\/author\/admin\/"}]}},"_links":{"self":[{"href":"https:\/\/21panorama.com\/index.php\/wp-json\/wp\/v2\/posts\/3033","targetHints":{"allow":["GET"]}}],"collection":[{"href":"https:\/\/21panorama.com\/index.php\/wp-json\/wp\/v2\/posts"}],"about":[{"href":"https:\/\/21panorama.com\/index.php\/wp-json\/wp\/v2\/types\/post"}],"author":[{"embeddable":true,"href":"https:\/\/21panorama.com\/index.php\/wp-json\/wp\/v2\/users\/1"}],"replies":[{"embeddable":true,"href":"https:\/\/21panorama.com\/index.php\/wp-json\/wp\/v2\/comments?post=3033"}],"version-history":[{"count":1,"href":"https:\/\/21panorama.com\/index.php\/wp-json\/wp\/v2\/posts\/3033\/revisions"}],"predecessor-version":[{"id":3039,"href":"https:\/\/21panorama.com\/index.php\/wp-json\/wp\/v2\/posts\/3033\/revisions\/3039"}],"wp:featuredmedia":[{"embeddable":true,"href":"https:\/\/21panorama.com\/index.php\/wp-json\/wp\/v2\/media\/3034"}],"wp:attachment":[{"href":"https:\/\/21panorama.com\/index.php\/wp-json\/wp\/v2\/media?parent=3033"}],"wp:term":[{"taxonomy":"category","embeddable":true,"href":"https:\/\/21panorama.com\/index.php\/wp-json\/wp\/v2\/categories?post=3033"},{"taxonomy":"post_tag","embeddable":true,"href":"https:\/\/21panorama.com\/index.php\/wp-json\/wp\/v2\/tags?post=3033"}],"curies":[{"name":"wp","href":"https:\/\/api.w.org\/{rel}","templated":true}]}}