{"id":3023,"date":"2022-01-21T12:56:33","date_gmt":"2022-01-21T18:56:33","guid":{"rendered":"https:\/\/21panorama.com\/?p=3023"},"modified":"2022-01-21T12:56:35","modified_gmt":"2022-01-21T18:56:35","slug":"enriquece-la-cultura-mazahua-nuestra-identidad-mexiquense","status":"publish","type":"post","link":"https:\/\/21panorama.com\/index.php\/2022\/01\/21\/enriquece-la-cultura-mazahua-nuestra-identidad-mexiquense\/","title":{"rendered":"ENRIQUECE LA CULTURA MAZAHUA NUESTRA IDENTIDAD MEXIQUENSE"},"content":{"rendered":"\n<p>Las actividades art\u00edsticas que realizan las etnias deben ir m\u00e1s all\u00e1 de su lugar de origen porque es el soporte de nuestra cultura e identidad como mexiquenses, as\u00ed lo dejaron ver de forma conjunta el diputado federal Gustavo C\u00e1rdenas Monroy, el presidente municipal de Joccotitl\u00e1n Jes\u00fas Cedillo Gonz\u00e1lez y la vocal ejecutiva del CEDIPIEM Diana P\u00e9rez Barrag\u00e1n.<\/p>\n\n\n\n<p>Lo anterior en el marco de una Demostraci\u00f3n de Danza Mazahua donde se entregaron recursos en especie que les ser\u00e1n de gran utilidad a los beneficiarios en la preservaci\u00f3n de sus costumbres y tradiciones que forman parte insustituible de nuestras ra\u00edces.<\/p>\n\n\n\n<p>\u201cAqu\u00ed nadie se puede quedar fuera todos deben ser incluidos\u201d, dijo el diputado federal quien junto al alcalde agradecieron la presencia de la titular del Consejo Estatal Para el Desarrollo de los Pueblos Ind\u00edgenas del Estado de M\u00e9xico y reconocieron el apoyo del gobernador Alfredo Del Mazo Maza para esta regi\u00f3n y en particular para el los pueblos ind\u00edgenas.<\/p>\n\n\n\n<p>C\u00e1rdenas Monroy adem\u00e1s disculp\u00f3 la ausencia del Diputado Local Iv\u00e1n Esquer en el evento, pues se encuentra en el palacio legislativo estatal, luchando por el tema del presupuesto; al mismo tiempo el Diputado Federal puntualiz\u00f3 que el esquema &#8220;TRES DE TRES&#8221; no fue s\u00f3lo una estrategia de campa\u00f1a; pues hoy es una estrategia de suma de esfuerzos entre la diputaci\u00f3n federal, la diputaci\u00f3n local y la presidencia municipal que al recibir la respuesta del gobierno estatal, afortunadamente se complementa para cumplirle mejor a la gente de esta parte del norte mexiquense.<\/p>\n\n\n\n<h1 class=\"wp-block-heading\">gustavocardenas<\/h1>\n\n\n\n<figure class=\"wp-block-gallery columns-2 is-cropped wp-block-gallery-1 is-layout-flex wp-block-gallery-is-layout-flex\"><ul class=\"blocks-gallery-grid\"><li class=\"blocks-gallery-item\"><figure><img decoding=\"async\" width=\"1024\" height=\"768\" src=\"https:\/\/21panorama.com\/wp-content\/uploads\/2022\/01\/ea46ddfc-7488-46e0-a40d-e53243117b56.jpeg\" alt=\"\" data-id=\"3025\" data-link=\"https:\/\/21panorama.com\/?attachment_id=3025\" class=\"wp-image-3025\" srcset=\"https:\/\/21panorama.com\/wp-content\/uploads\/2022\/01\/ea46ddfc-7488-46e0-a40d-e53243117b56.jpeg 1024w, https:\/\/21panorama.com\/wp-content\/uploads\/2022\/01\/ea46ddfc-7488-46e0-a40d-e53243117b56-300x225.jpeg 300w, https:\/\/21panorama.com\/wp-content\/uploads\/2022\/01\/ea46ddfc-7488-46e0-a40d-e53243117b56-768x576.jpeg 768w\" sizes=\"(max-width: 1024px) 100vw, 1024px\" \/><\/figure><\/li><li class=\"blocks-gallery-item\"><figure><img decoding=\"async\" width=\"1024\" height=\"768\" src=\"https:\/\/21panorama.com\/wp-content\/uploads\/2022\/01\/132811b1-81f2-444a-a0d0-c1ee7106b41f.jpeg\" alt=\"\" data-id=\"3026\" data-full-url=\"https:\/\/21panorama.com\/wp-content\/uploads\/2022\/01\/132811b1-81f2-444a-a0d0-c1ee7106b41f.jpeg\" data-link=\"https:\/\/21panorama.com\/?attachment_id=3026\" class=\"wp-image-3026\" srcset=\"https:\/\/21panorama.com\/wp-content\/uploads\/2022\/01\/132811b1-81f2-444a-a0d0-c1ee7106b41f.jpeg 1024w, https:\/\/21panorama.com\/wp-content\/uploads\/2022\/01\/132811b1-81f2-444a-a0d0-c1ee7106b41f-300x225.jpeg 300w, https:\/\/21panorama.com\/wp-content\/uploads\/2022\/01\/132811b1-81f2-444a-a0d0-c1ee7106b41f-768x576.jpeg 768w\" sizes=\"(max-width: 1024px) 100vw, 1024px\" \/><\/figure><\/li><\/ul><\/figure>\n","protected":false},"excerpt":{"rendered":"<p>El diputado federal Gustavo C\u00e1rdenas Monroy destac\u00f3 la importancia de trabajar de la mano con los alcaldes y el gobierno del Estado de M\u00e9xico.  <\/p>\n","protected":false},"author":1,"featured_media":3024,"comment_status":"open","ping_status":"open","sticky":false,"template":"","format":"standard","meta":{"footnotes":""},"categories":[1],"tags":[184],"class_list":["post-3023","post","type-post","status-publish","format-standard","has-post-thumbnail","hentry","category-sociedad","tag-mazahua"],"yoast_head":"<!-- This site is optimized with the Yoast SEO plugin v24.9 - https:\/\/yoast.com\/wordpress\/plugins\/seo\/ -->\n<title>ENRIQUECE LA CULTURA MAZAHUA NUESTRA IDENTIDAD MEXIQUENSE - 21 Panorama<\/title>\n<meta name=\"robots\" content=\"index, follow, max-snippet:-1, max-image-preview:large, max-video-preview:-1\" \/>\n<link rel=\"canonical\" href=\"https:\/\/21panorama.com\/index.php\/2022\/01\/21\/enriquece-la-cultura-mazahua-nuestra-identidad-mexiquense\/\" \/>\n<meta property=\"og:locale\" content=\"es_MX\" \/>\n<meta property=\"og:type\" content=\"article\" \/>\n<meta property=\"og:title\" content=\"ENRIQUECE LA CULTURA MAZAHUA NUESTRA IDENTIDAD MEXIQUENSE - 21 Panorama\" \/>\n<meta property=\"og:description\" content=\"El diputado federal Gustavo C\u00e1rdenas Monroy destac\u00f3 la importancia de trabajar de la mano con los alcaldes y el gobierno del Estado de M\u00e9xico.\" \/>\n<meta property=\"og:url\" content=\"https:\/\/21panorama.com\/index.php\/2022\/01\/21\/enriquece-la-cultura-mazahua-nuestra-identidad-mexiquense\/\" \/>\n<meta property=\"og:site_name\" content=\"21 Panorama\" \/>\n<meta property=\"article:published_time\" content=\"2022-01-21T18:56:33+00:00\" \/>\n<meta property=\"article:modified_time\" content=\"2022-01-21T18:56:35+00:00\" \/>\n<meta property=\"og:image\" content=\"https:\/\/21panorama.com\/wp-content\/uploads\/2022\/01\/61076f32-87eb-45df-9fca-092be95d55aa.jpeg\" \/>\n\t<meta property=\"og:image:width\" content=\"1024\" \/>\n\t<meta property=\"og:image:height\" content=\"768\" \/>\n\t<meta property=\"og:image:type\" content=\"image\/jpeg\" \/>\n<meta name=\"author\" content=\"admin\" \/>\n<meta name=\"twitter:card\" content=\"summary_large_image\" \/>\n<meta name=\"twitter:label1\" content=\"Escrito por\" \/>\n\t<meta name=\"twitter:data1\" content=\"admin\" \/>\n\t<meta name=\"twitter:label2\" content=\"Tiempo de lectura\" \/>\n\t<meta name=\"twitter:data2\" content=\"2 minutos\" \/>\n<script type=\"application\/ld+json\" class=\"yoast-schema-graph\">{\"@context\":\"https:\/\/schema.org\",\"@graph\":[{\"@type\":\"Article\",\"@id\":\"https:\/\/21panorama.com\/index.php\/2022\/01\/21\/enriquece-la-cultura-mazahua-nuestra-identidad-mexiquense\/#article\",\"isPartOf\":{\"@id\":\"https:\/\/21panorama.com\/index.php\/2022\/01\/21\/enriquece-la-cultura-mazahua-nuestra-identidad-mexiquense\/\"},\"author\":{\"name\":\"admin\",\"@id\":\"https:\/\/21panorama.com\/#\/schema\/person\/1afc291b96d5792a158768324287319f\"},\"headline\":\"ENRIQUECE LA CULTURA MAZAHUA NUESTRA IDENTIDAD MEXIQUENSE\",\"datePublished\":\"2022-01-21T18:56:33+00:00\",\"dateModified\":\"2022-01-21T18:56:35+00:00\",\"mainEntityOfPage\":{\"@id\":\"https:\/\/21panorama.com\/index.php\/2022\/01\/21\/enriquece-la-cultura-mazahua-nuestra-identidad-mexiquense\/\"},\"wordCount\":279,\"commentCount\":0,\"publisher\":{\"@id\":\"https:\/\/21panorama.com\/#organization\"},\"image\":{\"@id\":\"https:\/\/21panorama.com\/index.php\/2022\/01\/21\/enriquece-la-cultura-mazahua-nuestra-identidad-mexiquense\/#primaryimage\"},\"thumbnailUrl\":\"https:\/\/21panorama.com\/wp-content\/uploads\/2022\/01\/61076f32-87eb-45df-9fca-092be95d55aa.jpeg\",\"keywords\":[\"Mazahua\"],\"articleSection\":[\"Sociedad\"],\"inLanguage\":\"es\",\"potentialAction\":[{\"@type\":\"CommentAction\",\"name\":\"Comment\",\"target\":[\"https:\/\/21panorama.com\/index.php\/2022\/01\/21\/enriquece-la-cultura-mazahua-nuestra-identidad-mexiquense\/#respond\"]}]},{\"@type\":\"WebPage\",\"@id\":\"https:\/\/21panorama.com\/index.php\/2022\/01\/21\/enriquece-la-cultura-mazahua-nuestra-identidad-mexiquense\/\",\"url\":\"https:\/\/21panorama.com\/index.php\/2022\/01\/21\/enriquece-la-cultura-mazahua-nuestra-identidad-mexiquense\/\",\"name\":\"ENRIQUECE LA CULTURA MAZAHUA NUESTRA IDENTIDAD MEXIQUENSE - 21 Panorama\",\"isPartOf\":{\"@id\":\"https:\/\/21panorama.com\/#website\"},\"primaryImageOfPage\":{\"@id\":\"https:\/\/21panorama.com\/index.php\/2022\/01\/21\/enriquece-la-cultura-mazahua-nuestra-identidad-mexiquense\/#primaryimage\"},\"image\":{\"@id\":\"https:\/\/21panorama.com\/index.php\/2022\/01\/21\/enriquece-la-cultura-mazahua-nuestra-identidad-mexiquense\/#primaryimage\"},\"thumbnailUrl\":\"https:\/\/21panorama.com\/wp-content\/uploads\/2022\/01\/61076f32-87eb-45df-9fca-092be95d55aa.jpeg\",\"datePublished\":\"2022-01-21T18:56:33+00:00\",\"dateModified\":\"2022-01-21T18:56:35+00:00\",\"breadcrumb\":{\"@id\":\"https:\/\/21panorama.com\/index.php\/2022\/01\/21\/enriquece-la-cultura-mazahua-nuestra-identidad-mexiquense\/#breadcrumb\"},\"inLanguage\":\"es\",\"potentialAction\":[{\"@type\":\"ReadAction\",\"target\":[\"https:\/\/21panorama.com\/index.php\/2022\/01\/21\/enriquece-la-cultura-mazahua-nuestra-identidad-mexiquense\/\"]}]},{\"@type\":\"ImageObject\",\"inLanguage\":\"es\",\"@id\":\"https:\/\/21panorama.com\/index.php\/2022\/01\/21\/enriquece-la-cultura-mazahua-nuestra-identidad-mexiquense\/#primaryimage\",\"url\":\"https:\/\/21panorama.com\/wp-content\/uploads\/2022\/01\/61076f32-87eb-45df-9fca-092be95d55aa.jpeg\",\"contentUrl\":\"https:\/\/21panorama.com\/wp-content\/uploads\/2022\/01\/61076f32-87eb-45df-9fca-092be95d55aa.jpeg\",\"width\":1024,\"height\":768},{\"@type\":\"BreadcrumbList\",\"@id\":\"https:\/\/21panorama.com\/index.php\/2022\/01\/21\/enriquece-la-cultura-mazahua-nuestra-identidad-mexiquense\/#breadcrumb\",\"itemListElement\":[{\"@type\":\"ListItem\",\"position\":1,\"name\":\"Inicio\",\"item\":\"https:\/\/21panorama.com\/\"},{\"@type\":\"ListItem\",\"position\":2,\"name\":\"ENRIQUECE LA CULTURA MAZAHUA NUESTRA IDENTIDAD MEXIQUENSE\"}]},{\"@type\":\"WebSite\",\"@id\":\"https:\/\/21panorama.com\/#website\",\"url\":\"https:\/\/21panorama.com\/\",\"name\":\"21 Panorama\",\"description\":\"La construcci\u00f3n de la opini\u00f3n p\u00fablica merece un mejor Panorama en este siglo 21 para alcanzar una sociedad con mayor transparencia y sin corrupci\u00f3n.\",\"publisher\":{\"@id\":\"https:\/\/21panorama.com\/#organization\"},\"potentialAction\":[{\"@type\":\"SearchAction\",\"target\":{\"@type\":\"EntryPoint\",\"urlTemplate\":\"https:\/\/21panorama.com\/?s={search_term_string}\"},\"query-input\":{\"@type\":\"PropertyValueSpecification\",\"valueRequired\":true,\"valueName\":\"search_term_string\"}}],\"inLanguage\":\"es\"},{\"@type\":\"Organization\",\"@id\":\"https:\/\/21panorama.com\/#organization\",\"name\":\"21 Panorama\",\"url\":\"https:\/\/21panorama.com\/\",\"logo\":{\"@type\":\"ImageObject\",\"inLanguage\":\"es\",\"@id\":\"https:\/\/21panorama.com\/#\/schema\/logo\/image\/\",\"url\":\"https:\/\/21panorama.com\/wp-content\/uploads\/2019\/07\/cropped-Logo-Panorama-01.jpeg\",\"contentUrl\":\"https:\/\/21panorama.com\/wp-content\/uploads\/2019\/07\/cropped-Logo-Panorama-01.jpeg\",\"width\":290,\"height\":70,\"caption\":\"21 Panorama\"},\"image\":{\"@id\":\"https:\/\/21panorama.com\/#\/schema\/logo\/image\/\"}},{\"@type\":\"Person\",\"@id\":\"https:\/\/21panorama.com\/#\/schema\/person\/1afc291b96d5792a158768324287319f\",\"name\":\"admin\",\"image\":{\"@type\":\"ImageObject\",\"inLanguage\":\"es\",\"@id\":\"https:\/\/21panorama.com\/#\/schema\/person\/image\/\",\"url\":\"https:\/\/secure.gravatar.com\/avatar\/ad365d9d9f46719215b0d042cc3df92a5a8683e09ef13d102233e5491985f0f0?s=96&d=mm&r=g\",\"contentUrl\":\"https:\/\/secure.gravatar.com\/avatar\/ad365d9d9f46719215b0d042cc3df92a5a8683e09ef13d102233e5491985f0f0?s=96&d=mm&r=g\",\"caption\":\"admin\"},\"url\":\"https:\/\/21panorama.com\/index.php\/author\/admin\/\"}]}<\/script>\n<!-- \/ Yoast SEO plugin. -->","yoast_head_json":{"title":"ENRIQUECE LA CULTURA MAZAHUA NUESTRA IDENTIDAD MEXIQUENSE - 21 Panorama","robots":{"index":"index","follow":"follow","max-snippet":"max-snippet:-1","max-image-preview":"max-image-preview:large","max-video-preview":"max-video-preview:-1"},"canonical":"https:\/\/21panorama.com\/index.php\/2022\/01\/21\/enriquece-la-cultura-mazahua-nuestra-identidad-mexiquense\/","og_locale":"es_MX","og_type":"article","og_title":"ENRIQUECE LA CULTURA MAZAHUA NUESTRA IDENTIDAD MEXIQUENSE - 21 Panorama","og_description":"El diputado federal Gustavo C\u00e1rdenas Monroy destac\u00f3 la importancia de trabajar de la mano con los alcaldes y el gobierno del Estado de M\u00e9xico.","og_url":"https:\/\/21panorama.com\/index.php\/2022\/01\/21\/enriquece-la-cultura-mazahua-nuestra-identidad-mexiquense\/","og_site_name":"21 Panorama","article_published_time":"2022-01-21T18:56:33+00:00","article_modified_time":"2022-01-21T18:56:35+00:00","og_image":[{"width":1024,"height":768,"url":"https:\/\/21panorama.com\/wp-content\/uploads\/2022\/01\/61076f32-87eb-45df-9fca-092be95d55aa.jpeg","type":"image\/jpeg"}],"author":"admin","twitter_card":"summary_large_image","twitter_misc":{"Escrito por":"admin","Tiempo de lectura":"2 minutos"},"schema":{"@context":"https:\/\/schema.org","@graph":[{"@type":"Article","@id":"https:\/\/21panorama.com\/index.php\/2022\/01\/21\/enriquece-la-cultura-mazahua-nuestra-identidad-mexiquense\/#article","isPartOf":{"@id":"https:\/\/21panorama.com\/index.php\/2022\/01\/21\/enriquece-la-cultura-mazahua-nuestra-identidad-mexiquense\/"},"author":{"name":"admin","@id":"https:\/\/21panorama.com\/#\/schema\/person\/1afc291b96d5792a158768324287319f"},"headline":"ENRIQUECE LA CULTURA MAZAHUA NUESTRA IDENTIDAD MEXIQUENSE","datePublished":"2022-01-21T18:56:33+00:00","dateModified":"2022-01-21T18:56:35+00:00","mainEntityOfPage":{"@id":"https:\/\/21panorama.com\/index.php\/2022\/01\/21\/enriquece-la-cultura-mazahua-nuestra-identidad-mexiquense\/"},"wordCount":279,"commentCount":0,"publisher":{"@id":"https:\/\/21panorama.com\/#organization"},"image":{"@id":"https:\/\/21panorama.com\/index.php\/2022\/01\/21\/enriquece-la-cultura-mazahua-nuestra-identidad-mexiquense\/#primaryimage"},"thumbnailUrl":"https:\/\/21panorama.com\/wp-content\/uploads\/2022\/01\/61076f32-87eb-45df-9fca-092be95d55aa.jpeg","keywords":["Mazahua"],"articleSection":["Sociedad"],"inLanguage":"es","potentialAction":[{"@type":"CommentAction","name":"Comment","target":["https:\/\/21panorama.com\/index.php\/2022\/01\/21\/enriquece-la-cultura-mazahua-nuestra-identidad-mexiquense\/#respond"]}]},{"@type":"WebPage","@id":"https:\/\/21panorama.com\/index.php\/2022\/01\/21\/enriquece-la-cultura-mazahua-nuestra-identidad-mexiquense\/","url":"https:\/\/21panorama.com\/index.php\/2022\/01\/21\/enriquece-la-cultura-mazahua-nuestra-identidad-mexiquense\/","name":"ENRIQUECE LA CULTURA MAZAHUA NUESTRA IDENTIDAD MEXIQUENSE - 21 Panorama","isPartOf":{"@id":"https:\/\/21panorama.com\/#website"},"primaryImageOfPage":{"@id":"https:\/\/21panorama.com\/index.php\/2022\/01\/21\/enriquece-la-cultura-mazahua-nuestra-identidad-mexiquense\/#primaryimage"},"image":{"@id":"https:\/\/21panorama.com\/index.php\/2022\/01\/21\/enriquece-la-cultura-mazahua-nuestra-identidad-mexiquense\/#primaryimage"},"thumbnailUrl":"https:\/\/21panorama.com\/wp-content\/uploads\/2022\/01\/61076f32-87eb-45df-9fca-092be95d55aa.jpeg","datePublished":"2022-01-21T18:56:33+00:00","dateModified":"2022-01-21T18:56:35+00:00","breadcrumb":{"@id":"https:\/\/21panorama.com\/index.php\/2022\/01\/21\/enriquece-la-cultura-mazahua-nuestra-identidad-mexiquense\/#breadcrumb"},"inLanguage":"es","potentialAction":[{"@type":"ReadAction","target":["https:\/\/21panorama.com\/index.php\/2022\/01\/21\/enriquece-la-cultura-mazahua-nuestra-identidad-mexiquense\/"]}]},{"@type":"ImageObject","inLanguage":"es","@id":"https:\/\/21panorama.com\/index.php\/2022\/01\/21\/enriquece-la-cultura-mazahua-nuestra-identidad-mexiquense\/#primaryimage","url":"https:\/\/21panorama.com\/wp-content\/uploads\/2022\/01\/61076f32-87eb-45df-9fca-092be95d55aa.jpeg","contentUrl":"https:\/\/21panorama.com\/wp-content\/uploads\/2022\/01\/61076f32-87eb-45df-9fca-092be95d55aa.jpeg","width":1024,"height":768},{"@type":"BreadcrumbList","@id":"https:\/\/21panorama.com\/index.php\/2022\/01\/21\/enriquece-la-cultura-mazahua-nuestra-identidad-mexiquense\/#breadcrumb","itemListElement":[{"@type":"ListItem","position":1,"name":"Inicio","item":"https:\/\/21panorama.com\/"},{"@type":"ListItem","position":2,"name":"ENRIQUECE LA CULTURA MAZAHUA NUESTRA IDENTIDAD MEXIQUENSE"}]},{"@type":"WebSite","@id":"https:\/\/21panorama.com\/#website","url":"https:\/\/21panorama.com\/","name":"21 Panorama","description":"La construcci\u00f3n de la opini\u00f3n p\u00fablica merece un mejor Panorama en este siglo 21 para alcanzar una sociedad con mayor transparencia y sin corrupci\u00f3n.","publisher":{"@id":"https:\/\/21panorama.com\/#organization"},"potentialAction":[{"@type":"SearchAction","target":{"@type":"EntryPoint","urlTemplate":"https:\/\/21panorama.com\/?s={search_term_string}"},"query-input":{"@type":"PropertyValueSpecification","valueRequired":true,"valueName":"search_term_string"}}],"inLanguage":"es"},{"@type":"Organization","@id":"https:\/\/21panorama.com\/#organization","name":"21 Panorama","url":"https:\/\/21panorama.com\/","logo":{"@type":"ImageObject","inLanguage":"es","@id":"https:\/\/21panorama.com\/#\/schema\/logo\/image\/","url":"https:\/\/21panorama.com\/wp-content\/uploads\/2019\/07\/cropped-Logo-Panorama-01.jpeg","contentUrl":"https:\/\/21panorama.com\/wp-content\/uploads\/2019\/07\/cropped-Logo-Panorama-01.jpeg","width":290,"height":70,"caption":"21 Panorama"},"image":{"@id":"https:\/\/21panorama.com\/#\/schema\/logo\/image\/"}},{"@type":"Person","@id":"https:\/\/21panorama.com\/#\/schema\/person\/1afc291b96d5792a158768324287319f","name":"admin","image":{"@type":"ImageObject","inLanguage":"es","@id":"https:\/\/21panorama.com\/#\/schema\/person\/image\/","url":"https:\/\/secure.gravatar.com\/avatar\/ad365d9d9f46719215b0d042cc3df92a5a8683e09ef13d102233e5491985f0f0?s=96&d=mm&r=g","contentUrl":"https:\/\/secure.gravatar.com\/avatar\/ad365d9d9f46719215b0d042cc3df92a5a8683e09ef13d102233e5491985f0f0?s=96&d=mm&r=g","caption":"admin"},"url":"https:\/\/21panorama.com\/index.php\/author\/admin\/"}]}},"_links":{"self":[{"href":"https:\/\/21panorama.com\/index.php\/wp-json\/wp\/v2\/posts\/3023","targetHints":{"allow":["GET"]}}],"collection":[{"href":"https:\/\/21panorama.com\/index.php\/wp-json\/wp\/v2\/posts"}],"about":[{"href":"https:\/\/21panorama.com\/index.php\/wp-json\/wp\/v2\/types\/post"}],"author":[{"embeddable":true,"href":"https:\/\/21panorama.com\/index.php\/wp-json\/wp\/v2\/users\/1"}],"replies":[{"embeddable":true,"href":"https:\/\/21panorama.com\/index.php\/wp-json\/wp\/v2\/comments?post=3023"}],"version-history":[{"count":1,"href":"https:\/\/21panorama.com\/index.php\/wp-json\/wp\/v2\/posts\/3023\/revisions"}],"predecessor-version":[{"id":3027,"href":"https:\/\/21panorama.com\/index.php\/wp-json\/wp\/v2\/posts\/3023\/revisions\/3027"}],"wp:featuredmedia":[{"embeddable":true,"href":"https:\/\/21panorama.com\/index.php\/wp-json\/wp\/v2\/media\/3024"}],"wp:attachment":[{"href":"https:\/\/21panorama.com\/index.php\/wp-json\/wp\/v2\/media?parent=3023"}],"wp:term":[{"taxonomy":"category","embeddable":true,"href":"https:\/\/21panorama.com\/index.php\/wp-json\/wp\/v2\/categories?post=3023"},{"taxonomy":"post_tag","embeddable":true,"href":"https:\/\/21panorama.com\/index.php\/wp-json\/wp\/v2\/tags?post=3023"}],"curies":[{"name":"wp","href":"https:\/\/api.w.org\/{rel}","templated":true}]}}