{"id":3017,"date":"2022-01-20T12:03:58","date_gmt":"2022-01-20T18:03:58","guid":{"rendered":"https:\/\/21panorama.com\/?p=3017"},"modified":"2022-01-20T12:03:59","modified_gmt":"2022-01-20T18:03:59","slug":"en-metepec-habra-cero-tolerancia-a-la-desigualdad-y-la-violencia-contra-la-mujer-fernando-flores","status":"publish","type":"post","link":"https:\/\/21panorama.com\/index.php\/2022\/01\/20\/en-metepec-habra-cero-tolerancia-a-la-desigualdad-y-la-violencia-contra-la-mujer-fernando-flores\/","title":{"rendered":"EN METEPEC HABR\u00c1 CERO TOLERANCIA A LA DESIGUALDAD Y LA VIOLENCIA CONTRA LA MUJER: FERNANDO FLORES"},"content":{"rendered":"\n<p>El presidente municipal de Metepec, Fernando Flores Fern\u00e1ndez, asegur\u00f3 que en su gobierno habr\u00e1 cero tolerancia a la desigualdad, la discriminaci\u00f3n y la violencia contra las mujeres y sectores vulnerables.<\/p>\n\n\n\n<p>Lo anterior, se dio en el marco de la Firma de Convenio de Colaboraci\u00f3n para la Presentaci\u00f3n de Servicios Especializados a Mujeres Metepequenses en Materia de Transversalizaci\u00f3n de la Perspectiva de G\u00e9nero.<\/p>\n\n\n\n<p>El alcalde, se pronunci\u00f3 por erradicar las conductas que laceran la integridad f\u00edsica y emocional de las personas, sobre todo de las mujeres, quienes, a la fecha, lastimosamente son el sector de la poblaci\u00f3n que registra el mayor n\u00famero de casos de agresi\u00f3n.<\/p>\n\n\n\n<p>En el acto, estuvieron presentes la Secretaria de la Mujer del Gobierno Estatal, Mar\u00eda Isabel S\u00e1nchez Holgu\u00edn; la presidenta honoraria del Sistema Municipal DIF (SMDIF) de Metepec, Ira\u00ed Albarr\u00e1n Segura; la titular del Sistema Integral de Protecci\u00f3n de Ni\u00f1as, Ni\u00f1os y Adolescentes (SIPINNA) Olga Esquivel Hern\u00e1ndez y la Directora de Igualdad de G\u00e9nero de la demarcaci\u00f3n, Esmeralda Isabel de Luna S\u00e1nchez.<\/p>\n\n\n\n<p>La presidenta del SMDIF, Ira\u00ed Albarr\u00e1n, destac\u00f3 que, \u201choy ponemos nuestra firma en un documento que lleva en sus entra\u00f1as una \u00fanica raz\u00f3n, un solo objetivo: proteger, cuidar, procurar a sectores que hist\u00f3ricamente han sido vulnerados, violentados, es un compromiso de solidaridad, de responsabilidad y de inter\u00e9s\u201d.<\/p>\n\n\n\n<p>La Secretaria de la Mujer, Isabel S\u00e1nchez Holgu\u00edn, felicit\u00f3 al presidente municipal por integrar en su gabinete, de forma equitativa a mujeres y hombres que trabajan por el desarrollo del municipio.<\/p>\n\n\n\n<p>Hoy, se refrenda en Metepec, dijo la funcionaria estatal, el compromiso por mejorar las condiciones de la poblaci\u00f3n, de que los hombres y mujeres tengan las mismas oportunidades, de fortalecer la las acciones conjuntas de sensibilizaci\u00f3n y posteriormente se transmita entre los servidores p\u00fablicos que tienen el primer contacto con la sociedad.<\/p>\n\n\n\n<figure class=\"wp-block-gallery columns-3 is-cropped wp-block-gallery-1 is-layout-flex wp-block-gallery-is-layout-flex\"><ul class=\"blocks-gallery-grid\"><li class=\"blocks-gallery-item\"><figure><img decoding=\"async\" width=\"1024\" height=\"682\" src=\"https:\/\/21panorama.com\/wp-content\/uploads\/2022\/01\/78617892-4356-4c46-9d8a-f476eba09a11-1024x682.jpeg\" alt=\"\" data-id=\"3019\" data-link=\"https:\/\/21panorama.com\/?attachment_id=3019\" class=\"wp-image-3019\" srcset=\"https:\/\/21panorama.com\/wp-content\/uploads\/2022\/01\/78617892-4356-4c46-9d8a-f476eba09a11-1024x682.jpeg 1024w, https:\/\/21panorama.com\/wp-content\/uploads\/2022\/01\/78617892-4356-4c46-9d8a-f476eba09a11-300x200.jpeg 300w, https:\/\/21panorama.com\/wp-content\/uploads\/2022\/01\/78617892-4356-4c46-9d8a-f476eba09a11-768x512.jpeg 768w, https:\/\/21panorama.com\/wp-content\/uploads\/2022\/01\/78617892-4356-4c46-9d8a-f476eba09a11.jpeg 1280w\" sizes=\"(max-width: 1024px) 100vw, 1024px\" \/><\/figure><\/li><li class=\"blocks-gallery-item\"><figure><img decoding=\"async\" width=\"1024\" height=\"682\" src=\"https:\/\/21panorama.com\/wp-content\/uploads\/2022\/01\/120fece8-f3a1-48e3-94e6-1ee52054f90b-1024x682.jpeg\" alt=\"\" data-id=\"3020\" data-link=\"https:\/\/21panorama.com\/?attachment_id=3020\" class=\"wp-image-3020\" srcset=\"https:\/\/21panorama.com\/wp-content\/uploads\/2022\/01\/120fece8-f3a1-48e3-94e6-1ee52054f90b-1024x682.jpeg 1024w, https:\/\/21panorama.com\/wp-content\/uploads\/2022\/01\/120fece8-f3a1-48e3-94e6-1ee52054f90b-300x200.jpeg 300w, https:\/\/21panorama.com\/wp-content\/uploads\/2022\/01\/120fece8-f3a1-48e3-94e6-1ee52054f90b-768x512.jpeg 768w, https:\/\/21panorama.com\/wp-content\/uploads\/2022\/01\/120fece8-f3a1-48e3-94e6-1ee52054f90b.jpeg 1280w\" sizes=\"(max-width: 1024px) 100vw, 1024px\" \/><\/figure><\/li><li class=\"blocks-gallery-item\"><figure><img decoding=\"async\" width=\"1024\" height=\"682\" src=\"https:\/\/21panorama.com\/wp-content\/uploads\/2022\/01\/fa770f68-628b-4bf5-8e03-8675d025bb90-1024x682.jpeg\" alt=\"\" data-id=\"3021\" data-full-url=\"https:\/\/21panorama.com\/wp-content\/uploads\/2022\/01\/fa770f68-628b-4bf5-8e03-8675d025bb90.jpeg\" data-link=\"https:\/\/21panorama.com\/?attachment_id=3021\" class=\"wp-image-3021\" srcset=\"https:\/\/21panorama.com\/wp-content\/uploads\/2022\/01\/fa770f68-628b-4bf5-8e03-8675d025bb90-1024x682.jpeg 1024w, https:\/\/21panorama.com\/wp-content\/uploads\/2022\/01\/fa770f68-628b-4bf5-8e03-8675d025bb90-300x200.jpeg 300w, https:\/\/21panorama.com\/wp-content\/uploads\/2022\/01\/fa770f68-628b-4bf5-8e03-8675d025bb90-768x512.jpeg 768w, https:\/\/21panorama.com\/wp-content\/uploads\/2022\/01\/fa770f68-628b-4bf5-8e03-8675d025bb90.jpeg 1280w\" sizes=\"(max-width: 1024px) 100vw, 1024px\" \/><\/figure><\/li><\/ul><\/figure>\n","protected":false},"excerpt":{"rendered":"<p>Con pol\u00edtica transversal de igualdad, trabajar\u00e1n Ayuntamiento y Gobierno del Estado para garantizar los derechos de las mujeres y de sectores vulnerables.   <\/p>\n","protected":false},"author":1,"featured_media":3018,"comment_status":"open","ping_status":"open","sticky":false,"template":"","format":"standard","meta":{"footnotes":""},"categories":[1],"tags":[77],"class_list":["post-3017","post","type-post","status-publish","format-standard","has-post-thumbnail","hentry","category-sociedad","tag-metepec"],"yoast_head":"<!-- This site is optimized with the Yoast SEO plugin v24.9 - https:\/\/yoast.com\/wordpress\/plugins\/seo\/ -->\n<title>EN METEPEC HABR\u00c1 CERO TOLERANCIA A LA DESIGUALDAD Y LA VIOLENCIA CONTRA LA MUJER: FERNANDO FLORES - 21 Panorama<\/title>\n<meta name=\"robots\" content=\"index, follow, max-snippet:-1, max-image-preview:large, max-video-preview:-1\" \/>\n<link rel=\"canonical\" href=\"https:\/\/21panorama.com\/index.php\/2022\/01\/20\/en-metepec-habra-cero-tolerancia-a-la-desigualdad-y-la-violencia-contra-la-mujer-fernando-flores\/\" \/>\n<meta property=\"og:locale\" content=\"es_MX\" \/>\n<meta property=\"og:type\" content=\"article\" \/>\n<meta property=\"og:title\" content=\"EN METEPEC HABR\u00c1 CERO TOLERANCIA A LA DESIGUALDAD Y LA VIOLENCIA CONTRA LA MUJER: FERNANDO FLORES - 21 Panorama\" \/>\n<meta property=\"og:description\" content=\"Con pol\u00edtica transversal de igualdad, trabajar\u00e1n Ayuntamiento y Gobierno del Estado para garantizar los derechos de las mujeres y de sectores vulnerables.\" \/>\n<meta property=\"og:url\" content=\"https:\/\/21panorama.com\/index.php\/2022\/01\/20\/en-metepec-habra-cero-tolerancia-a-la-desigualdad-y-la-violencia-contra-la-mujer-fernando-flores\/\" \/>\n<meta property=\"og:site_name\" content=\"21 Panorama\" \/>\n<meta property=\"article:published_time\" content=\"2022-01-20T18:03:58+00:00\" \/>\n<meta property=\"article:modified_time\" content=\"2022-01-20T18:03:59+00:00\" \/>\n<meta property=\"og:image\" content=\"https:\/\/21panorama.com\/wp-content\/uploads\/2022\/01\/ddd44e21-8c69-4d1f-b227-8b9dda638b89.jpeg\" \/>\n\t<meta property=\"og:image:width\" content=\"1280\" \/>\n\t<meta property=\"og:image:height\" content=\"853\" \/>\n\t<meta property=\"og:image:type\" content=\"image\/jpeg\" \/>\n<meta name=\"author\" content=\"admin\" \/>\n<meta name=\"twitter:card\" content=\"summary_large_image\" \/>\n<meta name=\"twitter:label1\" content=\"Escrito por\" \/>\n\t<meta name=\"twitter:data1\" content=\"admin\" \/>\n\t<meta name=\"twitter:label2\" content=\"Tiempo de lectura\" \/>\n\t<meta name=\"twitter:data2\" content=\"2 minutos\" \/>\n<script type=\"application\/ld+json\" class=\"yoast-schema-graph\">{\"@context\":\"https:\/\/schema.org\",\"@graph\":[{\"@type\":\"Article\",\"@id\":\"https:\/\/21panorama.com\/index.php\/2022\/01\/20\/en-metepec-habra-cero-tolerancia-a-la-desigualdad-y-la-violencia-contra-la-mujer-fernando-flores\/#article\",\"isPartOf\":{\"@id\":\"https:\/\/21panorama.com\/index.php\/2022\/01\/20\/en-metepec-habra-cero-tolerancia-a-la-desigualdad-y-la-violencia-contra-la-mujer-fernando-flores\/\"},\"author\":{\"name\":\"admin\",\"@id\":\"https:\/\/21panorama.com\/#\/schema\/person\/1afc291b96d5792a158768324287319f\"},\"headline\":\"EN METEPEC HABR\u00c1 CERO TOLERANCIA A LA DESIGUALDAD Y LA VIOLENCIA CONTRA LA MUJER: FERNANDO FLORES\",\"datePublished\":\"2022-01-20T18:03:58+00:00\",\"dateModified\":\"2022-01-20T18:03:59+00:00\",\"mainEntityOfPage\":{\"@id\":\"https:\/\/21panorama.com\/index.php\/2022\/01\/20\/en-metepec-habra-cero-tolerancia-a-la-desigualdad-y-la-violencia-contra-la-mujer-fernando-flores\/\"},\"wordCount\":343,\"commentCount\":0,\"publisher\":{\"@id\":\"https:\/\/21panorama.com\/#organization\"},\"image\":{\"@id\":\"https:\/\/21panorama.com\/index.php\/2022\/01\/20\/en-metepec-habra-cero-tolerancia-a-la-desigualdad-y-la-violencia-contra-la-mujer-fernando-flores\/#primaryimage\"},\"thumbnailUrl\":\"https:\/\/21panorama.com\/wp-content\/uploads\/2022\/01\/ddd44e21-8c69-4d1f-b227-8b9dda638b89.jpeg\",\"keywords\":[\"Metepec\"],\"articleSection\":[\"Sociedad\"],\"inLanguage\":\"es\",\"potentialAction\":[{\"@type\":\"CommentAction\",\"name\":\"Comment\",\"target\":[\"https:\/\/21panorama.com\/index.php\/2022\/01\/20\/en-metepec-habra-cero-tolerancia-a-la-desigualdad-y-la-violencia-contra-la-mujer-fernando-flores\/#respond\"]}]},{\"@type\":\"WebPage\",\"@id\":\"https:\/\/21panorama.com\/index.php\/2022\/01\/20\/en-metepec-habra-cero-tolerancia-a-la-desigualdad-y-la-violencia-contra-la-mujer-fernando-flores\/\",\"url\":\"https:\/\/21panorama.com\/index.php\/2022\/01\/20\/en-metepec-habra-cero-tolerancia-a-la-desigualdad-y-la-violencia-contra-la-mujer-fernando-flores\/\",\"name\":\"EN METEPEC HABR\u00c1 CERO TOLERANCIA A LA DESIGUALDAD Y LA VIOLENCIA CONTRA LA MUJER: FERNANDO FLORES - 21 Panorama\",\"isPartOf\":{\"@id\":\"https:\/\/21panorama.com\/#website\"},\"primaryImageOfPage\":{\"@id\":\"https:\/\/21panorama.com\/index.php\/2022\/01\/20\/en-metepec-habra-cero-tolerancia-a-la-desigualdad-y-la-violencia-contra-la-mujer-fernando-flores\/#primaryimage\"},\"image\":{\"@id\":\"https:\/\/21panorama.com\/index.php\/2022\/01\/20\/en-metepec-habra-cero-tolerancia-a-la-desigualdad-y-la-violencia-contra-la-mujer-fernando-flores\/#primaryimage\"},\"thumbnailUrl\":\"https:\/\/21panorama.com\/wp-content\/uploads\/2022\/01\/ddd44e21-8c69-4d1f-b227-8b9dda638b89.jpeg\",\"datePublished\":\"2022-01-20T18:03:58+00:00\",\"dateModified\":\"2022-01-20T18:03:59+00:00\",\"breadcrumb\":{\"@id\":\"https:\/\/21panorama.com\/index.php\/2022\/01\/20\/en-metepec-habra-cero-tolerancia-a-la-desigualdad-y-la-violencia-contra-la-mujer-fernando-flores\/#breadcrumb\"},\"inLanguage\":\"es\",\"potentialAction\":[{\"@type\":\"ReadAction\",\"target\":[\"https:\/\/21panorama.com\/index.php\/2022\/01\/20\/en-metepec-habra-cero-tolerancia-a-la-desigualdad-y-la-violencia-contra-la-mujer-fernando-flores\/\"]}]},{\"@type\":\"ImageObject\",\"inLanguage\":\"es\",\"@id\":\"https:\/\/21panorama.com\/index.php\/2022\/01\/20\/en-metepec-habra-cero-tolerancia-a-la-desigualdad-y-la-violencia-contra-la-mujer-fernando-flores\/#primaryimage\",\"url\":\"https:\/\/21panorama.com\/wp-content\/uploads\/2022\/01\/ddd44e21-8c69-4d1f-b227-8b9dda638b89.jpeg\",\"contentUrl\":\"https:\/\/21panorama.com\/wp-content\/uploads\/2022\/01\/ddd44e21-8c69-4d1f-b227-8b9dda638b89.jpeg\",\"width\":1280,\"height\":853},{\"@type\":\"BreadcrumbList\",\"@id\":\"https:\/\/21panorama.com\/index.php\/2022\/01\/20\/en-metepec-habra-cero-tolerancia-a-la-desigualdad-y-la-violencia-contra-la-mujer-fernando-flores\/#breadcrumb\",\"itemListElement\":[{\"@type\":\"ListItem\",\"position\":1,\"name\":\"Inicio\",\"item\":\"https:\/\/21panorama.com\/\"},{\"@type\":\"ListItem\",\"position\":2,\"name\":\"EN METEPEC HABR\u00c1 CERO TOLERANCIA A LA DESIGUALDAD Y LA VIOLENCIA CONTRA LA MUJER: FERNANDO FLORES\"}]},{\"@type\":\"WebSite\",\"@id\":\"https:\/\/21panorama.com\/#website\",\"url\":\"https:\/\/21panorama.com\/\",\"name\":\"21 Panorama\",\"description\":\"La construcci\u00f3n de la opini\u00f3n p\u00fablica merece un mejor Panorama en este siglo 21 para alcanzar una sociedad con mayor transparencia y sin corrupci\u00f3n.\",\"publisher\":{\"@id\":\"https:\/\/21panorama.com\/#organization\"},\"potentialAction\":[{\"@type\":\"SearchAction\",\"target\":{\"@type\":\"EntryPoint\",\"urlTemplate\":\"https:\/\/21panorama.com\/?s={search_term_string}\"},\"query-input\":{\"@type\":\"PropertyValueSpecification\",\"valueRequired\":true,\"valueName\":\"search_term_string\"}}],\"inLanguage\":\"es\"},{\"@type\":\"Organization\",\"@id\":\"https:\/\/21panorama.com\/#organization\",\"name\":\"21 Panorama\",\"url\":\"https:\/\/21panorama.com\/\",\"logo\":{\"@type\":\"ImageObject\",\"inLanguage\":\"es\",\"@id\":\"https:\/\/21panorama.com\/#\/schema\/logo\/image\/\",\"url\":\"https:\/\/21panorama.com\/wp-content\/uploads\/2019\/07\/cropped-Logo-Panorama-01.jpeg\",\"contentUrl\":\"https:\/\/21panorama.com\/wp-content\/uploads\/2019\/07\/cropped-Logo-Panorama-01.jpeg\",\"width\":290,\"height\":70,\"caption\":\"21 Panorama\"},\"image\":{\"@id\":\"https:\/\/21panorama.com\/#\/schema\/logo\/image\/\"}},{\"@type\":\"Person\",\"@id\":\"https:\/\/21panorama.com\/#\/schema\/person\/1afc291b96d5792a158768324287319f\",\"name\":\"admin\",\"image\":{\"@type\":\"ImageObject\",\"inLanguage\":\"es\",\"@id\":\"https:\/\/21panorama.com\/#\/schema\/person\/image\/\",\"url\":\"https:\/\/secure.gravatar.com\/avatar\/ad365d9d9f46719215b0d042cc3df92a5a8683e09ef13d102233e5491985f0f0?s=96&d=mm&r=g\",\"contentUrl\":\"https:\/\/secure.gravatar.com\/avatar\/ad365d9d9f46719215b0d042cc3df92a5a8683e09ef13d102233e5491985f0f0?s=96&d=mm&r=g\",\"caption\":\"admin\"},\"url\":\"https:\/\/21panorama.com\/index.php\/author\/admin\/\"}]}<\/script>\n<!-- \/ Yoast SEO plugin. -->","yoast_head_json":{"title":"EN METEPEC HABR\u00c1 CERO TOLERANCIA A LA DESIGUALDAD Y LA VIOLENCIA CONTRA LA MUJER: FERNANDO FLORES - 21 Panorama","robots":{"index":"index","follow":"follow","max-snippet":"max-snippet:-1","max-image-preview":"max-image-preview:large","max-video-preview":"max-video-preview:-1"},"canonical":"https:\/\/21panorama.com\/index.php\/2022\/01\/20\/en-metepec-habra-cero-tolerancia-a-la-desigualdad-y-la-violencia-contra-la-mujer-fernando-flores\/","og_locale":"es_MX","og_type":"article","og_title":"EN METEPEC HABR\u00c1 CERO TOLERANCIA A LA DESIGUALDAD Y LA VIOLENCIA CONTRA LA MUJER: FERNANDO FLORES - 21 Panorama","og_description":"Con pol\u00edtica transversal de igualdad, trabajar\u00e1n Ayuntamiento y Gobierno del Estado para garantizar los derechos de las mujeres y de sectores vulnerables.","og_url":"https:\/\/21panorama.com\/index.php\/2022\/01\/20\/en-metepec-habra-cero-tolerancia-a-la-desigualdad-y-la-violencia-contra-la-mujer-fernando-flores\/","og_site_name":"21 Panorama","article_published_time":"2022-01-20T18:03:58+00:00","article_modified_time":"2022-01-20T18:03:59+00:00","og_image":[{"width":1280,"height":853,"url":"https:\/\/21panorama.com\/wp-content\/uploads\/2022\/01\/ddd44e21-8c69-4d1f-b227-8b9dda638b89.jpeg","type":"image\/jpeg"}],"author":"admin","twitter_card":"summary_large_image","twitter_misc":{"Escrito por":"admin","Tiempo de lectura":"2 minutos"},"schema":{"@context":"https:\/\/schema.org","@graph":[{"@type":"Article","@id":"https:\/\/21panorama.com\/index.php\/2022\/01\/20\/en-metepec-habra-cero-tolerancia-a-la-desigualdad-y-la-violencia-contra-la-mujer-fernando-flores\/#article","isPartOf":{"@id":"https:\/\/21panorama.com\/index.php\/2022\/01\/20\/en-metepec-habra-cero-tolerancia-a-la-desigualdad-y-la-violencia-contra-la-mujer-fernando-flores\/"},"author":{"name":"admin","@id":"https:\/\/21panorama.com\/#\/schema\/person\/1afc291b96d5792a158768324287319f"},"headline":"EN METEPEC HABR\u00c1 CERO TOLERANCIA A LA DESIGUALDAD Y LA VIOLENCIA CONTRA LA MUJER: FERNANDO FLORES","datePublished":"2022-01-20T18:03:58+00:00","dateModified":"2022-01-20T18:03:59+00:00","mainEntityOfPage":{"@id":"https:\/\/21panorama.com\/index.php\/2022\/01\/20\/en-metepec-habra-cero-tolerancia-a-la-desigualdad-y-la-violencia-contra-la-mujer-fernando-flores\/"},"wordCount":343,"commentCount":0,"publisher":{"@id":"https:\/\/21panorama.com\/#organization"},"image":{"@id":"https:\/\/21panorama.com\/index.php\/2022\/01\/20\/en-metepec-habra-cero-tolerancia-a-la-desigualdad-y-la-violencia-contra-la-mujer-fernando-flores\/#primaryimage"},"thumbnailUrl":"https:\/\/21panorama.com\/wp-content\/uploads\/2022\/01\/ddd44e21-8c69-4d1f-b227-8b9dda638b89.jpeg","keywords":["Metepec"],"articleSection":["Sociedad"],"inLanguage":"es","potentialAction":[{"@type":"CommentAction","name":"Comment","target":["https:\/\/21panorama.com\/index.php\/2022\/01\/20\/en-metepec-habra-cero-tolerancia-a-la-desigualdad-y-la-violencia-contra-la-mujer-fernando-flores\/#respond"]}]},{"@type":"WebPage","@id":"https:\/\/21panorama.com\/index.php\/2022\/01\/20\/en-metepec-habra-cero-tolerancia-a-la-desigualdad-y-la-violencia-contra-la-mujer-fernando-flores\/","url":"https:\/\/21panorama.com\/index.php\/2022\/01\/20\/en-metepec-habra-cero-tolerancia-a-la-desigualdad-y-la-violencia-contra-la-mujer-fernando-flores\/","name":"EN METEPEC HABR\u00c1 CERO TOLERANCIA A LA DESIGUALDAD Y LA VIOLENCIA CONTRA LA MUJER: FERNANDO FLORES - 21 Panorama","isPartOf":{"@id":"https:\/\/21panorama.com\/#website"},"primaryImageOfPage":{"@id":"https:\/\/21panorama.com\/index.php\/2022\/01\/20\/en-metepec-habra-cero-tolerancia-a-la-desigualdad-y-la-violencia-contra-la-mujer-fernando-flores\/#primaryimage"},"image":{"@id":"https:\/\/21panorama.com\/index.php\/2022\/01\/20\/en-metepec-habra-cero-tolerancia-a-la-desigualdad-y-la-violencia-contra-la-mujer-fernando-flores\/#primaryimage"},"thumbnailUrl":"https:\/\/21panorama.com\/wp-content\/uploads\/2022\/01\/ddd44e21-8c69-4d1f-b227-8b9dda638b89.jpeg","datePublished":"2022-01-20T18:03:58+00:00","dateModified":"2022-01-20T18:03:59+00:00","breadcrumb":{"@id":"https:\/\/21panorama.com\/index.php\/2022\/01\/20\/en-metepec-habra-cero-tolerancia-a-la-desigualdad-y-la-violencia-contra-la-mujer-fernando-flores\/#breadcrumb"},"inLanguage":"es","potentialAction":[{"@type":"ReadAction","target":["https:\/\/21panorama.com\/index.php\/2022\/01\/20\/en-metepec-habra-cero-tolerancia-a-la-desigualdad-y-la-violencia-contra-la-mujer-fernando-flores\/"]}]},{"@type":"ImageObject","inLanguage":"es","@id":"https:\/\/21panorama.com\/index.php\/2022\/01\/20\/en-metepec-habra-cero-tolerancia-a-la-desigualdad-y-la-violencia-contra-la-mujer-fernando-flores\/#primaryimage","url":"https:\/\/21panorama.com\/wp-content\/uploads\/2022\/01\/ddd44e21-8c69-4d1f-b227-8b9dda638b89.jpeg","contentUrl":"https:\/\/21panorama.com\/wp-content\/uploads\/2022\/01\/ddd44e21-8c69-4d1f-b227-8b9dda638b89.jpeg","width":1280,"height":853},{"@type":"BreadcrumbList","@id":"https:\/\/21panorama.com\/index.php\/2022\/01\/20\/en-metepec-habra-cero-tolerancia-a-la-desigualdad-y-la-violencia-contra-la-mujer-fernando-flores\/#breadcrumb","itemListElement":[{"@type":"ListItem","position":1,"name":"Inicio","item":"https:\/\/21panorama.com\/"},{"@type":"ListItem","position":2,"name":"EN METEPEC HABR\u00c1 CERO TOLERANCIA A LA DESIGUALDAD Y LA VIOLENCIA CONTRA LA MUJER: FERNANDO FLORES"}]},{"@type":"WebSite","@id":"https:\/\/21panorama.com\/#website","url":"https:\/\/21panorama.com\/","name":"21 Panorama","description":"La construcci\u00f3n de la opini\u00f3n p\u00fablica merece un mejor Panorama en este siglo 21 para alcanzar una sociedad con mayor transparencia y sin corrupci\u00f3n.","publisher":{"@id":"https:\/\/21panorama.com\/#organization"},"potentialAction":[{"@type":"SearchAction","target":{"@type":"EntryPoint","urlTemplate":"https:\/\/21panorama.com\/?s={search_term_string}"},"query-input":{"@type":"PropertyValueSpecification","valueRequired":true,"valueName":"search_term_string"}}],"inLanguage":"es"},{"@type":"Organization","@id":"https:\/\/21panorama.com\/#organization","name":"21 Panorama","url":"https:\/\/21panorama.com\/","logo":{"@type":"ImageObject","inLanguage":"es","@id":"https:\/\/21panorama.com\/#\/schema\/logo\/image\/","url":"https:\/\/21panorama.com\/wp-content\/uploads\/2019\/07\/cropped-Logo-Panorama-01.jpeg","contentUrl":"https:\/\/21panorama.com\/wp-content\/uploads\/2019\/07\/cropped-Logo-Panorama-01.jpeg","width":290,"height":70,"caption":"21 Panorama"},"image":{"@id":"https:\/\/21panorama.com\/#\/schema\/logo\/image\/"}},{"@type":"Person","@id":"https:\/\/21panorama.com\/#\/schema\/person\/1afc291b96d5792a158768324287319f","name":"admin","image":{"@type":"ImageObject","inLanguage":"es","@id":"https:\/\/21panorama.com\/#\/schema\/person\/image\/","url":"https:\/\/secure.gravatar.com\/avatar\/ad365d9d9f46719215b0d042cc3df92a5a8683e09ef13d102233e5491985f0f0?s=96&d=mm&r=g","contentUrl":"https:\/\/secure.gravatar.com\/avatar\/ad365d9d9f46719215b0d042cc3df92a5a8683e09ef13d102233e5491985f0f0?s=96&d=mm&r=g","caption":"admin"},"url":"https:\/\/21panorama.com\/index.php\/author\/admin\/"}]}},"_links":{"self":[{"href":"https:\/\/21panorama.com\/index.php\/wp-json\/wp\/v2\/posts\/3017","targetHints":{"allow":["GET"]}}],"collection":[{"href":"https:\/\/21panorama.com\/index.php\/wp-json\/wp\/v2\/posts"}],"about":[{"href":"https:\/\/21panorama.com\/index.php\/wp-json\/wp\/v2\/types\/post"}],"author":[{"embeddable":true,"href":"https:\/\/21panorama.com\/index.php\/wp-json\/wp\/v2\/users\/1"}],"replies":[{"embeddable":true,"href":"https:\/\/21panorama.com\/index.php\/wp-json\/wp\/v2\/comments?post=3017"}],"version-history":[{"count":1,"href":"https:\/\/21panorama.com\/index.php\/wp-json\/wp\/v2\/posts\/3017\/revisions"}],"predecessor-version":[{"id":3022,"href":"https:\/\/21panorama.com\/index.php\/wp-json\/wp\/v2\/posts\/3017\/revisions\/3022"}],"wp:featuredmedia":[{"embeddable":true,"href":"https:\/\/21panorama.com\/index.php\/wp-json\/wp\/v2\/media\/3018"}],"wp:attachment":[{"href":"https:\/\/21panorama.com\/index.php\/wp-json\/wp\/v2\/media?parent=3017"}],"wp:term":[{"taxonomy":"category","embeddable":true,"href":"https:\/\/21panorama.com\/index.php\/wp-json\/wp\/v2\/categories?post=3017"},{"taxonomy":"post_tag","embeddable":true,"href":"https:\/\/21panorama.com\/index.php\/wp-json\/wp\/v2\/tags?post=3017"}],"curies":[{"name":"wp","href":"https:\/\/api.w.org\/{rel}","templated":true}]}}