{"id":3007,"date":"2022-01-18T12:17:27","date_gmt":"2022-01-18T18:17:27","guid":{"rendered":"https:\/\/21panorama.com\/?p=3007"},"modified":"2022-01-18T12:17:29","modified_gmt":"2022-01-18T18:17:29","slug":"uaem-participara-en-la-elaboracion-de-un-atlas-de-genero-en-territorio-estatal","status":"publish","type":"post","link":"https:\/\/21panorama.com\/index.php\/2022\/01\/18\/uaem-participara-en-la-elaboracion-de-un-atlas-de-genero-en-territorio-estatal\/","title":{"rendered":"UAEM participar\u00e1 en la elaboraci\u00f3n de un Atlas de G\u00e9nero en territorio estatal"},"content":{"rendered":"\n<p>Con el prop\u00f3sito de contar con un diagn\u00f3stico preciso sobre tem\u00e1ticas de g\u00e9nero que considere variables econ\u00f3micas, socioculturales, demogr\u00e1ficas, entre otras, y facilite la toma de decisiones en la materia, la Universidad Aut\u00f3noma del Estado de M\u00e9xico (UAEM), el Poder Judicial del Estado de M\u00e9xico y la Secretaria de la Mujer firmaron el convenio de colaboraci\u00f3n para la elaboraci\u00f3n del Atlas de G\u00e9nero del Estado de M\u00e9xico.<br>Al acudir a la sede del Poder Judicial y ante el magistrado presidente del Tribunal Superior de Justicia del Estado de M\u00e9xico (TSJEM), Ricardo Sodi Cuellar, as\u00ed como de la titular de la Secretar\u00eda de la Mujer, Mar\u00eda Isabel S\u00e1nchez Holgu\u00edn, el rector de la UAEM, Carlos Eduardo Barrera D\u00edaz, mencion\u00f3 que la Aut\u00f3noma Mexiquense coadyuvar\u00e1 en esta alianza estrat\u00e9gica para garantizar mejores condiciones de vida para las mexiquenses.<br>\u201cLas instituciones que representamos debemos asumir el compromiso de seguir afianzando avances de los sistemas democr\u00e1ticos para garantizar la autonom\u00eda pol\u00edtica, econ\u00f3mica y f\u00edsica en la vida de las mujeres\u201d, apunt\u00f3.<br>Durante su intervenci\u00f3n, Ricardo Sodi Cuellar destac\u00f3 que esta herramienta brindar\u00e1 informaci\u00f3n estad\u00edstica sobre la situaci\u00f3n de las mujeres que permita desarrollar estudios espec\u00edficos que ayuden a comprender mejor la disparidad de g\u00e9nero en territorio estatal.<br>En tanto, S\u00e1nchez Holgu\u00edn destac\u00f3 que el Atlas de G\u00e9nero es uno de los proyectos m\u00e1s importantes del Gobierno del Estado de M\u00e9xico, el cual permitir\u00e1 identificar la brecha de desigualdad entre hombres y mujeres para la generaci\u00f3n de pol\u00edticas p\u00fablicas transversales que beneficien a las y los mexiquenses.<br>El Atlas de G\u00e9nero proveer\u00e1 datos estad\u00edsticos e informaci\u00f3n clara para el dise\u00f1o de pol\u00edticas p\u00fablicas que atiendan las necesidades de las mexiquenses, permitiendo el dise\u00f1o y monitoreo de indicadores de g\u00e9nero de las diversas categor\u00edas que lo integran para lograr un desarrollo integral de las mujeres, ni\u00f1as y adolescentes de la entidad.<br>A la firma del convenio tambi\u00e9n asistieron la directora general de Perspectiva de G\u00e9nero de la Secretar\u00eda de la Mujer, Diana Vel\u00e1zquez S\u00e1nchez; la titular de la Unidad de Igualdad y Derechos Humanos del Poder Judicial del Estado de M\u00e9xico, Luz Mar\u00eda Lemus Campuzano; la Abogada General de la UAEM, Luz Mar\u00eda Jaimes Legorreta, y la directora de Informaci\u00f3n y Estad\u00edstica del Poder Judicial del Estado de M\u00e9xico, Adriana Cruz Anaya.<\/p>\n\n\n\n<figure class=\"wp-block-gallery columns-2 is-cropped wp-block-gallery-1 is-layout-flex wp-block-gallery-is-layout-flex\"><ul class=\"blocks-gallery-grid\"><li class=\"blocks-gallery-item\"><figure><img decoding=\"async\" width=\"1024\" height=\"682\" src=\"https:\/\/21panorama.com\/wp-content\/uploads\/2022\/01\/a8cd7b03-602f-439b-840b-9b3cdd6cfc31-1024x682.jpeg\" alt=\"\" data-id=\"3009\" data-link=\"https:\/\/21panorama.com\/?attachment_id=3009\" class=\"wp-image-3009\" srcset=\"https:\/\/21panorama.com\/wp-content\/uploads\/2022\/01\/a8cd7b03-602f-439b-840b-9b3cdd6cfc31-1024x682.jpeg 1024w, https:\/\/21panorama.com\/wp-content\/uploads\/2022\/01\/a8cd7b03-602f-439b-840b-9b3cdd6cfc31-300x200.jpeg 300w, https:\/\/21panorama.com\/wp-content\/uploads\/2022\/01\/a8cd7b03-602f-439b-840b-9b3cdd6cfc31-768x512.jpeg 768w, https:\/\/21panorama.com\/wp-content\/uploads\/2022\/01\/a8cd7b03-602f-439b-840b-9b3cdd6cfc31.jpeg 1028w\" sizes=\"(max-width: 1024px) 100vw, 1024px\" \/><\/figure><\/li><li class=\"blocks-gallery-item\"><figure><img decoding=\"async\" width=\"1024\" height=\"489\" src=\"https:\/\/21panorama.com\/wp-content\/uploads\/2022\/01\/2c5036de-eac2-4c59-85bd-3670b46123c2-1024x489.jpeg\" alt=\"\" data-id=\"3010\" data-full-url=\"https:\/\/21panorama.com\/wp-content\/uploads\/2022\/01\/2c5036de-eac2-4c59-85bd-3670b46123c2.jpeg\" data-link=\"https:\/\/21panorama.com\/?attachment_id=3010\" class=\"wp-image-3010\" srcset=\"https:\/\/21panorama.com\/wp-content\/uploads\/2022\/01\/2c5036de-eac2-4c59-85bd-3670b46123c2-1024x489.jpeg 1024w, https:\/\/21panorama.com\/wp-content\/uploads\/2022\/01\/2c5036de-eac2-4c59-85bd-3670b46123c2-300x143.jpeg 300w, https:\/\/21panorama.com\/wp-content\/uploads\/2022\/01\/2c5036de-eac2-4c59-85bd-3670b46123c2-768x367.jpeg 768w, https:\/\/21panorama.com\/wp-content\/uploads\/2022\/01\/2c5036de-eac2-4c59-85bd-3670b46123c2.jpeg 1440w\" sizes=\"(max-width: 1024px) 100vw, 1024px\" \/><\/figure><\/li><\/ul><\/figure>\n","protected":false},"excerpt":{"rendered":"<p>La Universidad Aut\u00f3noma del Estado de M\u00e9xico, el Poder Judicial mexiquense y la Secretar\u00eda de la Mujer firmaron un convenio para la elaboraci\u00f3n del Atlas de G\u00e9nero, el cual permitir\u00e1 el desarrollo de pol\u00edticas p\u00fablicas transversales que beneficien a las y los mexiquenses. <\/p>\n","protected":false},"author":1,"featured_media":3008,"comment_status":"open","ping_status":"open","sticky":false,"template":"","format":"standard","meta":{"footnotes":""},"categories":[1],"tags":[131],"class_list":["post-3007","post","type-post","status-publish","format-standard","has-post-thumbnail","hentry","category-sociedad","tag-uaem"],"yoast_head":"<!-- This site is optimized with the Yoast SEO plugin v24.9 - https:\/\/yoast.com\/wordpress\/plugins\/seo\/ -->\n<title>UAEM participar\u00e1 en la elaboraci\u00f3n de un Atlas de G\u00e9nero en territorio estatal - 21 Panorama<\/title>\n<meta name=\"robots\" content=\"index, follow, max-snippet:-1, max-image-preview:large, max-video-preview:-1\" \/>\n<link rel=\"canonical\" href=\"https:\/\/21panorama.com\/index.php\/2022\/01\/18\/uaem-participara-en-la-elaboracion-de-un-atlas-de-genero-en-territorio-estatal\/\" \/>\n<meta property=\"og:locale\" content=\"es_MX\" \/>\n<meta property=\"og:type\" content=\"article\" \/>\n<meta property=\"og:title\" content=\"UAEM participar\u00e1 en la elaboraci\u00f3n de un Atlas de G\u00e9nero en territorio estatal - 21 Panorama\" \/>\n<meta property=\"og:description\" content=\"La Universidad Aut\u00f3noma del Estado de M\u00e9xico, el Poder Judicial mexiquense y la Secretar\u00eda de la Mujer firmaron un convenio para la elaboraci\u00f3n del Atlas de G\u00e9nero, el cual permitir\u00e1 el desarrollo de pol\u00edticas p\u00fablicas transversales que beneficien a las y los mexiquenses.\" \/>\n<meta property=\"og:url\" content=\"https:\/\/21panorama.com\/index.php\/2022\/01\/18\/uaem-participara-en-la-elaboracion-de-un-atlas-de-genero-en-territorio-estatal\/\" \/>\n<meta property=\"og:site_name\" content=\"21 Panorama\" \/>\n<meta property=\"article:published_time\" content=\"2022-01-18T18:17:27+00:00\" \/>\n<meta property=\"article:modified_time\" content=\"2022-01-18T18:17:29+00:00\" \/>\n<meta property=\"og:image\" content=\"https:\/\/21panorama.com\/wp-content\/uploads\/2022\/01\/c98ed999-aecd-4220-be98-d5f38520d535.jpeg\" \/>\n\t<meta property=\"og:image:width\" content=\"480\" \/>\n\t<meta property=\"og:image:height\" content=\"320\" \/>\n\t<meta property=\"og:image:type\" content=\"image\/jpeg\" \/>\n<meta name=\"author\" content=\"admin\" \/>\n<meta name=\"twitter:card\" content=\"summary_large_image\" \/>\n<meta name=\"twitter:label1\" content=\"Escrito por\" \/>\n\t<meta name=\"twitter:data1\" content=\"admin\" \/>\n\t<meta name=\"twitter:label2\" content=\"Tiempo de lectura\" \/>\n\t<meta name=\"twitter:data2\" content=\"3 minutos\" \/>\n<script type=\"application\/ld+json\" class=\"yoast-schema-graph\">{\"@context\":\"https:\/\/schema.org\",\"@graph\":[{\"@type\":\"Article\",\"@id\":\"https:\/\/21panorama.com\/index.php\/2022\/01\/18\/uaem-participara-en-la-elaboracion-de-un-atlas-de-genero-en-territorio-estatal\/#article\",\"isPartOf\":{\"@id\":\"https:\/\/21panorama.com\/index.php\/2022\/01\/18\/uaem-participara-en-la-elaboracion-de-un-atlas-de-genero-en-territorio-estatal\/\"},\"author\":{\"name\":\"admin\",\"@id\":\"https:\/\/21panorama.com\/#\/schema\/person\/1afc291b96d5792a158768324287319f\"},\"headline\":\"UAEM participar\u00e1 en la elaboraci\u00f3n de un Atlas de G\u00e9nero en territorio estatal\",\"datePublished\":\"2022-01-18T18:17:27+00:00\",\"dateModified\":\"2022-01-18T18:17:29+00:00\",\"mainEntityOfPage\":{\"@id\":\"https:\/\/21panorama.com\/index.php\/2022\/01\/18\/uaem-participara-en-la-elaboracion-de-un-atlas-de-genero-en-territorio-estatal\/\"},\"wordCount\":452,\"commentCount\":0,\"publisher\":{\"@id\":\"https:\/\/21panorama.com\/#organization\"},\"image\":{\"@id\":\"https:\/\/21panorama.com\/index.php\/2022\/01\/18\/uaem-participara-en-la-elaboracion-de-un-atlas-de-genero-en-territorio-estatal\/#primaryimage\"},\"thumbnailUrl\":\"https:\/\/21panorama.com\/wp-content\/uploads\/2022\/01\/c98ed999-aecd-4220-be98-d5f38520d535.jpeg\",\"keywords\":[\"UAEM\"],\"articleSection\":[\"Sociedad\"],\"inLanguage\":\"es\",\"potentialAction\":[{\"@type\":\"CommentAction\",\"name\":\"Comment\",\"target\":[\"https:\/\/21panorama.com\/index.php\/2022\/01\/18\/uaem-participara-en-la-elaboracion-de-un-atlas-de-genero-en-territorio-estatal\/#respond\"]}]},{\"@type\":\"WebPage\",\"@id\":\"https:\/\/21panorama.com\/index.php\/2022\/01\/18\/uaem-participara-en-la-elaboracion-de-un-atlas-de-genero-en-territorio-estatal\/\",\"url\":\"https:\/\/21panorama.com\/index.php\/2022\/01\/18\/uaem-participara-en-la-elaboracion-de-un-atlas-de-genero-en-territorio-estatal\/\",\"name\":\"UAEM participar\u00e1 en la elaboraci\u00f3n de un Atlas de G\u00e9nero en territorio estatal - 21 Panorama\",\"isPartOf\":{\"@id\":\"https:\/\/21panorama.com\/#website\"},\"primaryImageOfPage\":{\"@id\":\"https:\/\/21panorama.com\/index.php\/2022\/01\/18\/uaem-participara-en-la-elaboracion-de-un-atlas-de-genero-en-territorio-estatal\/#primaryimage\"},\"image\":{\"@id\":\"https:\/\/21panorama.com\/index.php\/2022\/01\/18\/uaem-participara-en-la-elaboracion-de-un-atlas-de-genero-en-territorio-estatal\/#primaryimage\"},\"thumbnailUrl\":\"https:\/\/21panorama.com\/wp-content\/uploads\/2022\/01\/c98ed999-aecd-4220-be98-d5f38520d535.jpeg\",\"datePublished\":\"2022-01-18T18:17:27+00:00\",\"dateModified\":\"2022-01-18T18:17:29+00:00\",\"breadcrumb\":{\"@id\":\"https:\/\/21panorama.com\/index.php\/2022\/01\/18\/uaem-participara-en-la-elaboracion-de-un-atlas-de-genero-en-territorio-estatal\/#breadcrumb\"},\"inLanguage\":\"es\",\"potentialAction\":[{\"@type\":\"ReadAction\",\"target\":[\"https:\/\/21panorama.com\/index.php\/2022\/01\/18\/uaem-participara-en-la-elaboracion-de-un-atlas-de-genero-en-territorio-estatal\/\"]}]},{\"@type\":\"ImageObject\",\"inLanguage\":\"es\",\"@id\":\"https:\/\/21panorama.com\/index.php\/2022\/01\/18\/uaem-participara-en-la-elaboracion-de-un-atlas-de-genero-en-territorio-estatal\/#primaryimage\",\"url\":\"https:\/\/21panorama.com\/wp-content\/uploads\/2022\/01\/c98ed999-aecd-4220-be98-d5f38520d535.jpeg\",\"contentUrl\":\"https:\/\/21panorama.com\/wp-content\/uploads\/2022\/01\/c98ed999-aecd-4220-be98-d5f38520d535.jpeg\",\"width\":480,\"height\":320},{\"@type\":\"BreadcrumbList\",\"@id\":\"https:\/\/21panorama.com\/index.php\/2022\/01\/18\/uaem-participara-en-la-elaboracion-de-un-atlas-de-genero-en-territorio-estatal\/#breadcrumb\",\"itemListElement\":[{\"@type\":\"ListItem\",\"position\":1,\"name\":\"Inicio\",\"item\":\"https:\/\/21panorama.com\/\"},{\"@type\":\"ListItem\",\"position\":2,\"name\":\"UAEM participar\u00e1 en la elaboraci\u00f3n de un Atlas de G\u00e9nero en territorio estatal\"}]},{\"@type\":\"WebSite\",\"@id\":\"https:\/\/21panorama.com\/#website\",\"url\":\"https:\/\/21panorama.com\/\",\"name\":\"21 Panorama\",\"description\":\"La construcci\u00f3n de la opini\u00f3n p\u00fablica merece un mejor Panorama en este siglo 21 para alcanzar una sociedad con mayor transparencia y sin corrupci\u00f3n.\",\"publisher\":{\"@id\":\"https:\/\/21panorama.com\/#organization\"},\"potentialAction\":[{\"@type\":\"SearchAction\",\"target\":{\"@type\":\"EntryPoint\",\"urlTemplate\":\"https:\/\/21panorama.com\/?s={search_term_string}\"},\"query-input\":{\"@type\":\"PropertyValueSpecification\",\"valueRequired\":true,\"valueName\":\"search_term_string\"}}],\"inLanguage\":\"es\"},{\"@type\":\"Organization\",\"@id\":\"https:\/\/21panorama.com\/#organization\",\"name\":\"21 Panorama\",\"url\":\"https:\/\/21panorama.com\/\",\"logo\":{\"@type\":\"ImageObject\",\"inLanguage\":\"es\",\"@id\":\"https:\/\/21panorama.com\/#\/schema\/logo\/image\/\",\"url\":\"https:\/\/21panorama.com\/wp-content\/uploads\/2019\/07\/cropped-Logo-Panorama-01.jpeg\",\"contentUrl\":\"https:\/\/21panorama.com\/wp-content\/uploads\/2019\/07\/cropped-Logo-Panorama-01.jpeg\",\"width\":290,\"height\":70,\"caption\":\"21 Panorama\"},\"image\":{\"@id\":\"https:\/\/21panorama.com\/#\/schema\/logo\/image\/\"}},{\"@type\":\"Person\",\"@id\":\"https:\/\/21panorama.com\/#\/schema\/person\/1afc291b96d5792a158768324287319f\",\"name\":\"admin\",\"image\":{\"@type\":\"ImageObject\",\"inLanguage\":\"es\",\"@id\":\"https:\/\/21panorama.com\/#\/schema\/person\/image\/\",\"url\":\"https:\/\/secure.gravatar.com\/avatar\/ad365d9d9f46719215b0d042cc3df92a5a8683e09ef13d102233e5491985f0f0?s=96&d=mm&r=g\",\"contentUrl\":\"https:\/\/secure.gravatar.com\/avatar\/ad365d9d9f46719215b0d042cc3df92a5a8683e09ef13d102233e5491985f0f0?s=96&d=mm&r=g\",\"caption\":\"admin\"},\"url\":\"https:\/\/21panorama.com\/index.php\/author\/admin\/\"}]}<\/script>\n<!-- \/ Yoast SEO plugin. -->","yoast_head_json":{"title":"UAEM participar\u00e1 en la elaboraci\u00f3n de un Atlas de G\u00e9nero en territorio estatal - 21 Panorama","robots":{"index":"index","follow":"follow","max-snippet":"max-snippet:-1","max-image-preview":"max-image-preview:large","max-video-preview":"max-video-preview:-1"},"canonical":"https:\/\/21panorama.com\/index.php\/2022\/01\/18\/uaem-participara-en-la-elaboracion-de-un-atlas-de-genero-en-territorio-estatal\/","og_locale":"es_MX","og_type":"article","og_title":"UAEM participar\u00e1 en la elaboraci\u00f3n de un Atlas de G\u00e9nero en territorio estatal - 21 Panorama","og_description":"La Universidad Aut\u00f3noma del Estado de M\u00e9xico, el Poder Judicial mexiquense y la Secretar\u00eda de la Mujer firmaron un convenio para la elaboraci\u00f3n del Atlas de G\u00e9nero, el cual permitir\u00e1 el desarrollo de pol\u00edticas p\u00fablicas transversales que beneficien a las y los mexiquenses.","og_url":"https:\/\/21panorama.com\/index.php\/2022\/01\/18\/uaem-participara-en-la-elaboracion-de-un-atlas-de-genero-en-territorio-estatal\/","og_site_name":"21 Panorama","article_published_time":"2022-01-18T18:17:27+00:00","article_modified_time":"2022-01-18T18:17:29+00:00","og_image":[{"width":480,"height":320,"url":"https:\/\/21panorama.com\/wp-content\/uploads\/2022\/01\/c98ed999-aecd-4220-be98-d5f38520d535.jpeg","type":"image\/jpeg"}],"author":"admin","twitter_card":"summary_large_image","twitter_misc":{"Escrito por":"admin","Tiempo de lectura":"3 minutos"},"schema":{"@context":"https:\/\/schema.org","@graph":[{"@type":"Article","@id":"https:\/\/21panorama.com\/index.php\/2022\/01\/18\/uaem-participara-en-la-elaboracion-de-un-atlas-de-genero-en-territorio-estatal\/#article","isPartOf":{"@id":"https:\/\/21panorama.com\/index.php\/2022\/01\/18\/uaem-participara-en-la-elaboracion-de-un-atlas-de-genero-en-territorio-estatal\/"},"author":{"name":"admin","@id":"https:\/\/21panorama.com\/#\/schema\/person\/1afc291b96d5792a158768324287319f"},"headline":"UAEM participar\u00e1 en la elaboraci\u00f3n de un Atlas de G\u00e9nero en territorio estatal","datePublished":"2022-01-18T18:17:27+00:00","dateModified":"2022-01-18T18:17:29+00:00","mainEntityOfPage":{"@id":"https:\/\/21panorama.com\/index.php\/2022\/01\/18\/uaem-participara-en-la-elaboracion-de-un-atlas-de-genero-en-territorio-estatal\/"},"wordCount":452,"commentCount":0,"publisher":{"@id":"https:\/\/21panorama.com\/#organization"},"image":{"@id":"https:\/\/21panorama.com\/index.php\/2022\/01\/18\/uaem-participara-en-la-elaboracion-de-un-atlas-de-genero-en-territorio-estatal\/#primaryimage"},"thumbnailUrl":"https:\/\/21panorama.com\/wp-content\/uploads\/2022\/01\/c98ed999-aecd-4220-be98-d5f38520d535.jpeg","keywords":["UAEM"],"articleSection":["Sociedad"],"inLanguage":"es","potentialAction":[{"@type":"CommentAction","name":"Comment","target":["https:\/\/21panorama.com\/index.php\/2022\/01\/18\/uaem-participara-en-la-elaboracion-de-un-atlas-de-genero-en-territorio-estatal\/#respond"]}]},{"@type":"WebPage","@id":"https:\/\/21panorama.com\/index.php\/2022\/01\/18\/uaem-participara-en-la-elaboracion-de-un-atlas-de-genero-en-territorio-estatal\/","url":"https:\/\/21panorama.com\/index.php\/2022\/01\/18\/uaem-participara-en-la-elaboracion-de-un-atlas-de-genero-en-territorio-estatal\/","name":"UAEM participar\u00e1 en la elaboraci\u00f3n de un Atlas de G\u00e9nero en territorio estatal - 21 Panorama","isPartOf":{"@id":"https:\/\/21panorama.com\/#website"},"primaryImageOfPage":{"@id":"https:\/\/21panorama.com\/index.php\/2022\/01\/18\/uaem-participara-en-la-elaboracion-de-un-atlas-de-genero-en-territorio-estatal\/#primaryimage"},"image":{"@id":"https:\/\/21panorama.com\/index.php\/2022\/01\/18\/uaem-participara-en-la-elaboracion-de-un-atlas-de-genero-en-territorio-estatal\/#primaryimage"},"thumbnailUrl":"https:\/\/21panorama.com\/wp-content\/uploads\/2022\/01\/c98ed999-aecd-4220-be98-d5f38520d535.jpeg","datePublished":"2022-01-18T18:17:27+00:00","dateModified":"2022-01-18T18:17:29+00:00","breadcrumb":{"@id":"https:\/\/21panorama.com\/index.php\/2022\/01\/18\/uaem-participara-en-la-elaboracion-de-un-atlas-de-genero-en-territorio-estatal\/#breadcrumb"},"inLanguage":"es","potentialAction":[{"@type":"ReadAction","target":["https:\/\/21panorama.com\/index.php\/2022\/01\/18\/uaem-participara-en-la-elaboracion-de-un-atlas-de-genero-en-territorio-estatal\/"]}]},{"@type":"ImageObject","inLanguage":"es","@id":"https:\/\/21panorama.com\/index.php\/2022\/01\/18\/uaem-participara-en-la-elaboracion-de-un-atlas-de-genero-en-territorio-estatal\/#primaryimage","url":"https:\/\/21panorama.com\/wp-content\/uploads\/2022\/01\/c98ed999-aecd-4220-be98-d5f38520d535.jpeg","contentUrl":"https:\/\/21panorama.com\/wp-content\/uploads\/2022\/01\/c98ed999-aecd-4220-be98-d5f38520d535.jpeg","width":480,"height":320},{"@type":"BreadcrumbList","@id":"https:\/\/21panorama.com\/index.php\/2022\/01\/18\/uaem-participara-en-la-elaboracion-de-un-atlas-de-genero-en-territorio-estatal\/#breadcrumb","itemListElement":[{"@type":"ListItem","position":1,"name":"Inicio","item":"https:\/\/21panorama.com\/"},{"@type":"ListItem","position":2,"name":"UAEM participar\u00e1 en la elaboraci\u00f3n de un Atlas de G\u00e9nero en territorio estatal"}]},{"@type":"WebSite","@id":"https:\/\/21panorama.com\/#website","url":"https:\/\/21panorama.com\/","name":"21 Panorama","description":"La construcci\u00f3n de la opini\u00f3n p\u00fablica merece un mejor Panorama en este siglo 21 para alcanzar una sociedad con mayor transparencia y sin corrupci\u00f3n.","publisher":{"@id":"https:\/\/21panorama.com\/#organization"},"potentialAction":[{"@type":"SearchAction","target":{"@type":"EntryPoint","urlTemplate":"https:\/\/21panorama.com\/?s={search_term_string}"},"query-input":{"@type":"PropertyValueSpecification","valueRequired":true,"valueName":"search_term_string"}}],"inLanguage":"es"},{"@type":"Organization","@id":"https:\/\/21panorama.com\/#organization","name":"21 Panorama","url":"https:\/\/21panorama.com\/","logo":{"@type":"ImageObject","inLanguage":"es","@id":"https:\/\/21panorama.com\/#\/schema\/logo\/image\/","url":"https:\/\/21panorama.com\/wp-content\/uploads\/2019\/07\/cropped-Logo-Panorama-01.jpeg","contentUrl":"https:\/\/21panorama.com\/wp-content\/uploads\/2019\/07\/cropped-Logo-Panorama-01.jpeg","width":290,"height":70,"caption":"21 Panorama"},"image":{"@id":"https:\/\/21panorama.com\/#\/schema\/logo\/image\/"}},{"@type":"Person","@id":"https:\/\/21panorama.com\/#\/schema\/person\/1afc291b96d5792a158768324287319f","name":"admin","image":{"@type":"ImageObject","inLanguage":"es","@id":"https:\/\/21panorama.com\/#\/schema\/person\/image\/","url":"https:\/\/secure.gravatar.com\/avatar\/ad365d9d9f46719215b0d042cc3df92a5a8683e09ef13d102233e5491985f0f0?s=96&d=mm&r=g","contentUrl":"https:\/\/secure.gravatar.com\/avatar\/ad365d9d9f46719215b0d042cc3df92a5a8683e09ef13d102233e5491985f0f0?s=96&d=mm&r=g","caption":"admin"},"url":"https:\/\/21panorama.com\/index.php\/author\/admin\/"}]}},"_links":{"self":[{"href":"https:\/\/21panorama.com\/index.php\/wp-json\/wp\/v2\/posts\/3007","targetHints":{"allow":["GET"]}}],"collection":[{"href":"https:\/\/21panorama.com\/index.php\/wp-json\/wp\/v2\/posts"}],"about":[{"href":"https:\/\/21panorama.com\/index.php\/wp-json\/wp\/v2\/types\/post"}],"author":[{"embeddable":true,"href":"https:\/\/21panorama.com\/index.php\/wp-json\/wp\/v2\/users\/1"}],"replies":[{"embeddable":true,"href":"https:\/\/21panorama.com\/index.php\/wp-json\/wp\/v2\/comments?post=3007"}],"version-history":[{"count":1,"href":"https:\/\/21panorama.com\/index.php\/wp-json\/wp\/v2\/posts\/3007\/revisions"}],"predecessor-version":[{"id":3011,"href":"https:\/\/21panorama.com\/index.php\/wp-json\/wp\/v2\/posts\/3007\/revisions\/3011"}],"wp:featuredmedia":[{"embeddable":true,"href":"https:\/\/21panorama.com\/index.php\/wp-json\/wp\/v2\/media\/3008"}],"wp:attachment":[{"href":"https:\/\/21panorama.com\/index.php\/wp-json\/wp\/v2\/media?parent=3007"}],"wp:term":[{"taxonomy":"category","embeddable":true,"href":"https:\/\/21panorama.com\/index.php\/wp-json\/wp\/v2\/categories?post=3007"},{"taxonomy":"post_tag","embeddable":true,"href":"https:\/\/21panorama.com\/index.php\/wp-json\/wp\/v2\/tags?post=3007"}],"curies":[{"name":"wp","href":"https:\/\/api.w.org\/{rel}","templated":true}]}}