{"id":2989,"date":"2022-01-14T18:03:30","date_gmt":"2022-01-15T00:03:30","guid":{"rendered":"https:\/\/21panorama.com\/?p=2989"},"modified":"2022-01-14T18:03:32","modified_gmt":"2022-01-15T00:03:32","slug":"desde-las-calles-y-en-el-congreso-diputadas-y-diputados-del-pri-seguiremos-dando-resultados-a-los-mexiquenses-elias-rescala","status":"publish","type":"post","link":"https:\/\/21panorama.com\/index.php\/2022\/01\/14\/desde-las-calles-y-en-el-congreso-diputadas-y-diputados-del-pri-seguiremos-dando-resultados-a-los-mexiquenses-elias-rescala\/","title":{"rendered":"Desde las calles y en el Congreso, diputadas y diputados del PRI, seguiremos dando resultados a los mexiquenses: El\u00edas Rescala"},"content":{"rendered":"\n<p>Acambay, Estado de M\u00e9xico, 14 de enero de 2022.- &nbsp;Desde las calles y desde la C\u00e1mara de Diputados, las y los legisladores del PRI trabajamos de la mano y con cercan\u00eda para entregar resultados a los mexiquenses, asegur\u00f3 El\u00edas Rescala, coordinador de la Fracci\u00f3n Parlamentaria del Partido Revolucionario Institucional en la 61 Legislatura.<\/p>\n\n\n\n<p>En Acambay, El\u00edas Rescala refrend\u00f3 el compromiso de las y los diputados del PRI con las familias mexiquenses. Record\u00f3 que desde el primer d\u00eda que asumieron su cargo, se comprometieron a trabajar con cercan\u00eda con todos los mexiquenses, en las calles y comunidades, trabajo que tiene que reflejarse tambi\u00e9n en su labor en el Congreso.<\/p>\n\n\n\n<p>Hoy, a\u00f1adi\u00f3, \u00e9sta es la prueba, porque los hechos hablan m\u00e1s que las palabras. Los priistas somos sensibles a las necesidades de la gente y estamos dando la batalla para lograr mejores resultados y para que la confianza ciudadana se ratifique en el 2023.<\/p>\n\n\n\n<p>Estamos aqu\u00ed como una muestra de unidad y de que el PRI es el partido que mejor gobierna al Estado de M\u00e9xico. Los diputados del PRI somos los primeros gestores de la sociedad porque entendemos a la gente y salimos a la calle para dar respuesta a sus necesidades, puntualiz\u00f3.<\/p>\n\n\n\n<p>Por su parte, la diputada local y presidenta del Partido Revolucionario Institucional en la entidad, Alejandra Del Moral, sostuvo que est\u00e1n visitando a los municipios y comunidades para agradecer, con hechos y solidaridad, a su militancia y a quienes con su confianza hicieron posible que hoy el PRI se encuentre fortalecido.<\/p>\n\n\n\n<p>Durante su intervenci\u00f3n, la diputada por el Distrito XVI, Aurora Gonz\u00e1lez Ledesma, agradeci\u00f3 el respaldo y la confianza de los habitantes de este municipio, que permiti\u00f3 que hoy tengan una representaci\u00f3n desde el Congreso y desde un gobierno municipal que trabajar\u00e1 con ellos de manera permanente y cercana.<\/p>\n\n\n\n<p>Hoy no venimos con las manos vac\u00edas, venimos a apoyar y corresponder esa confianza para seguir caminando en equipo para que a Acambay y a sus familias les vaya bien, puntualiz\u00f3.<\/p>\n\n\n\n<p>Al dar la bienvenida, la presidenta municipal de Acambay, Maribel Alc\u00e1ntara Nu\u00f1ez, agradeci\u00f3 la presencia de las y los diputados del PRI, ya que eso demuestra el respaldo que las y los habitantes tendr\u00e1n para atender las principales necesidades.<\/p>\n\n\n\n<p>En el evento tambi\u00e9n estuvieron presentes los diputados locales Myriam C\u00e1rdenas, Leticia Mej\u00eda, Jes\u00fas Moreno y Fernando Gonz\u00e1lez; as\u00ed como, el diputado federal Ricardo Aguilar.<\/p>\n\n\n\n<figure class=\"wp-block-gallery columns-3 is-cropped wp-block-gallery-1 is-layout-flex wp-block-gallery-is-layout-flex\"><ul class=\"blocks-gallery-grid\"><li class=\"blocks-gallery-item\"><figure><img decoding=\"async\" width=\"1024\" height=\"683\" src=\"https:\/\/21panorama.com\/wp-content\/uploads\/2022\/01\/e78f7b33-5f04-4b6b-bf72-9647e6012de7-1024x683.jpeg\" alt=\"\" data-id=\"2991\" data-link=\"https:\/\/21panorama.com\/?attachment_id=2991\" class=\"wp-image-2991\" srcset=\"https:\/\/21panorama.com\/wp-content\/uploads\/2022\/01\/e78f7b33-5f04-4b6b-bf72-9647e6012de7-1024x683.jpeg 1024w, https:\/\/21panorama.com\/wp-content\/uploads\/2022\/01\/e78f7b33-5f04-4b6b-bf72-9647e6012de7-300x200.jpeg 300w, https:\/\/21panorama.com\/wp-content\/uploads\/2022\/01\/e78f7b33-5f04-4b6b-bf72-9647e6012de7-768x512.jpeg 768w, https:\/\/21panorama.com\/wp-content\/uploads\/2022\/01\/e78f7b33-5f04-4b6b-bf72-9647e6012de7-1536x1024.jpeg 1536w, https:\/\/21panorama.com\/wp-content\/uploads\/2022\/01\/e78f7b33-5f04-4b6b-bf72-9647e6012de7.jpeg 1560w\" sizes=\"(max-width: 1024px) 100vw, 1024px\" \/><\/figure><\/li><li class=\"blocks-gallery-item\"><figure><img decoding=\"async\" width=\"1024\" height=\"683\" src=\"https:\/\/21panorama.com\/wp-content\/uploads\/2022\/01\/1a4d81e6-a20b-4e08-86f4-0cec80e31247-1024x683.jpeg\" alt=\"\" data-id=\"2992\" data-link=\"https:\/\/21panorama.com\/?attachment_id=2992\" class=\"wp-image-2992\" srcset=\"https:\/\/21panorama.com\/wp-content\/uploads\/2022\/01\/1a4d81e6-a20b-4e08-86f4-0cec80e31247-1024x683.jpeg 1024w, https:\/\/21panorama.com\/wp-content\/uploads\/2022\/01\/1a4d81e6-a20b-4e08-86f4-0cec80e31247-300x200.jpeg 300w, https:\/\/21panorama.com\/wp-content\/uploads\/2022\/01\/1a4d81e6-a20b-4e08-86f4-0cec80e31247-768x512.jpeg 768w, https:\/\/21panorama.com\/wp-content\/uploads\/2022\/01\/1a4d81e6-a20b-4e08-86f4-0cec80e31247-1536x1024.jpeg 1536w, https:\/\/21panorama.com\/wp-content\/uploads\/2022\/01\/1a4d81e6-a20b-4e08-86f4-0cec80e31247.jpeg 1560w\" sizes=\"(max-width: 1024px) 100vw, 1024px\" \/><\/figure><\/li><li class=\"blocks-gallery-item\"><figure><img decoding=\"async\" width=\"1024\" height=\"683\" src=\"https:\/\/21panorama.com\/wp-content\/uploads\/2022\/01\/c40957ae-d367-4afb-8b27-37e463cbb844-1024x683.jpeg\" alt=\"\" data-id=\"2993\" data-full-url=\"https:\/\/21panorama.com\/wp-content\/uploads\/2022\/01\/c40957ae-d367-4afb-8b27-37e463cbb844.jpeg\" data-link=\"https:\/\/21panorama.com\/?attachment_id=2993\" class=\"wp-image-2993\" srcset=\"https:\/\/21panorama.com\/wp-content\/uploads\/2022\/01\/c40957ae-d367-4afb-8b27-37e463cbb844-1024x683.jpeg 1024w, https:\/\/21panorama.com\/wp-content\/uploads\/2022\/01\/c40957ae-d367-4afb-8b27-37e463cbb844-300x200.jpeg 300w, https:\/\/21panorama.com\/wp-content\/uploads\/2022\/01\/c40957ae-d367-4afb-8b27-37e463cbb844-768x512.jpeg 768w, https:\/\/21panorama.com\/wp-content\/uploads\/2022\/01\/c40957ae-d367-4afb-8b27-37e463cbb844-1536x1024.jpeg 1536w, https:\/\/21panorama.com\/wp-content\/uploads\/2022\/01\/c40957ae-d367-4afb-8b27-37e463cbb844.jpeg 1560w\" sizes=\"(max-width: 1024px) 100vw, 1024px\" \/><\/figure><\/li><\/ul><\/figure>\n","protected":false},"excerpt":{"rendered":"<p>Acambay, Estado de M\u00e9xico, 14 de enero de 2022.- \u00a0Desde las calles y desde la C\u00e1mara de Diputados, las y los legisladores del PRI trabajamos de la mano y con cercan\u00eda para entregar resultados a los mexiquenses, asegur\u00f3 El\u00edas Rescala, coordinador de la Fracci\u00f3n Parlamentaria del Partido Revolucionario Institucional en la 61 Legislatura.<\/p>\n","protected":false},"author":1,"featured_media":2990,"comment_status":"open","ping_status":"open","sticky":false,"template":"","format":"standard","meta":{"footnotes":""},"categories":[12],"tags":[33],"class_list":["post-2989","post","type-post","status-publish","format-standard","has-post-thumbnail","hentry","category-politica","tag-pri"],"yoast_head":"<!-- This site is optimized with the Yoast SEO plugin v24.9 - https:\/\/yoast.com\/wordpress\/plugins\/seo\/ -->\n<title>Desde las calles y en el Congreso, diputadas y diputados del PRI, seguiremos dando resultados a los mexiquenses: El\u00edas Rescala - 21 Panorama<\/title>\n<meta name=\"robots\" content=\"index, follow, max-snippet:-1, max-image-preview:large, max-video-preview:-1\" \/>\n<link rel=\"canonical\" href=\"https:\/\/21panorama.com\/index.php\/2022\/01\/14\/desde-las-calles-y-en-el-congreso-diputadas-y-diputados-del-pri-seguiremos-dando-resultados-a-los-mexiquenses-elias-rescala\/\" \/>\n<meta property=\"og:locale\" content=\"es_MX\" \/>\n<meta property=\"og:type\" content=\"article\" \/>\n<meta property=\"og:title\" content=\"Desde las calles y en el Congreso, diputadas y diputados del PRI, seguiremos dando resultados a los mexiquenses: El\u00edas Rescala - 21 Panorama\" \/>\n<meta property=\"og:description\" content=\"Acambay, Estado de M\u00e9xico, 14 de enero de 2022.- \u00a0Desde las calles y desde la C\u00e1mara de Diputados, las y los legisladores del PRI trabajamos de la mano y con cercan\u00eda para entregar resultados a los mexiquenses, asegur\u00f3 El\u00edas Rescala, coordinador de la Fracci\u00f3n Parlamentaria del Partido Revolucionario Institucional en la 61 Legislatura.\" \/>\n<meta property=\"og:url\" content=\"https:\/\/21panorama.com\/index.php\/2022\/01\/14\/desde-las-calles-y-en-el-congreso-diputadas-y-diputados-del-pri-seguiremos-dando-resultados-a-los-mexiquenses-elias-rescala\/\" \/>\n<meta property=\"og:site_name\" content=\"21 Panorama\" \/>\n<meta property=\"article:published_time\" content=\"2022-01-15T00:03:30+00:00\" \/>\n<meta property=\"article:modified_time\" content=\"2022-01-15T00:03:32+00:00\" \/>\n<meta property=\"og:image\" content=\"https:\/\/21panorama.com\/wp-content\/uploads\/2022\/01\/e0b228eb-58c8-4edf-af33-5dfbdaa04b22.jpeg\" \/>\n\t<meta property=\"og:image:width\" content=\"1560\" \/>\n\t<meta property=\"og:image:height\" content=\"1040\" \/>\n\t<meta property=\"og:image:type\" content=\"image\/jpeg\" \/>\n<meta name=\"author\" content=\"admin\" \/>\n<meta name=\"twitter:card\" content=\"summary_large_image\" \/>\n<meta name=\"twitter:label1\" content=\"Escrito por\" \/>\n\t<meta name=\"twitter:data1\" content=\"admin\" \/>\n\t<meta name=\"twitter:label2\" content=\"Tiempo de lectura\" \/>\n\t<meta name=\"twitter:data2\" content=\"3 minutos\" \/>\n<script type=\"application\/ld+json\" class=\"yoast-schema-graph\">{\"@context\":\"https:\/\/schema.org\",\"@graph\":[{\"@type\":\"Article\",\"@id\":\"https:\/\/21panorama.com\/index.php\/2022\/01\/14\/desde-las-calles-y-en-el-congreso-diputadas-y-diputados-del-pri-seguiremos-dando-resultados-a-los-mexiquenses-elias-rescala\/#article\",\"isPartOf\":{\"@id\":\"https:\/\/21panorama.com\/index.php\/2022\/01\/14\/desde-las-calles-y-en-el-congreso-diputadas-y-diputados-del-pri-seguiremos-dando-resultados-a-los-mexiquenses-elias-rescala\/\"},\"author\":{\"name\":\"admin\",\"@id\":\"https:\/\/21panorama.com\/#\/schema\/person\/1afc291b96d5792a158768324287319f\"},\"headline\":\"Desde las calles y en el Congreso, diputadas y diputados del PRI, seguiremos dando resultados a los mexiquenses: El\u00edas Rescala\",\"datePublished\":\"2022-01-15T00:03:30+00:00\",\"dateModified\":\"2022-01-15T00:03:32+00:00\",\"mainEntityOfPage\":{\"@id\":\"https:\/\/21panorama.com\/index.php\/2022\/01\/14\/desde-las-calles-y-en-el-congreso-diputadas-y-diputados-del-pri-seguiremos-dando-resultados-a-los-mexiquenses-elias-rescala\/\"},\"wordCount\":440,\"commentCount\":0,\"publisher\":{\"@id\":\"https:\/\/21panorama.com\/#organization\"},\"image\":{\"@id\":\"https:\/\/21panorama.com\/index.php\/2022\/01\/14\/desde-las-calles-y-en-el-congreso-diputadas-y-diputados-del-pri-seguiremos-dando-resultados-a-los-mexiquenses-elias-rescala\/#primaryimage\"},\"thumbnailUrl\":\"https:\/\/21panorama.com\/wp-content\/uploads\/2022\/01\/e0b228eb-58c8-4edf-af33-5dfbdaa04b22.jpeg\",\"keywords\":[\"PRI\"],\"articleSection\":[\"Politica\"],\"inLanguage\":\"es\",\"potentialAction\":[{\"@type\":\"CommentAction\",\"name\":\"Comment\",\"target\":[\"https:\/\/21panorama.com\/index.php\/2022\/01\/14\/desde-las-calles-y-en-el-congreso-diputadas-y-diputados-del-pri-seguiremos-dando-resultados-a-los-mexiquenses-elias-rescala\/#respond\"]}]},{\"@type\":\"WebPage\",\"@id\":\"https:\/\/21panorama.com\/index.php\/2022\/01\/14\/desde-las-calles-y-en-el-congreso-diputadas-y-diputados-del-pri-seguiremos-dando-resultados-a-los-mexiquenses-elias-rescala\/\",\"url\":\"https:\/\/21panorama.com\/index.php\/2022\/01\/14\/desde-las-calles-y-en-el-congreso-diputadas-y-diputados-del-pri-seguiremos-dando-resultados-a-los-mexiquenses-elias-rescala\/\",\"name\":\"Desde las calles y en el Congreso, diputadas y diputados del PRI, seguiremos dando resultados a los mexiquenses: El\u00edas Rescala - 21 Panorama\",\"isPartOf\":{\"@id\":\"https:\/\/21panorama.com\/#website\"},\"primaryImageOfPage\":{\"@id\":\"https:\/\/21panorama.com\/index.php\/2022\/01\/14\/desde-las-calles-y-en-el-congreso-diputadas-y-diputados-del-pri-seguiremos-dando-resultados-a-los-mexiquenses-elias-rescala\/#primaryimage\"},\"image\":{\"@id\":\"https:\/\/21panorama.com\/index.php\/2022\/01\/14\/desde-las-calles-y-en-el-congreso-diputadas-y-diputados-del-pri-seguiremos-dando-resultados-a-los-mexiquenses-elias-rescala\/#primaryimage\"},\"thumbnailUrl\":\"https:\/\/21panorama.com\/wp-content\/uploads\/2022\/01\/e0b228eb-58c8-4edf-af33-5dfbdaa04b22.jpeg\",\"datePublished\":\"2022-01-15T00:03:30+00:00\",\"dateModified\":\"2022-01-15T00:03:32+00:00\",\"breadcrumb\":{\"@id\":\"https:\/\/21panorama.com\/index.php\/2022\/01\/14\/desde-las-calles-y-en-el-congreso-diputadas-y-diputados-del-pri-seguiremos-dando-resultados-a-los-mexiquenses-elias-rescala\/#breadcrumb\"},\"inLanguage\":\"es\",\"potentialAction\":[{\"@type\":\"ReadAction\",\"target\":[\"https:\/\/21panorama.com\/index.php\/2022\/01\/14\/desde-las-calles-y-en-el-congreso-diputadas-y-diputados-del-pri-seguiremos-dando-resultados-a-los-mexiquenses-elias-rescala\/\"]}]},{\"@type\":\"ImageObject\",\"inLanguage\":\"es\",\"@id\":\"https:\/\/21panorama.com\/index.php\/2022\/01\/14\/desde-las-calles-y-en-el-congreso-diputadas-y-diputados-del-pri-seguiremos-dando-resultados-a-los-mexiquenses-elias-rescala\/#primaryimage\",\"url\":\"https:\/\/21panorama.com\/wp-content\/uploads\/2022\/01\/e0b228eb-58c8-4edf-af33-5dfbdaa04b22.jpeg\",\"contentUrl\":\"https:\/\/21panorama.com\/wp-content\/uploads\/2022\/01\/e0b228eb-58c8-4edf-af33-5dfbdaa04b22.jpeg\",\"width\":1560,\"height\":1040},{\"@type\":\"BreadcrumbList\",\"@id\":\"https:\/\/21panorama.com\/index.php\/2022\/01\/14\/desde-las-calles-y-en-el-congreso-diputadas-y-diputados-del-pri-seguiremos-dando-resultados-a-los-mexiquenses-elias-rescala\/#breadcrumb\",\"itemListElement\":[{\"@type\":\"ListItem\",\"position\":1,\"name\":\"Inicio\",\"item\":\"https:\/\/21panorama.com\/\"},{\"@type\":\"ListItem\",\"position\":2,\"name\":\"Desde las calles y en el Congreso, diputadas y diputados del PRI, seguiremos dando resultados a los mexiquenses: El\u00edas Rescala\"}]},{\"@type\":\"WebSite\",\"@id\":\"https:\/\/21panorama.com\/#website\",\"url\":\"https:\/\/21panorama.com\/\",\"name\":\"21 Panorama\",\"description\":\"La construcci\u00f3n de la opini\u00f3n p\u00fablica merece un mejor Panorama en este siglo 21 para alcanzar una sociedad con mayor transparencia y sin corrupci\u00f3n.\",\"publisher\":{\"@id\":\"https:\/\/21panorama.com\/#organization\"},\"potentialAction\":[{\"@type\":\"SearchAction\",\"target\":{\"@type\":\"EntryPoint\",\"urlTemplate\":\"https:\/\/21panorama.com\/?s={search_term_string}\"},\"query-input\":{\"@type\":\"PropertyValueSpecification\",\"valueRequired\":true,\"valueName\":\"search_term_string\"}}],\"inLanguage\":\"es\"},{\"@type\":\"Organization\",\"@id\":\"https:\/\/21panorama.com\/#organization\",\"name\":\"21 Panorama\",\"url\":\"https:\/\/21panorama.com\/\",\"logo\":{\"@type\":\"ImageObject\",\"inLanguage\":\"es\",\"@id\":\"https:\/\/21panorama.com\/#\/schema\/logo\/image\/\",\"url\":\"https:\/\/21panorama.com\/wp-content\/uploads\/2019\/07\/cropped-Logo-Panorama-01.jpeg\",\"contentUrl\":\"https:\/\/21panorama.com\/wp-content\/uploads\/2019\/07\/cropped-Logo-Panorama-01.jpeg\",\"width\":290,\"height\":70,\"caption\":\"21 Panorama\"},\"image\":{\"@id\":\"https:\/\/21panorama.com\/#\/schema\/logo\/image\/\"}},{\"@type\":\"Person\",\"@id\":\"https:\/\/21panorama.com\/#\/schema\/person\/1afc291b96d5792a158768324287319f\",\"name\":\"admin\",\"image\":{\"@type\":\"ImageObject\",\"inLanguage\":\"es\",\"@id\":\"https:\/\/21panorama.com\/#\/schema\/person\/image\/\",\"url\":\"https:\/\/secure.gravatar.com\/avatar\/ad365d9d9f46719215b0d042cc3df92a5a8683e09ef13d102233e5491985f0f0?s=96&d=mm&r=g\",\"contentUrl\":\"https:\/\/secure.gravatar.com\/avatar\/ad365d9d9f46719215b0d042cc3df92a5a8683e09ef13d102233e5491985f0f0?s=96&d=mm&r=g\",\"caption\":\"admin\"},\"url\":\"https:\/\/21panorama.com\/index.php\/author\/admin\/\"}]}<\/script>\n<!-- \/ Yoast SEO plugin. -->","yoast_head_json":{"title":"Desde las calles y en el Congreso, diputadas y diputados del PRI, seguiremos dando resultados a los mexiquenses: El\u00edas Rescala - 21 Panorama","robots":{"index":"index","follow":"follow","max-snippet":"max-snippet:-1","max-image-preview":"max-image-preview:large","max-video-preview":"max-video-preview:-1"},"canonical":"https:\/\/21panorama.com\/index.php\/2022\/01\/14\/desde-las-calles-y-en-el-congreso-diputadas-y-diputados-del-pri-seguiremos-dando-resultados-a-los-mexiquenses-elias-rescala\/","og_locale":"es_MX","og_type":"article","og_title":"Desde las calles y en el Congreso, diputadas y diputados del PRI, seguiremos dando resultados a los mexiquenses: El\u00edas Rescala - 21 Panorama","og_description":"Acambay, Estado de M\u00e9xico, 14 de enero de 2022.- \u00a0Desde las calles y desde la C\u00e1mara de Diputados, las y los legisladores del PRI trabajamos de la mano y con cercan\u00eda para entregar resultados a los mexiquenses, asegur\u00f3 El\u00edas Rescala, coordinador de la Fracci\u00f3n Parlamentaria del Partido Revolucionario Institucional en la 61 Legislatura.","og_url":"https:\/\/21panorama.com\/index.php\/2022\/01\/14\/desde-las-calles-y-en-el-congreso-diputadas-y-diputados-del-pri-seguiremos-dando-resultados-a-los-mexiquenses-elias-rescala\/","og_site_name":"21 Panorama","article_published_time":"2022-01-15T00:03:30+00:00","article_modified_time":"2022-01-15T00:03:32+00:00","og_image":[{"width":1560,"height":1040,"url":"https:\/\/21panorama.com\/wp-content\/uploads\/2022\/01\/e0b228eb-58c8-4edf-af33-5dfbdaa04b22.jpeg","type":"image\/jpeg"}],"author":"admin","twitter_card":"summary_large_image","twitter_misc":{"Escrito por":"admin","Tiempo de lectura":"3 minutos"},"schema":{"@context":"https:\/\/schema.org","@graph":[{"@type":"Article","@id":"https:\/\/21panorama.com\/index.php\/2022\/01\/14\/desde-las-calles-y-en-el-congreso-diputadas-y-diputados-del-pri-seguiremos-dando-resultados-a-los-mexiquenses-elias-rescala\/#article","isPartOf":{"@id":"https:\/\/21panorama.com\/index.php\/2022\/01\/14\/desde-las-calles-y-en-el-congreso-diputadas-y-diputados-del-pri-seguiremos-dando-resultados-a-los-mexiquenses-elias-rescala\/"},"author":{"name":"admin","@id":"https:\/\/21panorama.com\/#\/schema\/person\/1afc291b96d5792a158768324287319f"},"headline":"Desde las calles y en el Congreso, diputadas y diputados del PRI, seguiremos dando resultados a los mexiquenses: El\u00edas Rescala","datePublished":"2022-01-15T00:03:30+00:00","dateModified":"2022-01-15T00:03:32+00:00","mainEntityOfPage":{"@id":"https:\/\/21panorama.com\/index.php\/2022\/01\/14\/desde-las-calles-y-en-el-congreso-diputadas-y-diputados-del-pri-seguiremos-dando-resultados-a-los-mexiquenses-elias-rescala\/"},"wordCount":440,"commentCount":0,"publisher":{"@id":"https:\/\/21panorama.com\/#organization"},"image":{"@id":"https:\/\/21panorama.com\/index.php\/2022\/01\/14\/desde-las-calles-y-en-el-congreso-diputadas-y-diputados-del-pri-seguiremos-dando-resultados-a-los-mexiquenses-elias-rescala\/#primaryimage"},"thumbnailUrl":"https:\/\/21panorama.com\/wp-content\/uploads\/2022\/01\/e0b228eb-58c8-4edf-af33-5dfbdaa04b22.jpeg","keywords":["PRI"],"articleSection":["Politica"],"inLanguage":"es","potentialAction":[{"@type":"CommentAction","name":"Comment","target":["https:\/\/21panorama.com\/index.php\/2022\/01\/14\/desde-las-calles-y-en-el-congreso-diputadas-y-diputados-del-pri-seguiremos-dando-resultados-a-los-mexiquenses-elias-rescala\/#respond"]}]},{"@type":"WebPage","@id":"https:\/\/21panorama.com\/index.php\/2022\/01\/14\/desde-las-calles-y-en-el-congreso-diputadas-y-diputados-del-pri-seguiremos-dando-resultados-a-los-mexiquenses-elias-rescala\/","url":"https:\/\/21panorama.com\/index.php\/2022\/01\/14\/desde-las-calles-y-en-el-congreso-diputadas-y-diputados-del-pri-seguiremos-dando-resultados-a-los-mexiquenses-elias-rescala\/","name":"Desde las calles y en el Congreso, diputadas y diputados del PRI, seguiremos dando resultados a los mexiquenses: El\u00edas Rescala - 21 Panorama","isPartOf":{"@id":"https:\/\/21panorama.com\/#website"},"primaryImageOfPage":{"@id":"https:\/\/21panorama.com\/index.php\/2022\/01\/14\/desde-las-calles-y-en-el-congreso-diputadas-y-diputados-del-pri-seguiremos-dando-resultados-a-los-mexiquenses-elias-rescala\/#primaryimage"},"image":{"@id":"https:\/\/21panorama.com\/index.php\/2022\/01\/14\/desde-las-calles-y-en-el-congreso-diputadas-y-diputados-del-pri-seguiremos-dando-resultados-a-los-mexiquenses-elias-rescala\/#primaryimage"},"thumbnailUrl":"https:\/\/21panorama.com\/wp-content\/uploads\/2022\/01\/e0b228eb-58c8-4edf-af33-5dfbdaa04b22.jpeg","datePublished":"2022-01-15T00:03:30+00:00","dateModified":"2022-01-15T00:03:32+00:00","breadcrumb":{"@id":"https:\/\/21panorama.com\/index.php\/2022\/01\/14\/desde-las-calles-y-en-el-congreso-diputadas-y-diputados-del-pri-seguiremos-dando-resultados-a-los-mexiquenses-elias-rescala\/#breadcrumb"},"inLanguage":"es","potentialAction":[{"@type":"ReadAction","target":["https:\/\/21panorama.com\/index.php\/2022\/01\/14\/desde-las-calles-y-en-el-congreso-diputadas-y-diputados-del-pri-seguiremos-dando-resultados-a-los-mexiquenses-elias-rescala\/"]}]},{"@type":"ImageObject","inLanguage":"es","@id":"https:\/\/21panorama.com\/index.php\/2022\/01\/14\/desde-las-calles-y-en-el-congreso-diputadas-y-diputados-del-pri-seguiremos-dando-resultados-a-los-mexiquenses-elias-rescala\/#primaryimage","url":"https:\/\/21panorama.com\/wp-content\/uploads\/2022\/01\/e0b228eb-58c8-4edf-af33-5dfbdaa04b22.jpeg","contentUrl":"https:\/\/21panorama.com\/wp-content\/uploads\/2022\/01\/e0b228eb-58c8-4edf-af33-5dfbdaa04b22.jpeg","width":1560,"height":1040},{"@type":"BreadcrumbList","@id":"https:\/\/21panorama.com\/index.php\/2022\/01\/14\/desde-las-calles-y-en-el-congreso-diputadas-y-diputados-del-pri-seguiremos-dando-resultados-a-los-mexiquenses-elias-rescala\/#breadcrumb","itemListElement":[{"@type":"ListItem","position":1,"name":"Inicio","item":"https:\/\/21panorama.com\/"},{"@type":"ListItem","position":2,"name":"Desde las calles y en el Congreso, diputadas y diputados del PRI, seguiremos dando resultados a los mexiquenses: El\u00edas Rescala"}]},{"@type":"WebSite","@id":"https:\/\/21panorama.com\/#website","url":"https:\/\/21panorama.com\/","name":"21 Panorama","description":"La construcci\u00f3n de la opini\u00f3n p\u00fablica merece un mejor Panorama en este siglo 21 para alcanzar una sociedad con mayor transparencia y sin corrupci\u00f3n.","publisher":{"@id":"https:\/\/21panorama.com\/#organization"},"potentialAction":[{"@type":"SearchAction","target":{"@type":"EntryPoint","urlTemplate":"https:\/\/21panorama.com\/?s={search_term_string}"},"query-input":{"@type":"PropertyValueSpecification","valueRequired":true,"valueName":"search_term_string"}}],"inLanguage":"es"},{"@type":"Organization","@id":"https:\/\/21panorama.com\/#organization","name":"21 Panorama","url":"https:\/\/21panorama.com\/","logo":{"@type":"ImageObject","inLanguage":"es","@id":"https:\/\/21panorama.com\/#\/schema\/logo\/image\/","url":"https:\/\/21panorama.com\/wp-content\/uploads\/2019\/07\/cropped-Logo-Panorama-01.jpeg","contentUrl":"https:\/\/21panorama.com\/wp-content\/uploads\/2019\/07\/cropped-Logo-Panorama-01.jpeg","width":290,"height":70,"caption":"21 Panorama"},"image":{"@id":"https:\/\/21panorama.com\/#\/schema\/logo\/image\/"}},{"@type":"Person","@id":"https:\/\/21panorama.com\/#\/schema\/person\/1afc291b96d5792a158768324287319f","name":"admin","image":{"@type":"ImageObject","inLanguage":"es","@id":"https:\/\/21panorama.com\/#\/schema\/person\/image\/","url":"https:\/\/secure.gravatar.com\/avatar\/ad365d9d9f46719215b0d042cc3df92a5a8683e09ef13d102233e5491985f0f0?s=96&d=mm&r=g","contentUrl":"https:\/\/secure.gravatar.com\/avatar\/ad365d9d9f46719215b0d042cc3df92a5a8683e09ef13d102233e5491985f0f0?s=96&d=mm&r=g","caption":"admin"},"url":"https:\/\/21panorama.com\/index.php\/author\/admin\/"}]}},"_links":{"self":[{"href":"https:\/\/21panorama.com\/index.php\/wp-json\/wp\/v2\/posts\/2989","targetHints":{"allow":["GET"]}}],"collection":[{"href":"https:\/\/21panorama.com\/index.php\/wp-json\/wp\/v2\/posts"}],"about":[{"href":"https:\/\/21panorama.com\/index.php\/wp-json\/wp\/v2\/types\/post"}],"author":[{"embeddable":true,"href":"https:\/\/21panorama.com\/index.php\/wp-json\/wp\/v2\/users\/1"}],"replies":[{"embeddable":true,"href":"https:\/\/21panorama.com\/index.php\/wp-json\/wp\/v2\/comments?post=2989"}],"version-history":[{"count":1,"href":"https:\/\/21panorama.com\/index.php\/wp-json\/wp\/v2\/posts\/2989\/revisions"}],"predecessor-version":[{"id":2994,"href":"https:\/\/21panorama.com\/index.php\/wp-json\/wp\/v2\/posts\/2989\/revisions\/2994"}],"wp:featuredmedia":[{"embeddable":true,"href":"https:\/\/21panorama.com\/index.php\/wp-json\/wp\/v2\/media\/2990"}],"wp:attachment":[{"href":"https:\/\/21panorama.com\/index.php\/wp-json\/wp\/v2\/media?parent=2989"}],"wp:term":[{"taxonomy":"category","embeddable":true,"href":"https:\/\/21panorama.com\/index.php\/wp-json\/wp\/v2\/categories?post=2989"},{"taxonomy":"post_tag","embeddable":true,"href":"https:\/\/21panorama.com\/index.php\/wp-json\/wp\/v2\/tags?post=2989"}],"curies":[{"name":"wp","href":"https:\/\/api.w.org\/{rel}","templated":true}]}}