{"id":2979,"date":"2022-01-14T17:54:35","date_gmt":"2022-01-14T23:54:35","guid":{"rendered":"https:\/\/21panorama.com\/?p=2979"},"modified":"2022-01-14T17:54:36","modified_gmt":"2022-01-14T23:54:36","slug":"gobierno-de-metepec-fortalecera-la-seguridad-publica","status":"publish","type":"post","link":"https:\/\/21panorama.com\/index.php\/2022\/01\/14\/gobierno-de-metepec-fortalecera-la-seguridad-publica\/","title":{"rendered":"GOBIERNO DE METEPEC FORTALECER\u00c1 LA SEGURIDAD P\u00daBLICA"},"content":{"rendered":"\n<p>En conferencia de prensa, el alcalde de Metepec, Fernando Flores Fern\u00e1ndez, dio a conocer las acciones en materia de seguridad, destacando los ejes de trabajo en los que se prioriza la polic\u00eda de proximidad, la dignificaci\u00f3n de los elementos de la corporaci\u00f3n, equipamiento, uso de tecnolog\u00eda y cercan\u00eda con la ciudadan\u00eda.<\/p>\n\n\n\n<p>El presidente municipal, resalt\u00f3 la necesidad de mejorar la estrategia de seguridad (en proceso y con buenos resultados ya visibles en lo inmediato), as\u00ed como regresar el respeto al polic\u00eda.<\/p>\n\n\n\n<p>En el acto, Fernando Flores Fern\u00e1ndez, estuvo acompa\u00f1ado del Director de Seguridad P\u00fablica y Tr\u00e1nsito, Jes\u00fas Alberto Ram\u00edrez Manzur.<\/p>\n\n\n\n<p>Se incrementar\u00e1 el n\u00famero de elementos de seguridad p\u00fablica y tr\u00e1nsito, as\u00ed como patrullas en el municipio.<\/p>\n\n\n\n<p>Se sumar\u00e1n a las tareas de vigilancia en la demarcaci\u00f3n, 100 elementos de la Secretaria de Seguridad del Estado de M\u00e9xico.<\/p>\n\n\n\n<p>Se elimina el uso de inmovilizadores mejor conocidos como ara\u00f1as, sin embargo, se mantendr\u00e1n las multas para infractores y se dise\u00f1a su participaci\u00f3n en trabajo social en comunidades. (Justicia C\u00edvica, las labores ser\u00e1n ciudadanas para subsanar el da\u00f1o que pudiera ocasionarse).<\/p>\n\n\n\n<p>Redise\u00f1o de cuadrantes de 5 que exist\u00edan anteriormente a 15, a fin de dar una atenci\u00f3n r\u00e1pida y eficaz a la ciudadan\u00eda.<\/p>\n\n\n\n<p>Trabajo coordinado y permanente con la Secretar\u00eda de Seguridad del Estado de M\u00e9xico.<\/p>\n\n\n\n<p>Se prev\u00e9 incremento de c\u00e1maras de vigilancia; actualmente existen 592 del C-5, vinculadas con el C-2 del municipio y 106 de Nextiva.<\/p>\n\n\n\n<p>Rehabilitaci\u00f3n de los Centros de Atenci\u00f3n Inmediata (CAI) mejor conocidos como Tecallis, que ser\u00e1n lugares con presencia de polic\u00eda, pero tambi\u00e9n para la realizaci\u00f3n de algunos tr\u00e1mites administrativos y sedes del programa M\u00e9dico en tu Casa. Actualmente son 12 inmuebles que incluyen los de propiedad del municipio, en comodato del estado y de las comunidades.<\/p>\n\n\n\n<p>Con la finalidad de disminuir la incidencia delictiva se trabaja en coordinaci\u00f3n con la Secretar\u00eda de Seguridad Ciudadana, as\u00ed como con la Guardia Nacional implementando los siguientes operativos: Rastrillo, Escuela Segura, Transporte Seguro, Barrio Seguro, Taxi Seguro y Filtros de revisi\u00f3n, as\u00ed como Tianguis Seguro.<\/p>\n\n\n\n<p>Con informaci\u00f3n del Secretariado Ejecutivo del Sistema Nacional de Seguridad P\u00fablica, se dio a conocer el incremento sustancial de delitos en diversos indicadores en la pasada administraci\u00f3n (2019-2021) en comparaci\u00f3n a la gesti\u00f3n de gobierno municipal (2016-2018).<\/p>\n\n\n\n<figure class=\"wp-block-gallery columns-2 is-cropped wp-block-gallery-1 is-layout-flex wp-block-gallery-is-layout-flex\"><ul class=\"blocks-gallery-grid\"><li class=\"blocks-gallery-item\"><figure><img decoding=\"async\" width=\"1024\" height=\"683\" src=\"https:\/\/21panorama.com\/wp-content\/uploads\/2022\/01\/7452ca78-664b-4833-961f-7c336bb577ce-1024x683.jpeg\" alt=\"\" data-id=\"2981\" data-link=\"https:\/\/21panorama.com\/?attachment_id=2981\" class=\"wp-image-2981\" srcset=\"https:\/\/21panorama.com\/wp-content\/uploads\/2022\/01\/7452ca78-664b-4833-961f-7c336bb577ce-1024x683.jpeg 1024w, https:\/\/21panorama.com\/wp-content\/uploads\/2022\/01\/7452ca78-664b-4833-961f-7c336bb577ce-300x200.jpeg 300w, https:\/\/21panorama.com\/wp-content\/uploads\/2022\/01\/7452ca78-664b-4833-961f-7c336bb577ce-768x512.jpeg 768w, https:\/\/21panorama.com\/wp-content\/uploads\/2022\/01\/7452ca78-664b-4833-961f-7c336bb577ce-1536x1024.jpeg 1536w, https:\/\/21panorama.com\/wp-content\/uploads\/2022\/01\/7452ca78-664b-4833-961f-7c336bb577ce.jpeg 1600w\" sizes=\"(max-width: 1024px) 100vw, 1024px\" \/><\/figure><\/li><li class=\"blocks-gallery-item\"><figure><img decoding=\"async\" width=\"1024\" height=\"683\" src=\"https:\/\/21panorama.com\/wp-content\/uploads\/2022\/01\/c18384ff-1f76-41a8-9079-37e4e30aff80-1024x683.jpeg\" alt=\"\" data-id=\"2982\" data-full-url=\"https:\/\/21panorama.com\/wp-content\/uploads\/2022\/01\/c18384ff-1f76-41a8-9079-37e4e30aff80.jpeg\" data-link=\"https:\/\/21panorama.com\/?attachment_id=2982\" class=\"wp-image-2982\" srcset=\"https:\/\/21panorama.com\/wp-content\/uploads\/2022\/01\/c18384ff-1f76-41a8-9079-37e4e30aff80-1024x683.jpeg 1024w, https:\/\/21panorama.com\/wp-content\/uploads\/2022\/01\/c18384ff-1f76-41a8-9079-37e4e30aff80-300x200.jpeg 300w, https:\/\/21panorama.com\/wp-content\/uploads\/2022\/01\/c18384ff-1f76-41a8-9079-37e4e30aff80-768x512.jpeg 768w, https:\/\/21panorama.com\/wp-content\/uploads\/2022\/01\/c18384ff-1f76-41a8-9079-37e4e30aff80-1536x1024.jpeg 1536w, https:\/\/21panorama.com\/wp-content\/uploads\/2022\/01\/c18384ff-1f76-41a8-9079-37e4e30aff80.jpeg 1600w\" sizes=\"(max-width: 1024px) 100vw, 1024px\" \/><\/figure><\/li><\/ul><\/figure>\n","protected":false},"excerpt":{"rendered":"<p>Polic\u00eda de Proximidad, dignificaci\u00f3n de la corporaci\u00f3n y elementos, as\u00ed como equipamiento y aplicaci\u00f3n de tecnolog\u00eda, las prioridades. <\/p>\n","protected":false},"author":1,"featured_media":2980,"comment_status":"open","ping_status":"open","sticky":false,"template":"","format":"standard","meta":{"footnotes":""},"categories":[12],"tags":[77],"class_list":["post-2979","post","type-post","status-publish","format-standard","has-post-thumbnail","hentry","category-politica","tag-metepec"],"yoast_head":"<!-- This site is optimized with the Yoast SEO plugin v24.9 - https:\/\/yoast.com\/wordpress\/plugins\/seo\/ -->\n<title>GOBIERNO DE METEPEC FORTALECER\u00c1 LA SEGURIDAD P\u00daBLICA - 21 Panorama<\/title>\n<meta name=\"robots\" content=\"index, follow, max-snippet:-1, max-image-preview:large, max-video-preview:-1\" \/>\n<link rel=\"canonical\" href=\"https:\/\/21panorama.com\/index.php\/2022\/01\/14\/gobierno-de-metepec-fortalecera-la-seguridad-publica\/\" \/>\n<meta property=\"og:locale\" content=\"es_MX\" \/>\n<meta property=\"og:type\" content=\"article\" \/>\n<meta property=\"og:title\" content=\"GOBIERNO DE METEPEC FORTALECER\u00c1 LA SEGURIDAD P\u00daBLICA - 21 Panorama\" \/>\n<meta property=\"og:description\" content=\"Polic\u00eda de Proximidad, dignificaci\u00f3n de la corporaci\u00f3n y elementos, as\u00ed como equipamiento y aplicaci\u00f3n de tecnolog\u00eda, las prioridades.\" \/>\n<meta property=\"og:url\" content=\"https:\/\/21panorama.com\/index.php\/2022\/01\/14\/gobierno-de-metepec-fortalecera-la-seguridad-publica\/\" \/>\n<meta property=\"og:site_name\" content=\"21 Panorama\" \/>\n<meta property=\"article:published_time\" content=\"2022-01-14T23:54:35+00:00\" \/>\n<meta property=\"article:modified_time\" content=\"2022-01-14T23:54:36+00:00\" \/>\n<meta property=\"og:image\" content=\"https:\/\/21panorama.com\/wp-content\/uploads\/2022\/01\/dd59fa4a-a92e-474a-a4e0-f497f177da24.jpeg\" \/>\n\t<meta property=\"og:image:width\" content=\"1600\" \/>\n\t<meta property=\"og:image:height\" content=\"1067\" \/>\n\t<meta property=\"og:image:type\" content=\"image\/jpeg\" \/>\n<meta name=\"author\" content=\"admin\" \/>\n<meta name=\"twitter:card\" content=\"summary_large_image\" \/>\n<meta name=\"twitter:label1\" content=\"Escrito por\" \/>\n\t<meta name=\"twitter:data1\" content=\"admin\" \/>\n\t<meta name=\"twitter:label2\" content=\"Tiempo de lectura\" \/>\n\t<meta name=\"twitter:data2\" content=\"3 minutos\" \/>\n<script type=\"application\/ld+json\" class=\"yoast-schema-graph\">{\"@context\":\"https:\/\/schema.org\",\"@graph\":[{\"@type\":\"Article\",\"@id\":\"https:\/\/21panorama.com\/index.php\/2022\/01\/14\/gobierno-de-metepec-fortalecera-la-seguridad-publica\/#article\",\"isPartOf\":{\"@id\":\"https:\/\/21panorama.com\/index.php\/2022\/01\/14\/gobierno-de-metepec-fortalecera-la-seguridad-publica\/\"},\"author\":{\"name\":\"admin\",\"@id\":\"https:\/\/21panorama.com\/#\/schema\/person\/1afc291b96d5792a158768324287319f\"},\"headline\":\"GOBIERNO DE METEPEC FORTALECER\u00c1 LA SEGURIDAD P\u00daBLICA\",\"datePublished\":\"2022-01-14T23:54:35+00:00\",\"dateModified\":\"2022-01-14T23:54:36+00:00\",\"mainEntityOfPage\":{\"@id\":\"https:\/\/21panorama.com\/index.php\/2022\/01\/14\/gobierno-de-metepec-fortalecera-la-seguridad-publica\/\"},\"wordCount\":426,\"commentCount\":0,\"publisher\":{\"@id\":\"https:\/\/21panorama.com\/#organization\"},\"image\":{\"@id\":\"https:\/\/21panorama.com\/index.php\/2022\/01\/14\/gobierno-de-metepec-fortalecera-la-seguridad-publica\/#primaryimage\"},\"thumbnailUrl\":\"https:\/\/21panorama.com\/wp-content\/uploads\/2022\/01\/dd59fa4a-a92e-474a-a4e0-f497f177da24.jpeg\",\"keywords\":[\"Metepec\"],\"articleSection\":[\"Politica\"],\"inLanguage\":\"es\",\"potentialAction\":[{\"@type\":\"CommentAction\",\"name\":\"Comment\",\"target\":[\"https:\/\/21panorama.com\/index.php\/2022\/01\/14\/gobierno-de-metepec-fortalecera-la-seguridad-publica\/#respond\"]}]},{\"@type\":\"WebPage\",\"@id\":\"https:\/\/21panorama.com\/index.php\/2022\/01\/14\/gobierno-de-metepec-fortalecera-la-seguridad-publica\/\",\"url\":\"https:\/\/21panorama.com\/index.php\/2022\/01\/14\/gobierno-de-metepec-fortalecera-la-seguridad-publica\/\",\"name\":\"GOBIERNO DE METEPEC FORTALECER\u00c1 LA SEGURIDAD P\u00daBLICA - 21 Panorama\",\"isPartOf\":{\"@id\":\"https:\/\/21panorama.com\/#website\"},\"primaryImageOfPage\":{\"@id\":\"https:\/\/21panorama.com\/index.php\/2022\/01\/14\/gobierno-de-metepec-fortalecera-la-seguridad-publica\/#primaryimage\"},\"image\":{\"@id\":\"https:\/\/21panorama.com\/index.php\/2022\/01\/14\/gobierno-de-metepec-fortalecera-la-seguridad-publica\/#primaryimage\"},\"thumbnailUrl\":\"https:\/\/21panorama.com\/wp-content\/uploads\/2022\/01\/dd59fa4a-a92e-474a-a4e0-f497f177da24.jpeg\",\"datePublished\":\"2022-01-14T23:54:35+00:00\",\"dateModified\":\"2022-01-14T23:54:36+00:00\",\"breadcrumb\":{\"@id\":\"https:\/\/21panorama.com\/index.php\/2022\/01\/14\/gobierno-de-metepec-fortalecera-la-seguridad-publica\/#breadcrumb\"},\"inLanguage\":\"es\",\"potentialAction\":[{\"@type\":\"ReadAction\",\"target\":[\"https:\/\/21panorama.com\/index.php\/2022\/01\/14\/gobierno-de-metepec-fortalecera-la-seguridad-publica\/\"]}]},{\"@type\":\"ImageObject\",\"inLanguage\":\"es\",\"@id\":\"https:\/\/21panorama.com\/index.php\/2022\/01\/14\/gobierno-de-metepec-fortalecera-la-seguridad-publica\/#primaryimage\",\"url\":\"https:\/\/21panorama.com\/wp-content\/uploads\/2022\/01\/dd59fa4a-a92e-474a-a4e0-f497f177da24.jpeg\",\"contentUrl\":\"https:\/\/21panorama.com\/wp-content\/uploads\/2022\/01\/dd59fa4a-a92e-474a-a4e0-f497f177da24.jpeg\",\"width\":1600,\"height\":1067},{\"@type\":\"BreadcrumbList\",\"@id\":\"https:\/\/21panorama.com\/index.php\/2022\/01\/14\/gobierno-de-metepec-fortalecera-la-seguridad-publica\/#breadcrumb\",\"itemListElement\":[{\"@type\":\"ListItem\",\"position\":1,\"name\":\"Inicio\",\"item\":\"https:\/\/21panorama.com\/\"},{\"@type\":\"ListItem\",\"position\":2,\"name\":\"GOBIERNO DE METEPEC FORTALECER\u00c1 LA SEGURIDAD P\u00daBLICA\"}]},{\"@type\":\"WebSite\",\"@id\":\"https:\/\/21panorama.com\/#website\",\"url\":\"https:\/\/21panorama.com\/\",\"name\":\"21 Panorama\",\"description\":\"La construcci\u00f3n de la opini\u00f3n p\u00fablica merece un mejor Panorama en este siglo 21 para alcanzar una sociedad con mayor transparencia y sin corrupci\u00f3n.\",\"publisher\":{\"@id\":\"https:\/\/21panorama.com\/#organization\"},\"potentialAction\":[{\"@type\":\"SearchAction\",\"target\":{\"@type\":\"EntryPoint\",\"urlTemplate\":\"https:\/\/21panorama.com\/?s={search_term_string}\"},\"query-input\":{\"@type\":\"PropertyValueSpecification\",\"valueRequired\":true,\"valueName\":\"search_term_string\"}}],\"inLanguage\":\"es\"},{\"@type\":\"Organization\",\"@id\":\"https:\/\/21panorama.com\/#organization\",\"name\":\"21 Panorama\",\"url\":\"https:\/\/21panorama.com\/\",\"logo\":{\"@type\":\"ImageObject\",\"inLanguage\":\"es\",\"@id\":\"https:\/\/21panorama.com\/#\/schema\/logo\/image\/\",\"url\":\"https:\/\/21panorama.com\/wp-content\/uploads\/2019\/07\/cropped-Logo-Panorama-01.jpeg\",\"contentUrl\":\"https:\/\/21panorama.com\/wp-content\/uploads\/2019\/07\/cropped-Logo-Panorama-01.jpeg\",\"width\":290,\"height\":70,\"caption\":\"21 Panorama\"},\"image\":{\"@id\":\"https:\/\/21panorama.com\/#\/schema\/logo\/image\/\"}},{\"@type\":\"Person\",\"@id\":\"https:\/\/21panorama.com\/#\/schema\/person\/1afc291b96d5792a158768324287319f\",\"name\":\"admin\",\"image\":{\"@type\":\"ImageObject\",\"inLanguage\":\"es\",\"@id\":\"https:\/\/21panorama.com\/#\/schema\/person\/image\/\",\"url\":\"https:\/\/secure.gravatar.com\/avatar\/ad365d9d9f46719215b0d042cc3df92a5a8683e09ef13d102233e5491985f0f0?s=96&d=mm&r=g\",\"contentUrl\":\"https:\/\/secure.gravatar.com\/avatar\/ad365d9d9f46719215b0d042cc3df92a5a8683e09ef13d102233e5491985f0f0?s=96&d=mm&r=g\",\"caption\":\"admin\"},\"url\":\"https:\/\/21panorama.com\/index.php\/author\/admin\/\"}]}<\/script>\n<!-- \/ Yoast SEO plugin. -->","yoast_head_json":{"title":"GOBIERNO DE METEPEC FORTALECER\u00c1 LA SEGURIDAD P\u00daBLICA - 21 Panorama","robots":{"index":"index","follow":"follow","max-snippet":"max-snippet:-1","max-image-preview":"max-image-preview:large","max-video-preview":"max-video-preview:-1"},"canonical":"https:\/\/21panorama.com\/index.php\/2022\/01\/14\/gobierno-de-metepec-fortalecera-la-seguridad-publica\/","og_locale":"es_MX","og_type":"article","og_title":"GOBIERNO DE METEPEC FORTALECER\u00c1 LA SEGURIDAD P\u00daBLICA - 21 Panorama","og_description":"Polic\u00eda de Proximidad, dignificaci\u00f3n de la corporaci\u00f3n y elementos, as\u00ed como equipamiento y aplicaci\u00f3n de tecnolog\u00eda, las prioridades.","og_url":"https:\/\/21panorama.com\/index.php\/2022\/01\/14\/gobierno-de-metepec-fortalecera-la-seguridad-publica\/","og_site_name":"21 Panorama","article_published_time":"2022-01-14T23:54:35+00:00","article_modified_time":"2022-01-14T23:54:36+00:00","og_image":[{"width":1600,"height":1067,"url":"https:\/\/21panorama.com\/wp-content\/uploads\/2022\/01\/dd59fa4a-a92e-474a-a4e0-f497f177da24.jpeg","type":"image\/jpeg"}],"author":"admin","twitter_card":"summary_large_image","twitter_misc":{"Escrito por":"admin","Tiempo de lectura":"3 minutos"},"schema":{"@context":"https:\/\/schema.org","@graph":[{"@type":"Article","@id":"https:\/\/21panorama.com\/index.php\/2022\/01\/14\/gobierno-de-metepec-fortalecera-la-seguridad-publica\/#article","isPartOf":{"@id":"https:\/\/21panorama.com\/index.php\/2022\/01\/14\/gobierno-de-metepec-fortalecera-la-seguridad-publica\/"},"author":{"name":"admin","@id":"https:\/\/21panorama.com\/#\/schema\/person\/1afc291b96d5792a158768324287319f"},"headline":"GOBIERNO DE METEPEC FORTALECER\u00c1 LA SEGURIDAD P\u00daBLICA","datePublished":"2022-01-14T23:54:35+00:00","dateModified":"2022-01-14T23:54:36+00:00","mainEntityOfPage":{"@id":"https:\/\/21panorama.com\/index.php\/2022\/01\/14\/gobierno-de-metepec-fortalecera-la-seguridad-publica\/"},"wordCount":426,"commentCount":0,"publisher":{"@id":"https:\/\/21panorama.com\/#organization"},"image":{"@id":"https:\/\/21panorama.com\/index.php\/2022\/01\/14\/gobierno-de-metepec-fortalecera-la-seguridad-publica\/#primaryimage"},"thumbnailUrl":"https:\/\/21panorama.com\/wp-content\/uploads\/2022\/01\/dd59fa4a-a92e-474a-a4e0-f497f177da24.jpeg","keywords":["Metepec"],"articleSection":["Politica"],"inLanguage":"es","potentialAction":[{"@type":"CommentAction","name":"Comment","target":["https:\/\/21panorama.com\/index.php\/2022\/01\/14\/gobierno-de-metepec-fortalecera-la-seguridad-publica\/#respond"]}]},{"@type":"WebPage","@id":"https:\/\/21panorama.com\/index.php\/2022\/01\/14\/gobierno-de-metepec-fortalecera-la-seguridad-publica\/","url":"https:\/\/21panorama.com\/index.php\/2022\/01\/14\/gobierno-de-metepec-fortalecera-la-seguridad-publica\/","name":"GOBIERNO DE METEPEC FORTALECER\u00c1 LA SEGURIDAD P\u00daBLICA - 21 Panorama","isPartOf":{"@id":"https:\/\/21panorama.com\/#website"},"primaryImageOfPage":{"@id":"https:\/\/21panorama.com\/index.php\/2022\/01\/14\/gobierno-de-metepec-fortalecera-la-seguridad-publica\/#primaryimage"},"image":{"@id":"https:\/\/21panorama.com\/index.php\/2022\/01\/14\/gobierno-de-metepec-fortalecera-la-seguridad-publica\/#primaryimage"},"thumbnailUrl":"https:\/\/21panorama.com\/wp-content\/uploads\/2022\/01\/dd59fa4a-a92e-474a-a4e0-f497f177da24.jpeg","datePublished":"2022-01-14T23:54:35+00:00","dateModified":"2022-01-14T23:54:36+00:00","breadcrumb":{"@id":"https:\/\/21panorama.com\/index.php\/2022\/01\/14\/gobierno-de-metepec-fortalecera-la-seguridad-publica\/#breadcrumb"},"inLanguage":"es","potentialAction":[{"@type":"ReadAction","target":["https:\/\/21panorama.com\/index.php\/2022\/01\/14\/gobierno-de-metepec-fortalecera-la-seguridad-publica\/"]}]},{"@type":"ImageObject","inLanguage":"es","@id":"https:\/\/21panorama.com\/index.php\/2022\/01\/14\/gobierno-de-metepec-fortalecera-la-seguridad-publica\/#primaryimage","url":"https:\/\/21panorama.com\/wp-content\/uploads\/2022\/01\/dd59fa4a-a92e-474a-a4e0-f497f177da24.jpeg","contentUrl":"https:\/\/21panorama.com\/wp-content\/uploads\/2022\/01\/dd59fa4a-a92e-474a-a4e0-f497f177da24.jpeg","width":1600,"height":1067},{"@type":"BreadcrumbList","@id":"https:\/\/21panorama.com\/index.php\/2022\/01\/14\/gobierno-de-metepec-fortalecera-la-seguridad-publica\/#breadcrumb","itemListElement":[{"@type":"ListItem","position":1,"name":"Inicio","item":"https:\/\/21panorama.com\/"},{"@type":"ListItem","position":2,"name":"GOBIERNO DE METEPEC FORTALECER\u00c1 LA SEGURIDAD P\u00daBLICA"}]},{"@type":"WebSite","@id":"https:\/\/21panorama.com\/#website","url":"https:\/\/21panorama.com\/","name":"21 Panorama","description":"La construcci\u00f3n de la opini\u00f3n p\u00fablica merece un mejor Panorama en este siglo 21 para alcanzar una sociedad con mayor transparencia y sin corrupci\u00f3n.","publisher":{"@id":"https:\/\/21panorama.com\/#organization"},"potentialAction":[{"@type":"SearchAction","target":{"@type":"EntryPoint","urlTemplate":"https:\/\/21panorama.com\/?s={search_term_string}"},"query-input":{"@type":"PropertyValueSpecification","valueRequired":true,"valueName":"search_term_string"}}],"inLanguage":"es"},{"@type":"Organization","@id":"https:\/\/21panorama.com\/#organization","name":"21 Panorama","url":"https:\/\/21panorama.com\/","logo":{"@type":"ImageObject","inLanguage":"es","@id":"https:\/\/21panorama.com\/#\/schema\/logo\/image\/","url":"https:\/\/21panorama.com\/wp-content\/uploads\/2019\/07\/cropped-Logo-Panorama-01.jpeg","contentUrl":"https:\/\/21panorama.com\/wp-content\/uploads\/2019\/07\/cropped-Logo-Panorama-01.jpeg","width":290,"height":70,"caption":"21 Panorama"},"image":{"@id":"https:\/\/21panorama.com\/#\/schema\/logo\/image\/"}},{"@type":"Person","@id":"https:\/\/21panorama.com\/#\/schema\/person\/1afc291b96d5792a158768324287319f","name":"admin","image":{"@type":"ImageObject","inLanguage":"es","@id":"https:\/\/21panorama.com\/#\/schema\/person\/image\/","url":"https:\/\/secure.gravatar.com\/avatar\/ad365d9d9f46719215b0d042cc3df92a5a8683e09ef13d102233e5491985f0f0?s=96&d=mm&r=g","contentUrl":"https:\/\/secure.gravatar.com\/avatar\/ad365d9d9f46719215b0d042cc3df92a5a8683e09ef13d102233e5491985f0f0?s=96&d=mm&r=g","caption":"admin"},"url":"https:\/\/21panorama.com\/index.php\/author\/admin\/"}]}},"_links":{"self":[{"href":"https:\/\/21panorama.com\/index.php\/wp-json\/wp\/v2\/posts\/2979","targetHints":{"allow":["GET"]}}],"collection":[{"href":"https:\/\/21panorama.com\/index.php\/wp-json\/wp\/v2\/posts"}],"about":[{"href":"https:\/\/21panorama.com\/index.php\/wp-json\/wp\/v2\/types\/post"}],"author":[{"embeddable":true,"href":"https:\/\/21panorama.com\/index.php\/wp-json\/wp\/v2\/users\/1"}],"replies":[{"embeddable":true,"href":"https:\/\/21panorama.com\/index.php\/wp-json\/wp\/v2\/comments?post=2979"}],"version-history":[{"count":1,"href":"https:\/\/21panorama.com\/index.php\/wp-json\/wp\/v2\/posts\/2979\/revisions"}],"predecessor-version":[{"id":2983,"href":"https:\/\/21panorama.com\/index.php\/wp-json\/wp\/v2\/posts\/2979\/revisions\/2983"}],"wp:featuredmedia":[{"embeddable":true,"href":"https:\/\/21panorama.com\/index.php\/wp-json\/wp\/v2\/media\/2980"}],"wp:attachment":[{"href":"https:\/\/21panorama.com\/index.php\/wp-json\/wp\/v2\/media?parent=2979"}],"wp:term":[{"taxonomy":"category","embeddable":true,"href":"https:\/\/21panorama.com\/index.php\/wp-json\/wp\/v2\/categories?post=2979"},{"taxonomy":"post_tag","embeddable":true,"href":"https:\/\/21panorama.com\/index.php\/wp-json\/wp\/v2\/tags?post=2979"}],"curies":[{"name":"wp","href":"https:\/\/api.w.org\/{rel}","templated":true}]}}