{"id":2966,"date":"2022-01-12T12:26:32","date_gmt":"2022-01-12T18:26:32","guid":{"rendered":"https:\/\/21panorama.com\/?p=2966"},"modified":"2022-01-12T12:26:34","modified_gmt":"2022-01-12T18:26:34","slug":"de-buena-fuente-cronica","status":"publish","type":"post","link":"https:\/\/21panorama.com\/index.php\/2022\/01\/12\/de-buena-fuente-cronica\/","title":{"rendered":"DE BUENA FUENTE Cr\u00f3nica"},"content":{"rendered":"\n<p>LA IMPORTANCIA DE TRABAJAR EN EQUIPO<\/p>\n\n\n\n<p>Integral y armonizado es el trabajo que se constata desde las primeras horas de la ma\u00f1ana en los municipios del norte del Estado de M\u00e9xico. Sillas dispuestas a sana distancia para la gente que acompa\u00f1a a los alcaldes y diputados que decidieron unir fuerzas en territorio. Los distritos federal (03) y local XIII con cabecera en Atlacomulco fueron los protagonistas del martes 11 de enero.<\/p>\n\n\n\n<p>El diputado federal Gustavo C\u00e1rdenas Monroy realiz\u00f3 una gira de trabajo en los municipios de Ixtlahuaca y Atlacomulco donde refrend\u00f3 su compromiso de trabajar de forma coordinada con los alcaldes en el \u00e1nimo de lograr mejores condiciones de vida de los mexiquenses.<\/p>\n\n\n\n<p>Acompa\u00f1ado del alcalde de Ixtlahuaca, Abuzeid Lozano Casta\u00f1eda y la<br>Diputada Lety Mejia Calder\u00f3n se realiz\u00f3 la supervisi\u00f3n y entrega de tuber\u00eda del sistema de agua potable en San Lorenzo Toxico. Recurso vital que agradecieron los beneficiados con porras y aplausos.<\/p>\n\n\n\n<p>En Atlacomulco asisti\u00f3 a un Encuentro de Grupos de Danza \u201cLas Pastoras\u201d, con el Diputado Iv\u00e1n Esquer Cruz, la presidenta municipal Marisol Arias Flores y la Vocal Ejecutiva del CEDIPIEM, Diana P\u00e9rez Barrag\u00e1n.<\/p>\n\n\n\n<p>En este acto C\u00e1rdenas Monroy mostr\u00f3 su benepl\u00e1cito por la presencia del gobierno del Estado de M\u00e9xico en apoyo a las comunidades porque el gobierno federal no est\u00e1 a falta de presupuesto que no quiso aprobar el grupo mayoritario del parlamento.<\/p>\n\n\n\n<p>Como Diputado, Gustavo C\u00e1rdenas Monroy dijo estar dispuesto a llevar beneficios a los lugares m\u00e1s apartados y ser impulsados para un mejor desarrollo pues es un compromiso qu\u00e9 hay que cumplir con las etnias.<\/p>\n\n\n\n<p>En Edomex las etnias suman casi 800 mil personas. Este es un dato importante y por eso \u201cNos vamos a ver en sus comunidades\u201d.<\/p>\n\n\n\n<p>En su momento el diputado Iv\u00e1n Esquer se pronunci\u00f3 por fortalecer el orgullo de nuestros pueblos originarios y<br>Atlacomulco es rico en identidad con una Etnia Mazahua dedicada a la artesan\u00eda y agricultura.<\/p>\n\n\n\n<p>\u201cEl pueblo que no valore su origen no tiene futuro. Hay muchas tareas que realizar para preservar y ampliar las mejoras de servicios con mayor presupuesto\u201d, puntualiz\u00f3.<\/p>\n\n\n\n<figure class=\"wp-block-gallery columns-2 is-cropped wp-block-gallery-1 is-layout-flex wp-block-gallery-is-layout-flex\"><ul class=\"blocks-gallery-grid\"><li class=\"blocks-gallery-item\"><figure><img decoding=\"async\" width=\"1024\" height=\"768\" src=\"https:\/\/21panorama.com\/wp-content\/uploads\/2022\/01\/341b7f15-0364-434d-8eae-5ec8748ac4e7-1024x768.jpeg\" alt=\"\" data-id=\"2968\" data-link=\"https:\/\/21panorama.com\/?attachment_id=2968\" class=\"wp-image-2968\" srcset=\"https:\/\/21panorama.com\/wp-content\/uploads\/2022\/01\/341b7f15-0364-434d-8eae-5ec8748ac4e7-1024x768.jpeg 1024w, https:\/\/21panorama.com\/wp-content\/uploads\/2022\/01\/341b7f15-0364-434d-8eae-5ec8748ac4e7-300x225.jpeg 300w, https:\/\/21panorama.com\/wp-content\/uploads\/2022\/01\/341b7f15-0364-434d-8eae-5ec8748ac4e7-768x576.jpeg 768w, https:\/\/21panorama.com\/wp-content\/uploads\/2022\/01\/341b7f15-0364-434d-8eae-5ec8748ac4e7-1536x1152.jpeg 1536w, https:\/\/21panorama.com\/wp-content\/uploads\/2022\/01\/341b7f15-0364-434d-8eae-5ec8748ac4e7.jpeg 1600w\" sizes=\"(max-width: 1024px) 100vw, 1024px\" \/><\/figure><\/li><li class=\"blocks-gallery-item\"><figure><img decoding=\"async\" width=\"960\" height=\"639\" src=\"https:\/\/21panorama.com\/wp-content\/uploads\/2022\/01\/315057d2-bbce-4079-81d3-bb0e1acd6e2c.jpeg\" alt=\"\" data-id=\"2969\" data-full-url=\"https:\/\/21panorama.com\/wp-content\/uploads\/2022\/01\/315057d2-bbce-4079-81d3-bb0e1acd6e2c.jpeg\" data-link=\"https:\/\/21panorama.com\/?attachment_id=2969\" class=\"wp-image-2969\" srcset=\"https:\/\/21panorama.com\/wp-content\/uploads\/2022\/01\/315057d2-bbce-4079-81d3-bb0e1acd6e2c.jpeg 960w, https:\/\/21panorama.com\/wp-content\/uploads\/2022\/01\/315057d2-bbce-4079-81d3-bb0e1acd6e2c-300x200.jpeg 300w, https:\/\/21panorama.com\/wp-content\/uploads\/2022\/01\/315057d2-bbce-4079-81d3-bb0e1acd6e2c-768x511.jpeg 768w\" sizes=\"(max-width: 960px) 100vw, 960px\" \/><\/figure><\/li><\/ul><\/figure>\n","protected":false},"excerpt":{"rendered":"<p>Integral y armonizado es el trabajo que se constata desde las primeras horas de la ma\u00f1ana en los municipios del norte del Estado de M\u00e9xico. Sillas dispuestas a sana distancia para la gente que acompa\u00f1a a los alcaldes y diputados que decidieron unir fuerzas en territorio.   Los distritos federal (03) y local XIII con cabecera en Atlacomulco fueron los protagonistas del martes 11 de enero. <\/p>\n","protected":false},"author":1,"featured_media":2967,"comment_status":"open","ping_status":"open","sticky":false,"template":"","format":"standard","meta":{"footnotes":""},"categories":[1],"tags":[262],"class_list":["post-2966","post","type-post","status-publish","format-standard","has-post-thumbnail","hentry","category-sociedad","tag-cronica"],"yoast_head":"<!-- This site is optimized with the Yoast SEO plugin v24.9 - https:\/\/yoast.com\/wordpress\/plugins\/seo\/ -->\n<title>DE BUENA FUENTE Cr\u00f3nica - 21 Panorama<\/title>\n<meta name=\"robots\" content=\"index, follow, max-snippet:-1, max-image-preview:large, max-video-preview:-1\" \/>\n<link rel=\"canonical\" href=\"https:\/\/21panorama.com\/index.php\/2022\/01\/12\/de-buena-fuente-cronica\/\" \/>\n<meta property=\"og:locale\" content=\"es_MX\" \/>\n<meta property=\"og:type\" content=\"article\" \/>\n<meta property=\"og:title\" content=\"DE BUENA FUENTE Cr\u00f3nica - 21 Panorama\" \/>\n<meta property=\"og:description\" content=\"Integral y armonizado es el trabajo que se constata desde las primeras horas de la ma\u00f1ana en los municipios del norte del Estado de M\u00e9xico. Sillas dispuestas a sana distancia para la gente que acompa\u00f1a a los alcaldes y diputados que decidieron unir fuerzas en territorio.  Los distritos federal (03) y local XIII con cabecera en Atlacomulco fueron los protagonistas del martes 11 de enero.\" \/>\n<meta property=\"og:url\" content=\"https:\/\/21panorama.com\/index.php\/2022\/01\/12\/de-buena-fuente-cronica\/\" \/>\n<meta property=\"og:site_name\" content=\"21 Panorama\" \/>\n<meta property=\"article:published_time\" content=\"2022-01-12T18:26:32+00:00\" \/>\n<meta property=\"article:modified_time\" content=\"2022-01-12T18:26:34+00:00\" \/>\n<meta property=\"og:image\" content=\"https:\/\/21panorama.com\/wp-content\/uploads\/2022\/01\/e72ddf10-a8e9-4572-bbff-aaf645681d8a.jpeg\" \/>\n\t<meta property=\"og:image:width\" content=\"960\" \/>\n\t<meta property=\"og:image:height\" content=\"640\" \/>\n\t<meta property=\"og:image:type\" content=\"image\/jpeg\" \/>\n<meta name=\"author\" content=\"admin\" \/>\n<meta name=\"twitter:card\" content=\"summary_large_image\" \/>\n<meta name=\"twitter:label1\" content=\"Escrito por\" \/>\n\t<meta name=\"twitter:data1\" content=\"admin\" \/>\n\t<meta name=\"twitter:label2\" content=\"Tiempo de lectura\" \/>\n\t<meta name=\"twitter:data2\" content=\"2 minutos\" \/>\n<script type=\"application\/ld+json\" class=\"yoast-schema-graph\">{\"@context\":\"https:\/\/schema.org\",\"@graph\":[{\"@type\":\"Article\",\"@id\":\"https:\/\/21panorama.com\/index.php\/2022\/01\/12\/de-buena-fuente-cronica\/#article\",\"isPartOf\":{\"@id\":\"https:\/\/21panorama.com\/index.php\/2022\/01\/12\/de-buena-fuente-cronica\/\"},\"author\":{\"name\":\"admin\",\"@id\":\"https:\/\/21panorama.com\/#\/schema\/person\/1afc291b96d5792a158768324287319f\"},\"headline\":\"DE BUENA FUENTE Cr\u00f3nica\",\"datePublished\":\"2022-01-12T18:26:32+00:00\",\"dateModified\":\"2022-01-12T18:26:34+00:00\",\"mainEntityOfPage\":{\"@id\":\"https:\/\/21panorama.com\/index.php\/2022\/01\/12\/de-buena-fuente-cronica\/\"},\"wordCount\":365,\"commentCount\":0,\"publisher\":{\"@id\":\"https:\/\/21panorama.com\/#organization\"},\"image\":{\"@id\":\"https:\/\/21panorama.com\/index.php\/2022\/01\/12\/de-buena-fuente-cronica\/#primaryimage\"},\"thumbnailUrl\":\"https:\/\/21panorama.com\/wp-content\/uploads\/2022\/01\/e72ddf10-a8e9-4572-bbff-aaf645681d8a.jpeg\",\"keywords\":[\"cr\u00f3nica\"],\"articleSection\":[\"Sociedad\"],\"inLanguage\":\"es\",\"potentialAction\":[{\"@type\":\"CommentAction\",\"name\":\"Comment\",\"target\":[\"https:\/\/21panorama.com\/index.php\/2022\/01\/12\/de-buena-fuente-cronica\/#respond\"]}]},{\"@type\":\"WebPage\",\"@id\":\"https:\/\/21panorama.com\/index.php\/2022\/01\/12\/de-buena-fuente-cronica\/\",\"url\":\"https:\/\/21panorama.com\/index.php\/2022\/01\/12\/de-buena-fuente-cronica\/\",\"name\":\"DE BUENA FUENTE Cr\u00f3nica - 21 Panorama\",\"isPartOf\":{\"@id\":\"https:\/\/21panorama.com\/#website\"},\"primaryImageOfPage\":{\"@id\":\"https:\/\/21panorama.com\/index.php\/2022\/01\/12\/de-buena-fuente-cronica\/#primaryimage\"},\"image\":{\"@id\":\"https:\/\/21panorama.com\/index.php\/2022\/01\/12\/de-buena-fuente-cronica\/#primaryimage\"},\"thumbnailUrl\":\"https:\/\/21panorama.com\/wp-content\/uploads\/2022\/01\/e72ddf10-a8e9-4572-bbff-aaf645681d8a.jpeg\",\"datePublished\":\"2022-01-12T18:26:32+00:00\",\"dateModified\":\"2022-01-12T18:26:34+00:00\",\"breadcrumb\":{\"@id\":\"https:\/\/21panorama.com\/index.php\/2022\/01\/12\/de-buena-fuente-cronica\/#breadcrumb\"},\"inLanguage\":\"es\",\"potentialAction\":[{\"@type\":\"ReadAction\",\"target\":[\"https:\/\/21panorama.com\/index.php\/2022\/01\/12\/de-buena-fuente-cronica\/\"]}]},{\"@type\":\"ImageObject\",\"inLanguage\":\"es\",\"@id\":\"https:\/\/21panorama.com\/index.php\/2022\/01\/12\/de-buena-fuente-cronica\/#primaryimage\",\"url\":\"https:\/\/21panorama.com\/wp-content\/uploads\/2022\/01\/e72ddf10-a8e9-4572-bbff-aaf645681d8a.jpeg\",\"contentUrl\":\"https:\/\/21panorama.com\/wp-content\/uploads\/2022\/01\/e72ddf10-a8e9-4572-bbff-aaf645681d8a.jpeg\",\"width\":960,\"height\":640},{\"@type\":\"BreadcrumbList\",\"@id\":\"https:\/\/21panorama.com\/index.php\/2022\/01\/12\/de-buena-fuente-cronica\/#breadcrumb\",\"itemListElement\":[{\"@type\":\"ListItem\",\"position\":1,\"name\":\"Inicio\",\"item\":\"https:\/\/21panorama.com\/\"},{\"@type\":\"ListItem\",\"position\":2,\"name\":\"DE BUENA FUENTE Cr\u00f3nica\"}]},{\"@type\":\"WebSite\",\"@id\":\"https:\/\/21panorama.com\/#website\",\"url\":\"https:\/\/21panorama.com\/\",\"name\":\"21 Panorama\",\"description\":\"La construcci\u00f3n de la opini\u00f3n p\u00fablica merece un mejor Panorama en este siglo 21 para alcanzar una sociedad con mayor transparencia y sin corrupci\u00f3n.\",\"publisher\":{\"@id\":\"https:\/\/21panorama.com\/#organization\"},\"potentialAction\":[{\"@type\":\"SearchAction\",\"target\":{\"@type\":\"EntryPoint\",\"urlTemplate\":\"https:\/\/21panorama.com\/?s={search_term_string}\"},\"query-input\":{\"@type\":\"PropertyValueSpecification\",\"valueRequired\":true,\"valueName\":\"search_term_string\"}}],\"inLanguage\":\"es\"},{\"@type\":\"Organization\",\"@id\":\"https:\/\/21panorama.com\/#organization\",\"name\":\"21 Panorama\",\"url\":\"https:\/\/21panorama.com\/\",\"logo\":{\"@type\":\"ImageObject\",\"inLanguage\":\"es\",\"@id\":\"https:\/\/21panorama.com\/#\/schema\/logo\/image\/\",\"url\":\"https:\/\/21panorama.com\/wp-content\/uploads\/2019\/07\/cropped-Logo-Panorama-01.jpeg\",\"contentUrl\":\"https:\/\/21panorama.com\/wp-content\/uploads\/2019\/07\/cropped-Logo-Panorama-01.jpeg\",\"width\":290,\"height\":70,\"caption\":\"21 Panorama\"},\"image\":{\"@id\":\"https:\/\/21panorama.com\/#\/schema\/logo\/image\/\"}},{\"@type\":\"Person\",\"@id\":\"https:\/\/21panorama.com\/#\/schema\/person\/1afc291b96d5792a158768324287319f\",\"name\":\"admin\",\"image\":{\"@type\":\"ImageObject\",\"inLanguage\":\"es\",\"@id\":\"https:\/\/21panorama.com\/#\/schema\/person\/image\/\",\"url\":\"https:\/\/secure.gravatar.com\/avatar\/ad365d9d9f46719215b0d042cc3df92a5a8683e09ef13d102233e5491985f0f0?s=96&d=mm&r=g\",\"contentUrl\":\"https:\/\/secure.gravatar.com\/avatar\/ad365d9d9f46719215b0d042cc3df92a5a8683e09ef13d102233e5491985f0f0?s=96&d=mm&r=g\",\"caption\":\"admin\"},\"url\":\"https:\/\/21panorama.com\/index.php\/author\/admin\/\"}]}<\/script>\n<!-- \/ Yoast SEO plugin. -->","yoast_head_json":{"title":"DE BUENA FUENTE Cr\u00f3nica - 21 Panorama","robots":{"index":"index","follow":"follow","max-snippet":"max-snippet:-1","max-image-preview":"max-image-preview:large","max-video-preview":"max-video-preview:-1"},"canonical":"https:\/\/21panorama.com\/index.php\/2022\/01\/12\/de-buena-fuente-cronica\/","og_locale":"es_MX","og_type":"article","og_title":"DE BUENA FUENTE Cr\u00f3nica - 21 Panorama","og_description":"Integral y armonizado es el trabajo que se constata desde las primeras horas de la ma\u00f1ana en los municipios del norte del Estado de M\u00e9xico. Sillas dispuestas a sana distancia para la gente que acompa\u00f1a a los alcaldes y diputados que decidieron unir fuerzas en territorio.  Los distritos federal (03) y local XIII con cabecera en Atlacomulco fueron los protagonistas del martes 11 de enero.","og_url":"https:\/\/21panorama.com\/index.php\/2022\/01\/12\/de-buena-fuente-cronica\/","og_site_name":"21 Panorama","article_published_time":"2022-01-12T18:26:32+00:00","article_modified_time":"2022-01-12T18:26:34+00:00","og_image":[{"width":960,"height":640,"url":"https:\/\/21panorama.com\/wp-content\/uploads\/2022\/01\/e72ddf10-a8e9-4572-bbff-aaf645681d8a.jpeg","type":"image\/jpeg"}],"author":"admin","twitter_card":"summary_large_image","twitter_misc":{"Escrito por":"admin","Tiempo de lectura":"2 minutos"},"schema":{"@context":"https:\/\/schema.org","@graph":[{"@type":"Article","@id":"https:\/\/21panorama.com\/index.php\/2022\/01\/12\/de-buena-fuente-cronica\/#article","isPartOf":{"@id":"https:\/\/21panorama.com\/index.php\/2022\/01\/12\/de-buena-fuente-cronica\/"},"author":{"name":"admin","@id":"https:\/\/21panorama.com\/#\/schema\/person\/1afc291b96d5792a158768324287319f"},"headline":"DE BUENA FUENTE Cr\u00f3nica","datePublished":"2022-01-12T18:26:32+00:00","dateModified":"2022-01-12T18:26:34+00:00","mainEntityOfPage":{"@id":"https:\/\/21panorama.com\/index.php\/2022\/01\/12\/de-buena-fuente-cronica\/"},"wordCount":365,"commentCount":0,"publisher":{"@id":"https:\/\/21panorama.com\/#organization"},"image":{"@id":"https:\/\/21panorama.com\/index.php\/2022\/01\/12\/de-buena-fuente-cronica\/#primaryimage"},"thumbnailUrl":"https:\/\/21panorama.com\/wp-content\/uploads\/2022\/01\/e72ddf10-a8e9-4572-bbff-aaf645681d8a.jpeg","keywords":["cr\u00f3nica"],"articleSection":["Sociedad"],"inLanguage":"es","potentialAction":[{"@type":"CommentAction","name":"Comment","target":["https:\/\/21panorama.com\/index.php\/2022\/01\/12\/de-buena-fuente-cronica\/#respond"]}]},{"@type":"WebPage","@id":"https:\/\/21panorama.com\/index.php\/2022\/01\/12\/de-buena-fuente-cronica\/","url":"https:\/\/21panorama.com\/index.php\/2022\/01\/12\/de-buena-fuente-cronica\/","name":"DE BUENA FUENTE Cr\u00f3nica - 21 Panorama","isPartOf":{"@id":"https:\/\/21panorama.com\/#website"},"primaryImageOfPage":{"@id":"https:\/\/21panorama.com\/index.php\/2022\/01\/12\/de-buena-fuente-cronica\/#primaryimage"},"image":{"@id":"https:\/\/21panorama.com\/index.php\/2022\/01\/12\/de-buena-fuente-cronica\/#primaryimage"},"thumbnailUrl":"https:\/\/21panorama.com\/wp-content\/uploads\/2022\/01\/e72ddf10-a8e9-4572-bbff-aaf645681d8a.jpeg","datePublished":"2022-01-12T18:26:32+00:00","dateModified":"2022-01-12T18:26:34+00:00","breadcrumb":{"@id":"https:\/\/21panorama.com\/index.php\/2022\/01\/12\/de-buena-fuente-cronica\/#breadcrumb"},"inLanguage":"es","potentialAction":[{"@type":"ReadAction","target":["https:\/\/21panorama.com\/index.php\/2022\/01\/12\/de-buena-fuente-cronica\/"]}]},{"@type":"ImageObject","inLanguage":"es","@id":"https:\/\/21panorama.com\/index.php\/2022\/01\/12\/de-buena-fuente-cronica\/#primaryimage","url":"https:\/\/21panorama.com\/wp-content\/uploads\/2022\/01\/e72ddf10-a8e9-4572-bbff-aaf645681d8a.jpeg","contentUrl":"https:\/\/21panorama.com\/wp-content\/uploads\/2022\/01\/e72ddf10-a8e9-4572-bbff-aaf645681d8a.jpeg","width":960,"height":640},{"@type":"BreadcrumbList","@id":"https:\/\/21panorama.com\/index.php\/2022\/01\/12\/de-buena-fuente-cronica\/#breadcrumb","itemListElement":[{"@type":"ListItem","position":1,"name":"Inicio","item":"https:\/\/21panorama.com\/"},{"@type":"ListItem","position":2,"name":"DE BUENA FUENTE Cr\u00f3nica"}]},{"@type":"WebSite","@id":"https:\/\/21panorama.com\/#website","url":"https:\/\/21panorama.com\/","name":"21 Panorama","description":"La construcci\u00f3n de la opini\u00f3n p\u00fablica merece un mejor Panorama en este siglo 21 para alcanzar una sociedad con mayor transparencia y sin corrupci\u00f3n.","publisher":{"@id":"https:\/\/21panorama.com\/#organization"},"potentialAction":[{"@type":"SearchAction","target":{"@type":"EntryPoint","urlTemplate":"https:\/\/21panorama.com\/?s={search_term_string}"},"query-input":{"@type":"PropertyValueSpecification","valueRequired":true,"valueName":"search_term_string"}}],"inLanguage":"es"},{"@type":"Organization","@id":"https:\/\/21panorama.com\/#organization","name":"21 Panorama","url":"https:\/\/21panorama.com\/","logo":{"@type":"ImageObject","inLanguage":"es","@id":"https:\/\/21panorama.com\/#\/schema\/logo\/image\/","url":"https:\/\/21panorama.com\/wp-content\/uploads\/2019\/07\/cropped-Logo-Panorama-01.jpeg","contentUrl":"https:\/\/21panorama.com\/wp-content\/uploads\/2019\/07\/cropped-Logo-Panorama-01.jpeg","width":290,"height":70,"caption":"21 Panorama"},"image":{"@id":"https:\/\/21panorama.com\/#\/schema\/logo\/image\/"}},{"@type":"Person","@id":"https:\/\/21panorama.com\/#\/schema\/person\/1afc291b96d5792a158768324287319f","name":"admin","image":{"@type":"ImageObject","inLanguage":"es","@id":"https:\/\/21panorama.com\/#\/schema\/person\/image\/","url":"https:\/\/secure.gravatar.com\/avatar\/ad365d9d9f46719215b0d042cc3df92a5a8683e09ef13d102233e5491985f0f0?s=96&d=mm&r=g","contentUrl":"https:\/\/secure.gravatar.com\/avatar\/ad365d9d9f46719215b0d042cc3df92a5a8683e09ef13d102233e5491985f0f0?s=96&d=mm&r=g","caption":"admin"},"url":"https:\/\/21panorama.com\/index.php\/author\/admin\/"}]}},"_links":{"self":[{"href":"https:\/\/21panorama.com\/index.php\/wp-json\/wp\/v2\/posts\/2966","targetHints":{"allow":["GET"]}}],"collection":[{"href":"https:\/\/21panorama.com\/index.php\/wp-json\/wp\/v2\/posts"}],"about":[{"href":"https:\/\/21panorama.com\/index.php\/wp-json\/wp\/v2\/types\/post"}],"author":[{"embeddable":true,"href":"https:\/\/21panorama.com\/index.php\/wp-json\/wp\/v2\/users\/1"}],"replies":[{"embeddable":true,"href":"https:\/\/21panorama.com\/index.php\/wp-json\/wp\/v2\/comments?post=2966"}],"version-history":[{"count":1,"href":"https:\/\/21panorama.com\/index.php\/wp-json\/wp\/v2\/posts\/2966\/revisions"}],"predecessor-version":[{"id":2970,"href":"https:\/\/21panorama.com\/index.php\/wp-json\/wp\/v2\/posts\/2966\/revisions\/2970"}],"wp:featuredmedia":[{"embeddable":true,"href":"https:\/\/21panorama.com\/index.php\/wp-json\/wp\/v2\/media\/2967"}],"wp:attachment":[{"href":"https:\/\/21panorama.com\/index.php\/wp-json\/wp\/v2\/media?parent=2966"}],"wp:term":[{"taxonomy":"category","embeddable":true,"href":"https:\/\/21panorama.com\/index.php\/wp-json\/wp\/v2\/categories?post=2966"},{"taxonomy":"post_tag","embeddable":true,"href":"https:\/\/21panorama.com\/index.php\/wp-json\/wp\/v2\/tags?post=2966"}],"curies":[{"name":"wp","href":"https:\/\/api.w.org\/{rel}","templated":true}]}}