{"id":2929,"date":"2022-01-05T18:35:59","date_gmt":"2022-01-06T00:35:59","guid":{"rendered":"https:\/\/21panorama.com\/?p=2929"},"modified":"2022-01-05T18:36:00","modified_gmt":"2022-01-06T00:36:00","slug":"sellan-trabajo-conjunto-el-oro-y-gobierno-del-estado-de-mexico","status":"publish","type":"post","link":"https:\/\/21panorama.com\/index.php\/2022\/01\/05\/sellan-trabajo-conjunto-el-oro-y-gobierno-del-estado-de-mexico\/","title":{"rendered":"SELLAN TRABAJO CONJUNTO EL ORO Y GOBIERNO DEL ESTADO DE MEXICO"},"content":{"rendered":"\n<p>En su primera gira de trabajo de este a\u00f1o, el gobernador Alfredo del Mazo Maza comprometi\u00f3 trabajar de manera conjunta con el municipio de El Oro que encabeza la presidenta Ruth Salazar Garc\u00eda.<\/p>\n\n\n\n<p>Al hacer entrega del rehabilitado Centro de Salud del municipio, el mandataria estatal le dese\u00f3 \u00e9xito a la nueva administraci\u00f3n municipal y para ello \u201ccuenta con nosotros para trabajar de la mano\u201d.<\/p>\n\n\n\n<p>Despu\u00e9s de hacer un recorrido por las instalaciones, la edil reconoci\u00f3 ante los secretarios de Salud, Francisco Fern\u00e1ndez, y del Campo, Mercedes Col\u00edn, la labor que hace el gobernador para todos los mexiquenses.<\/p>\n\n\n\n<p>\u201cHoy como nunca valoramos las condiciones de salud por eso hay que agradecer los trabajos en este sector\u201d, destac\u00f3 la presidenta ante los diputados federales Gustavo C\u00e1rdenas Monroy y Ricardo \u00c1guilar Castillo.<\/p>\n\n\n\n<p>De igual forma, destac\u00f3 la inagotable tarea del personal del sector salud que se encuentra en la primera l\u00ednea de batalla contra la pandemia con una estrategia de gobierno que permita afrontar los desaf\u00edos.<\/p>\n\n\n\n<p>Finalmente Ruth Salazar dijo que siempre ser\u00e1 motivo de orgullo contar con la presencia del gobernador pues los aurenses reconocen su compromiso por trabajar con todos los sectores de la sociedad.<\/p>\n\n\n\n<figure class=\"wp-block-gallery columns-2 is-cropped wp-block-gallery-1 is-layout-flex wp-block-gallery-is-layout-flex\"><ul class=\"blocks-gallery-grid\"><li class=\"blocks-gallery-item\"><figure><img decoding=\"async\" width=\"1024\" height=\"682\" src=\"https:\/\/21panorama.com\/wp-content\/uploads\/2022\/01\/7f426711-3b19-495f-9481-949d569968e5-1024x682.jpeg\" alt=\"\" data-id=\"2931\" data-link=\"https:\/\/21panorama.com\/?attachment_id=2931\" class=\"wp-image-2931\" srcset=\"https:\/\/21panorama.com\/wp-content\/uploads\/2022\/01\/7f426711-3b19-495f-9481-949d569968e5-1024x682.jpeg 1024w, https:\/\/21panorama.com\/wp-content\/uploads\/2022\/01\/7f426711-3b19-495f-9481-949d569968e5-300x200.jpeg 300w, https:\/\/21panorama.com\/wp-content\/uploads\/2022\/01\/7f426711-3b19-495f-9481-949d569968e5-768x511.jpeg 768w, https:\/\/21panorama.com\/wp-content\/uploads\/2022\/01\/7f426711-3b19-495f-9481-949d569968e5.jpeg 1500w\" sizes=\"(max-width: 1024px) 100vw, 1024px\" \/><\/figure><\/li><li class=\"blocks-gallery-item\"><figure><img decoding=\"async\" width=\"902\" height=\"671\" src=\"https:\/\/21panorama.com\/wp-content\/uploads\/2022\/01\/003f68fd-bc6d-4932-9df0-f487628f1727.jpeg\" alt=\"\" data-id=\"2932\" data-full-url=\"https:\/\/21panorama.com\/wp-content\/uploads\/2022\/01\/003f68fd-bc6d-4932-9df0-f487628f1727.jpeg\" data-link=\"https:\/\/21panorama.com\/?attachment_id=2932\" class=\"wp-image-2932\" srcset=\"https:\/\/21panorama.com\/wp-content\/uploads\/2022\/01\/003f68fd-bc6d-4932-9df0-f487628f1727.jpeg 902w, https:\/\/21panorama.com\/wp-content\/uploads\/2022\/01\/003f68fd-bc6d-4932-9df0-f487628f1727-300x223.jpeg 300w, https:\/\/21panorama.com\/wp-content\/uploads\/2022\/01\/003f68fd-bc6d-4932-9df0-f487628f1727-768x571.jpeg 768w\" sizes=\"(max-width: 902px) 100vw, 902px\" \/><\/figure><\/li><\/ul><\/figure>\n","protected":false},"excerpt":{"rendered":"<p>En su primera gira de trabajo de este a\u00f1o, el gobernador Alfredo del Mazo Maza comprometi\u00f3 trabajar de manera conjunta con el municipio de El Oro que encabeza la presidenta Ruth Salazar Garc\u00eda.  <\/p>\n","protected":false},"author":1,"featured_media":2930,"comment_status":"open","ping_status":"open","sticky":false,"template":"","format":"standard","meta":{"footnotes":""},"categories":[12],"tags":[89],"class_list":["post-2929","post","type-post","status-publish","format-standard","has-post-thumbnail","hentry","category-politica","tag-eloro"],"yoast_head":"<!-- This site is optimized with the Yoast SEO plugin v24.9 - https:\/\/yoast.com\/wordpress\/plugins\/seo\/ -->\n<title>SELLAN TRABAJO CONJUNTO EL ORO Y GOBIERNO DEL ESTADO DE MEXICO - 21 Panorama<\/title>\n<meta name=\"robots\" content=\"index, follow, max-snippet:-1, max-image-preview:large, max-video-preview:-1\" \/>\n<link rel=\"canonical\" href=\"https:\/\/21panorama.com\/index.php\/2022\/01\/05\/sellan-trabajo-conjunto-el-oro-y-gobierno-del-estado-de-mexico\/\" \/>\n<meta property=\"og:locale\" content=\"es_MX\" \/>\n<meta property=\"og:type\" content=\"article\" \/>\n<meta property=\"og:title\" content=\"SELLAN TRABAJO CONJUNTO EL ORO Y GOBIERNO DEL ESTADO DE MEXICO - 21 Panorama\" \/>\n<meta property=\"og:description\" content=\"En su primera gira de trabajo de este a\u00f1o, el gobernador Alfredo del Mazo Maza comprometi\u00f3 trabajar de manera conjunta con el municipio de El Oro que encabeza la presidenta Ruth Salazar Garc\u00eda.\" \/>\n<meta property=\"og:url\" content=\"https:\/\/21panorama.com\/index.php\/2022\/01\/05\/sellan-trabajo-conjunto-el-oro-y-gobierno-del-estado-de-mexico\/\" \/>\n<meta property=\"og:site_name\" content=\"21 Panorama\" \/>\n<meta property=\"article:published_time\" content=\"2022-01-06T00:35:59+00:00\" \/>\n<meta property=\"article:modified_time\" content=\"2022-01-06T00:36:00+00:00\" \/>\n<meta property=\"og:image\" content=\"https:\/\/21panorama.com\/wp-content\/uploads\/2022\/01\/b08ccf7f-151f-4f79-902f-198a664dbcbc.jpeg\" \/>\n\t<meta property=\"og:image:width\" content=\"1450\" \/>\n\t<meta property=\"og:image:height\" content=\"710\" \/>\n\t<meta property=\"og:image:type\" content=\"image\/jpeg\" \/>\n<meta name=\"author\" content=\"admin\" \/>\n<meta name=\"twitter:card\" content=\"summary_large_image\" \/>\n<meta name=\"twitter:label1\" content=\"Escrito por\" \/>\n\t<meta name=\"twitter:data1\" content=\"admin\" \/>\n\t<meta name=\"twitter:label2\" content=\"Tiempo de lectura\" \/>\n\t<meta name=\"twitter:data2\" content=\"2 minutos\" \/>\n<script type=\"application\/ld+json\" class=\"yoast-schema-graph\">{\"@context\":\"https:\/\/schema.org\",\"@graph\":[{\"@type\":\"Article\",\"@id\":\"https:\/\/21panorama.com\/index.php\/2022\/01\/05\/sellan-trabajo-conjunto-el-oro-y-gobierno-del-estado-de-mexico\/#article\",\"isPartOf\":{\"@id\":\"https:\/\/21panorama.com\/index.php\/2022\/01\/05\/sellan-trabajo-conjunto-el-oro-y-gobierno-del-estado-de-mexico\/\"},\"author\":{\"name\":\"admin\",\"@id\":\"https:\/\/21panorama.com\/#\/schema\/person\/1afc291b96d5792a158768324287319f\"},\"headline\":\"SELLAN TRABAJO CONJUNTO EL ORO Y GOBIERNO DEL ESTADO DE MEXICO\",\"datePublished\":\"2022-01-06T00:35:59+00:00\",\"dateModified\":\"2022-01-06T00:36:00+00:00\",\"mainEntityOfPage\":{\"@id\":\"https:\/\/21panorama.com\/index.php\/2022\/01\/05\/sellan-trabajo-conjunto-el-oro-y-gobierno-del-estado-de-mexico\/\"},\"wordCount\":215,\"commentCount\":0,\"publisher\":{\"@id\":\"https:\/\/21panorama.com\/#organization\"},\"image\":{\"@id\":\"https:\/\/21panorama.com\/index.php\/2022\/01\/05\/sellan-trabajo-conjunto-el-oro-y-gobierno-del-estado-de-mexico\/#primaryimage\"},\"thumbnailUrl\":\"https:\/\/21panorama.com\/wp-content\/uploads\/2022\/01\/b08ccf7f-151f-4f79-902f-198a664dbcbc.jpeg\",\"keywords\":[\"ElOro\"],\"articleSection\":[\"Politica\"],\"inLanguage\":\"es\",\"potentialAction\":[{\"@type\":\"CommentAction\",\"name\":\"Comment\",\"target\":[\"https:\/\/21panorama.com\/index.php\/2022\/01\/05\/sellan-trabajo-conjunto-el-oro-y-gobierno-del-estado-de-mexico\/#respond\"]}]},{\"@type\":\"WebPage\",\"@id\":\"https:\/\/21panorama.com\/index.php\/2022\/01\/05\/sellan-trabajo-conjunto-el-oro-y-gobierno-del-estado-de-mexico\/\",\"url\":\"https:\/\/21panorama.com\/index.php\/2022\/01\/05\/sellan-trabajo-conjunto-el-oro-y-gobierno-del-estado-de-mexico\/\",\"name\":\"SELLAN TRABAJO CONJUNTO EL ORO Y GOBIERNO DEL ESTADO DE MEXICO - 21 Panorama\",\"isPartOf\":{\"@id\":\"https:\/\/21panorama.com\/#website\"},\"primaryImageOfPage\":{\"@id\":\"https:\/\/21panorama.com\/index.php\/2022\/01\/05\/sellan-trabajo-conjunto-el-oro-y-gobierno-del-estado-de-mexico\/#primaryimage\"},\"image\":{\"@id\":\"https:\/\/21panorama.com\/index.php\/2022\/01\/05\/sellan-trabajo-conjunto-el-oro-y-gobierno-del-estado-de-mexico\/#primaryimage\"},\"thumbnailUrl\":\"https:\/\/21panorama.com\/wp-content\/uploads\/2022\/01\/b08ccf7f-151f-4f79-902f-198a664dbcbc.jpeg\",\"datePublished\":\"2022-01-06T00:35:59+00:00\",\"dateModified\":\"2022-01-06T00:36:00+00:00\",\"breadcrumb\":{\"@id\":\"https:\/\/21panorama.com\/index.php\/2022\/01\/05\/sellan-trabajo-conjunto-el-oro-y-gobierno-del-estado-de-mexico\/#breadcrumb\"},\"inLanguage\":\"es\",\"potentialAction\":[{\"@type\":\"ReadAction\",\"target\":[\"https:\/\/21panorama.com\/index.php\/2022\/01\/05\/sellan-trabajo-conjunto-el-oro-y-gobierno-del-estado-de-mexico\/\"]}]},{\"@type\":\"ImageObject\",\"inLanguage\":\"es\",\"@id\":\"https:\/\/21panorama.com\/index.php\/2022\/01\/05\/sellan-trabajo-conjunto-el-oro-y-gobierno-del-estado-de-mexico\/#primaryimage\",\"url\":\"https:\/\/21panorama.com\/wp-content\/uploads\/2022\/01\/b08ccf7f-151f-4f79-902f-198a664dbcbc.jpeg\",\"contentUrl\":\"https:\/\/21panorama.com\/wp-content\/uploads\/2022\/01\/b08ccf7f-151f-4f79-902f-198a664dbcbc.jpeg\",\"width\":1450,\"height\":710},{\"@type\":\"BreadcrumbList\",\"@id\":\"https:\/\/21panorama.com\/index.php\/2022\/01\/05\/sellan-trabajo-conjunto-el-oro-y-gobierno-del-estado-de-mexico\/#breadcrumb\",\"itemListElement\":[{\"@type\":\"ListItem\",\"position\":1,\"name\":\"Inicio\",\"item\":\"https:\/\/21panorama.com\/\"},{\"@type\":\"ListItem\",\"position\":2,\"name\":\"SELLAN TRABAJO CONJUNTO EL ORO Y GOBIERNO DEL ESTADO DE MEXICO\"}]},{\"@type\":\"WebSite\",\"@id\":\"https:\/\/21panorama.com\/#website\",\"url\":\"https:\/\/21panorama.com\/\",\"name\":\"21 Panorama\",\"description\":\"La construcci\u00f3n de la opini\u00f3n p\u00fablica merece un mejor Panorama en este siglo 21 para alcanzar una sociedad con mayor transparencia y sin corrupci\u00f3n.\",\"publisher\":{\"@id\":\"https:\/\/21panorama.com\/#organization\"},\"potentialAction\":[{\"@type\":\"SearchAction\",\"target\":{\"@type\":\"EntryPoint\",\"urlTemplate\":\"https:\/\/21panorama.com\/?s={search_term_string}\"},\"query-input\":{\"@type\":\"PropertyValueSpecification\",\"valueRequired\":true,\"valueName\":\"search_term_string\"}}],\"inLanguage\":\"es\"},{\"@type\":\"Organization\",\"@id\":\"https:\/\/21panorama.com\/#organization\",\"name\":\"21 Panorama\",\"url\":\"https:\/\/21panorama.com\/\",\"logo\":{\"@type\":\"ImageObject\",\"inLanguage\":\"es\",\"@id\":\"https:\/\/21panorama.com\/#\/schema\/logo\/image\/\",\"url\":\"https:\/\/21panorama.com\/wp-content\/uploads\/2019\/07\/cropped-Logo-Panorama-01.jpeg\",\"contentUrl\":\"https:\/\/21panorama.com\/wp-content\/uploads\/2019\/07\/cropped-Logo-Panorama-01.jpeg\",\"width\":290,\"height\":70,\"caption\":\"21 Panorama\"},\"image\":{\"@id\":\"https:\/\/21panorama.com\/#\/schema\/logo\/image\/\"}},{\"@type\":\"Person\",\"@id\":\"https:\/\/21panorama.com\/#\/schema\/person\/1afc291b96d5792a158768324287319f\",\"name\":\"admin\",\"image\":{\"@type\":\"ImageObject\",\"inLanguage\":\"es\",\"@id\":\"https:\/\/21panorama.com\/#\/schema\/person\/image\/\",\"url\":\"https:\/\/secure.gravatar.com\/avatar\/ad365d9d9f46719215b0d042cc3df92a5a8683e09ef13d102233e5491985f0f0?s=96&d=mm&r=g\",\"contentUrl\":\"https:\/\/secure.gravatar.com\/avatar\/ad365d9d9f46719215b0d042cc3df92a5a8683e09ef13d102233e5491985f0f0?s=96&d=mm&r=g\",\"caption\":\"admin\"},\"url\":\"https:\/\/21panorama.com\/index.php\/author\/admin\/\"}]}<\/script>\n<!-- \/ Yoast SEO plugin. -->","yoast_head_json":{"title":"SELLAN TRABAJO CONJUNTO EL ORO Y GOBIERNO DEL ESTADO DE MEXICO - 21 Panorama","robots":{"index":"index","follow":"follow","max-snippet":"max-snippet:-1","max-image-preview":"max-image-preview:large","max-video-preview":"max-video-preview:-1"},"canonical":"https:\/\/21panorama.com\/index.php\/2022\/01\/05\/sellan-trabajo-conjunto-el-oro-y-gobierno-del-estado-de-mexico\/","og_locale":"es_MX","og_type":"article","og_title":"SELLAN TRABAJO CONJUNTO EL ORO Y GOBIERNO DEL ESTADO DE MEXICO - 21 Panorama","og_description":"En su primera gira de trabajo de este a\u00f1o, el gobernador Alfredo del Mazo Maza comprometi\u00f3 trabajar de manera conjunta con el municipio de El Oro que encabeza la presidenta Ruth Salazar Garc\u00eda.","og_url":"https:\/\/21panorama.com\/index.php\/2022\/01\/05\/sellan-trabajo-conjunto-el-oro-y-gobierno-del-estado-de-mexico\/","og_site_name":"21 Panorama","article_published_time":"2022-01-06T00:35:59+00:00","article_modified_time":"2022-01-06T00:36:00+00:00","og_image":[{"width":1450,"height":710,"url":"https:\/\/21panorama.com\/wp-content\/uploads\/2022\/01\/b08ccf7f-151f-4f79-902f-198a664dbcbc.jpeg","type":"image\/jpeg"}],"author":"admin","twitter_card":"summary_large_image","twitter_misc":{"Escrito por":"admin","Tiempo de lectura":"2 minutos"},"schema":{"@context":"https:\/\/schema.org","@graph":[{"@type":"Article","@id":"https:\/\/21panorama.com\/index.php\/2022\/01\/05\/sellan-trabajo-conjunto-el-oro-y-gobierno-del-estado-de-mexico\/#article","isPartOf":{"@id":"https:\/\/21panorama.com\/index.php\/2022\/01\/05\/sellan-trabajo-conjunto-el-oro-y-gobierno-del-estado-de-mexico\/"},"author":{"name":"admin","@id":"https:\/\/21panorama.com\/#\/schema\/person\/1afc291b96d5792a158768324287319f"},"headline":"SELLAN TRABAJO CONJUNTO EL ORO Y GOBIERNO DEL ESTADO DE MEXICO","datePublished":"2022-01-06T00:35:59+00:00","dateModified":"2022-01-06T00:36:00+00:00","mainEntityOfPage":{"@id":"https:\/\/21panorama.com\/index.php\/2022\/01\/05\/sellan-trabajo-conjunto-el-oro-y-gobierno-del-estado-de-mexico\/"},"wordCount":215,"commentCount":0,"publisher":{"@id":"https:\/\/21panorama.com\/#organization"},"image":{"@id":"https:\/\/21panorama.com\/index.php\/2022\/01\/05\/sellan-trabajo-conjunto-el-oro-y-gobierno-del-estado-de-mexico\/#primaryimage"},"thumbnailUrl":"https:\/\/21panorama.com\/wp-content\/uploads\/2022\/01\/b08ccf7f-151f-4f79-902f-198a664dbcbc.jpeg","keywords":["ElOro"],"articleSection":["Politica"],"inLanguage":"es","potentialAction":[{"@type":"CommentAction","name":"Comment","target":["https:\/\/21panorama.com\/index.php\/2022\/01\/05\/sellan-trabajo-conjunto-el-oro-y-gobierno-del-estado-de-mexico\/#respond"]}]},{"@type":"WebPage","@id":"https:\/\/21panorama.com\/index.php\/2022\/01\/05\/sellan-trabajo-conjunto-el-oro-y-gobierno-del-estado-de-mexico\/","url":"https:\/\/21panorama.com\/index.php\/2022\/01\/05\/sellan-trabajo-conjunto-el-oro-y-gobierno-del-estado-de-mexico\/","name":"SELLAN TRABAJO CONJUNTO EL ORO Y GOBIERNO DEL ESTADO DE MEXICO - 21 Panorama","isPartOf":{"@id":"https:\/\/21panorama.com\/#website"},"primaryImageOfPage":{"@id":"https:\/\/21panorama.com\/index.php\/2022\/01\/05\/sellan-trabajo-conjunto-el-oro-y-gobierno-del-estado-de-mexico\/#primaryimage"},"image":{"@id":"https:\/\/21panorama.com\/index.php\/2022\/01\/05\/sellan-trabajo-conjunto-el-oro-y-gobierno-del-estado-de-mexico\/#primaryimage"},"thumbnailUrl":"https:\/\/21panorama.com\/wp-content\/uploads\/2022\/01\/b08ccf7f-151f-4f79-902f-198a664dbcbc.jpeg","datePublished":"2022-01-06T00:35:59+00:00","dateModified":"2022-01-06T00:36:00+00:00","breadcrumb":{"@id":"https:\/\/21panorama.com\/index.php\/2022\/01\/05\/sellan-trabajo-conjunto-el-oro-y-gobierno-del-estado-de-mexico\/#breadcrumb"},"inLanguage":"es","potentialAction":[{"@type":"ReadAction","target":["https:\/\/21panorama.com\/index.php\/2022\/01\/05\/sellan-trabajo-conjunto-el-oro-y-gobierno-del-estado-de-mexico\/"]}]},{"@type":"ImageObject","inLanguage":"es","@id":"https:\/\/21panorama.com\/index.php\/2022\/01\/05\/sellan-trabajo-conjunto-el-oro-y-gobierno-del-estado-de-mexico\/#primaryimage","url":"https:\/\/21panorama.com\/wp-content\/uploads\/2022\/01\/b08ccf7f-151f-4f79-902f-198a664dbcbc.jpeg","contentUrl":"https:\/\/21panorama.com\/wp-content\/uploads\/2022\/01\/b08ccf7f-151f-4f79-902f-198a664dbcbc.jpeg","width":1450,"height":710},{"@type":"BreadcrumbList","@id":"https:\/\/21panorama.com\/index.php\/2022\/01\/05\/sellan-trabajo-conjunto-el-oro-y-gobierno-del-estado-de-mexico\/#breadcrumb","itemListElement":[{"@type":"ListItem","position":1,"name":"Inicio","item":"https:\/\/21panorama.com\/"},{"@type":"ListItem","position":2,"name":"SELLAN TRABAJO CONJUNTO EL ORO Y GOBIERNO DEL ESTADO DE MEXICO"}]},{"@type":"WebSite","@id":"https:\/\/21panorama.com\/#website","url":"https:\/\/21panorama.com\/","name":"21 Panorama","description":"La construcci\u00f3n de la opini\u00f3n p\u00fablica merece un mejor Panorama en este siglo 21 para alcanzar una sociedad con mayor transparencia y sin corrupci\u00f3n.","publisher":{"@id":"https:\/\/21panorama.com\/#organization"},"potentialAction":[{"@type":"SearchAction","target":{"@type":"EntryPoint","urlTemplate":"https:\/\/21panorama.com\/?s={search_term_string}"},"query-input":{"@type":"PropertyValueSpecification","valueRequired":true,"valueName":"search_term_string"}}],"inLanguage":"es"},{"@type":"Organization","@id":"https:\/\/21panorama.com\/#organization","name":"21 Panorama","url":"https:\/\/21panorama.com\/","logo":{"@type":"ImageObject","inLanguage":"es","@id":"https:\/\/21panorama.com\/#\/schema\/logo\/image\/","url":"https:\/\/21panorama.com\/wp-content\/uploads\/2019\/07\/cropped-Logo-Panorama-01.jpeg","contentUrl":"https:\/\/21panorama.com\/wp-content\/uploads\/2019\/07\/cropped-Logo-Panorama-01.jpeg","width":290,"height":70,"caption":"21 Panorama"},"image":{"@id":"https:\/\/21panorama.com\/#\/schema\/logo\/image\/"}},{"@type":"Person","@id":"https:\/\/21panorama.com\/#\/schema\/person\/1afc291b96d5792a158768324287319f","name":"admin","image":{"@type":"ImageObject","inLanguage":"es","@id":"https:\/\/21panorama.com\/#\/schema\/person\/image\/","url":"https:\/\/secure.gravatar.com\/avatar\/ad365d9d9f46719215b0d042cc3df92a5a8683e09ef13d102233e5491985f0f0?s=96&d=mm&r=g","contentUrl":"https:\/\/secure.gravatar.com\/avatar\/ad365d9d9f46719215b0d042cc3df92a5a8683e09ef13d102233e5491985f0f0?s=96&d=mm&r=g","caption":"admin"},"url":"https:\/\/21panorama.com\/index.php\/author\/admin\/"}]}},"_links":{"self":[{"href":"https:\/\/21panorama.com\/index.php\/wp-json\/wp\/v2\/posts\/2929","targetHints":{"allow":["GET"]}}],"collection":[{"href":"https:\/\/21panorama.com\/index.php\/wp-json\/wp\/v2\/posts"}],"about":[{"href":"https:\/\/21panorama.com\/index.php\/wp-json\/wp\/v2\/types\/post"}],"author":[{"embeddable":true,"href":"https:\/\/21panorama.com\/index.php\/wp-json\/wp\/v2\/users\/1"}],"replies":[{"embeddable":true,"href":"https:\/\/21panorama.com\/index.php\/wp-json\/wp\/v2\/comments?post=2929"}],"version-history":[{"count":1,"href":"https:\/\/21panorama.com\/index.php\/wp-json\/wp\/v2\/posts\/2929\/revisions"}],"predecessor-version":[{"id":2933,"href":"https:\/\/21panorama.com\/index.php\/wp-json\/wp\/v2\/posts\/2929\/revisions\/2933"}],"wp:featuredmedia":[{"embeddable":true,"href":"https:\/\/21panorama.com\/index.php\/wp-json\/wp\/v2\/media\/2930"}],"wp:attachment":[{"href":"https:\/\/21panorama.com\/index.php\/wp-json\/wp\/v2\/media?parent=2929"}],"wp:term":[{"taxonomy":"category","embeddable":true,"href":"https:\/\/21panorama.com\/index.php\/wp-json\/wp\/v2\/categories?post=2929"},{"taxonomy":"post_tag","embeddable":true,"href":"https:\/\/21panorama.com\/index.php\/wp-json\/wp\/v2\/tags?post=2929"}],"curies":[{"name":"wp","href":"https:\/\/api.w.org\/{rel}","templated":true}]}}