{"id":2923,"date":"2022-01-04T16:23:26","date_gmt":"2022-01-04T22:23:26","guid":{"rendered":"https:\/\/21panorama.com\/?p=2923"},"modified":"2022-01-04T16:23:27","modified_gmt":"2022-01-04T22:23:27","slug":"rinde-protesta-irai-albarran-segura-como-presidenta-honoraria-del-dif-metepec","status":"publish","type":"post","link":"https:\/\/21panorama.com\/index.php\/2022\/01\/04\/rinde-protesta-irai-albarran-segura-como-presidenta-honoraria-del-dif-metepec\/","title":{"rendered":"RINDE PROTESTA IRA\u00cd ALBARRAN SEGURA COMO PRESIDENTA HONORARIA DEL DIF METEPEC"},"content":{"rendered":"\n<p>Ante el alcalde de Metepec, Fernando Flores Fern\u00e1ndez, Ira\u00ed Albarr\u00e1n Segura, rindi\u00f3 protesta como Presidenta Honoraria del Sistema Municipal para el Desarrollo Integral de la Familia (SMDIF) Metepec. * Se llev\u00f3 a cabo la Primera Sesi\u00f3n Ordinaria e Instalaci\u00f3n de la Junta de Gobierno Municipal del SMDIF, integrada por la titular del Organismo asistencial, Ira\u00ed Albarr\u00e1n Segura; Mar\u00eda Elisa Quijada Badillo, Directora General del SMDIF; Margarita Berenice Zu\u00f1iga Becerril, Encargada del despacho de la Direcci\u00f3n de Finanzas y Administraci\u00f3n; . Esmeralda de Luna S\u00e1nchez, Directora de Equidad de G\u00e9nero del Ayuntamiento de Metepec y Jaquelina Mar\u00edn Mar\u00edn, Cuarta Regidora del Ayuntamiento de Metepec. Cercan\u00eda, transparencia y lealtad ser\u00e1n los valores con los que se maneje el nuevo personal del DIF hacia los metepequenses. \u201cAqu\u00ed est\u00e1n las mujeres y los hombres que pintar\u00e1n de amor, de esperanza, de fe la vida de nuestros vecinos. Ustedes ser\u00e1n el coraz\u00f3n, el alma, el apoyo, la mano solidaria, el hombro, el pecho de mi gobierno. Combatir\u00e1n el hambre, la sed, el fr\u00edo, la enfermedad, la soledad y la violencia\u201d, se\u00f1al\u00f3 el Presidente Municipal. Se recorrieron las instalaciones de la Unidad de Rehabilitaci\u00f3n e Integraci\u00f3n Social (URIS), donde se verific\u00f3 el estado de los equipos para las terapias, se present\u00f3 el uso de cada \u00e1rea del edificio y se tuvo la oportunidad de ser testigos del avance de los pacientes que son atendidos en la Unidad. Se llev\u00f3 a cabo la Toma de protesta de los nuevos Directores del Sistema Integral para el Desarrollo de la Familia.<\/p>\n\n\n\n<figure class=\"wp-block-gallery columns-2 is-cropped wp-block-gallery-1 is-layout-flex wp-block-gallery-is-layout-flex\"><ul class=\"blocks-gallery-grid\"><li class=\"blocks-gallery-item\"><figure><img decoding=\"async\" width=\"1024\" height=\"682\" src=\"https:\/\/21panorama.com\/wp-content\/uploads\/2022\/01\/00f30fcc-51a1-4c60-bc73-c2cce016f582-1024x682.jpeg\" alt=\"\" data-id=\"2926\" data-link=\"https:\/\/21panorama.com\/?attachment_id=2926\" class=\"wp-image-2926\" srcset=\"https:\/\/21panorama.com\/wp-content\/uploads\/2022\/01\/00f30fcc-51a1-4c60-bc73-c2cce016f582-1024x682.jpeg 1024w, https:\/\/21panorama.com\/wp-content\/uploads\/2022\/01\/00f30fcc-51a1-4c60-bc73-c2cce016f582-300x200.jpeg 300w, https:\/\/21panorama.com\/wp-content\/uploads\/2022\/01\/00f30fcc-51a1-4c60-bc73-c2cce016f582-768x512.jpeg 768w, https:\/\/21panorama.com\/wp-content\/uploads\/2022\/01\/00f30fcc-51a1-4c60-bc73-c2cce016f582.jpeg 1280w\" sizes=\"(max-width: 1024px) 100vw, 1024px\" \/><\/figure><\/li><li class=\"blocks-gallery-item\"><figure><img decoding=\"async\" width=\"1024\" height=\"686\" src=\"https:\/\/21panorama.com\/wp-content\/uploads\/2022\/01\/afaa063d-ab8f-466e-be8e-a474b73b0a05-1024x686.jpeg\" alt=\"\" data-id=\"2927\" data-full-url=\"https:\/\/21panorama.com\/wp-content\/uploads\/2022\/01\/afaa063d-ab8f-466e-be8e-a474b73b0a05.jpeg\" data-link=\"https:\/\/21panorama.com\/?attachment_id=2927\" class=\"wp-image-2927\" srcset=\"https:\/\/21panorama.com\/wp-content\/uploads\/2022\/01\/afaa063d-ab8f-466e-be8e-a474b73b0a05-1024x686.jpeg 1024w, https:\/\/21panorama.com\/wp-content\/uploads\/2022\/01\/afaa063d-ab8f-466e-be8e-a474b73b0a05-300x201.jpeg 300w, https:\/\/21panorama.com\/wp-content\/uploads\/2022\/01\/afaa063d-ab8f-466e-be8e-a474b73b0a05-768x515.jpeg 768w, https:\/\/21panorama.com\/wp-content\/uploads\/2022\/01\/afaa063d-ab8f-466e-be8e-a474b73b0a05.jpeg 1280w\" sizes=\"(max-width: 1024px) 100vw, 1024px\" \/><\/figure><\/li><\/ul><\/figure>\n","protected":false},"excerpt":{"rendered":"<p>Ante el alcalde de Metepec, Fernando Flores Fern\u00e1ndez, Ira\u00ed Albarr\u00e1n Segura, rindi\u00f3 protesta como Presidenta Honoraria del Sistema Municipal para el Desarrollo  Integral de la Familia (SMDIF) Metepec. <\/p>\n","protected":false},"author":1,"featured_media":2925,"comment_status":"open","ping_status":"open","sticky":false,"template":"","format":"standard","meta":{"footnotes":""},"categories":[1],"tags":[259],"class_list":["post-2923","post","type-post","status-publish","format-standard","has-post-thumbnail","hentry","category-sociedad","tag-dif"],"yoast_head":"<!-- This site is optimized with the Yoast SEO plugin v24.9 - https:\/\/yoast.com\/wordpress\/plugins\/seo\/ -->\n<title>RINDE PROTESTA IRA\u00cd ALBARRAN SEGURA COMO PRESIDENTA HONORARIA DEL DIF METEPEC - 21 Panorama<\/title>\n<meta name=\"robots\" content=\"index, follow, max-snippet:-1, max-image-preview:large, max-video-preview:-1\" \/>\n<link rel=\"canonical\" href=\"https:\/\/21panorama.com\/index.php\/2022\/01\/04\/rinde-protesta-irai-albarran-segura-como-presidenta-honoraria-del-dif-metepec\/\" \/>\n<meta property=\"og:locale\" content=\"es_MX\" \/>\n<meta property=\"og:type\" content=\"article\" \/>\n<meta property=\"og:title\" content=\"RINDE PROTESTA IRA\u00cd ALBARRAN SEGURA COMO PRESIDENTA HONORARIA DEL DIF METEPEC - 21 Panorama\" \/>\n<meta property=\"og:description\" content=\"Ante el alcalde de Metepec, Fernando Flores Fern\u00e1ndez, Ira\u00ed Albarr\u00e1n Segura, rindi\u00f3 protesta como Presidenta Honoraria del Sistema Municipal para el Desarrollo Integral de la Familia (SMDIF) Metepec.\" \/>\n<meta property=\"og:url\" content=\"https:\/\/21panorama.com\/index.php\/2022\/01\/04\/rinde-protesta-irai-albarran-segura-como-presidenta-honoraria-del-dif-metepec\/\" \/>\n<meta property=\"og:site_name\" content=\"21 Panorama\" \/>\n<meta property=\"article:published_time\" content=\"2022-01-04T22:23:26+00:00\" \/>\n<meta property=\"article:modified_time\" content=\"2022-01-04T22:23:27+00:00\" \/>\n<meta property=\"og:image\" content=\"https:\/\/21panorama.com\/wp-content\/uploads\/2022\/01\/6957c5c2-f9d2-469b-96e0-ebbb7e6c3ddd-1.jpeg\" \/>\n\t<meta property=\"og:image:width\" content=\"1280\" \/>\n\t<meta property=\"og:image:height\" content=\"853\" \/>\n\t<meta property=\"og:image:type\" content=\"image\/jpeg\" \/>\n<meta name=\"author\" content=\"admin\" \/>\n<meta name=\"twitter:card\" content=\"summary_large_image\" \/>\n<meta name=\"twitter:label1\" content=\"Escrito por\" \/>\n\t<meta name=\"twitter:data1\" content=\"admin\" \/>\n\t<meta name=\"twitter:label2\" content=\"Tiempo de lectura\" \/>\n\t<meta name=\"twitter:data2\" content=\"2 minutos\" \/>\n<script type=\"application\/ld+json\" class=\"yoast-schema-graph\">{\"@context\":\"https:\/\/schema.org\",\"@graph\":[{\"@type\":\"Article\",\"@id\":\"https:\/\/21panorama.com\/index.php\/2022\/01\/04\/rinde-protesta-irai-albarran-segura-como-presidenta-honoraria-del-dif-metepec\/#article\",\"isPartOf\":{\"@id\":\"https:\/\/21panorama.com\/index.php\/2022\/01\/04\/rinde-protesta-irai-albarran-segura-como-presidenta-honoraria-del-dif-metepec\/\"},\"author\":{\"name\":\"admin\",\"@id\":\"https:\/\/21panorama.com\/#\/schema\/person\/1afc291b96d5792a158768324287319f\"},\"headline\":\"RINDE PROTESTA IRA\u00cd ALBARRAN SEGURA COMO PRESIDENTA HONORARIA DEL DIF METEPEC\",\"datePublished\":\"2022-01-04T22:23:26+00:00\",\"dateModified\":\"2022-01-04T22:23:27+00:00\",\"mainEntityOfPage\":{\"@id\":\"https:\/\/21panorama.com\/index.php\/2022\/01\/04\/rinde-protesta-irai-albarran-segura-como-presidenta-honoraria-del-dif-metepec\/\"},\"wordCount\":285,\"commentCount\":0,\"publisher\":{\"@id\":\"https:\/\/21panorama.com\/#organization\"},\"image\":{\"@id\":\"https:\/\/21panorama.com\/index.php\/2022\/01\/04\/rinde-protesta-irai-albarran-segura-como-presidenta-honoraria-del-dif-metepec\/#primaryimage\"},\"thumbnailUrl\":\"https:\/\/21panorama.com\/wp-content\/uploads\/2022\/01\/6957c5c2-f9d2-469b-96e0-ebbb7e6c3ddd-1.jpeg\",\"keywords\":[\"DIF\"],\"articleSection\":[\"Sociedad\"],\"inLanguage\":\"es\",\"potentialAction\":[{\"@type\":\"CommentAction\",\"name\":\"Comment\",\"target\":[\"https:\/\/21panorama.com\/index.php\/2022\/01\/04\/rinde-protesta-irai-albarran-segura-como-presidenta-honoraria-del-dif-metepec\/#respond\"]}]},{\"@type\":\"WebPage\",\"@id\":\"https:\/\/21panorama.com\/index.php\/2022\/01\/04\/rinde-protesta-irai-albarran-segura-como-presidenta-honoraria-del-dif-metepec\/\",\"url\":\"https:\/\/21panorama.com\/index.php\/2022\/01\/04\/rinde-protesta-irai-albarran-segura-como-presidenta-honoraria-del-dif-metepec\/\",\"name\":\"RINDE PROTESTA IRA\u00cd ALBARRAN SEGURA COMO PRESIDENTA HONORARIA DEL DIF METEPEC - 21 Panorama\",\"isPartOf\":{\"@id\":\"https:\/\/21panorama.com\/#website\"},\"primaryImageOfPage\":{\"@id\":\"https:\/\/21panorama.com\/index.php\/2022\/01\/04\/rinde-protesta-irai-albarran-segura-como-presidenta-honoraria-del-dif-metepec\/#primaryimage\"},\"image\":{\"@id\":\"https:\/\/21panorama.com\/index.php\/2022\/01\/04\/rinde-protesta-irai-albarran-segura-como-presidenta-honoraria-del-dif-metepec\/#primaryimage\"},\"thumbnailUrl\":\"https:\/\/21panorama.com\/wp-content\/uploads\/2022\/01\/6957c5c2-f9d2-469b-96e0-ebbb7e6c3ddd-1.jpeg\",\"datePublished\":\"2022-01-04T22:23:26+00:00\",\"dateModified\":\"2022-01-04T22:23:27+00:00\",\"breadcrumb\":{\"@id\":\"https:\/\/21panorama.com\/index.php\/2022\/01\/04\/rinde-protesta-irai-albarran-segura-como-presidenta-honoraria-del-dif-metepec\/#breadcrumb\"},\"inLanguage\":\"es\",\"potentialAction\":[{\"@type\":\"ReadAction\",\"target\":[\"https:\/\/21panorama.com\/index.php\/2022\/01\/04\/rinde-protesta-irai-albarran-segura-como-presidenta-honoraria-del-dif-metepec\/\"]}]},{\"@type\":\"ImageObject\",\"inLanguage\":\"es\",\"@id\":\"https:\/\/21panorama.com\/index.php\/2022\/01\/04\/rinde-protesta-irai-albarran-segura-como-presidenta-honoraria-del-dif-metepec\/#primaryimage\",\"url\":\"https:\/\/21panorama.com\/wp-content\/uploads\/2022\/01\/6957c5c2-f9d2-469b-96e0-ebbb7e6c3ddd-1.jpeg\",\"contentUrl\":\"https:\/\/21panorama.com\/wp-content\/uploads\/2022\/01\/6957c5c2-f9d2-469b-96e0-ebbb7e6c3ddd-1.jpeg\",\"width\":1280,\"height\":853},{\"@type\":\"BreadcrumbList\",\"@id\":\"https:\/\/21panorama.com\/index.php\/2022\/01\/04\/rinde-protesta-irai-albarran-segura-como-presidenta-honoraria-del-dif-metepec\/#breadcrumb\",\"itemListElement\":[{\"@type\":\"ListItem\",\"position\":1,\"name\":\"Inicio\",\"item\":\"https:\/\/21panorama.com\/\"},{\"@type\":\"ListItem\",\"position\":2,\"name\":\"RINDE PROTESTA IRA\u00cd ALBARRAN SEGURA COMO PRESIDENTA HONORARIA DEL DIF METEPEC\"}]},{\"@type\":\"WebSite\",\"@id\":\"https:\/\/21panorama.com\/#website\",\"url\":\"https:\/\/21panorama.com\/\",\"name\":\"21 Panorama\",\"description\":\"La construcci\u00f3n de la opini\u00f3n p\u00fablica merece un mejor Panorama en este siglo 21 para alcanzar una sociedad con mayor transparencia y sin corrupci\u00f3n.\",\"publisher\":{\"@id\":\"https:\/\/21panorama.com\/#organization\"},\"potentialAction\":[{\"@type\":\"SearchAction\",\"target\":{\"@type\":\"EntryPoint\",\"urlTemplate\":\"https:\/\/21panorama.com\/?s={search_term_string}\"},\"query-input\":{\"@type\":\"PropertyValueSpecification\",\"valueRequired\":true,\"valueName\":\"search_term_string\"}}],\"inLanguage\":\"es\"},{\"@type\":\"Organization\",\"@id\":\"https:\/\/21panorama.com\/#organization\",\"name\":\"21 Panorama\",\"url\":\"https:\/\/21panorama.com\/\",\"logo\":{\"@type\":\"ImageObject\",\"inLanguage\":\"es\",\"@id\":\"https:\/\/21panorama.com\/#\/schema\/logo\/image\/\",\"url\":\"https:\/\/21panorama.com\/wp-content\/uploads\/2019\/07\/cropped-Logo-Panorama-01.jpeg\",\"contentUrl\":\"https:\/\/21panorama.com\/wp-content\/uploads\/2019\/07\/cropped-Logo-Panorama-01.jpeg\",\"width\":290,\"height\":70,\"caption\":\"21 Panorama\"},\"image\":{\"@id\":\"https:\/\/21panorama.com\/#\/schema\/logo\/image\/\"}},{\"@type\":\"Person\",\"@id\":\"https:\/\/21panorama.com\/#\/schema\/person\/1afc291b96d5792a158768324287319f\",\"name\":\"admin\",\"image\":{\"@type\":\"ImageObject\",\"inLanguage\":\"es\",\"@id\":\"https:\/\/21panorama.com\/#\/schema\/person\/image\/\",\"url\":\"https:\/\/secure.gravatar.com\/avatar\/ad365d9d9f46719215b0d042cc3df92a5a8683e09ef13d102233e5491985f0f0?s=96&d=mm&r=g\",\"contentUrl\":\"https:\/\/secure.gravatar.com\/avatar\/ad365d9d9f46719215b0d042cc3df92a5a8683e09ef13d102233e5491985f0f0?s=96&d=mm&r=g\",\"caption\":\"admin\"},\"url\":\"https:\/\/21panorama.com\/index.php\/author\/admin\/\"}]}<\/script>\n<!-- \/ Yoast SEO plugin. -->","yoast_head_json":{"title":"RINDE PROTESTA IRA\u00cd ALBARRAN SEGURA COMO PRESIDENTA HONORARIA DEL DIF METEPEC - 21 Panorama","robots":{"index":"index","follow":"follow","max-snippet":"max-snippet:-1","max-image-preview":"max-image-preview:large","max-video-preview":"max-video-preview:-1"},"canonical":"https:\/\/21panorama.com\/index.php\/2022\/01\/04\/rinde-protesta-irai-albarran-segura-como-presidenta-honoraria-del-dif-metepec\/","og_locale":"es_MX","og_type":"article","og_title":"RINDE PROTESTA IRA\u00cd ALBARRAN SEGURA COMO PRESIDENTA HONORARIA DEL DIF METEPEC - 21 Panorama","og_description":"Ante el alcalde de Metepec, Fernando Flores Fern\u00e1ndez, Ira\u00ed Albarr\u00e1n Segura, rindi\u00f3 protesta como Presidenta Honoraria del Sistema Municipal para el Desarrollo Integral de la Familia (SMDIF) Metepec.","og_url":"https:\/\/21panorama.com\/index.php\/2022\/01\/04\/rinde-protesta-irai-albarran-segura-como-presidenta-honoraria-del-dif-metepec\/","og_site_name":"21 Panorama","article_published_time":"2022-01-04T22:23:26+00:00","article_modified_time":"2022-01-04T22:23:27+00:00","og_image":[{"width":1280,"height":853,"url":"https:\/\/21panorama.com\/wp-content\/uploads\/2022\/01\/6957c5c2-f9d2-469b-96e0-ebbb7e6c3ddd-1.jpeg","type":"image\/jpeg"}],"author":"admin","twitter_card":"summary_large_image","twitter_misc":{"Escrito por":"admin","Tiempo de lectura":"2 minutos"},"schema":{"@context":"https:\/\/schema.org","@graph":[{"@type":"Article","@id":"https:\/\/21panorama.com\/index.php\/2022\/01\/04\/rinde-protesta-irai-albarran-segura-como-presidenta-honoraria-del-dif-metepec\/#article","isPartOf":{"@id":"https:\/\/21panorama.com\/index.php\/2022\/01\/04\/rinde-protesta-irai-albarran-segura-como-presidenta-honoraria-del-dif-metepec\/"},"author":{"name":"admin","@id":"https:\/\/21panorama.com\/#\/schema\/person\/1afc291b96d5792a158768324287319f"},"headline":"RINDE PROTESTA IRA\u00cd ALBARRAN SEGURA COMO PRESIDENTA HONORARIA DEL DIF METEPEC","datePublished":"2022-01-04T22:23:26+00:00","dateModified":"2022-01-04T22:23:27+00:00","mainEntityOfPage":{"@id":"https:\/\/21panorama.com\/index.php\/2022\/01\/04\/rinde-protesta-irai-albarran-segura-como-presidenta-honoraria-del-dif-metepec\/"},"wordCount":285,"commentCount":0,"publisher":{"@id":"https:\/\/21panorama.com\/#organization"},"image":{"@id":"https:\/\/21panorama.com\/index.php\/2022\/01\/04\/rinde-protesta-irai-albarran-segura-como-presidenta-honoraria-del-dif-metepec\/#primaryimage"},"thumbnailUrl":"https:\/\/21panorama.com\/wp-content\/uploads\/2022\/01\/6957c5c2-f9d2-469b-96e0-ebbb7e6c3ddd-1.jpeg","keywords":["DIF"],"articleSection":["Sociedad"],"inLanguage":"es","potentialAction":[{"@type":"CommentAction","name":"Comment","target":["https:\/\/21panorama.com\/index.php\/2022\/01\/04\/rinde-protesta-irai-albarran-segura-como-presidenta-honoraria-del-dif-metepec\/#respond"]}]},{"@type":"WebPage","@id":"https:\/\/21panorama.com\/index.php\/2022\/01\/04\/rinde-protesta-irai-albarran-segura-como-presidenta-honoraria-del-dif-metepec\/","url":"https:\/\/21panorama.com\/index.php\/2022\/01\/04\/rinde-protesta-irai-albarran-segura-como-presidenta-honoraria-del-dif-metepec\/","name":"RINDE PROTESTA IRA\u00cd ALBARRAN SEGURA COMO PRESIDENTA HONORARIA DEL DIF METEPEC - 21 Panorama","isPartOf":{"@id":"https:\/\/21panorama.com\/#website"},"primaryImageOfPage":{"@id":"https:\/\/21panorama.com\/index.php\/2022\/01\/04\/rinde-protesta-irai-albarran-segura-como-presidenta-honoraria-del-dif-metepec\/#primaryimage"},"image":{"@id":"https:\/\/21panorama.com\/index.php\/2022\/01\/04\/rinde-protesta-irai-albarran-segura-como-presidenta-honoraria-del-dif-metepec\/#primaryimage"},"thumbnailUrl":"https:\/\/21panorama.com\/wp-content\/uploads\/2022\/01\/6957c5c2-f9d2-469b-96e0-ebbb7e6c3ddd-1.jpeg","datePublished":"2022-01-04T22:23:26+00:00","dateModified":"2022-01-04T22:23:27+00:00","breadcrumb":{"@id":"https:\/\/21panorama.com\/index.php\/2022\/01\/04\/rinde-protesta-irai-albarran-segura-como-presidenta-honoraria-del-dif-metepec\/#breadcrumb"},"inLanguage":"es","potentialAction":[{"@type":"ReadAction","target":["https:\/\/21panorama.com\/index.php\/2022\/01\/04\/rinde-protesta-irai-albarran-segura-como-presidenta-honoraria-del-dif-metepec\/"]}]},{"@type":"ImageObject","inLanguage":"es","@id":"https:\/\/21panorama.com\/index.php\/2022\/01\/04\/rinde-protesta-irai-albarran-segura-como-presidenta-honoraria-del-dif-metepec\/#primaryimage","url":"https:\/\/21panorama.com\/wp-content\/uploads\/2022\/01\/6957c5c2-f9d2-469b-96e0-ebbb7e6c3ddd-1.jpeg","contentUrl":"https:\/\/21panorama.com\/wp-content\/uploads\/2022\/01\/6957c5c2-f9d2-469b-96e0-ebbb7e6c3ddd-1.jpeg","width":1280,"height":853},{"@type":"BreadcrumbList","@id":"https:\/\/21panorama.com\/index.php\/2022\/01\/04\/rinde-protesta-irai-albarran-segura-como-presidenta-honoraria-del-dif-metepec\/#breadcrumb","itemListElement":[{"@type":"ListItem","position":1,"name":"Inicio","item":"https:\/\/21panorama.com\/"},{"@type":"ListItem","position":2,"name":"RINDE PROTESTA IRA\u00cd ALBARRAN SEGURA COMO PRESIDENTA HONORARIA DEL DIF METEPEC"}]},{"@type":"WebSite","@id":"https:\/\/21panorama.com\/#website","url":"https:\/\/21panorama.com\/","name":"21 Panorama","description":"La construcci\u00f3n de la opini\u00f3n p\u00fablica merece un mejor Panorama en este siglo 21 para alcanzar una sociedad con mayor transparencia y sin corrupci\u00f3n.","publisher":{"@id":"https:\/\/21panorama.com\/#organization"},"potentialAction":[{"@type":"SearchAction","target":{"@type":"EntryPoint","urlTemplate":"https:\/\/21panorama.com\/?s={search_term_string}"},"query-input":{"@type":"PropertyValueSpecification","valueRequired":true,"valueName":"search_term_string"}}],"inLanguage":"es"},{"@type":"Organization","@id":"https:\/\/21panorama.com\/#organization","name":"21 Panorama","url":"https:\/\/21panorama.com\/","logo":{"@type":"ImageObject","inLanguage":"es","@id":"https:\/\/21panorama.com\/#\/schema\/logo\/image\/","url":"https:\/\/21panorama.com\/wp-content\/uploads\/2019\/07\/cropped-Logo-Panorama-01.jpeg","contentUrl":"https:\/\/21panorama.com\/wp-content\/uploads\/2019\/07\/cropped-Logo-Panorama-01.jpeg","width":290,"height":70,"caption":"21 Panorama"},"image":{"@id":"https:\/\/21panorama.com\/#\/schema\/logo\/image\/"}},{"@type":"Person","@id":"https:\/\/21panorama.com\/#\/schema\/person\/1afc291b96d5792a158768324287319f","name":"admin","image":{"@type":"ImageObject","inLanguage":"es","@id":"https:\/\/21panorama.com\/#\/schema\/person\/image\/","url":"https:\/\/secure.gravatar.com\/avatar\/ad365d9d9f46719215b0d042cc3df92a5a8683e09ef13d102233e5491985f0f0?s=96&d=mm&r=g","contentUrl":"https:\/\/secure.gravatar.com\/avatar\/ad365d9d9f46719215b0d042cc3df92a5a8683e09ef13d102233e5491985f0f0?s=96&d=mm&r=g","caption":"admin"},"url":"https:\/\/21panorama.com\/index.php\/author\/admin\/"}]}},"_links":{"self":[{"href":"https:\/\/21panorama.com\/index.php\/wp-json\/wp\/v2\/posts\/2923","targetHints":{"allow":["GET"]}}],"collection":[{"href":"https:\/\/21panorama.com\/index.php\/wp-json\/wp\/v2\/posts"}],"about":[{"href":"https:\/\/21panorama.com\/index.php\/wp-json\/wp\/v2\/types\/post"}],"author":[{"embeddable":true,"href":"https:\/\/21panorama.com\/index.php\/wp-json\/wp\/v2\/users\/1"}],"replies":[{"embeddable":true,"href":"https:\/\/21panorama.com\/index.php\/wp-json\/wp\/v2\/comments?post=2923"}],"version-history":[{"count":1,"href":"https:\/\/21panorama.com\/index.php\/wp-json\/wp\/v2\/posts\/2923\/revisions"}],"predecessor-version":[{"id":2928,"href":"https:\/\/21panorama.com\/index.php\/wp-json\/wp\/v2\/posts\/2923\/revisions\/2928"}],"wp:featuredmedia":[{"embeddable":true,"href":"https:\/\/21panorama.com\/index.php\/wp-json\/wp\/v2\/media\/2925"}],"wp:attachment":[{"href":"https:\/\/21panorama.com\/index.php\/wp-json\/wp\/v2\/media?parent=2923"}],"wp:term":[{"taxonomy":"category","embeddable":true,"href":"https:\/\/21panorama.com\/index.php\/wp-json\/wp\/v2\/categories?post=2923"},{"taxonomy":"post_tag","embeddable":true,"href":"https:\/\/21panorama.com\/index.php\/wp-json\/wp\/v2\/tags?post=2923"}],"curies":[{"name":"wp","href":"https:\/\/api.w.org\/{rel}","templated":true}]}}