{"id":2910,"date":"2022-01-03T10:32:12","date_gmt":"2022-01-03T16:32:12","guid":{"rendered":"https:\/\/21panorama.com\/?p=2910"},"modified":"2022-01-03T10:32:14","modified_gmt":"2022-01-03T16:32:14","slug":"queda-instalado-el-ayuntamiento-de-metepec-2022-2024","status":"publish","type":"post","link":"https:\/\/21panorama.com\/index.php\/2022\/01\/03\/queda-instalado-el-ayuntamiento-de-metepec-2022-2024\/","title":{"rendered":"QUEDA INSTALADO EL AYUNTAMIENTO DE METEPEC 2022-2024"},"content":{"rendered":"\n<p>Durante la primera sesi\u00f3n ordinaria de cabildo de Metepec, presidida por el alcalde Fernando Flores Fern\u00e1ndez, qued\u00f3 instalado el ayuntamiento 2022-2024 y con ello, el \u00f3rgano colegiado aprob\u00f3 por unanimidad la propuesta del edil para el nombramiento de los nuevos titulares de \u00e1rea de la administraci\u00f3n p\u00fablica municipal.<\/p>\n\n\n\n<p>El \u00f3rgano colegiado, aval\u00f3 la propuesta del presidente municipal, quien exalt\u00f3 el profesionalismo de quienes asumen desde ahora el honroso cargo en favor de la ciudadan\u00eda.<\/p>\n\n\n\n<p>En su oportunidad, Fernando Flores, recalc\u00f3 que es tiempo de los ciudadanos, por tanto, quienes le acompa\u00f1an en la tarea de servir, lo hacen con el \u00fanico objetivo de atender a las y los metepequenses de forma oportuna, con eficacia y eficiencia.<\/p>\n\n\n\n<p>El m\u00e1ximo \u00f3rgano de gobierno, integrado por el alcalde Fernando Flores Fern\u00e1ndez; la S\u00edndico municipal, Gabriela de Los \u00c1ngeles Jord\u00e1n Corona y los 9 regidores y regidoras, Everardo Padilla Camacho, Alejandra Garc\u00eda Bonfil, Rodrigo Flores Enr\u00edquez, Jaquelina Mar\u00edn Mar\u00edn, Rosendo Galeana Soberanis, Jesika Su\u00e1rez G\u00f3mez, \u00d3scar Alejandro Gonz\u00e1lez M\u00e1rquez, Ma. Virginia Pedraza Moreno y Luis Felipe Nemer Fern\u00e1ndez, corroboraron el cargo de las dependencias.<\/p>\n\n\n\n<p>Las \u00e1reas estar\u00e1n a cargo de: Secretar\u00eda del Ayuntamiento, Ernesto Nemer Monroy; Tesorer\u00eda, Enrique Alonso Pineda; Subdireccion de Catastro, Jes\u00fas Gonz\u00e1lez; Consejer\u00eda Jur\u00eddica, Francisco Jos\u00e9 Medina Ortega; Gobernaci\u00f3n, Luis Jorge L\u00f3pez Arenas; Desarrollo Econ\u00f3mico, Tur\u00edstico y Artesanal, Mar\u00eda Luisa Garc\u00eda Col\u00edn; Desarrollo Social, Elio Campiran Espinosa; Desarrollo Urbano y Metropolitano, Salma Gabriela Arce Carri\u00f3n;<br>Seguridad P\u00fablica y Tr\u00e1nsito Municipal, Jes\u00fas Alberto Ram\u00edrez Manzur; Cultura, Maritza Adriana Flores Monroy; Servicios P\u00fablicos, \u00c1ngel Rivera Casta\u00f1eda; Medio Ambiente, Elisa Mart\u00ednez Maldonado;<br>Gobierno por Resultados, Jes\u00fas D\u00edaz Monteyano; Igualdad de G\u00e9nero, Esmeralda Isabel de Luna S\u00e1nchez; Educaci\u00f3n, Wblester Santiago Pineda; IMCUFIDEM, Eduardo Jaramillo Rodr\u00edguez; INJUVEM, Erick Becerril Tapia; OPDAPAS, Jos\u00e9 Agust\u00edn Alc\u00e1ntara Osorno y en la Direcci\u00f3n del DIF, Elisa Quijada Badillo.<\/p>\n\n\n\n<figure class=\"wp-block-gallery columns-2 is-cropped wp-block-gallery-1 is-layout-flex wp-block-gallery-is-layout-flex\"><ul class=\"blocks-gallery-grid\"><li class=\"blocks-gallery-item\"><figure><img decoding=\"async\" width=\"1024\" height=\"683\" src=\"https:\/\/21panorama.com\/wp-content\/uploads\/2022\/01\/0215ef14-3d36-4a27-a416-b80a863529ef-1024x683.jpeg\" alt=\"\" data-id=\"2912\" data-link=\"https:\/\/21panorama.com\/?attachment_id=2912\" class=\"wp-image-2912\" srcset=\"https:\/\/21panorama.com\/wp-content\/uploads\/2022\/01\/0215ef14-3d36-4a27-a416-b80a863529ef-1024x683.jpeg 1024w, https:\/\/21panorama.com\/wp-content\/uploads\/2022\/01\/0215ef14-3d36-4a27-a416-b80a863529ef-300x200.jpeg 300w, https:\/\/21panorama.com\/wp-content\/uploads\/2022\/01\/0215ef14-3d36-4a27-a416-b80a863529ef-768x512.jpeg 768w, https:\/\/21panorama.com\/wp-content\/uploads\/2022\/01\/0215ef14-3d36-4a27-a416-b80a863529ef.jpeg 1296w\" sizes=\"(max-width: 1024px) 100vw, 1024px\" \/><\/figure><\/li><li class=\"blocks-gallery-item\"><figure><img decoding=\"async\" width=\"1024\" height=\"682\" src=\"https:\/\/21panorama.com\/wp-content\/uploads\/2022\/01\/efdefb97-3628-4f63-84f7-8503425a15df-1024x682.jpeg\" alt=\"\" data-id=\"2913\" data-full-url=\"https:\/\/21panorama.com\/wp-content\/uploads\/2022\/01\/efdefb97-3628-4f63-84f7-8503425a15df.jpeg\" data-link=\"https:\/\/21panorama.com\/?attachment_id=2913\" class=\"wp-image-2913\" srcset=\"https:\/\/21panorama.com\/wp-content\/uploads\/2022\/01\/efdefb97-3628-4f63-84f7-8503425a15df-1024x682.jpeg 1024w, https:\/\/21panorama.com\/wp-content\/uploads\/2022\/01\/efdefb97-3628-4f63-84f7-8503425a15df-300x200.jpeg 300w, https:\/\/21panorama.com\/wp-content\/uploads\/2022\/01\/efdefb97-3628-4f63-84f7-8503425a15df-768x512.jpeg 768w, https:\/\/21panorama.com\/wp-content\/uploads\/2022\/01\/efdefb97-3628-4f63-84f7-8503425a15df.jpeg 1280w\" sizes=\"(max-width: 1024px) 100vw, 1024px\" \/><\/figure><\/li><\/ul><\/figure>\n","protected":false},"excerpt":{"rendered":"<p>Rinden protesta titulares de \u00e1rea ante el alcalde Fernando Flores Fern\u00e1ndez. <\/p>\n","protected":false},"author":1,"featured_media":2911,"comment_status":"open","ping_status":"open","sticky":false,"template":"","format":"standard","meta":{"footnotes":""},"categories":[12],"tags":[77],"class_list":["post-2910","post","type-post","status-publish","format-standard","has-post-thumbnail","hentry","category-politica","tag-metepec"],"yoast_head":"<!-- This site is optimized with the Yoast SEO plugin v24.9 - https:\/\/yoast.com\/wordpress\/plugins\/seo\/ -->\n<title>QUEDA INSTALADO EL AYUNTAMIENTO DE METEPEC 2022-2024 - 21 Panorama<\/title>\n<meta name=\"robots\" content=\"index, follow, max-snippet:-1, max-image-preview:large, max-video-preview:-1\" \/>\n<link rel=\"canonical\" href=\"https:\/\/21panorama.com\/index.php\/2022\/01\/03\/queda-instalado-el-ayuntamiento-de-metepec-2022-2024\/\" \/>\n<meta property=\"og:locale\" content=\"es_MX\" \/>\n<meta property=\"og:type\" content=\"article\" \/>\n<meta property=\"og:title\" content=\"QUEDA INSTALADO EL AYUNTAMIENTO DE METEPEC 2022-2024 - 21 Panorama\" \/>\n<meta property=\"og:description\" content=\"Rinden protesta titulares de \u00e1rea ante el alcalde Fernando Flores Fern\u00e1ndez.\" \/>\n<meta property=\"og:url\" content=\"https:\/\/21panorama.com\/index.php\/2022\/01\/03\/queda-instalado-el-ayuntamiento-de-metepec-2022-2024\/\" \/>\n<meta property=\"og:site_name\" content=\"21 Panorama\" \/>\n<meta property=\"article:published_time\" content=\"2022-01-03T16:32:12+00:00\" \/>\n<meta property=\"article:modified_time\" content=\"2022-01-03T16:32:14+00:00\" \/>\n<meta property=\"og:image\" content=\"https:\/\/21panorama.com\/wp-content\/uploads\/2022\/01\/a2b62bf9-7511-482b-9e1c-34c7d817c0c1.jpeg\" \/>\n\t<meta property=\"og:image:width\" content=\"1280\" \/>\n\t<meta property=\"og:image:height\" content=\"853\" \/>\n\t<meta property=\"og:image:type\" content=\"image\/jpeg\" \/>\n<meta name=\"author\" content=\"admin\" \/>\n<meta name=\"twitter:card\" content=\"summary_large_image\" \/>\n<meta name=\"twitter:label1\" content=\"Escrito por\" \/>\n\t<meta name=\"twitter:data1\" content=\"admin\" \/>\n\t<meta name=\"twitter:label2\" content=\"Tiempo de lectura\" \/>\n\t<meta name=\"twitter:data2\" content=\"2 minutos\" \/>\n<script type=\"application\/ld+json\" class=\"yoast-schema-graph\">{\"@context\":\"https:\/\/schema.org\",\"@graph\":[{\"@type\":\"Article\",\"@id\":\"https:\/\/21panorama.com\/index.php\/2022\/01\/03\/queda-instalado-el-ayuntamiento-de-metepec-2022-2024\/#article\",\"isPartOf\":{\"@id\":\"https:\/\/21panorama.com\/index.php\/2022\/01\/03\/queda-instalado-el-ayuntamiento-de-metepec-2022-2024\/\"},\"author\":{\"name\":\"admin\",\"@id\":\"https:\/\/21panorama.com\/#\/schema\/person\/1afc291b96d5792a158768324287319f\"},\"headline\":\"QUEDA INSTALADO EL AYUNTAMIENTO DE METEPEC 2022-2024\",\"datePublished\":\"2022-01-03T16:32:12+00:00\",\"dateModified\":\"2022-01-03T16:32:14+00:00\",\"mainEntityOfPage\":{\"@id\":\"https:\/\/21panorama.com\/index.php\/2022\/01\/03\/queda-instalado-el-ayuntamiento-de-metepec-2022-2024\/\"},\"wordCount\":354,\"commentCount\":0,\"publisher\":{\"@id\":\"https:\/\/21panorama.com\/#organization\"},\"image\":{\"@id\":\"https:\/\/21panorama.com\/index.php\/2022\/01\/03\/queda-instalado-el-ayuntamiento-de-metepec-2022-2024\/#primaryimage\"},\"thumbnailUrl\":\"https:\/\/21panorama.com\/wp-content\/uploads\/2022\/01\/a2b62bf9-7511-482b-9e1c-34c7d817c0c1.jpeg\",\"keywords\":[\"Metepec\"],\"articleSection\":[\"Politica\"],\"inLanguage\":\"es\",\"potentialAction\":[{\"@type\":\"CommentAction\",\"name\":\"Comment\",\"target\":[\"https:\/\/21panorama.com\/index.php\/2022\/01\/03\/queda-instalado-el-ayuntamiento-de-metepec-2022-2024\/#respond\"]}]},{\"@type\":\"WebPage\",\"@id\":\"https:\/\/21panorama.com\/index.php\/2022\/01\/03\/queda-instalado-el-ayuntamiento-de-metepec-2022-2024\/\",\"url\":\"https:\/\/21panorama.com\/index.php\/2022\/01\/03\/queda-instalado-el-ayuntamiento-de-metepec-2022-2024\/\",\"name\":\"QUEDA INSTALADO EL AYUNTAMIENTO DE METEPEC 2022-2024 - 21 Panorama\",\"isPartOf\":{\"@id\":\"https:\/\/21panorama.com\/#website\"},\"primaryImageOfPage\":{\"@id\":\"https:\/\/21panorama.com\/index.php\/2022\/01\/03\/queda-instalado-el-ayuntamiento-de-metepec-2022-2024\/#primaryimage\"},\"image\":{\"@id\":\"https:\/\/21panorama.com\/index.php\/2022\/01\/03\/queda-instalado-el-ayuntamiento-de-metepec-2022-2024\/#primaryimage\"},\"thumbnailUrl\":\"https:\/\/21panorama.com\/wp-content\/uploads\/2022\/01\/a2b62bf9-7511-482b-9e1c-34c7d817c0c1.jpeg\",\"datePublished\":\"2022-01-03T16:32:12+00:00\",\"dateModified\":\"2022-01-03T16:32:14+00:00\",\"breadcrumb\":{\"@id\":\"https:\/\/21panorama.com\/index.php\/2022\/01\/03\/queda-instalado-el-ayuntamiento-de-metepec-2022-2024\/#breadcrumb\"},\"inLanguage\":\"es\",\"potentialAction\":[{\"@type\":\"ReadAction\",\"target\":[\"https:\/\/21panorama.com\/index.php\/2022\/01\/03\/queda-instalado-el-ayuntamiento-de-metepec-2022-2024\/\"]}]},{\"@type\":\"ImageObject\",\"inLanguage\":\"es\",\"@id\":\"https:\/\/21panorama.com\/index.php\/2022\/01\/03\/queda-instalado-el-ayuntamiento-de-metepec-2022-2024\/#primaryimage\",\"url\":\"https:\/\/21panorama.com\/wp-content\/uploads\/2022\/01\/a2b62bf9-7511-482b-9e1c-34c7d817c0c1.jpeg\",\"contentUrl\":\"https:\/\/21panorama.com\/wp-content\/uploads\/2022\/01\/a2b62bf9-7511-482b-9e1c-34c7d817c0c1.jpeg\",\"width\":1280,\"height\":853},{\"@type\":\"BreadcrumbList\",\"@id\":\"https:\/\/21panorama.com\/index.php\/2022\/01\/03\/queda-instalado-el-ayuntamiento-de-metepec-2022-2024\/#breadcrumb\",\"itemListElement\":[{\"@type\":\"ListItem\",\"position\":1,\"name\":\"Inicio\",\"item\":\"https:\/\/21panorama.com\/\"},{\"@type\":\"ListItem\",\"position\":2,\"name\":\"QUEDA INSTALADO EL AYUNTAMIENTO DE METEPEC 2022-2024\"}]},{\"@type\":\"WebSite\",\"@id\":\"https:\/\/21panorama.com\/#website\",\"url\":\"https:\/\/21panorama.com\/\",\"name\":\"21 Panorama\",\"description\":\"La construcci\u00f3n de la opini\u00f3n p\u00fablica merece un mejor Panorama en este siglo 21 para alcanzar una sociedad con mayor transparencia y sin corrupci\u00f3n.\",\"publisher\":{\"@id\":\"https:\/\/21panorama.com\/#organization\"},\"potentialAction\":[{\"@type\":\"SearchAction\",\"target\":{\"@type\":\"EntryPoint\",\"urlTemplate\":\"https:\/\/21panorama.com\/?s={search_term_string}\"},\"query-input\":{\"@type\":\"PropertyValueSpecification\",\"valueRequired\":true,\"valueName\":\"search_term_string\"}}],\"inLanguage\":\"es\"},{\"@type\":\"Organization\",\"@id\":\"https:\/\/21panorama.com\/#organization\",\"name\":\"21 Panorama\",\"url\":\"https:\/\/21panorama.com\/\",\"logo\":{\"@type\":\"ImageObject\",\"inLanguage\":\"es\",\"@id\":\"https:\/\/21panorama.com\/#\/schema\/logo\/image\/\",\"url\":\"https:\/\/21panorama.com\/wp-content\/uploads\/2019\/07\/cropped-Logo-Panorama-01.jpeg\",\"contentUrl\":\"https:\/\/21panorama.com\/wp-content\/uploads\/2019\/07\/cropped-Logo-Panorama-01.jpeg\",\"width\":290,\"height\":70,\"caption\":\"21 Panorama\"},\"image\":{\"@id\":\"https:\/\/21panorama.com\/#\/schema\/logo\/image\/\"}},{\"@type\":\"Person\",\"@id\":\"https:\/\/21panorama.com\/#\/schema\/person\/1afc291b96d5792a158768324287319f\",\"name\":\"admin\",\"image\":{\"@type\":\"ImageObject\",\"inLanguage\":\"es\",\"@id\":\"https:\/\/21panorama.com\/#\/schema\/person\/image\/\",\"url\":\"https:\/\/secure.gravatar.com\/avatar\/ad365d9d9f46719215b0d042cc3df92a5a8683e09ef13d102233e5491985f0f0?s=96&d=mm&r=g\",\"contentUrl\":\"https:\/\/secure.gravatar.com\/avatar\/ad365d9d9f46719215b0d042cc3df92a5a8683e09ef13d102233e5491985f0f0?s=96&d=mm&r=g\",\"caption\":\"admin\"},\"url\":\"https:\/\/21panorama.com\/index.php\/author\/admin\/\"}]}<\/script>\n<!-- \/ Yoast SEO plugin. -->","yoast_head_json":{"title":"QUEDA INSTALADO EL AYUNTAMIENTO DE METEPEC 2022-2024 - 21 Panorama","robots":{"index":"index","follow":"follow","max-snippet":"max-snippet:-1","max-image-preview":"max-image-preview:large","max-video-preview":"max-video-preview:-1"},"canonical":"https:\/\/21panorama.com\/index.php\/2022\/01\/03\/queda-instalado-el-ayuntamiento-de-metepec-2022-2024\/","og_locale":"es_MX","og_type":"article","og_title":"QUEDA INSTALADO EL AYUNTAMIENTO DE METEPEC 2022-2024 - 21 Panorama","og_description":"Rinden protesta titulares de \u00e1rea ante el alcalde Fernando Flores Fern\u00e1ndez.","og_url":"https:\/\/21panorama.com\/index.php\/2022\/01\/03\/queda-instalado-el-ayuntamiento-de-metepec-2022-2024\/","og_site_name":"21 Panorama","article_published_time":"2022-01-03T16:32:12+00:00","article_modified_time":"2022-01-03T16:32:14+00:00","og_image":[{"width":1280,"height":853,"url":"https:\/\/21panorama.com\/wp-content\/uploads\/2022\/01\/a2b62bf9-7511-482b-9e1c-34c7d817c0c1.jpeg","type":"image\/jpeg"}],"author":"admin","twitter_card":"summary_large_image","twitter_misc":{"Escrito por":"admin","Tiempo de lectura":"2 minutos"},"schema":{"@context":"https:\/\/schema.org","@graph":[{"@type":"Article","@id":"https:\/\/21panorama.com\/index.php\/2022\/01\/03\/queda-instalado-el-ayuntamiento-de-metepec-2022-2024\/#article","isPartOf":{"@id":"https:\/\/21panorama.com\/index.php\/2022\/01\/03\/queda-instalado-el-ayuntamiento-de-metepec-2022-2024\/"},"author":{"name":"admin","@id":"https:\/\/21panorama.com\/#\/schema\/person\/1afc291b96d5792a158768324287319f"},"headline":"QUEDA INSTALADO EL AYUNTAMIENTO DE METEPEC 2022-2024","datePublished":"2022-01-03T16:32:12+00:00","dateModified":"2022-01-03T16:32:14+00:00","mainEntityOfPage":{"@id":"https:\/\/21panorama.com\/index.php\/2022\/01\/03\/queda-instalado-el-ayuntamiento-de-metepec-2022-2024\/"},"wordCount":354,"commentCount":0,"publisher":{"@id":"https:\/\/21panorama.com\/#organization"},"image":{"@id":"https:\/\/21panorama.com\/index.php\/2022\/01\/03\/queda-instalado-el-ayuntamiento-de-metepec-2022-2024\/#primaryimage"},"thumbnailUrl":"https:\/\/21panorama.com\/wp-content\/uploads\/2022\/01\/a2b62bf9-7511-482b-9e1c-34c7d817c0c1.jpeg","keywords":["Metepec"],"articleSection":["Politica"],"inLanguage":"es","potentialAction":[{"@type":"CommentAction","name":"Comment","target":["https:\/\/21panorama.com\/index.php\/2022\/01\/03\/queda-instalado-el-ayuntamiento-de-metepec-2022-2024\/#respond"]}]},{"@type":"WebPage","@id":"https:\/\/21panorama.com\/index.php\/2022\/01\/03\/queda-instalado-el-ayuntamiento-de-metepec-2022-2024\/","url":"https:\/\/21panorama.com\/index.php\/2022\/01\/03\/queda-instalado-el-ayuntamiento-de-metepec-2022-2024\/","name":"QUEDA INSTALADO EL AYUNTAMIENTO DE METEPEC 2022-2024 - 21 Panorama","isPartOf":{"@id":"https:\/\/21panorama.com\/#website"},"primaryImageOfPage":{"@id":"https:\/\/21panorama.com\/index.php\/2022\/01\/03\/queda-instalado-el-ayuntamiento-de-metepec-2022-2024\/#primaryimage"},"image":{"@id":"https:\/\/21panorama.com\/index.php\/2022\/01\/03\/queda-instalado-el-ayuntamiento-de-metepec-2022-2024\/#primaryimage"},"thumbnailUrl":"https:\/\/21panorama.com\/wp-content\/uploads\/2022\/01\/a2b62bf9-7511-482b-9e1c-34c7d817c0c1.jpeg","datePublished":"2022-01-03T16:32:12+00:00","dateModified":"2022-01-03T16:32:14+00:00","breadcrumb":{"@id":"https:\/\/21panorama.com\/index.php\/2022\/01\/03\/queda-instalado-el-ayuntamiento-de-metepec-2022-2024\/#breadcrumb"},"inLanguage":"es","potentialAction":[{"@type":"ReadAction","target":["https:\/\/21panorama.com\/index.php\/2022\/01\/03\/queda-instalado-el-ayuntamiento-de-metepec-2022-2024\/"]}]},{"@type":"ImageObject","inLanguage":"es","@id":"https:\/\/21panorama.com\/index.php\/2022\/01\/03\/queda-instalado-el-ayuntamiento-de-metepec-2022-2024\/#primaryimage","url":"https:\/\/21panorama.com\/wp-content\/uploads\/2022\/01\/a2b62bf9-7511-482b-9e1c-34c7d817c0c1.jpeg","contentUrl":"https:\/\/21panorama.com\/wp-content\/uploads\/2022\/01\/a2b62bf9-7511-482b-9e1c-34c7d817c0c1.jpeg","width":1280,"height":853},{"@type":"BreadcrumbList","@id":"https:\/\/21panorama.com\/index.php\/2022\/01\/03\/queda-instalado-el-ayuntamiento-de-metepec-2022-2024\/#breadcrumb","itemListElement":[{"@type":"ListItem","position":1,"name":"Inicio","item":"https:\/\/21panorama.com\/"},{"@type":"ListItem","position":2,"name":"QUEDA INSTALADO EL AYUNTAMIENTO DE METEPEC 2022-2024"}]},{"@type":"WebSite","@id":"https:\/\/21panorama.com\/#website","url":"https:\/\/21panorama.com\/","name":"21 Panorama","description":"La construcci\u00f3n de la opini\u00f3n p\u00fablica merece un mejor Panorama en este siglo 21 para alcanzar una sociedad con mayor transparencia y sin corrupci\u00f3n.","publisher":{"@id":"https:\/\/21panorama.com\/#organization"},"potentialAction":[{"@type":"SearchAction","target":{"@type":"EntryPoint","urlTemplate":"https:\/\/21panorama.com\/?s={search_term_string}"},"query-input":{"@type":"PropertyValueSpecification","valueRequired":true,"valueName":"search_term_string"}}],"inLanguage":"es"},{"@type":"Organization","@id":"https:\/\/21panorama.com\/#organization","name":"21 Panorama","url":"https:\/\/21panorama.com\/","logo":{"@type":"ImageObject","inLanguage":"es","@id":"https:\/\/21panorama.com\/#\/schema\/logo\/image\/","url":"https:\/\/21panorama.com\/wp-content\/uploads\/2019\/07\/cropped-Logo-Panorama-01.jpeg","contentUrl":"https:\/\/21panorama.com\/wp-content\/uploads\/2019\/07\/cropped-Logo-Panorama-01.jpeg","width":290,"height":70,"caption":"21 Panorama"},"image":{"@id":"https:\/\/21panorama.com\/#\/schema\/logo\/image\/"}},{"@type":"Person","@id":"https:\/\/21panorama.com\/#\/schema\/person\/1afc291b96d5792a158768324287319f","name":"admin","image":{"@type":"ImageObject","inLanguage":"es","@id":"https:\/\/21panorama.com\/#\/schema\/person\/image\/","url":"https:\/\/secure.gravatar.com\/avatar\/ad365d9d9f46719215b0d042cc3df92a5a8683e09ef13d102233e5491985f0f0?s=96&d=mm&r=g","contentUrl":"https:\/\/secure.gravatar.com\/avatar\/ad365d9d9f46719215b0d042cc3df92a5a8683e09ef13d102233e5491985f0f0?s=96&d=mm&r=g","caption":"admin"},"url":"https:\/\/21panorama.com\/index.php\/author\/admin\/"}]}},"_links":{"self":[{"href":"https:\/\/21panorama.com\/index.php\/wp-json\/wp\/v2\/posts\/2910","targetHints":{"allow":["GET"]}}],"collection":[{"href":"https:\/\/21panorama.com\/index.php\/wp-json\/wp\/v2\/posts"}],"about":[{"href":"https:\/\/21panorama.com\/index.php\/wp-json\/wp\/v2\/types\/post"}],"author":[{"embeddable":true,"href":"https:\/\/21panorama.com\/index.php\/wp-json\/wp\/v2\/users\/1"}],"replies":[{"embeddable":true,"href":"https:\/\/21panorama.com\/index.php\/wp-json\/wp\/v2\/comments?post=2910"}],"version-history":[{"count":1,"href":"https:\/\/21panorama.com\/index.php\/wp-json\/wp\/v2\/posts\/2910\/revisions"}],"predecessor-version":[{"id":2914,"href":"https:\/\/21panorama.com\/index.php\/wp-json\/wp\/v2\/posts\/2910\/revisions\/2914"}],"wp:featuredmedia":[{"embeddable":true,"href":"https:\/\/21panorama.com\/index.php\/wp-json\/wp\/v2\/media\/2911"}],"wp:attachment":[{"href":"https:\/\/21panorama.com\/index.php\/wp-json\/wp\/v2\/media?parent=2910"}],"wp:term":[{"taxonomy":"category","embeddable":true,"href":"https:\/\/21panorama.com\/index.php\/wp-json\/wp\/v2\/categories?post=2910"},{"taxonomy":"post_tag","embeddable":true,"href":"https:\/\/21panorama.com\/index.php\/wp-json\/wp\/v2\/tags?post=2910"}],"curies":[{"name":"wp","href":"https:\/\/api.w.org\/{rel}","templated":true}]}}