{"id":2888,"date":"2022-01-02T14:11:18","date_gmt":"2022-01-02T20:11:18","guid":{"rendered":"https:\/\/21panorama.com\/?p=2888"},"modified":"2022-01-02T14:11:20","modified_gmt":"2022-01-02T20:11:20","slug":"entra-en-funciones-ayuntamiento-de-jiquipilco-en-tiempo-y-forma","status":"publish","type":"post","link":"https:\/\/21panorama.com\/index.php\/2022\/01\/02\/entra-en-funciones-ayuntamiento-de-jiquipilco-en-tiempo-y-forma\/","title":{"rendered":"ENTRA EN FUNCIONES AYUNTAMIENTO DE JIQUIPILCO EN TIEMPO Y FORMA"},"content":{"rendered":"\n<p>Con el respaldo del diputado federal Gustavo C\u00e1rdenas Monroy para trabajar en equipo, el Ayuntamiento de Jiquipilco entr\u00f3 en funciones con respeto a la ley y su instalaci\u00f3n en tiempo y forma.<\/p>\n\n\n\n<p>\u201cSe empieza bien y seguramente se terminar\u00e1 bien\u201d, dijo el legislador ante el Cabildo encabezado por el alcalde Felipe S\u00e1nchez D\u00e1vila. Llam\u00f3 a que no haya oposici\u00f3n s\u00f3lo por estrategia sino que se construya en equipo.<\/p>\n\n\n\n<p>La pluralidad es corresponsabilidad y por eso el Cabildo est\u00e1 llamado a no detener el desarrollo sino a proponer para contribuir en todo para ser factor de soluci\u00f3n y no promoci\u00f3n de problemas, asever\u00f3.<\/p>\n\n\n\n<p>\u201cVengo a sumarme al equipo de Jiquipilco pues el inter\u00e9s supremo es de atender y resolver construyendo los consensos para que sea un gobierno exitoso\u201d, plante\u00f3.<\/p>\n\n\n\n<p>En tal sentido, llam\u00f3 a encontrar la ruta cordial para alcanzar los acuerdos de fortaleza en la administraci\u00f3n p\u00fablica municipal, pues juntos somos m\u00e1s fuertes para resolver los problemas de la sociedad.<\/p>\n\n\n\n<p>El presidente municipal de Jiquipilco, Felipe S\u00e1nchez D\u00e1vila, declar\u00f3 formalmente instalado el H. Ayuntamiento de 2022-2024, donde hizo un llamado a los integrantes del Cabildo a trabajar en equipo con todo el \u00e1nimo y hacer efectiva la representaci\u00f3n de la poblaci\u00f3n del municipio.<\/p>\n\n\n\n<p>Durante la sesi\u00f3n de instalaci\u00f3n se realiz\u00f3 la suscripci\u00f3n de las actas y documentos relativos al proceso de entrega-recepci\u00f3n que marca la ley por parte de los ediles entrantes y salientes ante las autoridades competentes, en el marco de dicho proceso.<\/p>\n\n\n\n<p>El alcalde llam\u00f3 a anteponer los intereses colectivos y comenzar a trabajar de inmediato para la construcci\u00f3n de pol\u00edticas que abonen en beneficio de las familias de Jiquipilco.<\/p>\n\n\n\n<figure class=\"wp-block-gallery columns-2 is-cropped wp-block-gallery-1 is-layout-flex wp-block-gallery-is-layout-flex\"><ul class=\"blocks-gallery-grid\"><li class=\"blocks-gallery-item\"><figure><img decoding=\"async\" width=\"1024\" height=\"1020\" src=\"https:\/\/21panorama.com\/wp-content\/uploads\/2022\/01\/4cb010c7-30a4-49c5-a463-e05a472effd1-1024x1020.jpeg\" alt=\"\" data-id=\"2890\" data-link=\"https:\/\/21panorama.com\/?attachment_id=2890\" class=\"wp-image-2890\" srcset=\"https:\/\/21panorama.com\/wp-content\/uploads\/2022\/01\/4cb010c7-30a4-49c5-a463-e05a472effd1-1024x1020.jpeg 1024w, https:\/\/21panorama.com\/wp-content\/uploads\/2022\/01\/4cb010c7-30a4-49c5-a463-e05a472effd1-300x300.jpeg 300w, https:\/\/21panorama.com\/wp-content\/uploads\/2022\/01\/4cb010c7-30a4-49c5-a463-e05a472effd1-150x150.jpeg 150w, https:\/\/21panorama.com\/wp-content\/uploads\/2022\/01\/4cb010c7-30a4-49c5-a463-e05a472effd1-768x765.jpeg 768w, https:\/\/21panorama.com\/wp-content\/uploads\/2022\/01\/4cb010c7-30a4-49c5-a463-e05a472effd1.jpeg 1280w\" sizes=\"(max-width: 1024px) 100vw, 1024px\" \/><\/figure><\/li><li class=\"blocks-gallery-item\"><figure><img decoding=\"async\" width=\"960\" height=\"640\" src=\"https:\/\/21panorama.com\/wp-content\/uploads\/2022\/01\/93b1ed79-6aa5-4379-b240-6934d74d2f28.jpeg\" alt=\"\" data-id=\"2891\" data-full-url=\"https:\/\/21panorama.com\/wp-content\/uploads\/2022\/01\/93b1ed79-6aa5-4379-b240-6934d74d2f28.jpeg\" data-link=\"https:\/\/21panorama.com\/?attachment_id=2891\" class=\"wp-image-2891\" srcset=\"https:\/\/21panorama.com\/wp-content\/uploads\/2022\/01\/93b1ed79-6aa5-4379-b240-6934d74d2f28.jpeg 960w, https:\/\/21panorama.com\/wp-content\/uploads\/2022\/01\/93b1ed79-6aa5-4379-b240-6934d74d2f28-300x200.jpeg 300w, https:\/\/21panorama.com\/wp-content\/uploads\/2022\/01\/93b1ed79-6aa5-4379-b240-6934d74d2f28-768x512.jpeg 768w\" sizes=\"(max-width: 960px) 100vw, 960px\" \/><\/figure><\/li><\/ul><\/figure>\n","protected":false},"excerpt":{"rendered":"<p>Con el respaldo del diputado federal Gustavo C\u00e1rdenas Monroy para trabajar en equipo, el Ayuntamiento de Jiquipilco entr\u00f3 en funciones con respeto a la ley y su instalaci\u00f3n en tiempo y forma. <\/p>\n","protected":false},"author":1,"featured_media":2889,"comment_status":"open","ping_status":"open","sticky":false,"template":"","format":"standard","meta":{"footnotes":""},"categories":[12],"tags":[257],"class_list":["post-2888","post","type-post","status-publish","format-standard","has-post-thumbnail","hentry","category-politica","tag-jiquipilco"],"yoast_head":"<!-- This site is optimized with the Yoast SEO plugin v24.9 - https:\/\/yoast.com\/wordpress\/plugins\/seo\/ -->\n<title>ENTRA EN FUNCIONES AYUNTAMIENTO DE JIQUIPILCO EN TIEMPO Y FORMA - 21 Panorama<\/title>\n<meta name=\"robots\" content=\"index, follow, max-snippet:-1, max-image-preview:large, max-video-preview:-1\" \/>\n<link rel=\"canonical\" href=\"https:\/\/21panorama.com\/index.php\/2022\/01\/02\/entra-en-funciones-ayuntamiento-de-jiquipilco-en-tiempo-y-forma\/\" \/>\n<meta property=\"og:locale\" content=\"es_MX\" \/>\n<meta property=\"og:type\" content=\"article\" \/>\n<meta property=\"og:title\" content=\"ENTRA EN FUNCIONES AYUNTAMIENTO DE JIQUIPILCO EN TIEMPO Y FORMA - 21 Panorama\" \/>\n<meta property=\"og:description\" content=\"Con el respaldo del diputado federal Gustavo C\u00e1rdenas Monroy para trabajar en equipo, el Ayuntamiento de Jiquipilco entr\u00f3 en funciones con respeto a la ley y su instalaci\u00f3n en tiempo y forma.\" \/>\n<meta property=\"og:url\" content=\"https:\/\/21panorama.com\/index.php\/2022\/01\/02\/entra-en-funciones-ayuntamiento-de-jiquipilco-en-tiempo-y-forma\/\" \/>\n<meta property=\"og:site_name\" content=\"21 Panorama\" \/>\n<meta property=\"article:published_time\" content=\"2022-01-02T20:11:18+00:00\" \/>\n<meta property=\"article:modified_time\" content=\"2022-01-02T20:11:20+00:00\" \/>\n<meta property=\"og:image\" content=\"https:\/\/21panorama.com\/wp-content\/uploads\/2022\/01\/de19f491-82f0-4b6a-8418-2b3ba978669f.jpeg\" \/>\n\t<meta property=\"og:image:width\" content=\"960\" \/>\n\t<meta property=\"og:image:height\" content=\"640\" \/>\n\t<meta property=\"og:image:type\" content=\"image\/jpeg\" \/>\n<meta name=\"author\" content=\"admin\" \/>\n<meta name=\"twitter:card\" content=\"summary_large_image\" \/>\n<meta name=\"twitter:label1\" content=\"Escrito por\" \/>\n\t<meta name=\"twitter:data1\" content=\"admin\" \/>\n\t<meta name=\"twitter:label2\" content=\"Tiempo de lectura\" \/>\n\t<meta name=\"twitter:data2\" content=\"2 minutos\" \/>\n<script type=\"application\/ld+json\" class=\"yoast-schema-graph\">{\"@context\":\"https:\/\/schema.org\",\"@graph\":[{\"@type\":\"Article\",\"@id\":\"https:\/\/21panorama.com\/index.php\/2022\/01\/02\/entra-en-funciones-ayuntamiento-de-jiquipilco-en-tiempo-y-forma\/#article\",\"isPartOf\":{\"@id\":\"https:\/\/21panorama.com\/index.php\/2022\/01\/02\/entra-en-funciones-ayuntamiento-de-jiquipilco-en-tiempo-y-forma\/\"},\"author\":{\"name\":\"admin\",\"@id\":\"https:\/\/21panorama.com\/#\/schema\/person\/1afc291b96d5792a158768324287319f\"},\"headline\":\"ENTRA EN FUNCIONES AYUNTAMIENTO DE JIQUIPILCO EN TIEMPO Y FORMA\",\"datePublished\":\"2022-01-02T20:11:18+00:00\",\"dateModified\":\"2022-01-02T20:11:20+00:00\",\"mainEntityOfPage\":{\"@id\":\"https:\/\/21panorama.com\/index.php\/2022\/01\/02\/entra-en-funciones-ayuntamiento-de-jiquipilco-en-tiempo-y-forma\/\"},\"wordCount\":304,\"commentCount\":0,\"publisher\":{\"@id\":\"https:\/\/21panorama.com\/#organization\"},\"image\":{\"@id\":\"https:\/\/21panorama.com\/index.php\/2022\/01\/02\/entra-en-funciones-ayuntamiento-de-jiquipilco-en-tiempo-y-forma\/#primaryimage\"},\"thumbnailUrl\":\"https:\/\/21panorama.com\/wp-content\/uploads\/2022\/01\/de19f491-82f0-4b6a-8418-2b3ba978669f.jpeg\",\"keywords\":[\"Jiquipilco\"],\"articleSection\":[\"Politica\"],\"inLanguage\":\"es\",\"potentialAction\":[{\"@type\":\"CommentAction\",\"name\":\"Comment\",\"target\":[\"https:\/\/21panorama.com\/index.php\/2022\/01\/02\/entra-en-funciones-ayuntamiento-de-jiquipilco-en-tiempo-y-forma\/#respond\"]}]},{\"@type\":\"WebPage\",\"@id\":\"https:\/\/21panorama.com\/index.php\/2022\/01\/02\/entra-en-funciones-ayuntamiento-de-jiquipilco-en-tiempo-y-forma\/\",\"url\":\"https:\/\/21panorama.com\/index.php\/2022\/01\/02\/entra-en-funciones-ayuntamiento-de-jiquipilco-en-tiempo-y-forma\/\",\"name\":\"ENTRA EN FUNCIONES AYUNTAMIENTO DE JIQUIPILCO EN TIEMPO Y FORMA - 21 Panorama\",\"isPartOf\":{\"@id\":\"https:\/\/21panorama.com\/#website\"},\"primaryImageOfPage\":{\"@id\":\"https:\/\/21panorama.com\/index.php\/2022\/01\/02\/entra-en-funciones-ayuntamiento-de-jiquipilco-en-tiempo-y-forma\/#primaryimage\"},\"image\":{\"@id\":\"https:\/\/21panorama.com\/index.php\/2022\/01\/02\/entra-en-funciones-ayuntamiento-de-jiquipilco-en-tiempo-y-forma\/#primaryimage\"},\"thumbnailUrl\":\"https:\/\/21panorama.com\/wp-content\/uploads\/2022\/01\/de19f491-82f0-4b6a-8418-2b3ba978669f.jpeg\",\"datePublished\":\"2022-01-02T20:11:18+00:00\",\"dateModified\":\"2022-01-02T20:11:20+00:00\",\"breadcrumb\":{\"@id\":\"https:\/\/21panorama.com\/index.php\/2022\/01\/02\/entra-en-funciones-ayuntamiento-de-jiquipilco-en-tiempo-y-forma\/#breadcrumb\"},\"inLanguage\":\"es\",\"potentialAction\":[{\"@type\":\"ReadAction\",\"target\":[\"https:\/\/21panorama.com\/index.php\/2022\/01\/02\/entra-en-funciones-ayuntamiento-de-jiquipilco-en-tiempo-y-forma\/\"]}]},{\"@type\":\"ImageObject\",\"inLanguage\":\"es\",\"@id\":\"https:\/\/21panorama.com\/index.php\/2022\/01\/02\/entra-en-funciones-ayuntamiento-de-jiquipilco-en-tiempo-y-forma\/#primaryimage\",\"url\":\"https:\/\/21panorama.com\/wp-content\/uploads\/2022\/01\/de19f491-82f0-4b6a-8418-2b3ba978669f.jpeg\",\"contentUrl\":\"https:\/\/21panorama.com\/wp-content\/uploads\/2022\/01\/de19f491-82f0-4b6a-8418-2b3ba978669f.jpeg\",\"width\":960,\"height\":640},{\"@type\":\"BreadcrumbList\",\"@id\":\"https:\/\/21panorama.com\/index.php\/2022\/01\/02\/entra-en-funciones-ayuntamiento-de-jiquipilco-en-tiempo-y-forma\/#breadcrumb\",\"itemListElement\":[{\"@type\":\"ListItem\",\"position\":1,\"name\":\"Inicio\",\"item\":\"https:\/\/21panorama.com\/\"},{\"@type\":\"ListItem\",\"position\":2,\"name\":\"ENTRA EN FUNCIONES AYUNTAMIENTO DE JIQUIPILCO EN TIEMPO Y FORMA\"}]},{\"@type\":\"WebSite\",\"@id\":\"https:\/\/21panorama.com\/#website\",\"url\":\"https:\/\/21panorama.com\/\",\"name\":\"21 Panorama\",\"description\":\"La construcci\u00f3n de la opini\u00f3n p\u00fablica merece un mejor Panorama en este siglo 21 para alcanzar una sociedad con mayor transparencia y sin corrupci\u00f3n.\",\"publisher\":{\"@id\":\"https:\/\/21panorama.com\/#organization\"},\"potentialAction\":[{\"@type\":\"SearchAction\",\"target\":{\"@type\":\"EntryPoint\",\"urlTemplate\":\"https:\/\/21panorama.com\/?s={search_term_string}\"},\"query-input\":{\"@type\":\"PropertyValueSpecification\",\"valueRequired\":true,\"valueName\":\"search_term_string\"}}],\"inLanguage\":\"es\"},{\"@type\":\"Organization\",\"@id\":\"https:\/\/21panorama.com\/#organization\",\"name\":\"21 Panorama\",\"url\":\"https:\/\/21panorama.com\/\",\"logo\":{\"@type\":\"ImageObject\",\"inLanguage\":\"es\",\"@id\":\"https:\/\/21panorama.com\/#\/schema\/logo\/image\/\",\"url\":\"https:\/\/21panorama.com\/wp-content\/uploads\/2019\/07\/cropped-Logo-Panorama-01.jpeg\",\"contentUrl\":\"https:\/\/21panorama.com\/wp-content\/uploads\/2019\/07\/cropped-Logo-Panorama-01.jpeg\",\"width\":290,\"height\":70,\"caption\":\"21 Panorama\"},\"image\":{\"@id\":\"https:\/\/21panorama.com\/#\/schema\/logo\/image\/\"}},{\"@type\":\"Person\",\"@id\":\"https:\/\/21panorama.com\/#\/schema\/person\/1afc291b96d5792a158768324287319f\",\"name\":\"admin\",\"image\":{\"@type\":\"ImageObject\",\"inLanguage\":\"es\",\"@id\":\"https:\/\/21panorama.com\/#\/schema\/person\/image\/\",\"url\":\"https:\/\/secure.gravatar.com\/avatar\/ad365d9d9f46719215b0d042cc3df92a5a8683e09ef13d102233e5491985f0f0?s=96&d=mm&r=g\",\"contentUrl\":\"https:\/\/secure.gravatar.com\/avatar\/ad365d9d9f46719215b0d042cc3df92a5a8683e09ef13d102233e5491985f0f0?s=96&d=mm&r=g\",\"caption\":\"admin\"},\"url\":\"https:\/\/21panorama.com\/index.php\/author\/admin\/\"}]}<\/script>\n<!-- \/ Yoast SEO plugin. -->","yoast_head_json":{"title":"ENTRA EN FUNCIONES AYUNTAMIENTO DE JIQUIPILCO EN TIEMPO Y FORMA - 21 Panorama","robots":{"index":"index","follow":"follow","max-snippet":"max-snippet:-1","max-image-preview":"max-image-preview:large","max-video-preview":"max-video-preview:-1"},"canonical":"https:\/\/21panorama.com\/index.php\/2022\/01\/02\/entra-en-funciones-ayuntamiento-de-jiquipilco-en-tiempo-y-forma\/","og_locale":"es_MX","og_type":"article","og_title":"ENTRA EN FUNCIONES AYUNTAMIENTO DE JIQUIPILCO EN TIEMPO Y FORMA - 21 Panorama","og_description":"Con el respaldo del diputado federal Gustavo C\u00e1rdenas Monroy para trabajar en equipo, el Ayuntamiento de Jiquipilco entr\u00f3 en funciones con respeto a la ley y su instalaci\u00f3n en tiempo y forma.","og_url":"https:\/\/21panorama.com\/index.php\/2022\/01\/02\/entra-en-funciones-ayuntamiento-de-jiquipilco-en-tiempo-y-forma\/","og_site_name":"21 Panorama","article_published_time":"2022-01-02T20:11:18+00:00","article_modified_time":"2022-01-02T20:11:20+00:00","og_image":[{"width":960,"height":640,"url":"https:\/\/21panorama.com\/wp-content\/uploads\/2022\/01\/de19f491-82f0-4b6a-8418-2b3ba978669f.jpeg","type":"image\/jpeg"}],"author":"admin","twitter_card":"summary_large_image","twitter_misc":{"Escrito por":"admin","Tiempo de lectura":"2 minutos"},"schema":{"@context":"https:\/\/schema.org","@graph":[{"@type":"Article","@id":"https:\/\/21panorama.com\/index.php\/2022\/01\/02\/entra-en-funciones-ayuntamiento-de-jiquipilco-en-tiempo-y-forma\/#article","isPartOf":{"@id":"https:\/\/21panorama.com\/index.php\/2022\/01\/02\/entra-en-funciones-ayuntamiento-de-jiquipilco-en-tiempo-y-forma\/"},"author":{"name":"admin","@id":"https:\/\/21panorama.com\/#\/schema\/person\/1afc291b96d5792a158768324287319f"},"headline":"ENTRA EN FUNCIONES AYUNTAMIENTO DE JIQUIPILCO EN TIEMPO Y FORMA","datePublished":"2022-01-02T20:11:18+00:00","dateModified":"2022-01-02T20:11:20+00:00","mainEntityOfPage":{"@id":"https:\/\/21panorama.com\/index.php\/2022\/01\/02\/entra-en-funciones-ayuntamiento-de-jiquipilco-en-tiempo-y-forma\/"},"wordCount":304,"commentCount":0,"publisher":{"@id":"https:\/\/21panorama.com\/#organization"},"image":{"@id":"https:\/\/21panorama.com\/index.php\/2022\/01\/02\/entra-en-funciones-ayuntamiento-de-jiquipilco-en-tiempo-y-forma\/#primaryimage"},"thumbnailUrl":"https:\/\/21panorama.com\/wp-content\/uploads\/2022\/01\/de19f491-82f0-4b6a-8418-2b3ba978669f.jpeg","keywords":["Jiquipilco"],"articleSection":["Politica"],"inLanguage":"es","potentialAction":[{"@type":"CommentAction","name":"Comment","target":["https:\/\/21panorama.com\/index.php\/2022\/01\/02\/entra-en-funciones-ayuntamiento-de-jiquipilco-en-tiempo-y-forma\/#respond"]}]},{"@type":"WebPage","@id":"https:\/\/21panorama.com\/index.php\/2022\/01\/02\/entra-en-funciones-ayuntamiento-de-jiquipilco-en-tiempo-y-forma\/","url":"https:\/\/21panorama.com\/index.php\/2022\/01\/02\/entra-en-funciones-ayuntamiento-de-jiquipilco-en-tiempo-y-forma\/","name":"ENTRA EN FUNCIONES AYUNTAMIENTO DE JIQUIPILCO EN TIEMPO Y FORMA - 21 Panorama","isPartOf":{"@id":"https:\/\/21panorama.com\/#website"},"primaryImageOfPage":{"@id":"https:\/\/21panorama.com\/index.php\/2022\/01\/02\/entra-en-funciones-ayuntamiento-de-jiquipilco-en-tiempo-y-forma\/#primaryimage"},"image":{"@id":"https:\/\/21panorama.com\/index.php\/2022\/01\/02\/entra-en-funciones-ayuntamiento-de-jiquipilco-en-tiempo-y-forma\/#primaryimage"},"thumbnailUrl":"https:\/\/21panorama.com\/wp-content\/uploads\/2022\/01\/de19f491-82f0-4b6a-8418-2b3ba978669f.jpeg","datePublished":"2022-01-02T20:11:18+00:00","dateModified":"2022-01-02T20:11:20+00:00","breadcrumb":{"@id":"https:\/\/21panorama.com\/index.php\/2022\/01\/02\/entra-en-funciones-ayuntamiento-de-jiquipilco-en-tiempo-y-forma\/#breadcrumb"},"inLanguage":"es","potentialAction":[{"@type":"ReadAction","target":["https:\/\/21panorama.com\/index.php\/2022\/01\/02\/entra-en-funciones-ayuntamiento-de-jiquipilco-en-tiempo-y-forma\/"]}]},{"@type":"ImageObject","inLanguage":"es","@id":"https:\/\/21panorama.com\/index.php\/2022\/01\/02\/entra-en-funciones-ayuntamiento-de-jiquipilco-en-tiempo-y-forma\/#primaryimage","url":"https:\/\/21panorama.com\/wp-content\/uploads\/2022\/01\/de19f491-82f0-4b6a-8418-2b3ba978669f.jpeg","contentUrl":"https:\/\/21panorama.com\/wp-content\/uploads\/2022\/01\/de19f491-82f0-4b6a-8418-2b3ba978669f.jpeg","width":960,"height":640},{"@type":"BreadcrumbList","@id":"https:\/\/21panorama.com\/index.php\/2022\/01\/02\/entra-en-funciones-ayuntamiento-de-jiquipilco-en-tiempo-y-forma\/#breadcrumb","itemListElement":[{"@type":"ListItem","position":1,"name":"Inicio","item":"https:\/\/21panorama.com\/"},{"@type":"ListItem","position":2,"name":"ENTRA EN FUNCIONES AYUNTAMIENTO DE JIQUIPILCO EN TIEMPO Y FORMA"}]},{"@type":"WebSite","@id":"https:\/\/21panorama.com\/#website","url":"https:\/\/21panorama.com\/","name":"21 Panorama","description":"La construcci\u00f3n de la opini\u00f3n p\u00fablica merece un mejor Panorama en este siglo 21 para alcanzar una sociedad con mayor transparencia y sin corrupci\u00f3n.","publisher":{"@id":"https:\/\/21panorama.com\/#organization"},"potentialAction":[{"@type":"SearchAction","target":{"@type":"EntryPoint","urlTemplate":"https:\/\/21panorama.com\/?s={search_term_string}"},"query-input":{"@type":"PropertyValueSpecification","valueRequired":true,"valueName":"search_term_string"}}],"inLanguage":"es"},{"@type":"Organization","@id":"https:\/\/21panorama.com\/#organization","name":"21 Panorama","url":"https:\/\/21panorama.com\/","logo":{"@type":"ImageObject","inLanguage":"es","@id":"https:\/\/21panorama.com\/#\/schema\/logo\/image\/","url":"https:\/\/21panorama.com\/wp-content\/uploads\/2019\/07\/cropped-Logo-Panorama-01.jpeg","contentUrl":"https:\/\/21panorama.com\/wp-content\/uploads\/2019\/07\/cropped-Logo-Panorama-01.jpeg","width":290,"height":70,"caption":"21 Panorama"},"image":{"@id":"https:\/\/21panorama.com\/#\/schema\/logo\/image\/"}},{"@type":"Person","@id":"https:\/\/21panorama.com\/#\/schema\/person\/1afc291b96d5792a158768324287319f","name":"admin","image":{"@type":"ImageObject","inLanguage":"es","@id":"https:\/\/21panorama.com\/#\/schema\/person\/image\/","url":"https:\/\/secure.gravatar.com\/avatar\/ad365d9d9f46719215b0d042cc3df92a5a8683e09ef13d102233e5491985f0f0?s=96&d=mm&r=g","contentUrl":"https:\/\/secure.gravatar.com\/avatar\/ad365d9d9f46719215b0d042cc3df92a5a8683e09ef13d102233e5491985f0f0?s=96&d=mm&r=g","caption":"admin"},"url":"https:\/\/21panorama.com\/index.php\/author\/admin\/"}]}},"_links":{"self":[{"href":"https:\/\/21panorama.com\/index.php\/wp-json\/wp\/v2\/posts\/2888","targetHints":{"allow":["GET"]}}],"collection":[{"href":"https:\/\/21panorama.com\/index.php\/wp-json\/wp\/v2\/posts"}],"about":[{"href":"https:\/\/21panorama.com\/index.php\/wp-json\/wp\/v2\/types\/post"}],"author":[{"embeddable":true,"href":"https:\/\/21panorama.com\/index.php\/wp-json\/wp\/v2\/users\/1"}],"replies":[{"embeddable":true,"href":"https:\/\/21panorama.com\/index.php\/wp-json\/wp\/v2\/comments?post=2888"}],"version-history":[{"count":1,"href":"https:\/\/21panorama.com\/index.php\/wp-json\/wp\/v2\/posts\/2888\/revisions"}],"predecessor-version":[{"id":2892,"href":"https:\/\/21panorama.com\/index.php\/wp-json\/wp\/v2\/posts\/2888\/revisions\/2892"}],"wp:featuredmedia":[{"embeddable":true,"href":"https:\/\/21panorama.com\/index.php\/wp-json\/wp\/v2\/media\/2889"}],"wp:attachment":[{"href":"https:\/\/21panorama.com\/index.php\/wp-json\/wp\/v2\/media?parent=2888"}],"wp:term":[{"taxonomy":"category","embeddable":true,"href":"https:\/\/21panorama.com\/index.php\/wp-json\/wp\/v2\/categories?post=2888"},{"taxonomy":"post_tag","embeddable":true,"href":"https:\/\/21panorama.com\/index.php\/wp-json\/wp\/v2\/tags?post=2888"}],"curies":[{"name":"wp","href":"https:\/\/api.w.org\/{rel}","templated":true}]}}