{"id":2882,"date":"2021-12-31T10:47:22","date_gmt":"2021-12-31T16:47:22","guid":{"rendered":"https:\/\/21panorama.com\/?p=2882"},"modified":"2021-12-31T10:47:23","modified_gmt":"2021-12-31T16:47:23","slug":"de-buena-fuente-columna-opinion-13","status":"publish","type":"post","link":"https:\/\/21panorama.com\/index.php\/2021\/12\/31\/de-buena-fuente-columna-opinion-13\/","title":{"rendered":"DE BUENA FUENTE Columna &#8211; Opini\u00f3n"},"content":{"rendered":"\n<p>Lamentablemente muchos pri\u00edstas han tenido una natural reacci\u00f3n de inconformidad en relaci\u00f3n con la coalici\u00f3n pol\u00edtica sin comprender que las cifras de la \u00faltima elecci\u00f3n representaron una dram\u00e1tica disminuci\u00f3n de los votos a favor de los partidos hist\u00f3ricos y de reciente creaci\u00f3n de una &#8220;izquierda&#8221; reactiva a nuestra inserci\u00f3n como pa\u00eds en el proceso de globalizaci\u00f3n.<\/p>\n\n\n\n<p>Sin embargo, pasan inadvertido el hecho de que en la \u00faltima elecci\u00f3n logramos a trav\u00e9s de esta alianza quitarle votos a Morena para mantener las dos terceras partes del congreso de la Uni\u00f3n en el n\u00famero de diputados, tanto del PAN, del PRI como del PRD y que los tres partidos nos sumamos en una estrategia com\u00fan para destacar en los debates sobre la ley de ingresos y el presupuesto de egresos, el uso del presupuesto como un recurso electoral a costa de los sacrificios perversos y criminales contra la sociedad mexicana acicateada por el Coronavirus, la desaparici\u00f3n de instituciones, desocupaci\u00f3n masiva y eliminaci\u00f3n de programas de apoyo al campo, a la peque\u00f1a industria, el peque\u00f1o comercio, a las mujeres, ni\u00f1os, grupos ind\u00edgenas, migrantes y desde luego una ciega visi\u00f3n para propiciar las inversiones del sector empresarial mexicano y extranjero y la abierta arremetida del ejecutivo en contra de los instrumentos legitimadores de la voluntad popular.<\/p>\n\n\n\n<p>Llegando al extremo de la calumnia y el uso irresponsable de sus programas de divulgaci\u00f3n presidencial contra todas las expresiones pol\u00edticas, cient\u00edficas y t\u00e9cnicas guardianas de la libertad de los mexicanos.<\/p>\n\n\n\n<p>Las decisiones asumidas por la Comisi\u00f3n Pol\u00edtica Permanente para autorizar al presidente de nuestro partido para la negociaci\u00f3n de las candidaturas a los gobiernos de los estados, tiene que entenderse desde una posici\u00f3n pragm\u00e1tica con base en consensos que permitan definir las candidaturas competitivas de la m\u00e1quina electoral de Morena que utilizando los recursos y la pol\u00edtica asistencialista de car\u00e1cter electoral, constituyen el mayor riesgo de una compra directa o indirecta de votos a favor de sus candidatos improvisados, para ganar las elecciones en los 6 estados que nos enfrentan en una competencia desventajosa frente a la estrategia del actual titular del ejecutivo que ha operado sin recato en el uso de los recursos y medios de comunicaci\u00f3n, la intimidaci\u00f3n, persecuci\u00f3n o chantaje a los gobernadores de oposici\u00f3n, para mantenerse en una campa\u00f1a permanente en la que prevalece su liderazgo por encima del ejercicio de un hombre de estado.<\/p>\n\n\n\n<p>Por otra parte, los gobernadores que se han formado en la cultura del ejercicio del poder y con ello su intento de continuidad de su grupo gobernante, no han entendido en estas nuevas circunstancias hist\u00f3ricas que los gobernadores como jefes de su estado tendr\u00e1n que enfrentarse al juicio de la ciudadan\u00eda sobre sus aciertos o desaciertos durante el sexenio que les toc\u00f3 ejercer el poder y que de jefes morales del PRI se transformaron en militantes y no en due\u00f1os de la membres\u00eda.<\/p>\n\n\n\n<p>Se entiende que la decisi\u00f3n de Alejandro Moreno de respetar las bases y principios que dieron origen a la Alianza, que haya privilegiado los criterios que determinan la designaci\u00f3n de candidatos a gobernadores con base en compromisos que permitan, primero enfrentar la acometida del actual administraci\u00f3n decidida a mantener y consolidar un gobierno centralista con claros \u00edndices dictatoriales, escondidos en un af\u00e1n populista, que seguramente el pueblo de M\u00e9xico de encargar\u00e1 de hacerle saber su responsabilidad hist\u00f3rica al atentar contra las instituciones democr\u00e1ticas y segundo, su enfermizo intento de retener el poder en forma transexenal, ya sea a trav\u00e9s de un peculiar maximato o una oculta intenci\u00f3n de reelecci\u00f3n.<\/p>\n","protected":false},"excerpt":{"rendered":"<p>Lamentablemente muchos pri\u00edstas han tenido una natural reacci\u00f3n de inconformidad en relaci\u00f3n con la coalici\u00f3n pol\u00edtica sin comprender que las cifras de la \u00faltima elecci\u00f3n representaron una dram\u00e1tica disminuci\u00f3n de los votos a favor de los partidos hist\u00f3ricos y de reciente creaci\u00f3n de una &#8220;izquierda&#8221; reactiva a nuestra inserci\u00f3n como pa\u00eds en el proceso de globalizaci\u00f3n. <\/p>\n","protected":false},"author":1,"featured_media":2883,"comment_status":"open","ping_status":"open","sticky":false,"template":"","format":"standard","meta":{"footnotes":""},"categories":[22],"tags":[173],"class_list":["post-2882","post","type-post","status-publish","format-standard","has-post-thumbnail","hentry","category-columna-opinion","tag-columna"],"yoast_head":"<!-- This site is optimized with the Yoast SEO plugin v24.9 - https:\/\/yoast.com\/wordpress\/plugins\/seo\/ -->\n<title>DE BUENA FUENTE Columna - Opini\u00f3n - 21 Panorama<\/title>\n<meta name=\"robots\" content=\"index, follow, max-snippet:-1, max-image-preview:large, max-video-preview:-1\" \/>\n<link rel=\"canonical\" href=\"https:\/\/21panorama.com\/index.php\/2021\/12\/31\/de-buena-fuente-columna-opinion-13\/\" \/>\n<meta property=\"og:locale\" content=\"es_MX\" \/>\n<meta property=\"og:type\" content=\"article\" \/>\n<meta property=\"og:title\" content=\"DE BUENA FUENTE Columna - Opini\u00f3n - 21 Panorama\" \/>\n<meta property=\"og:description\" content=\"Lamentablemente muchos pri\u00edstas han tenido una natural reacci\u00f3n de inconformidad en relaci\u00f3n con la coalici\u00f3n pol\u00edtica sin comprender que las cifras de la \u00faltima elecci\u00f3n representaron una dram\u00e1tica disminuci\u00f3n de los votos a favor de los partidos hist\u00f3ricos y de reciente creaci\u00f3n de una &quot;izquierda&quot; reactiva a nuestra inserci\u00f3n como pa\u00eds en el proceso de globalizaci\u00f3n.\" \/>\n<meta property=\"og:url\" content=\"https:\/\/21panorama.com\/index.php\/2021\/12\/31\/de-buena-fuente-columna-opinion-13\/\" \/>\n<meta property=\"og:site_name\" content=\"21 Panorama\" \/>\n<meta property=\"article:published_time\" content=\"2021-12-31T16:47:22+00:00\" \/>\n<meta property=\"article:modified_time\" content=\"2021-12-31T16:47:23+00:00\" \/>\n<meta property=\"og:image\" content=\"https:\/\/21panorama.com\/wp-content\/uploads\/2021\/12\/21ba4ccf-f9d4-496a-bf6f-01009b6f1c90.jpeg\" \/>\n\t<meta property=\"og:image:width\" content=\"1280\" \/>\n\t<meta property=\"og:image:height\" content=\"854\" \/>\n\t<meta property=\"og:image:type\" content=\"image\/jpeg\" \/>\n<meta name=\"author\" content=\"admin\" \/>\n<meta name=\"twitter:card\" content=\"summary_large_image\" \/>\n<meta name=\"twitter:label1\" content=\"Escrito por\" \/>\n\t<meta name=\"twitter:data1\" content=\"admin\" \/>\n\t<meta name=\"twitter:label2\" content=\"Tiempo de lectura\" \/>\n\t<meta name=\"twitter:data2\" content=\"3 minutos\" \/>\n<script type=\"application\/ld+json\" class=\"yoast-schema-graph\">{\"@context\":\"https:\/\/schema.org\",\"@graph\":[{\"@type\":\"Article\",\"@id\":\"https:\/\/21panorama.com\/index.php\/2021\/12\/31\/de-buena-fuente-columna-opinion-13\/#article\",\"isPartOf\":{\"@id\":\"https:\/\/21panorama.com\/index.php\/2021\/12\/31\/de-buena-fuente-columna-opinion-13\/\"},\"author\":{\"name\":\"admin\",\"@id\":\"https:\/\/21panorama.com\/#\/schema\/person\/1afc291b96d5792a158768324287319f\"},\"headline\":\"DE BUENA FUENTE Columna &#8211; Opini\u00f3n\",\"datePublished\":\"2021-12-31T16:47:22+00:00\",\"dateModified\":\"2021-12-31T16:47:23+00:00\",\"mainEntityOfPage\":{\"@id\":\"https:\/\/21panorama.com\/index.php\/2021\/12\/31\/de-buena-fuente-columna-opinion-13\/\"},\"wordCount\":648,\"commentCount\":0,\"publisher\":{\"@id\":\"https:\/\/21panorama.com\/#organization\"},\"image\":{\"@id\":\"https:\/\/21panorama.com\/index.php\/2021\/12\/31\/de-buena-fuente-columna-opinion-13\/#primaryimage\"},\"thumbnailUrl\":\"https:\/\/21panorama.com\/wp-content\/uploads\/2021\/12\/21ba4ccf-f9d4-496a-bf6f-01009b6f1c90.jpeg\",\"keywords\":[\"Columna\"],\"articleSection\":[\"Columna-Opini\u00f3n\"],\"inLanguage\":\"es\",\"potentialAction\":[{\"@type\":\"CommentAction\",\"name\":\"Comment\",\"target\":[\"https:\/\/21panorama.com\/index.php\/2021\/12\/31\/de-buena-fuente-columna-opinion-13\/#respond\"]}]},{\"@type\":\"WebPage\",\"@id\":\"https:\/\/21panorama.com\/index.php\/2021\/12\/31\/de-buena-fuente-columna-opinion-13\/\",\"url\":\"https:\/\/21panorama.com\/index.php\/2021\/12\/31\/de-buena-fuente-columna-opinion-13\/\",\"name\":\"DE BUENA FUENTE Columna - Opini\u00f3n - 21 Panorama\",\"isPartOf\":{\"@id\":\"https:\/\/21panorama.com\/#website\"},\"primaryImageOfPage\":{\"@id\":\"https:\/\/21panorama.com\/index.php\/2021\/12\/31\/de-buena-fuente-columna-opinion-13\/#primaryimage\"},\"image\":{\"@id\":\"https:\/\/21panorama.com\/index.php\/2021\/12\/31\/de-buena-fuente-columna-opinion-13\/#primaryimage\"},\"thumbnailUrl\":\"https:\/\/21panorama.com\/wp-content\/uploads\/2021\/12\/21ba4ccf-f9d4-496a-bf6f-01009b6f1c90.jpeg\",\"datePublished\":\"2021-12-31T16:47:22+00:00\",\"dateModified\":\"2021-12-31T16:47:23+00:00\",\"breadcrumb\":{\"@id\":\"https:\/\/21panorama.com\/index.php\/2021\/12\/31\/de-buena-fuente-columna-opinion-13\/#breadcrumb\"},\"inLanguage\":\"es\",\"potentialAction\":[{\"@type\":\"ReadAction\",\"target\":[\"https:\/\/21panorama.com\/index.php\/2021\/12\/31\/de-buena-fuente-columna-opinion-13\/\"]}]},{\"@type\":\"ImageObject\",\"inLanguage\":\"es\",\"@id\":\"https:\/\/21panorama.com\/index.php\/2021\/12\/31\/de-buena-fuente-columna-opinion-13\/#primaryimage\",\"url\":\"https:\/\/21panorama.com\/wp-content\/uploads\/2021\/12\/21ba4ccf-f9d4-496a-bf6f-01009b6f1c90.jpeg\",\"contentUrl\":\"https:\/\/21panorama.com\/wp-content\/uploads\/2021\/12\/21ba4ccf-f9d4-496a-bf6f-01009b6f1c90.jpeg\",\"width\":1280,\"height\":854},{\"@type\":\"BreadcrumbList\",\"@id\":\"https:\/\/21panorama.com\/index.php\/2021\/12\/31\/de-buena-fuente-columna-opinion-13\/#breadcrumb\",\"itemListElement\":[{\"@type\":\"ListItem\",\"position\":1,\"name\":\"Inicio\",\"item\":\"https:\/\/21panorama.com\/\"},{\"@type\":\"ListItem\",\"position\":2,\"name\":\"DE BUENA FUENTE Columna &#8211; Opini\u00f3n\"}]},{\"@type\":\"WebSite\",\"@id\":\"https:\/\/21panorama.com\/#website\",\"url\":\"https:\/\/21panorama.com\/\",\"name\":\"21 Panorama\",\"description\":\"La construcci\u00f3n de la opini\u00f3n p\u00fablica merece un mejor Panorama en este siglo 21 para alcanzar una sociedad con mayor transparencia y sin corrupci\u00f3n.\",\"publisher\":{\"@id\":\"https:\/\/21panorama.com\/#organization\"},\"potentialAction\":[{\"@type\":\"SearchAction\",\"target\":{\"@type\":\"EntryPoint\",\"urlTemplate\":\"https:\/\/21panorama.com\/?s={search_term_string}\"},\"query-input\":{\"@type\":\"PropertyValueSpecification\",\"valueRequired\":true,\"valueName\":\"search_term_string\"}}],\"inLanguage\":\"es\"},{\"@type\":\"Organization\",\"@id\":\"https:\/\/21panorama.com\/#organization\",\"name\":\"21 Panorama\",\"url\":\"https:\/\/21panorama.com\/\",\"logo\":{\"@type\":\"ImageObject\",\"inLanguage\":\"es\",\"@id\":\"https:\/\/21panorama.com\/#\/schema\/logo\/image\/\",\"url\":\"https:\/\/21panorama.com\/wp-content\/uploads\/2019\/07\/cropped-Logo-Panorama-01.jpeg\",\"contentUrl\":\"https:\/\/21panorama.com\/wp-content\/uploads\/2019\/07\/cropped-Logo-Panorama-01.jpeg\",\"width\":290,\"height\":70,\"caption\":\"21 Panorama\"},\"image\":{\"@id\":\"https:\/\/21panorama.com\/#\/schema\/logo\/image\/\"}},{\"@type\":\"Person\",\"@id\":\"https:\/\/21panorama.com\/#\/schema\/person\/1afc291b96d5792a158768324287319f\",\"name\":\"admin\",\"image\":{\"@type\":\"ImageObject\",\"inLanguage\":\"es\",\"@id\":\"https:\/\/21panorama.com\/#\/schema\/person\/image\/\",\"url\":\"https:\/\/secure.gravatar.com\/avatar\/ad365d9d9f46719215b0d042cc3df92a5a8683e09ef13d102233e5491985f0f0?s=96&d=mm&r=g\",\"contentUrl\":\"https:\/\/secure.gravatar.com\/avatar\/ad365d9d9f46719215b0d042cc3df92a5a8683e09ef13d102233e5491985f0f0?s=96&d=mm&r=g\",\"caption\":\"admin\"},\"url\":\"https:\/\/21panorama.com\/index.php\/author\/admin\/\"}]}<\/script>\n<!-- \/ Yoast SEO plugin. -->","yoast_head_json":{"title":"DE BUENA FUENTE Columna - Opini\u00f3n - 21 Panorama","robots":{"index":"index","follow":"follow","max-snippet":"max-snippet:-1","max-image-preview":"max-image-preview:large","max-video-preview":"max-video-preview:-1"},"canonical":"https:\/\/21panorama.com\/index.php\/2021\/12\/31\/de-buena-fuente-columna-opinion-13\/","og_locale":"es_MX","og_type":"article","og_title":"DE BUENA FUENTE Columna - Opini\u00f3n - 21 Panorama","og_description":"Lamentablemente muchos pri\u00edstas han tenido una natural reacci\u00f3n de inconformidad en relaci\u00f3n con la coalici\u00f3n pol\u00edtica sin comprender que las cifras de la \u00faltima elecci\u00f3n representaron una dram\u00e1tica disminuci\u00f3n de los votos a favor de los partidos hist\u00f3ricos y de reciente creaci\u00f3n de una \"izquierda\" reactiva a nuestra inserci\u00f3n como pa\u00eds en el proceso de globalizaci\u00f3n.","og_url":"https:\/\/21panorama.com\/index.php\/2021\/12\/31\/de-buena-fuente-columna-opinion-13\/","og_site_name":"21 Panorama","article_published_time":"2021-12-31T16:47:22+00:00","article_modified_time":"2021-12-31T16:47:23+00:00","og_image":[{"width":1280,"height":854,"url":"https:\/\/21panorama.com\/wp-content\/uploads\/2021\/12\/21ba4ccf-f9d4-496a-bf6f-01009b6f1c90.jpeg","type":"image\/jpeg"}],"author":"admin","twitter_card":"summary_large_image","twitter_misc":{"Escrito por":"admin","Tiempo de lectura":"3 minutos"},"schema":{"@context":"https:\/\/schema.org","@graph":[{"@type":"Article","@id":"https:\/\/21panorama.com\/index.php\/2021\/12\/31\/de-buena-fuente-columna-opinion-13\/#article","isPartOf":{"@id":"https:\/\/21panorama.com\/index.php\/2021\/12\/31\/de-buena-fuente-columna-opinion-13\/"},"author":{"name":"admin","@id":"https:\/\/21panorama.com\/#\/schema\/person\/1afc291b96d5792a158768324287319f"},"headline":"DE BUENA FUENTE Columna &#8211; Opini\u00f3n","datePublished":"2021-12-31T16:47:22+00:00","dateModified":"2021-12-31T16:47:23+00:00","mainEntityOfPage":{"@id":"https:\/\/21panorama.com\/index.php\/2021\/12\/31\/de-buena-fuente-columna-opinion-13\/"},"wordCount":648,"commentCount":0,"publisher":{"@id":"https:\/\/21panorama.com\/#organization"},"image":{"@id":"https:\/\/21panorama.com\/index.php\/2021\/12\/31\/de-buena-fuente-columna-opinion-13\/#primaryimage"},"thumbnailUrl":"https:\/\/21panorama.com\/wp-content\/uploads\/2021\/12\/21ba4ccf-f9d4-496a-bf6f-01009b6f1c90.jpeg","keywords":["Columna"],"articleSection":["Columna-Opini\u00f3n"],"inLanguage":"es","potentialAction":[{"@type":"CommentAction","name":"Comment","target":["https:\/\/21panorama.com\/index.php\/2021\/12\/31\/de-buena-fuente-columna-opinion-13\/#respond"]}]},{"@type":"WebPage","@id":"https:\/\/21panorama.com\/index.php\/2021\/12\/31\/de-buena-fuente-columna-opinion-13\/","url":"https:\/\/21panorama.com\/index.php\/2021\/12\/31\/de-buena-fuente-columna-opinion-13\/","name":"DE BUENA FUENTE Columna - Opini\u00f3n - 21 Panorama","isPartOf":{"@id":"https:\/\/21panorama.com\/#website"},"primaryImageOfPage":{"@id":"https:\/\/21panorama.com\/index.php\/2021\/12\/31\/de-buena-fuente-columna-opinion-13\/#primaryimage"},"image":{"@id":"https:\/\/21panorama.com\/index.php\/2021\/12\/31\/de-buena-fuente-columna-opinion-13\/#primaryimage"},"thumbnailUrl":"https:\/\/21panorama.com\/wp-content\/uploads\/2021\/12\/21ba4ccf-f9d4-496a-bf6f-01009b6f1c90.jpeg","datePublished":"2021-12-31T16:47:22+00:00","dateModified":"2021-12-31T16:47:23+00:00","breadcrumb":{"@id":"https:\/\/21panorama.com\/index.php\/2021\/12\/31\/de-buena-fuente-columna-opinion-13\/#breadcrumb"},"inLanguage":"es","potentialAction":[{"@type":"ReadAction","target":["https:\/\/21panorama.com\/index.php\/2021\/12\/31\/de-buena-fuente-columna-opinion-13\/"]}]},{"@type":"ImageObject","inLanguage":"es","@id":"https:\/\/21panorama.com\/index.php\/2021\/12\/31\/de-buena-fuente-columna-opinion-13\/#primaryimage","url":"https:\/\/21panorama.com\/wp-content\/uploads\/2021\/12\/21ba4ccf-f9d4-496a-bf6f-01009b6f1c90.jpeg","contentUrl":"https:\/\/21panorama.com\/wp-content\/uploads\/2021\/12\/21ba4ccf-f9d4-496a-bf6f-01009b6f1c90.jpeg","width":1280,"height":854},{"@type":"BreadcrumbList","@id":"https:\/\/21panorama.com\/index.php\/2021\/12\/31\/de-buena-fuente-columna-opinion-13\/#breadcrumb","itemListElement":[{"@type":"ListItem","position":1,"name":"Inicio","item":"https:\/\/21panorama.com\/"},{"@type":"ListItem","position":2,"name":"DE BUENA FUENTE Columna &#8211; Opini\u00f3n"}]},{"@type":"WebSite","@id":"https:\/\/21panorama.com\/#website","url":"https:\/\/21panorama.com\/","name":"21 Panorama","description":"La construcci\u00f3n de la opini\u00f3n p\u00fablica merece un mejor Panorama en este siglo 21 para alcanzar una sociedad con mayor transparencia y sin corrupci\u00f3n.","publisher":{"@id":"https:\/\/21panorama.com\/#organization"},"potentialAction":[{"@type":"SearchAction","target":{"@type":"EntryPoint","urlTemplate":"https:\/\/21panorama.com\/?s={search_term_string}"},"query-input":{"@type":"PropertyValueSpecification","valueRequired":true,"valueName":"search_term_string"}}],"inLanguage":"es"},{"@type":"Organization","@id":"https:\/\/21panorama.com\/#organization","name":"21 Panorama","url":"https:\/\/21panorama.com\/","logo":{"@type":"ImageObject","inLanguage":"es","@id":"https:\/\/21panorama.com\/#\/schema\/logo\/image\/","url":"https:\/\/21panorama.com\/wp-content\/uploads\/2019\/07\/cropped-Logo-Panorama-01.jpeg","contentUrl":"https:\/\/21panorama.com\/wp-content\/uploads\/2019\/07\/cropped-Logo-Panorama-01.jpeg","width":290,"height":70,"caption":"21 Panorama"},"image":{"@id":"https:\/\/21panorama.com\/#\/schema\/logo\/image\/"}},{"@type":"Person","@id":"https:\/\/21panorama.com\/#\/schema\/person\/1afc291b96d5792a158768324287319f","name":"admin","image":{"@type":"ImageObject","inLanguage":"es","@id":"https:\/\/21panorama.com\/#\/schema\/person\/image\/","url":"https:\/\/secure.gravatar.com\/avatar\/ad365d9d9f46719215b0d042cc3df92a5a8683e09ef13d102233e5491985f0f0?s=96&d=mm&r=g","contentUrl":"https:\/\/secure.gravatar.com\/avatar\/ad365d9d9f46719215b0d042cc3df92a5a8683e09ef13d102233e5491985f0f0?s=96&d=mm&r=g","caption":"admin"},"url":"https:\/\/21panorama.com\/index.php\/author\/admin\/"}]}},"_links":{"self":[{"href":"https:\/\/21panorama.com\/index.php\/wp-json\/wp\/v2\/posts\/2882","targetHints":{"allow":["GET"]}}],"collection":[{"href":"https:\/\/21panorama.com\/index.php\/wp-json\/wp\/v2\/posts"}],"about":[{"href":"https:\/\/21panorama.com\/index.php\/wp-json\/wp\/v2\/types\/post"}],"author":[{"embeddable":true,"href":"https:\/\/21panorama.com\/index.php\/wp-json\/wp\/v2\/users\/1"}],"replies":[{"embeddable":true,"href":"https:\/\/21panorama.com\/index.php\/wp-json\/wp\/v2\/comments?post=2882"}],"version-history":[{"count":1,"href":"https:\/\/21panorama.com\/index.php\/wp-json\/wp\/v2\/posts\/2882\/revisions"}],"predecessor-version":[{"id":2884,"href":"https:\/\/21panorama.com\/index.php\/wp-json\/wp\/v2\/posts\/2882\/revisions\/2884"}],"wp:featuredmedia":[{"embeddable":true,"href":"https:\/\/21panorama.com\/index.php\/wp-json\/wp\/v2\/media\/2883"}],"wp:attachment":[{"href":"https:\/\/21panorama.com\/index.php\/wp-json\/wp\/v2\/media?parent=2882"}],"wp:term":[{"taxonomy":"category","embeddable":true,"href":"https:\/\/21panorama.com\/index.php\/wp-json\/wp\/v2\/categories?post=2882"},{"taxonomy":"post_tag","embeddable":true,"href":"https:\/\/21panorama.com\/index.php\/wp-json\/wp\/v2\/tags?post=2882"}],"curies":[{"name":"wp","href":"https:\/\/api.w.org\/{rel}","templated":true}]}}