{"id":2879,"date":"2021-12-30T21:52:15","date_gmt":"2021-12-31T03:52:15","guid":{"rendered":"https:\/\/21panorama.com\/?p=2879"},"modified":"2021-12-30T21:52:16","modified_gmt":"2021-12-31T03:52:16","slug":"promete-michelle-nunez-un-gobierno-de-esperanza","status":"publish","type":"post","link":"https:\/\/21panorama.com\/index.php\/2021\/12\/30\/promete-michelle-nunez-un-gobierno-de-esperanza\/","title":{"rendered":"PROMETE MICHELLE N\u00da\u00d1EZ UN GOBIERNO DE ESPERANZA"},"content":{"rendered":"\n<p>Un Valle de Bravo con justicia, igualdad generoso y orgulllso de sus ra\u00edces es lo que aspira el gobierna que encabezar\u00e1 partir del primero de enero la presidenta municipal electa Michelle N\u00fa\u00f1ez Ponce.<\/p>\n\n\n\n<p>En su toma de protesta como presidenta municipal, sostuvo que no habr\u00e1 venganza pero tampoco impunidad y mucho menos complicidad porque en su gobierno la prioridad ser\u00e1 el desarrollo para los Vallesanos.<\/p>\n\n\n\n<p>Ante el representante del gobernador y Secretario de Educaci\u00f3n, Gerardo Monroy Serrano, se comprometi\u00f3 a trabajar por un Valle de esperanza, justicia y bienestar<\/p>\n\n\n\n<p>\u201cDignificar a los cuerpos policiacos que tienen la misi\u00f3n de proteger a la ciudadan\u00eda y luchar por la esperanza de los ni\u00f1os y mujeres con el fin de garantizarles un futuro feliz\u201d, dijo.<\/p>\n\n\n\n<p>\u201cCaminaremos en la lucha contra la desigualdad a lado de las etnias mazahuas y daremos esperanza a los que sufren de pobreza pues trabajaremos en coordinaci\u00f3n con gobierno estatal y federal para llevar a nuestra gente la ayuda necesaria para transformar su vida sin intermediarios\u201d.<\/p>\n\n\n\n<p>Ante sus invitados especiales como \u00e9l dirigente nacional de Morena, Mario Delgado, y el Administrador General de Aduanas, Horacio Duarte Olivares, dijo que corresponder\u00e1 a la confianza y cumplir\u00e1 con la promesa del cambio verdadero.<\/p>\n","protected":false},"excerpt":{"rendered":"<p>UN Valle de Bravo con justicia, igualdad generoso y orgulllso de sus ra\u00edces es lo que aspira el gobierna que encabezar\u00e1  partir del primero de enero la presidenta municipal electa Michelle N\u00fa\u00f1ez Ponce. <\/p>\n","protected":false},"author":1,"featured_media":2880,"comment_status":"open","ping_status":"open","sticky":false,"template":"","format":"standard","meta":{"footnotes":""},"categories":[12],"tags":[256],"class_list":["post-2879","post","type-post","status-publish","format-standard","has-post-thumbnail","hentry","category-politica","tag-valledebravo"],"yoast_head":"<!-- This site is optimized with the Yoast SEO plugin v24.9 - https:\/\/yoast.com\/wordpress\/plugins\/seo\/ -->\n<title>PROMETE MICHELLE N\u00da\u00d1EZ UN GOBIERNO DE ESPERANZA - 21 Panorama<\/title>\n<meta name=\"robots\" content=\"index, follow, max-snippet:-1, max-image-preview:large, max-video-preview:-1\" \/>\n<link rel=\"canonical\" href=\"https:\/\/21panorama.com\/index.php\/2021\/12\/30\/promete-michelle-nunez-un-gobierno-de-esperanza\/\" \/>\n<meta property=\"og:locale\" content=\"es_MX\" \/>\n<meta property=\"og:type\" content=\"article\" \/>\n<meta property=\"og:title\" content=\"PROMETE MICHELLE N\u00da\u00d1EZ UN GOBIERNO DE ESPERANZA - 21 Panorama\" \/>\n<meta property=\"og:description\" content=\"UN Valle de Bravo con justicia, igualdad generoso y orgulllso de sus ra\u00edces es lo que aspira el gobierna que encabezar\u00e1 partir del primero de enero la presidenta municipal electa Michelle N\u00fa\u00f1ez Ponce.\" \/>\n<meta property=\"og:url\" content=\"https:\/\/21panorama.com\/index.php\/2021\/12\/30\/promete-michelle-nunez-un-gobierno-de-esperanza\/\" \/>\n<meta property=\"og:site_name\" content=\"21 Panorama\" \/>\n<meta property=\"article:published_time\" content=\"2021-12-31T03:52:15+00:00\" \/>\n<meta property=\"article:modified_time\" content=\"2021-12-31T03:52:16+00:00\" \/>\n<meta property=\"og:image\" content=\"https:\/\/21panorama.com\/wp-content\/uploads\/2021\/12\/f68389fe-e1df-4db7-b319-4df4fc797f07.jpeg\" \/>\n\t<meta property=\"og:image:width\" content=\"526\" \/>\n\t<meta property=\"og:image:height\" content=\"701\" \/>\n\t<meta property=\"og:image:type\" content=\"image\/jpeg\" \/>\n<meta name=\"author\" content=\"admin\" \/>\n<meta name=\"twitter:card\" content=\"summary_large_image\" \/>\n<meta name=\"twitter:label1\" content=\"Escrito por\" \/>\n\t<meta name=\"twitter:data1\" content=\"admin\" \/>\n\t<meta name=\"twitter:label2\" content=\"Tiempo de lectura\" \/>\n\t<meta name=\"twitter:data2\" content=\"1 minuto\" \/>\n<script type=\"application\/ld+json\" class=\"yoast-schema-graph\">{\"@context\":\"https:\/\/schema.org\",\"@graph\":[{\"@type\":\"Article\",\"@id\":\"https:\/\/21panorama.com\/index.php\/2021\/12\/30\/promete-michelle-nunez-un-gobierno-de-esperanza\/#article\",\"isPartOf\":{\"@id\":\"https:\/\/21panorama.com\/index.php\/2021\/12\/30\/promete-michelle-nunez-un-gobierno-de-esperanza\/\"},\"author\":{\"name\":\"admin\",\"@id\":\"https:\/\/21panorama.com\/#\/schema\/person\/1afc291b96d5792a158768324287319f\"},\"headline\":\"PROMETE MICHELLE N\u00da\u00d1EZ UN GOBIERNO DE ESPERANZA\",\"datePublished\":\"2021-12-31T03:52:15+00:00\",\"dateModified\":\"2021-12-31T03:52:16+00:00\",\"mainEntityOfPage\":{\"@id\":\"https:\/\/21panorama.com\/index.php\/2021\/12\/30\/promete-michelle-nunez-un-gobierno-de-esperanza\/\"},\"wordCount\":217,\"commentCount\":0,\"publisher\":{\"@id\":\"https:\/\/21panorama.com\/#organization\"},\"image\":{\"@id\":\"https:\/\/21panorama.com\/index.php\/2021\/12\/30\/promete-michelle-nunez-un-gobierno-de-esperanza\/#primaryimage\"},\"thumbnailUrl\":\"https:\/\/21panorama.com\/wp-content\/uploads\/2021\/12\/f68389fe-e1df-4db7-b319-4df4fc797f07.jpeg\",\"keywords\":[\"VALLEDEBRAVO\"],\"articleSection\":[\"Politica\"],\"inLanguage\":\"es\",\"potentialAction\":[{\"@type\":\"CommentAction\",\"name\":\"Comment\",\"target\":[\"https:\/\/21panorama.com\/index.php\/2021\/12\/30\/promete-michelle-nunez-un-gobierno-de-esperanza\/#respond\"]}]},{\"@type\":\"WebPage\",\"@id\":\"https:\/\/21panorama.com\/index.php\/2021\/12\/30\/promete-michelle-nunez-un-gobierno-de-esperanza\/\",\"url\":\"https:\/\/21panorama.com\/index.php\/2021\/12\/30\/promete-michelle-nunez-un-gobierno-de-esperanza\/\",\"name\":\"PROMETE MICHELLE N\u00da\u00d1EZ UN GOBIERNO DE ESPERANZA - 21 Panorama\",\"isPartOf\":{\"@id\":\"https:\/\/21panorama.com\/#website\"},\"primaryImageOfPage\":{\"@id\":\"https:\/\/21panorama.com\/index.php\/2021\/12\/30\/promete-michelle-nunez-un-gobierno-de-esperanza\/#primaryimage\"},\"image\":{\"@id\":\"https:\/\/21panorama.com\/index.php\/2021\/12\/30\/promete-michelle-nunez-un-gobierno-de-esperanza\/#primaryimage\"},\"thumbnailUrl\":\"https:\/\/21panorama.com\/wp-content\/uploads\/2021\/12\/f68389fe-e1df-4db7-b319-4df4fc797f07.jpeg\",\"datePublished\":\"2021-12-31T03:52:15+00:00\",\"dateModified\":\"2021-12-31T03:52:16+00:00\",\"breadcrumb\":{\"@id\":\"https:\/\/21panorama.com\/index.php\/2021\/12\/30\/promete-michelle-nunez-un-gobierno-de-esperanza\/#breadcrumb\"},\"inLanguage\":\"es\",\"potentialAction\":[{\"@type\":\"ReadAction\",\"target\":[\"https:\/\/21panorama.com\/index.php\/2021\/12\/30\/promete-michelle-nunez-un-gobierno-de-esperanza\/\"]}]},{\"@type\":\"ImageObject\",\"inLanguage\":\"es\",\"@id\":\"https:\/\/21panorama.com\/index.php\/2021\/12\/30\/promete-michelle-nunez-un-gobierno-de-esperanza\/#primaryimage\",\"url\":\"https:\/\/21panorama.com\/wp-content\/uploads\/2021\/12\/f68389fe-e1df-4db7-b319-4df4fc797f07.jpeg\",\"contentUrl\":\"https:\/\/21panorama.com\/wp-content\/uploads\/2021\/12\/f68389fe-e1df-4db7-b319-4df4fc797f07.jpeg\",\"width\":526,\"height\":701},{\"@type\":\"BreadcrumbList\",\"@id\":\"https:\/\/21panorama.com\/index.php\/2021\/12\/30\/promete-michelle-nunez-un-gobierno-de-esperanza\/#breadcrumb\",\"itemListElement\":[{\"@type\":\"ListItem\",\"position\":1,\"name\":\"Inicio\",\"item\":\"https:\/\/21panorama.com\/\"},{\"@type\":\"ListItem\",\"position\":2,\"name\":\"PROMETE MICHELLE N\u00da\u00d1EZ UN GOBIERNO DE ESPERANZA\"}]},{\"@type\":\"WebSite\",\"@id\":\"https:\/\/21panorama.com\/#website\",\"url\":\"https:\/\/21panorama.com\/\",\"name\":\"21 Panorama\",\"description\":\"La construcci\u00f3n de la opini\u00f3n p\u00fablica merece un mejor Panorama en este siglo 21 para alcanzar una sociedad con mayor transparencia y sin corrupci\u00f3n.\",\"publisher\":{\"@id\":\"https:\/\/21panorama.com\/#organization\"},\"potentialAction\":[{\"@type\":\"SearchAction\",\"target\":{\"@type\":\"EntryPoint\",\"urlTemplate\":\"https:\/\/21panorama.com\/?s={search_term_string}\"},\"query-input\":{\"@type\":\"PropertyValueSpecification\",\"valueRequired\":true,\"valueName\":\"search_term_string\"}}],\"inLanguage\":\"es\"},{\"@type\":\"Organization\",\"@id\":\"https:\/\/21panorama.com\/#organization\",\"name\":\"21 Panorama\",\"url\":\"https:\/\/21panorama.com\/\",\"logo\":{\"@type\":\"ImageObject\",\"inLanguage\":\"es\",\"@id\":\"https:\/\/21panorama.com\/#\/schema\/logo\/image\/\",\"url\":\"https:\/\/21panorama.com\/wp-content\/uploads\/2019\/07\/cropped-Logo-Panorama-01.jpeg\",\"contentUrl\":\"https:\/\/21panorama.com\/wp-content\/uploads\/2019\/07\/cropped-Logo-Panorama-01.jpeg\",\"width\":290,\"height\":70,\"caption\":\"21 Panorama\"},\"image\":{\"@id\":\"https:\/\/21panorama.com\/#\/schema\/logo\/image\/\"}},{\"@type\":\"Person\",\"@id\":\"https:\/\/21panorama.com\/#\/schema\/person\/1afc291b96d5792a158768324287319f\",\"name\":\"admin\",\"image\":{\"@type\":\"ImageObject\",\"inLanguage\":\"es\",\"@id\":\"https:\/\/21panorama.com\/#\/schema\/person\/image\/\",\"url\":\"https:\/\/secure.gravatar.com\/avatar\/ad365d9d9f46719215b0d042cc3df92a5a8683e09ef13d102233e5491985f0f0?s=96&d=mm&r=g\",\"contentUrl\":\"https:\/\/secure.gravatar.com\/avatar\/ad365d9d9f46719215b0d042cc3df92a5a8683e09ef13d102233e5491985f0f0?s=96&d=mm&r=g\",\"caption\":\"admin\"},\"url\":\"https:\/\/21panorama.com\/index.php\/author\/admin\/\"}]}<\/script>\n<!-- \/ Yoast SEO plugin. -->","yoast_head_json":{"title":"PROMETE MICHELLE N\u00da\u00d1EZ UN GOBIERNO DE ESPERANZA - 21 Panorama","robots":{"index":"index","follow":"follow","max-snippet":"max-snippet:-1","max-image-preview":"max-image-preview:large","max-video-preview":"max-video-preview:-1"},"canonical":"https:\/\/21panorama.com\/index.php\/2021\/12\/30\/promete-michelle-nunez-un-gobierno-de-esperanza\/","og_locale":"es_MX","og_type":"article","og_title":"PROMETE MICHELLE N\u00da\u00d1EZ UN GOBIERNO DE ESPERANZA - 21 Panorama","og_description":"UN Valle de Bravo con justicia, igualdad generoso y orgulllso de sus ra\u00edces es lo que aspira el gobierna que encabezar\u00e1 partir del primero de enero la presidenta municipal electa Michelle N\u00fa\u00f1ez Ponce.","og_url":"https:\/\/21panorama.com\/index.php\/2021\/12\/30\/promete-michelle-nunez-un-gobierno-de-esperanza\/","og_site_name":"21 Panorama","article_published_time":"2021-12-31T03:52:15+00:00","article_modified_time":"2021-12-31T03:52:16+00:00","og_image":[{"width":526,"height":701,"url":"https:\/\/21panorama.com\/wp-content\/uploads\/2021\/12\/f68389fe-e1df-4db7-b319-4df4fc797f07.jpeg","type":"image\/jpeg"}],"author":"admin","twitter_card":"summary_large_image","twitter_misc":{"Escrito por":"admin","Tiempo de lectura":"1 minuto"},"schema":{"@context":"https:\/\/schema.org","@graph":[{"@type":"Article","@id":"https:\/\/21panorama.com\/index.php\/2021\/12\/30\/promete-michelle-nunez-un-gobierno-de-esperanza\/#article","isPartOf":{"@id":"https:\/\/21panorama.com\/index.php\/2021\/12\/30\/promete-michelle-nunez-un-gobierno-de-esperanza\/"},"author":{"name":"admin","@id":"https:\/\/21panorama.com\/#\/schema\/person\/1afc291b96d5792a158768324287319f"},"headline":"PROMETE MICHELLE N\u00da\u00d1EZ UN GOBIERNO DE ESPERANZA","datePublished":"2021-12-31T03:52:15+00:00","dateModified":"2021-12-31T03:52:16+00:00","mainEntityOfPage":{"@id":"https:\/\/21panorama.com\/index.php\/2021\/12\/30\/promete-michelle-nunez-un-gobierno-de-esperanza\/"},"wordCount":217,"commentCount":0,"publisher":{"@id":"https:\/\/21panorama.com\/#organization"},"image":{"@id":"https:\/\/21panorama.com\/index.php\/2021\/12\/30\/promete-michelle-nunez-un-gobierno-de-esperanza\/#primaryimage"},"thumbnailUrl":"https:\/\/21panorama.com\/wp-content\/uploads\/2021\/12\/f68389fe-e1df-4db7-b319-4df4fc797f07.jpeg","keywords":["VALLEDEBRAVO"],"articleSection":["Politica"],"inLanguage":"es","potentialAction":[{"@type":"CommentAction","name":"Comment","target":["https:\/\/21panorama.com\/index.php\/2021\/12\/30\/promete-michelle-nunez-un-gobierno-de-esperanza\/#respond"]}]},{"@type":"WebPage","@id":"https:\/\/21panorama.com\/index.php\/2021\/12\/30\/promete-michelle-nunez-un-gobierno-de-esperanza\/","url":"https:\/\/21panorama.com\/index.php\/2021\/12\/30\/promete-michelle-nunez-un-gobierno-de-esperanza\/","name":"PROMETE MICHELLE N\u00da\u00d1EZ UN GOBIERNO DE ESPERANZA - 21 Panorama","isPartOf":{"@id":"https:\/\/21panorama.com\/#website"},"primaryImageOfPage":{"@id":"https:\/\/21panorama.com\/index.php\/2021\/12\/30\/promete-michelle-nunez-un-gobierno-de-esperanza\/#primaryimage"},"image":{"@id":"https:\/\/21panorama.com\/index.php\/2021\/12\/30\/promete-michelle-nunez-un-gobierno-de-esperanza\/#primaryimage"},"thumbnailUrl":"https:\/\/21panorama.com\/wp-content\/uploads\/2021\/12\/f68389fe-e1df-4db7-b319-4df4fc797f07.jpeg","datePublished":"2021-12-31T03:52:15+00:00","dateModified":"2021-12-31T03:52:16+00:00","breadcrumb":{"@id":"https:\/\/21panorama.com\/index.php\/2021\/12\/30\/promete-michelle-nunez-un-gobierno-de-esperanza\/#breadcrumb"},"inLanguage":"es","potentialAction":[{"@type":"ReadAction","target":["https:\/\/21panorama.com\/index.php\/2021\/12\/30\/promete-michelle-nunez-un-gobierno-de-esperanza\/"]}]},{"@type":"ImageObject","inLanguage":"es","@id":"https:\/\/21panorama.com\/index.php\/2021\/12\/30\/promete-michelle-nunez-un-gobierno-de-esperanza\/#primaryimage","url":"https:\/\/21panorama.com\/wp-content\/uploads\/2021\/12\/f68389fe-e1df-4db7-b319-4df4fc797f07.jpeg","contentUrl":"https:\/\/21panorama.com\/wp-content\/uploads\/2021\/12\/f68389fe-e1df-4db7-b319-4df4fc797f07.jpeg","width":526,"height":701},{"@type":"BreadcrumbList","@id":"https:\/\/21panorama.com\/index.php\/2021\/12\/30\/promete-michelle-nunez-un-gobierno-de-esperanza\/#breadcrumb","itemListElement":[{"@type":"ListItem","position":1,"name":"Inicio","item":"https:\/\/21panorama.com\/"},{"@type":"ListItem","position":2,"name":"PROMETE MICHELLE N\u00da\u00d1EZ UN GOBIERNO DE ESPERANZA"}]},{"@type":"WebSite","@id":"https:\/\/21panorama.com\/#website","url":"https:\/\/21panorama.com\/","name":"21 Panorama","description":"La construcci\u00f3n de la opini\u00f3n p\u00fablica merece un mejor Panorama en este siglo 21 para alcanzar una sociedad con mayor transparencia y sin corrupci\u00f3n.","publisher":{"@id":"https:\/\/21panorama.com\/#organization"},"potentialAction":[{"@type":"SearchAction","target":{"@type":"EntryPoint","urlTemplate":"https:\/\/21panorama.com\/?s={search_term_string}"},"query-input":{"@type":"PropertyValueSpecification","valueRequired":true,"valueName":"search_term_string"}}],"inLanguage":"es"},{"@type":"Organization","@id":"https:\/\/21panorama.com\/#organization","name":"21 Panorama","url":"https:\/\/21panorama.com\/","logo":{"@type":"ImageObject","inLanguage":"es","@id":"https:\/\/21panorama.com\/#\/schema\/logo\/image\/","url":"https:\/\/21panorama.com\/wp-content\/uploads\/2019\/07\/cropped-Logo-Panorama-01.jpeg","contentUrl":"https:\/\/21panorama.com\/wp-content\/uploads\/2019\/07\/cropped-Logo-Panorama-01.jpeg","width":290,"height":70,"caption":"21 Panorama"},"image":{"@id":"https:\/\/21panorama.com\/#\/schema\/logo\/image\/"}},{"@type":"Person","@id":"https:\/\/21panorama.com\/#\/schema\/person\/1afc291b96d5792a158768324287319f","name":"admin","image":{"@type":"ImageObject","inLanguage":"es","@id":"https:\/\/21panorama.com\/#\/schema\/person\/image\/","url":"https:\/\/secure.gravatar.com\/avatar\/ad365d9d9f46719215b0d042cc3df92a5a8683e09ef13d102233e5491985f0f0?s=96&d=mm&r=g","contentUrl":"https:\/\/secure.gravatar.com\/avatar\/ad365d9d9f46719215b0d042cc3df92a5a8683e09ef13d102233e5491985f0f0?s=96&d=mm&r=g","caption":"admin"},"url":"https:\/\/21panorama.com\/index.php\/author\/admin\/"}]}},"_links":{"self":[{"href":"https:\/\/21panorama.com\/index.php\/wp-json\/wp\/v2\/posts\/2879","targetHints":{"allow":["GET"]}}],"collection":[{"href":"https:\/\/21panorama.com\/index.php\/wp-json\/wp\/v2\/posts"}],"about":[{"href":"https:\/\/21panorama.com\/index.php\/wp-json\/wp\/v2\/types\/post"}],"author":[{"embeddable":true,"href":"https:\/\/21panorama.com\/index.php\/wp-json\/wp\/v2\/users\/1"}],"replies":[{"embeddable":true,"href":"https:\/\/21panorama.com\/index.php\/wp-json\/wp\/v2\/comments?post=2879"}],"version-history":[{"count":1,"href":"https:\/\/21panorama.com\/index.php\/wp-json\/wp\/v2\/posts\/2879\/revisions"}],"predecessor-version":[{"id":2881,"href":"https:\/\/21panorama.com\/index.php\/wp-json\/wp\/v2\/posts\/2879\/revisions\/2881"}],"wp:featuredmedia":[{"embeddable":true,"href":"https:\/\/21panorama.com\/index.php\/wp-json\/wp\/v2\/media\/2880"}],"wp:attachment":[{"href":"https:\/\/21panorama.com\/index.php\/wp-json\/wp\/v2\/media?parent=2879"}],"wp:term":[{"taxonomy":"category","embeddable":true,"href":"https:\/\/21panorama.com\/index.php\/wp-json\/wp\/v2\/categories?post=2879"},{"taxonomy":"post_tag","embeddable":true,"href":"https:\/\/21panorama.com\/index.php\/wp-json\/wp\/v2\/tags?post=2879"}],"curies":[{"name":"wp","href":"https:\/\/api.w.org\/{rel}","templated":true}]}}