{"id":2874,"date":"2021-12-30T21:48:42","date_gmt":"2021-12-31T03:48:42","guid":{"rendered":"https:\/\/21panorama.com\/?p=2874"},"modified":"2021-12-30T21:48:43","modified_gmt":"2021-12-31T03:48:43","slug":"de-buena-fuente-columna-opinion-12","status":"publish","type":"post","link":"https:\/\/21panorama.com\/index.php\/2021\/12\/30\/de-buena-fuente-columna-opinion-12\/","title":{"rendered":"DE BUENA FUENTE Columna &#8211; Opini\u00f3n"},"content":{"rendered":"\n<p>HIST\u00d3RICA GESTI\u00d3N DE LOS DIPUTADOS GUSTAVO C\u00c1RDENAS E IV\u00c1N ESQUER<\/p>\n\n\n\n<p>Lo que se ve no se juzga y tan solo hay que ver como se movieron cual equipo sincronizado para alcanzar las gestiones necesarias y lograr la aplicaci\u00f3n de recursos en diferentes obras y servicios que se materializaron en municipios como Jocotitl\u00e1n, El Oro o Jiquipilco. Sin dejar de visitar y escuchar a su gente de Atlacomulco, Ixtlahuaca o Temascalcingo.<\/p>\n\n\n\n<p>En tres meses desde que asumieron la diputaci\u00f3n federal y local con Gustavo C\u00e1rdenas Monroy e Iv\u00e1n Esquer Cruz no dejaron de sumar a sus actividades legislativas las acciones en campo para atender los reclamos de la comunidad.<\/p>\n\n\n\n<p>Y para no desentonar al cierre de este a\u00f1o realizaron una gira de trabajo con el presidente Municipal de Jocotitl\u00e1n Armando S\u00e1nchez Mendoza para inaugurar una obra y arrancar cinco obras m\u00e1s. Esta fruct\u00edfera jornada de trabajo arranc\u00f3 en la comunidad de El Lindero, donde se inici\u00f3 con la ampliaci\u00f3n de la red el\u00e9ctrica en el paraje el Pastorcito.<\/p>\n\n\n\n<p>M\u00e1s tarde en Santiago Yeche dieron inicio con la construcci\u00f3n de la carpeta asf\u00e1ltica del acceso principal. Para luego seguir con la supervisi\u00f3n del riego de sello en la carretera que conecta a San Pedro de los Ba\u00f1os con la autopista Toluca-Atlacomulco y Barrio de Guadalupe obra de impacto regional que beneficia y conecta como v\u00eda alterna a comunidades de los municipios de #Jocotitlan e #Ixtlahuaca.<\/p>\n\n\n\n<p>El alcalde Armando S\u00e1nchez, el Diputado Federal Gustavo C\u00e1rdenas y el Diputado Local Iv\u00e1n Esquer hicieron entrega del kiosco de la comunidad de Mavoro, obra que dicha comunidad ven\u00eda solicitando de tiempo atr\u00e1s.<br>En la Concepci\u00f3n Caro arrancaron con la construcci\u00f3n de la calle principal, lo que desde luego mejorar\u00e1 en gran medida la imagen de esa comunidad.<\/p>\n\n\n\n<p>Y para finalizar en Santiago Casandej\u00e9 se dio inicio a una ampliaci\u00f3n de la red el\u00e9ctrica, as\u00ed como la construcci\u00f3n de la l\u00ednea de conducci\u00f3n de agua potable en el Barrio La Presa.<\/p>\n\n\n\n<p>El punto m\u00e1s importante a destacar de esa gira de trabajo fue la gesti\u00f3n concretada por los Diputados Federal y Local: Iv\u00e1n Esquer Cruz y Gustavo C\u00e1rdenas Monroy, consistente en un monto de 25.5 millones de pesos que los jocotitlenses ver\u00e1n reflejados en estas obras y algunas m\u00e1s, acciones que impactar\u00e1n positivamente en mejorar la calidad de vida de las familias.<br>La suma de esfuerzos entre la diputaci\u00f3n federal, la diputaci\u00f3n local y el gobierno municipal jocotitlense sigue siendo un factor determinante que le ha dejado a este municipio, muchos frutos de progreso.<\/p>\n\n\n\n<p>Y as\u00ed seguir\u00e1 siendo, pues gracias a resultados como estos fue que el electorado respondi\u00f3 en las urnas electorales de junio pasado, dando su respaldo a un hist\u00f3rico tres de tres que a partir del a\u00f1o que comienza con Gustavo C\u00e1rdenas Monroy, Iv\u00e1n Esquer Cruz y Jes\u00fas Cedillo Gonz\u00e1lez, qui\u00e9nes en equipo con la gente seguir\u00e1n edificando la grandeza de Jocotitl\u00e1n.<\/p>\n\n\n\n<figure class=\"wp-block-gallery columns-2 is-cropped wp-block-gallery-1 is-layout-flex wp-block-gallery-is-layout-flex\"><ul class=\"blocks-gallery-grid\"><li class=\"blocks-gallery-item\"><figure><img decoding=\"async\" width=\"960\" height=\"659\" src=\"https:\/\/21panorama.com\/wp-content\/uploads\/2021\/12\/67784568-8c64-450f-beff-fd2cd3ef2899.jpeg\" alt=\"\" data-id=\"2876\" data-link=\"https:\/\/21panorama.com\/?attachment_id=2876\" class=\"wp-image-2876\" srcset=\"https:\/\/21panorama.com\/wp-content\/uploads\/2021\/12\/67784568-8c64-450f-beff-fd2cd3ef2899.jpeg 960w, https:\/\/21panorama.com\/wp-content\/uploads\/2021\/12\/67784568-8c64-450f-beff-fd2cd3ef2899-300x206.jpeg 300w, https:\/\/21panorama.com\/wp-content\/uploads\/2021\/12\/67784568-8c64-450f-beff-fd2cd3ef2899-768x527.jpeg 768w\" sizes=\"(max-width: 960px) 100vw, 960px\" \/><\/figure><\/li><li class=\"blocks-gallery-item\"><figure><img decoding=\"async\" width=\"960\" height=\"541\" src=\"https:\/\/21panorama.com\/wp-content\/uploads\/2021\/12\/3dc32f0d-cbd2-45b3-98fe-3ffde6e83a8f.jpeg\" alt=\"\" data-id=\"2877\" data-full-url=\"https:\/\/21panorama.com\/wp-content\/uploads\/2021\/12\/3dc32f0d-cbd2-45b3-98fe-3ffde6e83a8f.jpeg\" data-link=\"https:\/\/21panorama.com\/?attachment_id=2877\" class=\"wp-image-2877\" srcset=\"https:\/\/21panorama.com\/wp-content\/uploads\/2021\/12\/3dc32f0d-cbd2-45b3-98fe-3ffde6e83a8f.jpeg 960w, https:\/\/21panorama.com\/wp-content\/uploads\/2021\/12\/3dc32f0d-cbd2-45b3-98fe-3ffde6e83a8f-300x169.jpeg 300w, https:\/\/21panorama.com\/wp-content\/uploads\/2021\/12\/3dc32f0d-cbd2-45b3-98fe-3ffde6e83a8f-768x433.jpeg 768w\" sizes=\"(max-width: 960px) 100vw, 960px\" \/><\/figure><\/li><\/ul><\/figure>\n","protected":false},"excerpt":{"rendered":"<p>Lo que se ve no se juzga y tan solo hay que ver como se movieron cual equipo sincronizado para alcanzar las gestiones necesarias y lograr la aplicaci\u00f3n de recursos en diferentes obras y servicios que se materializaron en municipios como Jocotitl\u00e1n, El Oro o Jiquipilco.   Sin dejar de visitar y escuchar a su gente de Atlacomulco, Ixtlahuaca o Temascalcingo.   <\/p>\n","protected":false},"author":1,"featured_media":2875,"comment_status":"open","ping_status":"open","sticky":false,"template":"","format":"standard","meta":{"footnotes":""},"categories":[12],"tags":[249],"class_list":["post-2874","post","type-post","status-publish","format-standard","has-post-thumbnail","hentry","category-politica","tag-ivanesquer"],"yoast_head":"<!-- This site is optimized with the Yoast SEO plugin v24.9 - https:\/\/yoast.com\/wordpress\/plugins\/seo\/ -->\n<title>DE BUENA FUENTE Columna - Opini\u00f3n - 21 Panorama<\/title>\n<meta name=\"robots\" content=\"index, follow, max-snippet:-1, max-image-preview:large, max-video-preview:-1\" \/>\n<link rel=\"canonical\" href=\"https:\/\/21panorama.com\/index.php\/2021\/12\/30\/de-buena-fuente-columna-opinion-12\/\" \/>\n<meta property=\"og:locale\" content=\"es_MX\" \/>\n<meta property=\"og:type\" content=\"article\" \/>\n<meta property=\"og:title\" content=\"DE BUENA FUENTE Columna - Opini\u00f3n - 21 Panorama\" \/>\n<meta property=\"og:description\" content=\"Lo que se ve no se juzga y tan solo hay que ver como se movieron cual equipo sincronizado para alcanzar las gestiones necesarias y lograr la aplicaci\u00f3n de recursos en diferentes obras y servicios que se materializaron en municipios como Jocotitl\u00e1n, El Oro o Jiquipilco.  Sin dejar de visitar y escuchar a su gente de Atlacomulco, Ixtlahuaca o Temascalcingo.\" \/>\n<meta property=\"og:url\" content=\"https:\/\/21panorama.com\/index.php\/2021\/12\/30\/de-buena-fuente-columna-opinion-12\/\" \/>\n<meta property=\"og:site_name\" content=\"21 Panorama\" \/>\n<meta property=\"article:published_time\" content=\"2021-12-31T03:48:42+00:00\" \/>\n<meta property=\"article:modified_time\" content=\"2021-12-31T03:48:43+00:00\" \/>\n<meta property=\"og:image\" content=\"https:\/\/21panorama.com\/wp-content\/uploads\/2021\/12\/9aafa40b-774f-42ca-8dba-ee9bb2f33ae4.jpeg\" \/>\n\t<meta property=\"og:image:width\" content=\"960\" \/>\n\t<meta property=\"og:image:height\" content=\"541\" \/>\n\t<meta property=\"og:image:type\" content=\"image\/jpeg\" \/>\n<meta name=\"author\" content=\"admin\" \/>\n<meta name=\"twitter:card\" content=\"summary_large_image\" \/>\n<meta name=\"twitter:label1\" content=\"Escrito por\" \/>\n\t<meta name=\"twitter:data1\" content=\"admin\" \/>\n\t<meta name=\"twitter:label2\" content=\"Tiempo de lectura\" \/>\n\t<meta name=\"twitter:data2\" content=\"3 minutos\" \/>\n<script type=\"application\/ld+json\" class=\"yoast-schema-graph\">{\"@context\":\"https:\/\/schema.org\",\"@graph\":[{\"@type\":\"Article\",\"@id\":\"https:\/\/21panorama.com\/index.php\/2021\/12\/30\/de-buena-fuente-columna-opinion-12\/#article\",\"isPartOf\":{\"@id\":\"https:\/\/21panorama.com\/index.php\/2021\/12\/30\/de-buena-fuente-columna-opinion-12\/\"},\"author\":{\"name\":\"admin\",\"@id\":\"https:\/\/21panorama.com\/#\/schema\/person\/1afc291b96d5792a158768324287319f\"},\"headline\":\"DE BUENA FUENTE Columna &#8211; Opini\u00f3n\",\"datePublished\":\"2021-12-31T03:48:42+00:00\",\"dateModified\":\"2021-12-31T03:48:43+00:00\",\"mainEntityOfPage\":{\"@id\":\"https:\/\/21panorama.com\/index.php\/2021\/12\/30\/de-buena-fuente-columna-opinion-12\/\"},\"wordCount\":536,\"commentCount\":0,\"publisher\":{\"@id\":\"https:\/\/21panorama.com\/#organization\"},\"image\":{\"@id\":\"https:\/\/21panorama.com\/index.php\/2021\/12\/30\/de-buena-fuente-columna-opinion-12\/#primaryimage\"},\"thumbnailUrl\":\"https:\/\/21panorama.com\/wp-content\/uploads\/2021\/12\/9aafa40b-774f-42ca-8dba-ee9bb2f33ae4.jpeg\",\"keywords\":[\"IV\u00c1NESQUER\"],\"articleSection\":[\"Politica\"],\"inLanguage\":\"es\",\"potentialAction\":[{\"@type\":\"CommentAction\",\"name\":\"Comment\",\"target\":[\"https:\/\/21panorama.com\/index.php\/2021\/12\/30\/de-buena-fuente-columna-opinion-12\/#respond\"]}]},{\"@type\":\"WebPage\",\"@id\":\"https:\/\/21panorama.com\/index.php\/2021\/12\/30\/de-buena-fuente-columna-opinion-12\/\",\"url\":\"https:\/\/21panorama.com\/index.php\/2021\/12\/30\/de-buena-fuente-columna-opinion-12\/\",\"name\":\"DE BUENA FUENTE Columna - Opini\u00f3n - 21 Panorama\",\"isPartOf\":{\"@id\":\"https:\/\/21panorama.com\/#website\"},\"primaryImageOfPage\":{\"@id\":\"https:\/\/21panorama.com\/index.php\/2021\/12\/30\/de-buena-fuente-columna-opinion-12\/#primaryimage\"},\"image\":{\"@id\":\"https:\/\/21panorama.com\/index.php\/2021\/12\/30\/de-buena-fuente-columna-opinion-12\/#primaryimage\"},\"thumbnailUrl\":\"https:\/\/21panorama.com\/wp-content\/uploads\/2021\/12\/9aafa40b-774f-42ca-8dba-ee9bb2f33ae4.jpeg\",\"datePublished\":\"2021-12-31T03:48:42+00:00\",\"dateModified\":\"2021-12-31T03:48:43+00:00\",\"breadcrumb\":{\"@id\":\"https:\/\/21panorama.com\/index.php\/2021\/12\/30\/de-buena-fuente-columna-opinion-12\/#breadcrumb\"},\"inLanguage\":\"es\",\"potentialAction\":[{\"@type\":\"ReadAction\",\"target\":[\"https:\/\/21panorama.com\/index.php\/2021\/12\/30\/de-buena-fuente-columna-opinion-12\/\"]}]},{\"@type\":\"ImageObject\",\"inLanguage\":\"es\",\"@id\":\"https:\/\/21panorama.com\/index.php\/2021\/12\/30\/de-buena-fuente-columna-opinion-12\/#primaryimage\",\"url\":\"https:\/\/21panorama.com\/wp-content\/uploads\/2021\/12\/9aafa40b-774f-42ca-8dba-ee9bb2f33ae4.jpeg\",\"contentUrl\":\"https:\/\/21panorama.com\/wp-content\/uploads\/2021\/12\/9aafa40b-774f-42ca-8dba-ee9bb2f33ae4.jpeg\",\"width\":960,\"height\":541},{\"@type\":\"BreadcrumbList\",\"@id\":\"https:\/\/21panorama.com\/index.php\/2021\/12\/30\/de-buena-fuente-columna-opinion-12\/#breadcrumb\",\"itemListElement\":[{\"@type\":\"ListItem\",\"position\":1,\"name\":\"Inicio\",\"item\":\"https:\/\/21panorama.com\/\"},{\"@type\":\"ListItem\",\"position\":2,\"name\":\"DE BUENA FUENTE Columna &#8211; Opini\u00f3n\"}]},{\"@type\":\"WebSite\",\"@id\":\"https:\/\/21panorama.com\/#website\",\"url\":\"https:\/\/21panorama.com\/\",\"name\":\"21 Panorama\",\"description\":\"La construcci\u00f3n de la opini\u00f3n p\u00fablica merece un mejor Panorama en este siglo 21 para alcanzar una sociedad con mayor transparencia y sin corrupci\u00f3n.\",\"publisher\":{\"@id\":\"https:\/\/21panorama.com\/#organization\"},\"potentialAction\":[{\"@type\":\"SearchAction\",\"target\":{\"@type\":\"EntryPoint\",\"urlTemplate\":\"https:\/\/21panorama.com\/?s={search_term_string}\"},\"query-input\":{\"@type\":\"PropertyValueSpecification\",\"valueRequired\":true,\"valueName\":\"search_term_string\"}}],\"inLanguage\":\"es\"},{\"@type\":\"Organization\",\"@id\":\"https:\/\/21panorama.com\/#organization\",\"name\":\"21 Panorama\",\"url\":\"https:\/\/21panorama.com\/\",\"logo\":{\"@type\":\"ImageObject\",\"inLanguage\":\"es\",\"@id\":\"https:\/\/21panorama.com\/#\/schema\/logo\/image\/\",\"url\":\"https:\/\/21panorama.com\/wp-content\/uploads\/2019\/07\/cropped-Logo-Panorama-01.jpeg\",\"contentUrl\":\"https:\/\/21panorama.com\/wp-content\/uploads\/2019\/07\/cropped-Logo-Panorama-01.jpeg\",\"width\":290,\"height\":70,\"caption\":\"21 Panorama\"},\"image\":{\"@id\":\"https:\/\/21panorama.com\/#\/schema\/logo\/image\/\"}},{\"@type\":\"Person\",\"@id\":\"https:\/\/21panorama.com\/#\/schema\/person\/1afc291b96d5792a158768324287319f\",\"name\":\"admin\",\"image\":{\"@type\":\"ImageObject\",\"inLanguage\":\"es\",\"@id\":\"https:\/\/21panorama.com\/#\/schema\/person\/image\/\",\"url\":\"https:\/\/secure.gravatar.com\/avatar\/ad365d9d9f46719215b0d042cc3df92a5a8683e09ef13d102233e5491985f0f0?s=96&d=mm&r=g\",\"contentUrl\":\"https:\/\/secure.gravatar.com\/avatar\/ad365d9d9f46719215b0d042cc3df92a5a8683e09ef13d102233e5491985f0f0?s=96&d=mm&r=g\",\"caption\":\"admin\"},\"url\":\"https:\/\/21panorama.com\/index.php\/author\/admin\/\"}]}<\/script>\n<!-- \/ Yoast SEO plugin. -->","yoast_head_json":{"title":"DE BUENA FUENTE Columna - Opini\u00f3n - 21 Panorama","robots":{"index":"index","follow":"follow","max-snippet":"max-snippet:-1","max-image-preview":"max-image-preview:large","max-video-preview":"max-video-preview:-1"},"canonical":"https:\/\/21panorama.com\/index.php\/2021\/12\/30\/de-buena-fuente-columna-opinion-12\/","og_locale":"es_MX","og_type":"article","og_title":"DE BUENA FUENTE Columna - Opini\u00f3n - 21 Panorama","og_description":"Lo que se ve no se juzga y tan solo hay que ver como se movieron cual equipo sincronizado para alcanzar las gestiones necesarias y lograr la aplicaci\u00f3n de recursos en diferentes obras y servicios que se materializaron en municipios como Jocotitl\u00e1n, El Oro o Jiquipilco.  Sin dejar de visitar y escuchar a su gente de Atlacomulco, Ixtlahuaca o Temascalcingo.","og_url":"https:\/\/21panorama.com\/index.php\/2021\/12\/30\/de-buena-fuente-columna-opinion-12\/","og_site_name":"21 Panorama","article_published_time":"2021-12-31T03:48:42+00:00","article_modified_time":"2021-12-31T03:48:43+00:00","og_image":[{"width":960,"height":541,"url":"https:\/\/21panorama.com\/wp-content\/uploads\/2021\/12\/9aafa40b-774f-42ca-8dba-ee9bb2f33ae4.jpeg","type":"image\/jpeg"}],"author":"admin","twitter_card":"summary_large_image","twitter_misc":{"Escrito por":"admin","Tiempo de lectura":"3 minutos"},"schema":{"@context":"https:\/\/schema.org","@graph":[{"@type":"Article","@id":"https:\/\/21panorama.com\/index.php\/2021\/12\/30\/de-buena-fuente-columna-opinion-12\/#article","isPartOf":{"@id":"https:\/\/21panorama.com\/index.php\/2021\/12\/30\/de-buena-fuente-columna-opinion-12\/"},"author":{"name":"admin","@id":"https:\/\/21panorama.com\/#\/schema\/person\/1afc291b96d5792a158768324287319f"},"headline":"DE BUENA FUENTE Columna &#8211; Opini\u00f3n","datePublished":"2021-12-31T03:48:42+00:00","dateModified":"2021-12-31T03:48:43+00:00","mainEntityOfPage":{"@id":"https:\/\/21panorama.com\/index.php\/2021\/12\/30\/de-buena-fuente-columna-opinion-12\/"},"wordCount":536,"commentCount":0,"publisher":{"@id":"https:\/\/21panorama.com\/#organization"},"image":{"@id":"https:\/\/21panorama.com\/index.php\/2021\/12\/30\/de-buena-fuente-columna-opinion-12\/#primaryimage"},"thumbnailUrl":"https:\/\/21panorama.com\/wp-content\/uploads\/2021\/12\/9aafa40b-774f-42ca-8dba-ee9bb2f33ae4.jpeg","keywords":["IV\u00c1NESQUER"],"articleSection":["Politica"],"inLanguage":"es","potentialAction":[{"@type":"CommentAction","name":"Comment","target":["https:\/\/21panorama.com\/index.php\/2021\/12\/30\/de-buena-fuente-columna-opinion-12\/#respond"]}]},{"@type":"WebPage","@id":"https:\/\/21panorama.com\/index.php\/2021\/12\/30\/de-buena-fuente-columna-opinion-12\/","url":"https:\/\/21panorama.com\/index.php\/2021\/12\/30\/de-buena-fuente-columna-opinion-12\/","name":"DE BUENA FUENTE Columna - Opini\u00f3n - 21 Panorama","isPartOf":{"@id":"https:\/\/21panorama.com\/#website"},"primaryImageOfPage":{"@id":"https:\/\/21panorama.com\/index.php\/2021\/12\/30\/de-buena-fuente-columna-opinion-12\/#primaryimage"},"image":{"@id":"https:\/\/21panorama.com\/index.php\/2021\/12\/30\/de-buena-fuente-columna-opinion-12\/#primaryimage"},"thumbnailUrl":"https:\/\/21panorama.com\/wp-content\/uploads\/2021\/12\/9aafa40b-774f-42ca-8dba-ee9bb2f33ae4.jpeg","datePublished":"2021-12-31T03:48:42+00:00","dateModified":"2021-12-31T03:48:43+00:00","breadcrumb":{"@id":"https:\/\/21panorama.com\/index.php\/2021\/12\/30\/de-buena-fuente-columna-opinion-12\/#breadcrumb"},"inLanguage":"es","potentialAction":[{"@type":"ReadAction","target":["https:\/\/21panorama.com\/index.php\/2021\/12\/30\/de-buena-fuente-columna-opinion-12\/"]}]},{"@type":"ImageObject","inLanguage":"es","@id":"https:\/\/21panorama.com\/index.php\/2021\/12\/30\/de-buena-fuente-columna-opinion-12\/#primaryimage","url":"https:\/\/21panorama.com\/wp-content\/uploads\/2021\/12\/9aafa40b-774f-42ca-8dba-ee9bb2f33ae4.jpeg","contentUrl":"https:\/\/21panorama.com\/wp-content\/uploads\/2021\/12\/9aafa40b-774f-42ca-8dba-ee9bb2f33ae4.jpeg","width":960,"height":541},{"@type":"BreadcrumbList","@id":"https:\/\/21panorama.com\/index.php\/2021\/12\/30\/de-buena-fuente-columna-opinion-12\/#breadcrumb","itemListElement":[{"@type":"ListItem","position":1,"name":"Inicio","item":"https:\/\/21panorama.com\/"},{"@type":"ListItem","position":2,"name":"DE BUENA FUENTE Columna &#8211; Opini\u00f3n"}]},{"@type":"WebSite","@id":"https:\/\/21panorama.com\/#website","url":"https:\/\/21panorama.com\/","name":"21 Panorama","description":"La construcci\u00f3n de la opini\u00f3n p\u00fablica merece un mejor Panorama en este siglo 21 para alcanzar una sociedad con mayor transparencia y sin corrupci\u00f3n.","publisher":{"@id":"https:\/\/21panorama.com\/#organization"},"potentialAction":[{"@type":"SearchAction","target":{"@type":"EntryPoint","urlTemplate":"https:\/\/21panorama.com\/?s={search_term_string}"},"query-input":{"@type":"PropertyValueSpecification","valueRequired":true,"valueName":"search_term_string"}}],"inLanguage":"es"},{"@type":"Organization","@id":"https:\/\/21panorama.com\/#organization","name":"21 Panorama","url":"https:\/\/21panorama.com\/","logo":{"@type":"ImageObject","inLanguage":"es","@id":"https:\/\/21panorama.com\/#\/schema\/logo\/image\/","url":"https:\/\/21panorama.com\/wp-content\/uploads\/2019\/07\/cropped-Logo-Panorama-01.jpeg","contentUrl":"https:\/\/21panorama.com\/wp-content\/uploads\/2019\/07\/cropped-Logo-Panorama-01.jpeg","width":290,"height":70,"caption":"21 Panorama"},"image":{"@id":"https:\/\/21panorama.com\/#\/schema\/logo\/image\/"}},{"@type":"Person","@id":"https:\/\/21panorama.com\/#\/schema\/person\/1afc291b96d5792a158768324287319f","name":"admin","image":{"@type":"ImageObject","inLanguage":"es","@id":"https:\/\/21panorama.com\/#\/schema\/person\/image\/","url":"https:\/\/secure.gravatar.com\/avatar\/ad365d9d9f46719215b0d042cc3df92a5a8683e09ef13d102233e5491985f0f0?s=96&d=mm&r=g","contentUrl":"https:\/\/secure.gravatar.com\/avatar\/ad365d9d9f46719215b0d042cc3df92a5a8683e09ef13d102233e5491985f0f0?s=96&d=mm&r=g","caption":"admin"},"url":"https:\/\/21panorama.com\/index.php\/author\/admin\/"}]}},"_links":{"self":[{"href":"https:\/\/21panorama.com\/index.php\/wp-json\/wp\/v2\/posts\/2874","targetHints":{"allow":["GET"]}}],"collection":[{"href":"https:\/\/21panorama.com\/index.php\/wp-json\/wp\/v2\/posts"}],"about":[{"href":"https:\/\/21panorama.com\/index.php\/wp-json\/wp\/v2\/types\/post"}],"author":[{"embeddable":true,"href":"https:\/\/21panorama.com\/index.php\/wp-json\/wp\/v2\/users\/1"}],"replies":[{"embeddable":true,"href":"https:\/\/21panorama.com\/index.php\/wp-json\/wp\/v2\/comments?post=2874"}],"version-history":[{"count":1,"href":"https:\/\/21panorama.com\/index.php\/wp-json\/wp\/v2\/posts\/2874\/revisions"}],"predecessor-version":[{"id":2878,"href":"https:\/\/21panorama.com\/index.php\/wp-json\/wp\/v2\/posts\/2874\/revisions\/2878"}],"wp:featuredmedia":[{"embeddable":true,"href":"https:\/\/21panorama.com\/index.php\/wp-json\/wp\/v2\/media\/2875"}],"wp:attachment":[{"href":"https:\/\/21panorama.com\/index.php\/wp-json\/wp\/v2\/media?parent=2874"}],"wp:term":[{"taxonomy":"category","embeddable":true,"href":"https:\/\/21panorama.com\/index.php\/wp-json\/wp\/v2\/categories?post=2874"},{"taxonomy":"post_tag","embeddable":true,"href":"https:\/\/21panorama.com\/index.php\/wp-json\/wp\/v2\/tags?post=2874"}],"curies":[{"name":"wp","href":"https:\/\/api.w.org\/{rel}","templated":true}]}}