{"id":287,"date":"2019-08-26T09:46:55","date_gmt":"2019-08-26T14:46:55","guid":{"rendered":"http:\/\/21panorama.com\/?p=287"},"modified":"2019-08-26T21:51:07","modified_gmt":"2019-08-27T02:51:07","slug":"busca-edayo-chalco-mayor-vinculacion-entre-sus-alumnos-y-el-mercado-laboral","status":"publish","type":"post","link":"https:\/\/21panorama.com\/index.php\/2019\/08\/26\/busca-edayo-chalco-mayor-vinculacion-entre-sus-alumnos-y-el-mercado-laboral\/","title":{"rendered":"BUSCA EDAYO CHALCO MAYOR VINCULACI\u00d3N ENTRE SUS ALUMNOS Y EL MERCADO LABORAL"},"content":{"rendered":"\n<p>El Comit\u00e9 de Vinculaci\u00f3n de la Escuela de Artes y Oficios (EDAYO) de Chalco sesion\u00f3 por tercera ocasi\u00f3n en lo que va del a\u00f1o, donde se revis\u00f3 la oferta de capacitaci\u00f3n de este plantel para que las 12 \u00e1reas que se imparten, atiendan las necesidades de la fuerza productiva que requieren los empresarios y empleadores, y sea m\u00e1s f\u00e1cil para los egresados insertarse al mercado de trabajo de la regi\u00f3n, evitando grandes traslados a los centros de trabajo.<\/p>\n\n\n\n<p>Esta reuni\u00f3n forma parte de la interacci\u00f3n que promueve el Gobierno estatal con sus instituciones, la comunidad, as\u00ed como con los sectores p\u00fablico, social y privado, indic\u00f3 el Director General del Instituto de Capacitaci\u00f3n y Adiestramiento para el Trabajo Industrial (ICATI), Jaime Rebollo Hern\u00e1ndez.<\/p>\n\n\n\n<p>El funcionario estatal subray\u00f3 que esta escuela es una de las m\u00e1s grandes, de entre las 46 que existen en la entidad, con 30 a\u00f1os cumplidos de operaci\u00f3n y 12 talleres, entre los que destacan, por su demanda, carpinter\u00eda, contabilidad, creaci\u00f3n y confecci\u00f3n de prendas, electricidad, electr\u00f3nica, ingl\u00e9s, m\u00e1quinas herramientas, sistemas inform\u00e1ticos y mec\u00e1nica automotriz.<\/p>\n\n\n\n<p>Todos ellos enfocados a satisfacer los requerimientos de la industria asentada en este municipio y sus alrededores, as\u00ed como las del sector servicios, ya que la econom\u00eda de la regi\u00f3n est\u00e1 sustentada principalmente en las actividades terciarias.<\/p>\n\n\n\n<p>Frente a representantes de empresas de la industria de la transformaci\u00f3n, de sindicatos y de las propias Oficinas Regionales de Empleo (ORES), Rebollo Hern\u00e1ndez refiri\u00f3 que estos trabajos conjuntos son de suma importancia para que los capacitados encuentren m\u00e1s r\u00e1pido un empleo, por lo que supervisa, que cada una de las 46 EDAYO adscritas al ICATI, constituya oportunamente su Comit\u00e9 de Vinculaci\u00f3n, y que adem\u00e1s, \u00e9ste funcione adecuadamente, permitiendo&nbsp; estrechar los lazos entre la instituci\u00f3n y las empresas regionales.<\/p>\n\n\n\n<p>Sobre la efectividad de estos Comit\u00e9s de Vinculaci\u00f3n de las EDAYO, se\u00f1al\u00f3 que han dado buenos resultados en cuanto al enfoque en que deben desarrollarse los planes y programas de capacitaci\u00f3n, y fueron detonantes para que el ICATI iniciara un proceso de reingenier\u00eda y la implementaci\u00f3n de un Modelo Educativo de Capacitaci\u00f3n.<\/p>\n\n\n\n<p>El registro de la EDAYO de Chalco, cuenta de enero a julio de 2019, con 67 alumnos vinculados al empleo, y para incrementar este n\u00famero, el Director General del ICATI ofreci\u00f3 a los integrantes del&nbsp; Comit\u00e9, que los programas de estudio de las EDAYO puedan adecuarse para atender requerimientos espec\u00edficos, dependiendo de la vocaci\u00f3n econ\u00f3mica de cada regi\u00f3n.<\/p>\n\n\n\n<p>Esto porque el Gobernador Alfredo Del Mazo Maza est\u00e1 impulsando una estrategia sobre este tema, que contempla la vinculaci\u00f3n de los alumnos con el sector empresarial.<\/p>\n\n\n\n<p>Asimismo, a\u00f1adi\u00f3 que, a trav\u00e9s de la Secretar\u00eda del Trabajo, a los alumnos interesados en el emprendimiento, se les da el acompa\u00f1amiento y la asesor\u00eda necesaria, para que inicien un negocio con el otorgamiento de herramientas, equipos para la elaboraci\u00f3n de productos e incluso con financiamiento.<\/p>\n","protected":false},"excerpt":{"rendered":"<p>El Comit\u00e9 de Vinculaci\u00f3n de la Escuela de Artes y Oficios (EDAYO) de Chalco sesion\u00f3 por tercera ocasi\u00f3n en lo que va del a\u00f1o, donde se revis\u00f3 la oferta de capacitaci\u00f3n de este plantel para que las 12 \u00e1reas que se imparten, atiendan las necesidades de la fuerza productiva que requieren los empresarios y empleadores, y sea m\u00e1s f\u00e1cil para los egresados insertarse al mercado de trabajo de la regi\u00f3n, evitando grandes traslados a los centros de trabajo. Esta reuni\u00f3n forma parte de la interacci\u00f3n que promueve el Gobierno estatal&hellip;<\/p>\n","protected":false},"author":1,"featured_media":288,"comment_status":"open","ping_status":"open","sticky":false,"template":"","format":"standard","meta":{"footnotes":""},"categories":[5,1],"tags":[],"class_list":["post-287","post","type-post","status-publish","format-standard","has-post-thumbnail","hentry","category-cultura","category-sociedad"],"yoast_head":"<!-- This site is optimized with the Yoast SEO plugin v24.9 - https:\/\/yoast.com\/wordpress\/plugins\/seo\/ -->\n<title>BUSCA EDAYO CHALCO MAYOR VINCULACI\u00d3N ENTRE SUS ALUMNOS Y EL MERCADO LABORAL - 21 Panorama<\/title>\n<meta name=\"robots\" content=\"index, follow, max-snippet:-1, max-image-preview:large, max-video-preview:-1\" \/>\n<link rel=\"canonical\" href=\"https:\/\/21panorama.com\/index.php\/2019\/08\/26\/busca-edayo-chalco-mayor-vinculacion-entre-sus-alumnos-y-el-mercado-laboral\/\" \/>\n<meta property=\"og:locale\" content=\"es_MX\" \/>\n<meta property=\"og:type\" content=\"article\" \/>\n<meta property=\"og:title\" content=\"BUSCA EDAYO CHALCO MAYOR VINCULACI\u00d3N ENTRE SUS ALUMNOS Y EL MERCADO LABORAL - 21 Panorama\" \/>\n<meta property=\"og:description\" content=\"El Comit\u00e9 de Vinculaci\u00f3n de la Escuela de Artes y Oficios (EDAYO) de Chalco sesion\u00f3 por tercera ocasi\u00f3n en lo que va del a\u00f1o, donde se revis\u00f3 la oferta de capacitaci\u00f3n de este plantel para que las 12 \u00e1reas que se imparten, atiendan las necesidades de la fuerza productiva que requieren los empresarios y empleadores, y sea m\u00e1s f\u00e1cil para los egresados insertarse al mercado de trabajo de la regi\u00f3n, evitando grandes traslados a los centros de trabajo. Esta reuni\u00f3n forma parte de la interacci\u00f3n que promueve el Gobierno estatal&hellip;\" \/>\n<meta property=\"og:url\" content=\"https:\/\/21panorama.com\/index.php\/2019\/08\/26\/busca-edayo-chalco-mayor-vinculacion-entre-sus-alumnos-y-el-mercado-laboral\/\" \/>\n<meta property=\"og:site_name\" content=\"21 Panorama\" \/>\n<meta property=\"article:published_time\" content=\"2019-08-26T14:46:55+00:00\" \/>\n<meta property=\"article:modified_time\" content=\"2019-08-27T02:51:07+00:00\" \/>\n<meta property=\"og:image\" content=\"https:\/\/21panorama.com\/wp-content\/uploads\/2019\/08\/w2_8755_1.jpg\" \/>\n\t<meta property=\"og:image:width\" content=\"1280\" \/>\n\t<meta property=\"og:image:height\" content=\"721\" \/>\n\t<meta property=\"og:image:type\" content=\"image\/jpeg\" \/>\n<meta name=\"author\" content=\"admin\" \/>\n<meta name=\"twitter:card\" content=\"summary_large_image\" \/>\n<meta name=\"twitter:label1\" content=\"Escrito por\" \/>\n\t<meta name=\"twitter:data1\" content=\"admin\" \/>\n\t<meta name=\"twitter:label2\" content=\"Tiempo de lectura\" \/>\n\t<meta name=\"twitter:data2\" content=\"3 minutos\" \/>\n<script type=\"application\/ld+json\" class=\"yoast-schema-graph\">{\"@context\":\"https:\/\/schema.org\",\"@graph\":[{\"@type\":\"Article\",\"@id\":\"https:\/\/21panorama.com\/index.php\/2019\/08\/26\/busca-edayo-chalco-mayor-vinculacion-entre-sus-alumnos-y-el-mercado-laboral\/#article\",\"isPartOf\":{\"@id\":\"https:\/\/21panorama.com\/index.php\/2019\/08\/26\/busca-edayo-chalco-mayor-vinculacion-entre-sus-alumnos-y-el-mercado-laboral\/\"},\"author\":{\"name\":\"admin\",\"@id\":\"https:\/\/21panorama.com\/#\/schema\/person\/1afc291b96d5792a158768324287319f\"},\"headline\":\"BUSCA EDAYO CHALCO MAYOR VINCULACI\u00d3N ENTRE SUS ALUMNOS Y EL MERCADO LABORAL\",\"datePublished\":\"2019-08-26T14:46:55+00:00\",\"dateModified\":\"2019-08-27T02:51:07+00:00\",\"mainEntityOfPage\":{\"@id\":\"https:\/\/21panorama.com\/index.php\/2019\/08\/26\/busca-edayo-chalco-mayor-vinculacion-entre-sus-alumnos-y-el-mercado-laboral\/\"},\"wordCount\":534,\"commentCount\":0,\"publisher\":{\"@id\":\"https:\/\/21panorama.com\/#organization\"},\"image\":{\"@id\":\"https:\/\/21panorama.com\/index.php\/2019\/08\/26\/busca-edayo-chalco-mayor-vinculacion-entre-sus-alumnos-y-el-mercado-laboral\/#primaryimage\"},\"thumbnailUrl\":\"https:\/\/21panorama.com\/wp-content\/uploads\/2019\/08\/w2_8755_1.jpg\",\"articleSection\":[\"Cultura\",\"Sociedad\"],\"inLanguage\":\"es\",\"potentialAction\":[{\"@type\":\"CommentAction\",\"name\":\"Comment\",\"target\":[\"https:\/\/21panorama.com\/index.php\/2019\/08\/26\/busca-edayo-chalco-mayor-vinculacion-entre-sus-alumnos-y-el-mercado-laboral\/#respond\"]}]},{\"@type\":\"WebPage\",\"@id\":\"https:\/\/21panorama.com\/index.php\/2019\/08\/26\/busca-edayo-chalco-mayor-vinculacion-entre-sus-alumnos-y-el-mercado-laboral\/\",\"url\":\"https:\/\/21panorama.com\/index.php\/2019\/08\/26\/busca-edayo-chalco-mayor-vinculacion-entre-sus-alumnos-y-el-mercado-laboral\/\",\"name\":\"BUSCA EDAYO CHALCO MAYOR VINCULACI\u00d3N ENTRE SUS ALUMNOS Y EL MERCADO LABORAL - 21 Panorama\",\"isPartOf\":{\"@id\":\"https:\/\/21panorama.com\/#website\"},\"primaryImageOfPage\":{\"@id\":\"https:\/\/21panorama.com\/index.php\/2019\/08\/26\/busca-edayo-chalco-mayor-vinculacion-entre-sus-alumnos-y-el-mercado-laboral\/#primaryimage\"},\"image\":{\"@id\":\"https:\/\/21panorama.com\/index.php\/2019\/08\/26\/busca-edayo-chalco-mayor-vinculacion-entre-sus-alumnos-y-el-mercado-laboral\/#primaryimage\"},\"thumbnailUrl\":\"https:\/\/21panorama.com\/wp-content\/uploads\/2019\/08\/w2_8755_1.jpg\",\"datePublished\":\"2019-08-26T14:46:55+00:00\",\"dateModified\":\"2019-08-27T02:51:07+00:00\",\"breadcrumb\":{\"@id\":\"https:\/\/21panorama.com\/index.php\/2019\/08\/26\/busca-edayo-chalco-mayor-vinculacion-entre-sus-alumnos-y-el-mercado-laboral\/#breadcrumb\"},\"inLanguage\":\"es\",\"potentialAction\":[{\"@type\":\"ReadAction\",\"target\":[\"https:\/\/21panorama.com\/index.php\/2019\/08\/26\/busca-edayo-chalco-mayor-vinculacion-entre-sus-alumnos-y-el-mercado-laboral\/\"]}]},{\"@type\":\"ImageObject\",\"inLanguage\":\"es\",\"@id\":\"https:\/\/21panorama.com\/index.php\/2019\/08\/26\/busca-edayo-chalco-mayor-vinculacion-entre-sus-alumnos-y-el-mercado-laboral\/#primaryimage\",\"url\":\"https:\/\/21panorama.com\/wp-content\/uploads\/2019\/08\/w2_8755_1.jpg\",\"contentUrl\":\"https:\/\/21panorama.com\/wp-content\/uploads\/2019\/08\/w2_8755_1.jpg\",\"width\":1280,\"height\":721},{\"@type\":\"BreadcrumbList\",\"@id\":\"https:\/\/21panorama.com\/index.php\/2019\/08\/26\/busca-edayo-chalco-mayor-vinculacion-entre-sus-alumnos-y-el-mercado-laboral\/#breadcrumb\",\"itemListElement\":[{\"@type\":\"ListItem\",\"position\":1,\"name\":\"Inicio\",\"item\":\"https:\/\/21panorama.com\/\"},{\"@type\":\"ListItem\",\"position\":2,\"name\":\"BUSCA EDAYO CHALCO MAYOR VINCULACI\u00d3N ENTRE SUS ALUMNOS Y EL MERCADO LABORAL\"}]},{\"@type\":\"WebSite\",\"@id\":\"https:\/\/21panorama.com\/#website\",\"url\":\"https:\/\/21panorama.com\/\",\"name\":\"21 Panorama\",\"description\":\"La construcci\u00f3n de la opini\u00f3n p\u00fablica merece un mejor Panorama en este siglo 21 para alcanzar una sociedad con mayor transparencia y sin corrupci\u00f3n.\",\"publisher\":{\"@id\":\"https:\/\/21panorama.com\/#organization\"},\"potentialAction\":[{\"@type\":\"SearchAction\",\"target\":{\"@type\":\"EntryPoint\",\"urlTemplate\":\"https:\/\/21panorama.com\/?s={search_term_string}\"},\"query-input\":{\"@type\":\"PropertyValueSpecification\",\"valueRequired\":true,\"valueName\":\"search_term_string\"}}],\"inLanguage\":\"es\"},{\"@type\":\"Organization\",\"@id\":\"https:\/\/21panorama.com\/#organization\",\"name\":\"21 Panorama\",\"url\":\"https:\/\/21panorama.com\/\",\"logo\":{\"@type\":\"ImageObject\",\"inLanguage\":\"es\",\"@id\":\"https:\/\/21panorama.com\/#\/schema\/logo\/image\/\",\"url\":\"https:\/\/21panorama.com\/wp-content\/uploads\/2019\/07\/cropped-Logo-Panorama-01.jpeg\",\"contentUrl\":\"https:\/\/21panorama.com\/wp-content\/uploads\/2019\/07\/cropped-Logo-Panorama-01.jpeg\",\"width\":290,\"height\":70,\"caption\":\"21 Panorama\"},\"image\":{\"@id\":\"https:\/\/21panorama.com\/#\/schema\/logo\/image\/\"}},{\"@type\":\"Person\",\"@id\":\"https:\/\/21panorama.com\/#\/schema\/person\/1afc291b96d5792a158768324287319f\",\"name\":\"admin\",\"image\":{\"@type\":\"ImageObject\",\"inLanguage\":\"es\",\"@id\":\"https:\/\/21panorama.com\/#\/schema\/person\/image\/\",\"url\":\"https:\/\/secure.gravatar.com\/avatar\/ad365d9d9f46719215b0d042cc3df92a5a8683e09ef13d102233e5491985f0f0?s=96&d=mm&r=g\",\"contentUrl\":\"https:\/\/secure.gravatar.com\/avatar\/ad365d9d9f46719215b0d042cc3df92a5a8683e09ef13d102233e5491985f0f0?s=96&d=mm&r=g\",\"caption\":\"admin\"},\"url\":\"https:\/\/21panorama.com\/index.php\/author\/admin\/\"}]}<\/script>\n<!-- \/ Yoast SEO plugin. -->","yoast_head_json":{"title":"BUSCA EDAYO CHALCO MAYOR VINCULACI\u00d3N ENTRE SUS ALUMNOS Y EL MERCADO LABORAL - 21 Panorama","robots":{"index":"index","follow":"follow","max-snippet":"max-snippet:-1","max-image-preview":"max-image-preview:large","max-video-preview":"max-video-preview:-1"},"canonical":"https:\/\/21panorama.com\/index.php\/2019\/08\/26\/busca-edayo-chalco-mayor-vinculacion-entre-sus-alumnos-y-el-mercado-laboral\/","og_locale":"es_MX","og_type":"article","og_title":"BUSCA EDAYO CHALCO MAYOR VINCULACI\u00d3N ENTRE SUS ALUMNOS Y EL MERCADO LABORAL - 21 Panorama","og_description":"El Comit\u00e9 de Vinculaci\u00f3n de la Escuela de Artes y Oficios (EDAYO) de Chalco sesion\u00f3 por tercera ocasi\u00f3n en lo que va del a\u00f1o, donde se revis\u00f3 la oferta de capacitaci\u00f3n de este plantel para que las 12 \u00e1reas que se imparten, atiendan las necesidades de la fuerza productiva que requieren los empresarios y empleadores, y sea m\u00e1s f\u00e1cil para los egresados insertarse al mercado de trabajo de la regi\u00f3n, evitando grandes traslados a los centros de trabajo. Esta reuni\u00f3n forma parte de la interacci\u00f3n que promueve el Gobierno estatal&hellip;","og_url":"https:\/\/21panorama.com\/index.php\/2019\/08\/26\/busca-edayo-chalco-mayor-vinculacion-entre-sus-alumnos-y-el-mercado-laboral\/","og_site_name":"21 Panorama","article_published_time":"2019-08-26T14:46:55+00:00","article_modified_time":"2019-08-27T02:51:07+00:00","og_image":[{"width":1280,"height":721,"url":"https:\/\/21panorama.com\/wp-content\/uploads\/2019\/08\/w2_8755_1.jpg","type":"image\/jpeg"}],"author":"admin","twitter_card":"summary_large_image","twitter_misc":{"Escrito por":"admin","Tiempo de lectura":"3 minutos"},"schema":{"@context":"https:\/\/schema.org","@graph":[{"@type":"Article","@id":"https:\/\/21panorama.com\/index.php\/2019\/08\/26\/busca-edayo-chalco-mayor-vinculacion-entre-sus-alumnos-y-el-mercado-laboral\/#article","isPartOf":{"@id":"https:\/\/21panorama.com\/index.php\/2019\/08\/26\/busca-edayo-chalco-mayor-vinculacion-entre-sus-alumnos-y-el-mercado-laboral\/"},"author":{"name":"admin","@id":"https:\/\/21panorama.com\/#\/schema\/person\/1afc291b96d5792a158768324287319f"},"headline":"BUSCA EDAYO CHALCO MAYOR VINCULACI\u00d3N ENTRE SUS ALUMNOS Y EL MERCADO LABORAL","datePublished":"2019-08-26T14:46:55+00:00","dateModified":"2019-08-27T02:51:07+00:00","mainEntityOfPage":{"@id":"https:\/\/21panorama.com\/index.php\/2019\/08\/26\/busca-edayo-chalco-mayor-vinculacion-entre-sus-alumnos-y-el-mercado-laboral\/"},"wordCount":534,"commentCount":0,"publisher":{"@id":"https:\/\/21panorama.com\/#organization"},"image":{"@id":"https:\/\/21panorama.com\/index.php\/2019\/08\/26\/busca-edayo-chalco-mayor-vinculacion-entre-sus-alumnos-y-el-mercado-laboral\/#primaryimage"},"thumbnailUrl":"https:\/\/21panorama.com\/wp-content\/uploads\/2019\/08\/w2_8755_1.jpg","articleSection":["Cultura","Sociedad"],"inLanguage":"es","potentialAction":[{"@type":"CommentAction","name":"Comment","target":["https:\/\/21panorama.com\/index.php\/2019\/08\/26\/busca-edayo-chalco-mayor-vinculacion-entre-sus-alumnos-y-el-mercado-laboral\/#respond"]}]},{"@type":"WebPage","@id":"https:\/\/21panorama.com\/index.php\/2019\/08\/26\/busca-edayo-chalco-mayor-vinculacion-entre-sus-alumnos-y-el-mercado-laboral\/","url":"https:\/\/21panorama.com\/index.php\/2019\/08\/26\/busca-edayo-chalco-mayor-vinculacion-entre-sus-alumnos-y-el-mercado-laboral\/","name":"BUSCA EDAYO CHALCO MAYOR VINCULACI\u00d3N ENTRE SUS ALUMNOS Y EL MERCADO LABORAL - 21 Panorama","isPartOf":{"@id":"https:\/\/21panorama.com\/#website"},"primaryImageOfPage":{"@id":"https:\/\/21panorama.com\/index.php\/2019\/08\/26\/busca-edayo-chalco-mayor-vinculacion-entre-sus-alumnos-y-el-mercado-laboral\/#primaryimage"},"image":{"@id":"https:\/\/21panorama.com\/index.php\/2019\/08\/26\/busca-edayo-chalco-mayor-vinculacion-entre-sus-alumnos-y-el-mercado-laboral\/#primaryimage"},"thumbnailUrl":"https:\/\/21panorama.com\/wp-content\/uploads\/2019\/08\/w2_8755_1.jpg","datePublished":"2019-08-26T14:46:55+00:00","dateModified":"2019-08-27T02:51:07+00:00","breadcrumb":{"@id":"https:\/\/21panorama.com\/index.php\/2019\/08\/26\/busca-edayo-chalco-mayor-vinculacion-entre-sus-alumnos-y-el-mercado-laboral\/#breadcrumb"},"inLanguage":"es","potentialAction":[{"@type":"ReadAction","target":["https:\/\/21panorama.com\/index.php\/2019\/08\/26\/busca-edayo-chalco-mayor-vinculacion-entre-sus-alumnos-y-el-mercado-laboral\/"]}]},{"@type":"ImageObject","inLanguage":"es","@id":"https:\/\/21panorama.com\/index.php\/2019\/08\/26\/busca-edayo-chalco-mayor-vinculacion-entre-sus-alumnos-y-el-mercado-laboral\/#primaryimage","url":"https:\/\/21panorama.com\/wp-content\/uploads\/2019\/08\/w2_8755_1.jpg","contentUrl":"https:\/\/21panorama.com\/wp-content\/uploads\/2019\/08\/w2_8755_1.jpg","width":1280,"height":721},{"@type":"BreadcrumbList","@id":"https:\/\/21panorama.com\/index.php\/2019\/08\/26\/busca-edayo-chalco-mayor-vinculacion-entre-sus-alumnos-y-el-mercado-laboral\/#breadcrumb","itemListElement":[{"@type":"ListItem","position":1,"name":"Inicio","item":"https:\/\/21panorama.com\/"},{"@type":"ListItem","position":2,"name":"BUSCA EDAYO CHALCO MAYOR VINCULACI\u00d3N ENTRE SUS ALUMNOS Y EL MERCADO LABORAL"}]},{"@type":"WebSite","@id":"https:\/\/21panorama.com\/#website","url":"https:\/\/21panorama.com\/","name":"21 Panorama","description":"La construcci\u00f3n de la opini\u00f3n p\u00fablica merece un mejor Panorama en este siglo 21 para alcanzar una sociedad con mayor transparencia y sin corrupci\u00f3n.","publisher":{"@id":"https:\/\/21panorama.com\/#organization"},"potentialAction":[{"@type":"SearchAction","target":{"@type":"EntryPoint","urlTemplate":"https:\/\/21panorama.com\/?s={search_term_string}"},"query-input":{"@type":"PropertyValueSpecification","valueRequired":true,"valueName":"search_term_string"}}],"inLanguage":"es"},{"@type":"Organization","@id":"https:\/\/21panorama.com\/#organization","name":"21 Panorama","url":"https:\/\/21panorama.com\/","logo":{"@type":"ImageObject","inLanguage":"es","@id":"https:\/\/21panorama.com\/#\/schema\/logo\/image\/","url":"https:\/\/21panorama.com\/wp-content\/uploads\/2019\/07\/cropped-Logo-Panorama-01.jpeg","contentUrl":"https:\/\/21panorama.com\/wp-content\/uploads\/2019\/07\/cropped-Logo-Panorama-01.jpeg","width":290,"height":70,"caption":"21 Panorama"},"image":{"@id":"https:\/\/21panorama.com\/#\/schema\/logo\/image\/"}},{"@type":"Person","@id":"https:\/\/21panorama.com\/#\/schema\/person\/1afc291b96d5792a158768324287319f","name":"admin","image":{"@type":"ImageObject","inLanguage":"es","@id":"https:\/\/21panorama.com\/#\/schema\/person\/image\/","url":"https:\/\/secure.gravatar.com\/avatar\/ad365d9d9f46719215b0d042cc3df92a5a8683e09ef13d102233e5491985f0f0?s=96&d=mm&r=g","contentUrl":"https:\/\/secure.gravatar.com\/avatar\/ad365d9d9f46719215b0d042cc3df92a5a8683e09ef13d102233e5491985f0f0?s=96&d=mm&r=g","caption":"admin"},"url":"https:\/\/21panorama.com\/index.php\/author\/admin\/"}]}},"_links":{"self":[{"href":"https:\/\/21panorama.com\/index.php\/wp-json\/wp\/v2\/posts\/287","targetHints":{"allow":["GET"]}}],"collection":[{"href":"https:\/\/21panorama.com\/index.php\/wp-json\/wp\/v2\/posts"}],"about":[{"href":"https:\/\/21panorama.com\/index.php\/wp-json\/wp\/v2\/types\/post"}],"author":[{"embeddable":true,"href":"https:\/\/21panorama.com\/index.php\/wp-json\/wp\/v2\/users\/1"}],"replies":[{"embeddable":true,"href":"https:\/\/21panorama.com\/index.php\/wp-json\/wp\/v2\/comments?post=287"}],"version-history":[{"count":1,"href":"https:\/\/21panorama.com\/index.php\/wp-json\/wp\/v2\/posts\/287\/revisions"}],"predecessor-version":[{"id":289,"href":"https:\/\/21panorama.com\/index.php\/wp-json\/wp\/v2\/posts\/287\/revisions\/289"}],"wp:featuredmedia":[{"embeddable":true,"href":"https:\/\/21panorama.com\/index.php\/wp-json\/wp\/v2\/media\/288"}],"wp:attachment":[{"href":"https:\/\/21panorama.com\/index.php\/wp-json\/wp\/v2\/media?parent=287"}],"wp:term":[{"taxonomy":"category","embeddable":true,"href":"https:\/\/21panorama.com\/index.php\/wp-json\/wp\/v2\/categories?post=287"},{"taxonomy":"post_tag","embeddable":true,"href":"https:\/\/21panorama.com\/index.php\/wp-json\/wp\/v2\/tags?post=287"}],"curies":[{"name":"wp","href":"https:\/\/api.w.org\/{rel}","templated":true}]}}