{"id":2869,"date":"2021-12-30T21:45:09","date_gmt":"2021-12-31T03:45:09","guid":{"rendered":"https:\/\/21panorama.com\/?p=2869"},"modified":"2021-12-30T21:45:10","modified_gmt":"2021-12-31T03:45:10","slug":"destapa-anthony-a-delfina-gomez-como-el-mejor-perfil-a-la-gubernatura-del-edomex","status":"publish","type":"post","link":"https:\/\/21panorama.com\/index.php\/2021\/12\/30\/destapa-anthony-a-delfina-gomez-como-el-mejor-perfil-a-la-gubernatura-del-edomex\/","title":{"rendered":"DESTAPA ANTHONY A DELFINA G\u00d3MEZ COMO EL MEJOR PERFIL A LA GUBERNATURA DEL EDOMEX"},"content":{"rendered":"\n<p>En Tejupilco que fue tierra de la familia Hidalgo y Costilla, el alcalde Anthony Dom\u00ednguez Vargas, destap\u00f3 el mejor perfil que podr\u00eda tener Morena de cara a una candidatura para las elecciones de gobernador en el 2023.<\/p>\n\n\n\n<p>En su discurso que utiliz\u00f3 para la entrega de la casa reconstruida de la<br>familia que tuvo el cura Miguel Hidalgo y Costilla, estableci\u00f3 que sin temor a dudas una mujer debe encabezar la llegada de la cuarta transformaci\u00f3n al gobierno del Estado de M\u00e9xico.<\/p>\n\n\n\n<p>Ante la secretaria de Educaci\u00f3n P\u00fablica, Delfina G\u00f3mez \u00c1lvarez, el presidente municipal dijo que ya es la hora de que una mujer de la<br>Cuarta Transformaci\u00f3n llegue a cambiar las cosas en el Edomex.<\/p>\n\n\n\n<p>\u201cNuestro Estado de M\u00e9xico tomar\u00e1 la bandera de la cuarta transformaci\u00f3n para que se acabe con la corrupci\u00f3n en la entidad, con el abuso de poder y la familiaridad en el gobierno\u201d, sostuvo en el acto.<\/p>\n\n\n\n<p>Le apostamos a lograr la cuarta transformaci\u00f3n con una persona que tenga la vocaci\u00f3n del servicio y la humildad con la que conduzca sus acciones, adem\u00e1s que conozca bien el Estado de M\u00e9xico, puntualiz\u00f3.<\/p>\n\n\n\n<p>En torno a la casa reconstruida de la familia Hidalgo y Costilla, record\u00f3 que en este municipio naci\u00f3 Cristobal Hidalgo y en su madurez sali\u00f3 de Tejupilco hacia la hacienda de Corralejo en Guanajuato donde fue administrador.<\/p>\n\n\n\n<p>\u201cEstamos haciendo historia al entregar a nuestro pa\u00eds el Museo que hoy recuperamos y que ser\u00e1 un gran atractivo hist\u00f3rico, educativo y tur\u00edstico\u201d, dijo el alcalde al destacar que en este espacio se podr\u00e1 apreciar las actas de bautismo y el \u00e1rbol geneal\u00f3gico del Padre de la Patria.<\/p>\n\n\n\n<p>Al cerrar con broche de oro la gesti\u00f3n municipal entregamos un patrimonio para la cultura del municipio y seguiremos apoyando la cuarta transformaci\u00f3n en el Pa\u00eds.<\/p>\n\n\n\n<figure class=\"wp-block-gallery columns-2 is-cropped wp-block-gallery-1 is-layout-flex wp-block-gallery-is-layout-flex\"><ul class=\"blocks-gallery-grid\"><li class=\"blocks-gallery-item\"><figure><img decoding=\"async\" width=\"768\" height=\"1024\" src=\"https:\/\/21panorama.com\/wp-content\/uploads\/2021\/12\/df4f119d-b284-48f9-8da4-5957ac7a0070.jpeg\" alt=\"\" data-id=\"2871\" data-link=\"https:\/\/21panorama.com\/?attachment_id=2871\" class=\"wp-image-2871\" srcset=\"https:\/\/21panorama.com\/wp-content\/uploads\/2021\/12\/df4f119d-b284-48f9-8da4-5957ac7a0070.jpeg 768w, https:\/\/21panorama.com\/wp-content\/uploads\/2021\/12\/df4f119d-b284-48f9-8da4-5957ac7a0070-225x300.jpeg 225w\" sizes=\"(max-width: 768px) 100vw, 768px\" \/><\/figure><\/li><li class=\"blocks-gallery-item\"><figure><img decoding=\"async\" width=\"1024\" height=\"768\" src=\"https:\/\/21panorama.com\/wp-content\/uploads\/2021\/12\/614c3e0b-02c9-4ee8-a3e7-f9a05bcff4f5.jpeg\" alt=\"\" data-id=\"2872\" data-full-url=\"https:\/\/21panorama.com\/wp-content\/uploads\/2021\/12\/614c3e0b-02c9-4ee8-a3e7-f9a05bcff4f5.jpeg\" data-link=\"https:\/\/21panorama.com\/?attachment_id=2872\" class=\"wp-image-2872\" srcset=\"https:\/\/21panorama.com\/wp-content\/uploads\/2021\/12\/614c3e0b-02c9-4ee8-a3e7-f9a05bcff4f5.jpeg 1024w, https:\/\/21panorama.com\/wp-content\/uploads\/2021\/12\/614c3e0b-02c9-4ee8-a3e7-f9a05bcff4f5-300x225.jpeg 300w, https:\/\/21panorama.com\/wp-content\/uploads\/2021\/12\/614c3e0b-02c9-4ee8-a3e7-f9a05bcff4f5-768x576.jpeg 768w\" sizes=\"(max-width: 1024px) 100vw, 1024px\" \/><\/figure><\/li><\/ul><\/figure>\n","protected":false},"excerpt":{"rendered":"<p>En Tejupilco que fue tierra de la familia Hidalgo y Costilla, el alcalde Anthony Dom\u00ednguez Vargas, destap\u00f3 el mejor perfil que podr\u00eda tener Morena de cara a una candidatura para las elecciones de gobernador en el 2023.<\/p>\n","protected":false},"author":1,"featured_media":2870,"comment_status":"open","ping_status":"open","sticky":false,"template":"","format":"standard","meta":{"footnotes":""},"categories":[12],"tags":[237],"class_list":["post-2869","post","type-post","status-publish","format-standard","has-post-thumbnail","hentry","category-politica","tag-tejupilco"],"yoast_head":"<!-- This site is optimized with the Yoast SEO plugin v24.9 - https:\/\/yoast.com\/wordpress\/plugins\/seo\/ -->\n<title>DESTAPA ANTHONY A DELFINA G\u00d3MEZ COMO EL MEJOR PERFIL A LA GUBERNATURA DEL EDOMEX - 21 Panorama<\/title>\n<meta name=\"robots\" content=\"index, follow, max-snippet:-1, max-image-preview:large, max-video-preview:-1\" \/>\n<link rel=\"canonical\" href=\"https:\/\/21panorama.com\/index.php\/2021\/12\/30\/destapa-anthony-a-delfina-gomez-como-el-mejor-perfil-a-la-gubernatura-del-edomex\/\" \/>\n<meta property=\"og:locale\" content=\"es_MX\" \/>\n<meta property=\"og:type\" content=\"article\" \/>\n<meta property=\"og:title\" content=\"DESTAPA ANTHONY A DELFINA G\u00d3MEZ COMO EL MEJOR PERFIL A LA GUBERNATURA DEL EDOMEX - 21 Panorama\" \/>\n<meta property=\"og:description\" content=\"En Tejupilco que fue tierra de la familia Hidalgo y Costilla, el alcalde Anthony Dom\u00ednguez Vargas, destap\u00f3 el mejor perfil que podr\u00eda tener Morena de cara a una candidatura para las elecciones de gobernador en el 2023.\" \/>\n<meta property=\"og:url\" content=\"https:\/\/21panorama.com\/index.php\/2021\/12\/30\/destapa-anthony-a-delfina-gomez-como-el-mejor-perfil-a-la-gubernatura-del-edomex\/\" \/>\n<meta property=\"og:site_name\" content=\"21 Panorama\" \/>\n<meta property=\"article:published_time\" content=\"2021-12-31T03:45:09+00:00\" \/>\n<meta property=\"article:modified_time\" content=\"2021-12-31T03:45:10+00:00\" \/>\n<meta property=\"og:image\" content=\"https:\/\/21panorama.com\/wp-content\/uploads\/2021\/12\/f31f58fc-1c3e-4fa5-9aa7-d5e05e1c4c31.jpeg\" \/>\n\t<meta property=\"og:image:width\" content=\"1024\" \/>\n\t<meta property=\"og:image:height\" content=\"768\" \/>\n\t<meta property=\"og:image:type\" content=\"image\/jpeg\" \/>\n<meta name=\"author\" content=\"admin\" \/>\n<meta name=\"twitter:card\" content=\"summary_large_image\" \/>\n<meta name=\"twitter:label1\" content=\"Escrito por\" \/>\n\t<meta name=\"twitter:data1\" content=\"admin\" \/>\n\t<meta name=\"twitter:label2\" content=\"Tiempo de lectura\" \/>\n\t<meta name=\"twitter:data2\" content=\"2 minutos\" \/>\n<script type=\"application\/ld+json\" class=\"yoast-schema-graph\">{\"@context\":\"https:\/\/schema.org\",\"@graph\":[{\"@type\":\"Article\",\"@id\":\"https:\/\/21panorama.com\/index.php\/2021\/12\/30\/destapa-anthony-a-delfina-gomez-como-el-mejor-perfil-a-la-gubernatura-del-edomex\/#article\",\"isPartOf\":{\"@id\":\"https:\/\/21panorama.com\/index.php\/2021\/12\/30\/destapa-anthony-a-delfina-gomez-como-el-mejor-perfil-a-la-gubernatura-del-edomex\/\"},\"author\":{\"name\":\"admin\",\"@id\":\"https:\/\/21panorama.com\/#\/schema\/person\/1afc291b96d5792a158768324287319f\"},\"headline\":\"DESTAPA ANTHONY A DELFINA G\u00d3MEZ COMO EL MEJOR PERFIL A LA GUBERNATURA DEL EDOMEX\",\"datePublished\":\"2021-12-31T03:45:09+00:00\",\"dateModified\":\"2021-12-31T03:45:10+00:00\",\"mainEntityOfPage\":{\"@id\":\"https:\/\/21panorama.com\/index.php\/2021\/12\/30\/destapa-anthony-a-delfina-gomez-como-el-mejor-perfil-a-la-gubernatura-del-edomex\/\"},\"wordCount\":331,\"commentCount\":0,\"publisher\":{\"@id\":\"https:\/\/21panorama.com\/#organization\"},\"image\":{\"@id\":\"https:\/\/21panorama.com\/index.php\/2021\/12\/30\/destapa-anthony-a-delfina-gomez-como-el-mejor-perfil-a-la-gubernatura-del-edomex\/#primaryimage\"},\"thumbnailUrl\":\"https:\/\/21panorama.com\/wp-content\/uploads\/2021\/12\/f31f58fc-1c3e-4fa5-9aa7-d5e05e1c4c31.jpeg\",\"keywords\":[\"TEJUPILCO\"],\"articleSection\":[\"Politica\"],\"inLanguage\":\"es\",\"potentialAction\":[{\"@type\":\"CommentAction\",\"name\":\"Comment\",\"target\":[\"https:\/\/21panorama.com\/index.php\/2021\/12\/30\/destapa-anthony-a-delfina-gomez-como-el-mejor-perfil-a-la-gubernatura-del-edomex\/#respond\"]}]},{\"@type\":\"WebPage\",\"@id\":\"https:\/\/21panorama.com\/index.php\/2021\/12\/30\/destapa-anthony-a-delfina-gomez-como-el-mejor-perfil-a-la-gubernatura-del-edomex\/\",\"url\":\"https:\/\/21panorama.com\/index.php\/2021\/12\/30\/destapa-anthony-a-delfina-gomez-como-el-mejor-perfil-a-la-gubernatura-del-edomex\/\",\"name\":\"DESTAPA ANTHONY A DELFINA G\u00d3MEZ COMO EL MEJOR PERFIL A LA GUBERNATURA DEL EDOMEX - 21 Panorama\",\"isPartOf\":{\"@id\":\"https:\/\/21panorama.com\/#website\"},\"primaryImageOfPage\":{\"@id\":\"https:\/\/21panorama.com\/index.php\/2021\/12\/30\/destapa-anthony-a-delfina-gomez-como-el-mejor-perfil-a-la-gubernatura-del-edomex\/#primaryimage\"},\"image\":{\"@id\":\"https:\/\/21panorama.com\/index.php\/2021\/12\/30\/destapa-anthony-a-delfina-gomez-como-el-mejor-perfil-a-la-gubernatura-del-edomex\/#primaryimage\"},\"thumbnailUrl\":\"https:\/\/21panorama.com\/wp-content\/uploads\/2021\/12\/f31f58fc-1c3e-4fa5-9aa7-d5e05e1c4c31.jpeg\",\"datePublished\":\"2021-12-31T03:45:09+00:00\",\"dateModified\":\"2021-12-31T03:45:10+00:00\",\"breadcrumb\":{\"@id\":\"https:\/\/21panorama.com\/index.php\/2021\/12\/30\/destapa-anthony-a-delfina-gomez-como-el-mejor-perfil-a-la-gubernatura-del-edomex\/#breadcrumb\"},\"inLanguage\":\"es\",\"potentialAction\":[{\"@type\":\"ReadAction\",\"target\":[\"https:\/\/21panorama.com\/index.php\/2021\/12\/30\/destapa-anthony-a-delfina-gomez-como-el-mejor-perfil-a-la-gubernatura-del-edomex\/\"]}]},{\"@type\":\"ImageObject\",\"inLanguage\":\"es\",\"@id\":\"https:\/\/21panorama.com\/index.php\/2021\/12\/30\/destapa-anthony-a-delfina-gomez-como-el-mejor-perfil-a-la-gubernatura-del-edomex\/#primaryimage\",\"url\":\"https:\/\/21panorama.com\/wp-content\/uploads\/2021\/12\/f31f58fc-1c3e-4fa5-9aa7-d5e05e1c4c31.jpeg\",\"contentUrl\":\"https:\/\/21panorama.com\/wp-content\/uploads\/2021\/12\/f31f58fc-1c3e-4fa5-9aa7-d5e05e1c4c31.jpeg\",\"width\":1024,\"height\":768},{\"@type\":\"BreadcrumbList\",\"@id\":\"https:\/\/21panorama.com\/index.php\/2021\/12\/30\/destapa-anthony-a-delfina-gomez-como-el-mejor-perfil-a-la-gubernatura-del-edomex\/#breadcrumb\",\"itemListElement\":[{\"@type\":\"ListItem\",\"position\":1,\"name\":\"Inicio\",\"item\":\"https:\/\/21panorama.com\/\"},{\"@type\":\"ListItem\",\"position\":2,\"name\":\"DESTAPA ANTHONY A DELFINA G\u00d3MEZ COMO EL MEJOR PERFIL A LA GUBERNATURA DEL EDOMEX\"}]},{\"@type\":\"WebSite\",\"@id\":\"https:\/\/21panorama.com\/#website\",\"url\":\"https:\/\/21panorama.com\/\",\"name\":\"21 Panorama\",\"description\":\"La construcci\u00f3n de la opini\u00f3n p\u00fablica merece un mejor Panorama en este siglo 21 para alcanzar una sociedad con mayor transparencia y sin corrupci\u00f3n.\",\"publisher\":{\"@id\":\"https:\/\/21panorama.com\/#organization\"},\"potentialAction\":[{\"@type\":\"SearchAction\",\"target\":{\"@type\":\"EntryPoint\",\"urlTemplate\":\"https:\/\/21panorama.com\/?s={search_term_string}\"},\"query-input\":{\"@type\":\"PropertyValueSpecification\",\"valueRequired\":true,\"valueName\":\"search_term_string\"}}],\"inLanguage\":\"es\"},{\"@type\":\"Organization\",\"@id\":\"https:\/\/21panorama.com\/#organization\",\"name\":\"21 Panorama\",\"url\":\"https:\/\/21panorama.com\/\",\"logo\":{\"@type\":\"ImageObject\",\"inLanguage\":\"es\",\"@id\":\"https:\/\/21panorama.com\/#\/schema\/logo\/image\/\",\"url\":\"https:\/\/21panorama.com\/wp-content\/uploads\/2019\/07\/cropped-Logo-Panorama-01.jpeg\",\"contentUrl\":\"https:\/\/21panorama.com\/wp-content\/uploads\/2019\/07\/cropped-Logo-Panorama-01.jpeg\",\"width\":290,\"height\":70,\"caption\":\"21 Panorama\"},\"image\":{\"@id\":\"https:\/\/21panorama.com\/#\/schema\/logo\/image\/\"}},{\"@type\":\"Person\",\"@id\":\"https:\/\/21panorama.com\/#\/schema\/person\/1afc291b96d5792a158768324287319f\",\"name\":\"admin\",\"image\":{\"@type\":\"ImageObject\",\"inLanguage\":\"es\",\"@id\":\"https:\/\/21panorama.com\/#\/schema\/person\/image\/\",\"url\":\"https:\/\/secure.gravatar.com\/avatar\/ad365d9d9f46719215b0d042cc3df92a5a8683e09ef13d102233e5491985f0f0?s=96&d=mm&r=g\",\"contentUrl\":\"https:\/\/secure.gravatar.com\/avatar\/ad365d9d9f46719215b0d042cc3df92a5a8683e09ef13d102233e5491985f0f0?s=96&d=mm&r=g\",\"caption\":\"admin\"},\"url\":\"https:\/\/21panorama.com\/index.php\/author\/admin\/\"}]}<\/script>\n<!-- \/ Yoast SEO plugin. -->","yoast_head_json":{"title":"DESTAPA ANTHONY A DELFINA G\u00d3MEZ COMO EL MEJOR PERFIL A LA GUBERNATURA DEL EDOMEX - 21 Panorama","robots":{"index":"index","follow":"follow","max-snippet":"max-snippet:-1","max-image-preview":"max-image-preview:large","max-video-preview":"max-video-preview:-1"},"canonical":"https:\/\/21panorama.com\/index.php\/2021\/12\/30\/destapa-anthony-a-delfina-gomez-como-el-mejor-perfil-a-la-gubernatura-del-edomex\/","og_locale":"es_MX","og_type":"article","og_title":"DESTAPA ANTHONY A DELFINA G\u00d3MEZ COMO EL MEJOR PERFIL A LA GUBERNATURA DEL EDOMEX - 21 Panorama","og_description":"En Tejupilco que fue tierra de la familia Hidalgo y Costilla, el alcalde Anthony Dom\u00ednguez Vargas, destap\u00f3 el mejor perfil que podr\u00eda tener Morena de cara a una candidatura para las elecciones de gobernador en el 2023.","og_url":"https:\/\/21panorama.com\/index.php\/2021\/12\/30\/destapa-anthony-a-delfina-gomez-como-el-mejor-perfil-a-la-gubernatura-del-edomex\/","og_site_name":"21 Panorama","article_published_time":"2021-12-31T03:45:09+00:00","article_modified_time":"2021-12-31T03:45:10+00:00","og_image":[{"width":1024,"height":768,"url":"https:\/\/21panorama.com\/wp-content\/uploads\/2021\/12\/f31f58fc-1c3e-4fa5-9aa7-d5e05e1c4c31.jpeg","type":"image\/jpeg"}],"author":"admin","twitter_card":"summary_large_image","twitter_misc":{"Escrito por":"admin","Tiempo de lectura":"2 minutos"},"schema":{"@context":"https:\/\/schema.org","@graph":[{"@type":"Article","@id":"https:\/\/21panorama.com\/index.php\/2021\/12\/30\/destapa-anthony-a-delfina-gomez-como-el-mejor-perfil-a-la-gubernatura-del-edomex\/#article","isPartOf":{"@id":"https:\/\/21panorama.com\/index.php\/2021\/12\/30\/destapa-anthony-a-delfina-gomez-como-el-mejor-perfil-a-la-gubernatura-del-edomex\/"},"author":{"name":"admin","@id":"https:\/\/21panorama.com\/#\/schema\/person\/1afc291b96d5792a158768324287319f"},"headline":"DESTAPA ANTHONY A DELFINA G\u00d3MEZ COMO EL MEJOR PERFIL A LA GUBERNATURA DEL EDOMEX","datePublished":"2021-12-31T03:45:09+00:00","dateModified":"2021-12-31T03:45:10+00:00","mainEntityOfPage":{"@id":"https:\/\/21panorama.com\/index.php\/2021\/12\/30\/destapa-anthony-a-delfina-gomez-como-el-mejor-perfil-a-la-gubernatura-del-edomex\/"},"wordCount":331,"commentCount":0,"publisher":{"@id":"https:\/\/21panorama.com\/#organization"},"image":{"@id":"https:\/\/21panorama.com\/index.php\/2021\/12\/30\/destapa-anthony-a-delfina-gomez-como-el-mejor-perfil-a-la-gubernatura-del-edomex\/#primaryimage"},"thumbnailUrl":"https:\/\/21panorama.com\/wp-content\/uploads\/2021\/12\/f31f58fc-1c3e-4fa5-9aa7-d5e05e1c4c31.jpeg","keywords":["TEJUPILCO"],"articleSection":["Politica"],"inLanguage":"es","potentialAction":[{"@type":"CommentAction","name":"Comment","target":["https:\/\/21panorama.com\/index.php\/2021\/12\/30\/destapa-anthony-a-delfina-gomez-como-el-mejor-perfil-a-la-gubernatura-del-edomex\/#respond"]}]},{"@type":"WebPage","@id":"https:\/\/21panorama.com\/index.php\/2021\/12\/30\/destapa-anthony-a-delfina-gomez-como-el-mejor-perfil-a-la-gubernatura-del-edomex\/","url":"https:\/\/21panorama.com\/index.php\/2021\/12\/30\/destapa-anthony-a-delfina-gomez-como-el-mejor-perfil-a-la-gubernatura-del-edomex\/","name":"DESTAPA ANTHONY A DELFINA G\u00d3MEZ COMO EL MEJOR PERFIL A LA GUBERNATURA DEL EDOMEX - 21 Panorama","isPartOf":{"@id":"https:\/\/21panorama.com\/#website"},"primaryImageOfPage":{"@id":"https:\/\/21panorama.com\/index.php\/2021\/12\/30\/destapa-anthony-a-delfina-gomez-como-el-mejor-perfil-a-la-gubernatura-del-edomex\/#primaryimage"},"image":{"@id":"https:\/\/21panorama.com\/index.php\/2021\/12\/30\/destapa-anthony-a-delfina-gomez-como-el-mejor-perfil-a-la-gubernatura-del-edomex\/#primaryimage"},"thumbnailUrl":"https:\/\/21panorama.com\/wp-content\/uploads\/2021\/12\/f31f58fc-1c3e-4fa5-9aa7-d5e05e1c4c31.jpeg","datePublished":"2021-12-31T03:45:09+00:00","dateModified":"2021-12-31T03:45:10+00:00","breadcrumb":{"@id":"https:\/\/21panorama.com\/index.php\/2021\/12\/30\/destapa-anthony-a-delfina-gomez-como-el-mejor-perfil-a-la-gubernatura-del-edomex\/#breadcrumb"},"inLanguage":"es","potentialAction":[{"@type":"ReadAction","target":["https:\/\/21panorama.com\/index.php\/2021\/12\/30\/destapa-anthony-a-delfina-gomez-como-el-mejor-perfil-a-la-gubernatura-del-edomex\/"]}]},{"@type":"ImageObject","inLanguage":"es","@id":"https:\/\/21panorama.com\/index.php\/2021\/12\/30\/destapa-anthony-a-delfina-gomez-como-el-mejor-perfil-a-la-gubernatura-del-edomex\/#primaryimage","url":"https:\/\/21panorama.com\/wp-content\/uploads\/2021\/12\/f31f58fc-1c3e-4fa5-9aa7-d5e05e1c4c31.jpeg","contentUrl":"https:\/\/21panorama.com\/wp-content\/uploads\/2021\/12\/f31f58fc-1c3e-4fa5-9aa7-d5e05e1c4c31.jpeg","width":1024,"height":768},{"@type":"BreadcrumbList","@id":"https:\/\/21panorama.com\/index.php\/2021\/12\/30\/destapa-anthony-a-delfina-gomez-como-el-mejor-perfil-a-la-gubernatura-del-edomex\/#breadcrumb","itemListElement":[{"@type":"ListItem","position":1,"name":"Inicio","item":"https:\/\/21panorama.com\/"},{"@type":"ListItem","position":2,"name":"DESTAPA ANTHONY A DELFINA G\u00d3MEZ COMO EL MEJOR PERFIL A LA GUBERNATURA DEL EDOMEX"}]},{"@type":"WebSite","@id":"https:\/\/21panorama.com\/#website","url":"https:\/\/21panorama.com\/","name":"21 Panorama","description":"La construcci\u00f3n de la opini\u00f3n p\u00fablica merece un mejor Panorama en este siglo 21 para alcanzar una sociedad con mayor transparencia y sin corrupci\u00f3n.","publisher":{"@id":"https:\/\/21panorama.com\/#organization"},"potentialAction":[{"@type":"SearchAction","target":{"@type":"EntryPoint","urlTemplate":"https:\/\/21panorama.com\/?s={search_term_string}"},"query-input":{"@type":"PropertyValueSpecification","valueRequired":true,"valueName":"search_term_string"}}],"inLanguage":"es"},{"@type":"Organization","@id":"https:\/\/21panorama.com\/#organization","name":"21 Panorama","url":"https:\/\/21panorama.com\/","logo":{"@type":"ImageObject","inLanguage":"es","@id":"https:\/\/21panorama.com\/#\/schema\/logo\/image\/","url":"https:\/\/21panorama.com\/wp-content\/uploads\/2019\/07\/cropped-Logo-Panorama-01.jpeg","contentUrl":"https:\/\/21panorama.com\/wp-content\/uploads\/2019\/07\/cropped-Logo-Panorama-01.jpeg","width":290,"height":70,"caption":"21 Panorama"},"image":{"@id":"https:\/\/21panorama.com\/#\/schema\/logo\/image\/"}},{"@type":"Person","@id":"https:\/\/21panorama.com\/#\/schema\/person\/1afc291b96d5792a158768324287319f","name":"admin","image":{"@type":"ImageObject","inLanguage":"es","@id":"https:\/\/21panorama.com\/#\/schema\/person\/image\/","url":"https:\/\/secure.gravatar.com\/avatar\/ad365d9d9f46719215b0d042cc3df92a5a8683e09ef13d102233e5491985f0f0?s=96&d=mm&r=g","contentUrl":"https:\/\/secure.gravatar.com\/avatar\/ad365d9d9f46719215b0d042cc3df92a5a8683e09ef13d102233e5491985f0f0?s=96&d=mm&r=g","caption":"admin"},"url":"https:\/\/21panorama.com\/index.php\/author\/admin\/"}]}},"_links":{"self":[{"href":"https:\/\/21panorama.com\/index.php\/wp-json\/wp\/v2\/posts\/2869","targetHints":{"allow":["GET"]}}],"collection":[{"href":"https:\/\/21panorama.com\/index.php\/wp-json\/wp\/v2\/posts"}],"about":[{"href":"https:\/\/21panorama.com\/index.php\/wp-json\/wp\/v2\/types\/post"}],"author":[{"embeddable":true,"href":"https:\/\/21panorama.com\/index.php\/wp-json\/wp\/v2\/users\/1"}],"replies":[{"embeddable":true,"href":"https:\/\/21panorama.com\/index.php\/wp-json\/wp\/v2\/comments?post=2869"}],"version-history":[{"count":1,"href":"https:\/\/21panorama.com\/index.php\/wp-json\/wp\/v2\/posts\/2869\/revisions"}],"predecessor-version":[{"id":2873,"href":"https:\/\/21panorama.com\/index.php\/wp-json\/wp\/v2\/posts\/2869\/revisions\/2873"}],"wp:featuredmedia":[{"embeddable":true,"href":"https:\/\/21panorama.com\/index.php\/wp-json\/wp\/v2\/media\/2870"}],"wp:attachment":[{"href":"https:\/\/21panorama.com\/index.php\/wp-json\/wp\/v2\/media?parent=2869"}],"wp:term":[{"taxonomy":"category","embeddable":true,"href":"https:\/\/21panorama.com\/index.php\/wp-json\/wp\/v2\/categories?post=2869"},{"taxonomy":"post_tag","embeddable":true,"href":"https:\/\/21panorama.com\/index.php\/wp-json\/wp\/v2\/tags?post=2869"}],"curies":[{"name":"wp","href":"https:\/\/api.w.org\/{rel}","templated":true}]}}