{"id":2864,"date":"2021-12-30T21:40:33","date_gmt":"2021-12-31T03:40:33","guid":{"rendered":"https:\/\/21panorama.com\/?p=2864"},"modified":"2021-12-30T21:40:34","modified_gmt":"2021-12-31T03:40:34","slug":"cumple-jorge-osornio-con-la-palabra-empenada-en-aculco","status":"publish","type":"post","link":"https:\/\/21panorama.com\/index.php\/2021\/12\/30\/cumple-jorge-osornio-con-la-palabra-empenada-en-aculco\/","title":{"rendered":"CUMPLE JORGE OSORNIO CON LA PALABRA EMPE\u00d1ADA EN ACULCO"},"content":{"rendered":"\n<p>La palabra empe\u00f1ada se cumpli\u00f3 hasta el \u00faltimo d\u00eda de la administraci\u00f3n 2019-2021 en el municipio de Aculco con la entrega de obras y la supervisi\u00f3n de caminos que se lograron acordar con gobierno del Estado de M\u00e9xico.<\/p>\n\n\n\n<p>En su recorrido por las comunidades de San Francisquito y Los Gavilanes, el Presidente municipal Jorge Osornio Victoria dej\u00f3 en claro que la confianza de su pueblo se la gan\u00f3 con trabajo y la fe que siempre le tuvieron a pesar de las adversidades.<\/p>\n\n\n\n<p>En esta gira de trabajo entreg\u00f3 la infraestructura destinada a la delegaci\u00f3n de San Francisquito que tuvo una inversi\u00f3n aproximada de 600 mil pesos y que servir\u00e1 para las reuniones de la comunidad.<\/p>\n\n\n\n<p>\u201cLo que m\u00e1s ganamos en estos tres a\u00f1os son amigos y entregamos obras que van a perdurar\u201d, dijo el alcalde quien destac\u00f3 la labor de todo se Cabildo para gestionar los recursos y tr\u00e1mites necesarios para cumplir con la palabra empe\u00f1ada.<\/p>\n\n\n\n<p>Adem\u00e1s, como suele decirse lleg\u00f3 a Los Gavilanes rayando el caballo para supervisar una obra vial que se pospuso por diferentes razones pero que al final se logr\u00f3 empujar con el apoyo del gobernador Alfredo del Mazo.<\/p>\n\n\n\n<p>\u201cMe llevo amigos de todas las comunidades que estuvieron decididos a empujar el desarrollo de su gente y no se rajaron\u201d, manifest\u00f3 el edil luego de desear salud y trabajo para el pr\u00f3ximo a\u00f1o.<\/p>\n\n\n\n<p>El presidente municipal de Aculco reiter\u00f3 su compromiso con la gesti\u00f3n y manifest\u00f3 que el recurso p\u00fablico est\u00e1 aplicado gracias al gran equipo del Cabildo.<\/p>\n\n\n\n<figure class=\"wp-block-gallery columns-2 is-cropped wp-block-gallery-1 is-layout-flex wp-block-gallery-is-layout-flex\"><ul class=\"blocks-gallery-grid\"><li class=\"blocks-gallery-item\"><figure><img decoding=\"async\" width=\"1024\" height=\"768\" src=\"https:\/\/21panorama.com\/wp-content\/uploads\/2021\/12\/3ec080e5-eae5-4425-a496-607ba429b5b7.jpeg\" alt=\"\" data-id=\"2866\" data-link=\"https:\/\/21panorama.com\/?attachment_id=2866\" class=\"wp-image-2866\" srcset=\"https:\/\/21panorama.com\/wp-content\/uploads\/2021\/12\/3ec080e5-eae5-4425-a496-607ba429b5b7.jpeg 1024w, https:\/\/21panorama.com\/wp-content\/uploads\/2021\/12\/3ec080e5-eae5-4425-a496-607ba429b5b7-300x225.jpeg 300w, https:\/\/21panorama.com\/wp-content\/uploads\/2021\/12\/3ec080e5-eae5-4425-a496-607ba429b5b7-768x576.jpeg 768w\" sizes=\"(max-width: 1024px) 100vw, 1024px\" \/><\/figure><\/li><li class=\"blocks-gallery-item\"><figure><img decoding=\"async\" width=\"1024\" height=\"768\" src=\"https:\/\/21panorama.com\/wp-content\/uploads\/2021\/12\/4158f682-23e9-4a6d-b6b9-e74737ff8648.jpeg\" alt=\"\" data-id=\"2867\" data-full-url=\"https:\/\/21panorama.com\/wp-content\/uploads\/2021\/12\/4158f682-23e9-4a6d-b6b9-e74737ff8648.jpeg\" data-link=\"https:\/\/21panorama.com\/?attachment_id=2867\" class=\"wp-image-2867\" srcset=\"https:\/\/21panorama.com\/wp-content\/uploads\/2021\/12\/4158f682-23e9-4a6d-b6b9-e74737ff8648.jpeg 1024w, https:\/\/21panorama.com\/wp-content\/uploads\/2021\/12\/4158f682-23e9-4a6d-b6b9-e74737ff8648-300x225.jpeg 300w, https:\/\/21panorama.com\/wp-content\/uploads\/2021\/12\/4158f682-23e9-4a6d-b6b9-e74737ff8648-768x576.jpeg 768w\" sizes=\"(max-width: 1024px) 100vw, 1024px\" \/><\/figure><\/li><\/ul><\/figure>\n","protected":false},"excerpt":{"rendered":"<p>La palabra empe\u00f1ada se cumpli\u00f3 hasta el \u00faltimo d\u00eda de la administraci\u00f3n 2019-2021 en el municipio de Aculco con la entrega de obras y la supervisi\u00f3n de caminos que se lograron acordar con gobierno del Estado de M\u00e9xico.  <\/p>\n","protected":false},"author":1,"featured_media":2865,"comment_status":"open","ping_status":"open","sticky":false,"template":"","format":"standard","meta":{"footnotes":""},"categories":[12],"tags":[166],"class_list":["post-2864","post","type-post","status-publish","format-standard","has-post-thumbnail","hentry","category-politica","tag-aculco"],"yoast_head":"<!-- This site is optimized with the Yoast SEO plugin v24.9 - https:\/\/yoast.com\/wordpress\/plugins\/seo\/ -->\n<title>CUMPLE JORGE OSORNIO CON LA PALABRA EMPE\u00d1ADA EN ACULCO - 21 Panorama<\/title>\n<meta name=\"robots\" content=\"index, follow, max-snippet:-1, max-image-preview:large, max-video-preview:-1\" \/>\n<link rel=\"canonical\" href=\"https:\/\/21panorama.com\/index.php\/2021\/12\/30\/cumple-jorge-osornio-con-la-palabra-empenada-en-aculco\/\" \/>\n<meta property=\"og:locale\" content=\"es_MX\" \/>\n<meta property=\"og:type\" content=\"article\" \/>\n<meta property=\"og:title\" content=\"CUMPLE JORGE OSORNIO CON LA PALABRA EMPE\u00d1ADA EN ACULCO - 21 Panorama\" \/>\n<meta property=\"og:description\" content=\"La palabra empe\u00f1ada se cumpli\u00f3 hasta el \u00faltimo d\u00eda de la administraci\u00f3n 2019-2021 en el municipio de Aculco con la entrega de obras y la supervisi\u00f3n de caminos que se lograron acordar con gobierno del Estado de M\u00e9xico.\" \/>\n<meta property=\"og:url\" content=\"https:\/\/21panorama.com\/index.php\/2021\/12\/30\/cumple-jorge-osornio-con-la-palabra-empenada-en-aculco\/\" \/>\n<meta property=\"og:site_name\" content=\"21 Panorama\" \/>\n<meta property=\"article:published_time\" content=\"2021-12-31T03:40:33+00:00\" \/>\n<meta property=\"article:modified_time\" content=\"2021-12-31T03:40:34+00:00\" \/>\n<meta property=\"og:image\" content=\"https:\/\/21panorama.com\/wp-content\/uploads\/2021\/12\/5e988121-0d90-4e79-973c-c7f83239e710.jpeg\" \/>\n\t<meta property=\"og:image:width\" content=\"1024\" \/>\n\t<meta property=\"og:image:height\" content=\"768\" \/>\n\t<meta property=\"og:image:type\" content=\"image\/jpeg\" \/>\n<meta name=\"author\" content=\"admin\" \/>\n<meta name=\"twitter:card\" content=\"summary_large_image\" \/>\n<meta name=\"twitter:label1\" content=\"Escrito por\" \/>\n\t<meta name=\"twitter:data1\" content=\"admin\" \/>\n\t<meta name=\"twitter:label2\" content=\"Tiempo de lectura\" \/>\n\t<meta name=\"twitter:data2\" content=\"2 minutos\" \/>\n<script type=\"application\/ld+json\" class=\"yoast-schema-graph\">{\"@context\":\"https:\/\/schema.org\",\"@graph\":[{\"@type\":\"Article\",\"@id\":\"https:\/\/21panorama.com\/index.php\/2021\/12\/30\/cumple-jorge-osornio-con-la-palabra-empenada-en-aculco\/#article\",\"isPartOf\":{\"@id\":\"https:\/\/21panorama.com\/index.php\/2021\/12\/30\/cumple-jorge-osornio-con-la-palabra-empenada-en-aculco\/\"},\"author\":{\"name\":\"admin\",\"@id\":\"https:\/\/21panorama.com\/#\/schema\/person\/1afc291b96d5792a158768324287319f\"},\"headline\":\"CUMPLE JORGE OSORNIO CON LA PALABRA EMPE\u00d1ADA EN ACULCO\",\"datePublished\":\"2021-12-31T03:40:33+00:00\",\"dateModified\":\"2021-12-31T03:40:34+00:00\",\"mainEntityOfPage\":{\"@id\":\"https:\/\/21panorama.com\/index.php\/2021\/12\/30\/cumple-jorge-osornio-con-la-palabra-empenada-en-aculco\/\"},\"wordCount\":277,\"commentCount\":0,\"publisher\":{\"@id\":\"https:\/\/21panorama.com\/#organization\"},\"image\":{\"@id\":\"https:\/\/21panorama.com\/index.php\/2021\/12\/30\/cumple-jorge-osornio-con-la-palabra-empenada-en-aculco\/#primaryimage\"},\"thumbnailUrl\":\"https:\/\/21panorama.com\/wp-content\/uploads\/2021\/12\/5e988121-0d90-4e79-973c-c7f83239e710.jpeg\",\"keywords\":[\"aculco\"],\"articleSection\":[\"Politica\"],\"inLanguage\":\"es\",\"potentialAction\":[{\"@type\":\"CommentAction\",\"name\":\"Comment\",\"target\":[\"https:\/\/21panorama.com\/index.php\/2021\/12\/30\/cumple-jorge-osornio-con-la-palabra-empenada-en-aculco\/#respond\"]}]},{\"@type\":\"WebPage\",\"@id\":\"https:\/\/21panorama.com\/index.php\/2021\/12\/30\/cumple-jorge-osornio-con-la-palabra-empenada-en-aculco\/\",\"url\":\"https:\/\/21panorama.com\/index.php\/2021\/12\/30\/cumple-jorge-osornio-con-la-palabra-empenada-en-aculco\/\",\"name\":\"CUMPLE JORGE OSORNIO CON LA PALABRA EMPE\u00d1ADA EN ACULCO - 21 Panorama\",\"isPartOf\":{\"@id\":\"https:\/\/21panorama.com\/#website\"},\"primaryImageOfPage\":{\"@id\":\"https:\/\/21panorama.com\/index.php\/2021\/12\/30\/cumple-jorge-osornio-con-la-palabra-empenada-en-aculco\/#primaryimage\"},\"image\":{\"@id\":\"https:\/\/21panorama.com\/index.php\/2021\/12\/30\/cumple-jorge-osornio-con-la-palabra-empenada-en-aculco\/#primaryimage\"},\"thumbnailUrl\":\"https:\/\/21panorama.com\/wp-content\/uploads\/2021\/12\/5e988121-0d90-4e79-973c-c7f83239e710.jpeg\",\"datePublished\":\"2021-12-31T03:40:33+00:00\",\"dateModified\":\"2021-12-31T03:40:34+00:00\",\"breadcrumb\":{\"@id\":\"https:\/\/21panorama.com\/index.php\/2021\/12\/30\/cumple-jorge-osornio-con-la-palabra-empenada-en-aculco\/#breadcrumb\"},\"inLanguage\":\"es\",\"potentialAction\":[{\"@type\":\"ReadAction\",\"target\":[\"https:\/\/21panorama.com\/index.php\/2021\/12\/30\/cumple-jorge-osornio-con-la-palabra-empenada-en-aculco\/\"]}]},{\"@type\":\"ImageObject\",\"inLanguage\":\"es\",\"@id\":\"https:\/\/21panorama.com\/index.php\/2021\/12\/30\/cumple-jorge-osornio-con-la-palabra-empenada-en-aculco\/#primaryimage\",\"url\":\"https:\/\/21panorama.com\/wp-content\/uploads\/2021\/12\/5e988121-0d90-4e79-973c-c7f83239e710.jpeg\",\"contentUrl\":\"https:\/\/21panorama.com\/wp-content\/uploads\/2021\/12\/5e988121-0d90-4e79-973c-c7f83239e710.jpeg\",\"width\":1024,\"height\":768},{\"@type\":\"BreadcrumbList\",\"@id\":\"https:\/\/21panorama.com\/index.php\/2021\/12\/30\/cumple-jorge-osornio-con-la-palabra-empenada-en-aculco\/#breadcrumb\",\"itemListElement\":[{\"@type\":\"ListItem\",\"position\":1,\"name\":\"Inicio\",\"item\":\"https:\/\/21panorama.com\/\"},{\"@type\":\"ListItem\",\"position\":2,\"name\":\"CUMPLE JORGE OSORNIO CON LA PALABRA EMPE\u00d1ADA EN ACULCO\"}]},{\"@type\":\"WebSite\",\"@id\":\"https:\/\/21panorama.com\/#website\",\"url\":\"https:\/\/21panorama.com\/\",\"name\":\"21 Panorama\",\"description\":\"La construcci\u00f3n de la opini\u00f3n p\u00fablica merece un mejor Panorama en este siglo 21 para alcanzar una sociedad con mayor transparencia y sin corrupci\u00f3n.\",\"publisher\":{\"@id\":\"https:\/\/21panorama.com\/#organization\"},\"potentialAction\":[{\"@type\":\"SearchAction\",\"target\":{\"@type\":\"EntryPoint\",\"urlTemplate\":\"https:\/\/21panorama.com\/?s={search_term_string}\"},\"query-input\":{\"@type\":\"PropertyValueSpecification\",\"valueRequired\":true,\"valueName\":\"search_term_string\"}}],\"inLanguage\":\"es\"},{\"@type\":\"Organization\",\"@id\":\"https:\/\/21panorama.com\/#organization\",\"name\":\"21 Panorama\",\"url\":\"https:\/\/21panorama.com\/\",\"logo\":{\"@type\":\"ImageObject\",\"inLanguage\":\"es\",\"@id\":\"https:\/\/21panorama.com\/#\/schema\/logo\/image\/\",\"url\":\"https:\/\/21panorama.com\/wp-content\/uploads\/2019\/07\/cropped-Logo-Panorama-01.jpeg\",\"contentUrl\":\"https:\/\/21panorama.com\/wp-content\/uploads\/2019\/07\/cropped-Logo-Panorama-01.jpeg\",\"width\":290,\"height\":70,\"caption\":\"21 Panorama\"},\"image\":{\"@id\":\"https:\/\/21panorama.com\/#\/schema\/logo\/image\/\"}},{\"@type\":\"Person\",\"@id\":\"https:\/\/21panorama.com\/#\/schema\/person\/1afc291b96d5792a158768324287319f\",\"name\":\"admin\",\"image\":{\"@type\":\"ImageObject\",\"inLanguage\":\"es\",\"@id\":\"https:\/\/21panorama.com\/#\/schema\/person\/image\/\",\"url\":\"https:\/\/secure.gravatar.com\/avatar\/ad365d9d9f46719215b0d042cc3df92a5a8683e09ef13d102233e5491985f0f0?s=96&d=mm&r=g\",\"contentUrl\":\"https:\/\/secure.gravatar.com\/avatar\/ad365d9d9f46719215b0d042cc3df92a5a8683e09ef13d102233e5491985f0f0?s=96&d=mm&r=g\",\"caption\":\"admin\"},\"url\":\"https:\/\/21panorama.com\/index.php\/author\/admin\/\"}]}<\/script>\n<!-- \/ Yoast SEO plugin. -->","yoast_head_json":{"title":"CUMPLE JORGE OSORNIO CON LA PALABRA EMPE\u00d1ADA EN ACULCO - 21 Panorama","robots":{"index":"index","follow":"follow","max-snippet":"max-snippet:-1","max-image-preview":"max-image-preview:large","max-video-preview":"max-video-preview:-1"},"canonical":"https:\/\/21panorama.com\/index.php\/2021\/12\/30\/cumple-jorge-osornio-con-la-palabra-empenada-en-aculco\/","og_locale":"es_MX","og_type":"article","og_title":"CUMPLE JORGE OSORNIO CON LA PALABRA EMPE\u00d1ADA EN ACULCO - 21 Panorama","og_description":"La palabra empe\u00f1ada se cumpli\u00f3 hasta el \u00faltimo d\u00eda de la administraci\u00f3n 2019-2021 en el municipio de Aculco con la entrega de obras y la supervisi\u00f3n de caminos que se lograron acordar con gobierno del Estado de M\u00e9xico.","og_url":"https:\/\/21panorama.com\/index.php\/2021\/12\/30\/cumple-jorge-osornio-con-la-palabra-empenada-en-aculco\/","og_site_name":"21 Panorama","article_published_time":"2021-12-31T03:40:33+00:00","article_modified_time":"2021-12-31T03:40:34+00:00","og_image":[{"width":1024,"height":768,"url":"https:\/\/21panorama.com\/wp-content\/uploads\/2021\/12\/5e988121-0d90-4e79-973c-c7f83239e710.jpeg","type":"image\/jpeg"}],"author":"admin","twitter_card":"summary_large_image","twitter_misc":{"Escrito por":"admin","Tiempo de lectura":"2 minutos"},"schema":{"@context":"https:\/\/schema.org","@graph":[{"@type":"Article","@id":"https:\/\/21panorama.com\/index.php\/2021\/12\/30\/cumple-jorge-osornio-con-la-palabra-empenada-en-aculco\/#article","isPartOf":{"@id":"https:\/\/21panorama.com\/index.php\/2021\/12\/30\/cumple-jorge-osornio-con-la-palabra-empenada-en-aculco\/"},"author":{"name":"admin","@id":"https:\/\/21panorama.com\/#\/schema\/person\/1afc291b96d5792a158768324287319f"},"headline":"CUMPLE JORGE OSORNIO CON LA PALABRA EMPE\u00d1ADA EN ACULCO","datePublished":"2021-12-31T03:40:33+00:00","dateModified":"2021-12-31T03:40:34+00:00","mainEntityOfPage":{"@id":"https:\/\/21panorama.com\/index.php\/2021\/12\/30\/cumple-jorge-osornio-con-la-palabra-empenada-en-aculco\/"},"wordCount":277,"commentCount":0,"publisher":{"@id":"https:\/\/21panorama.com\/#organization"},"image":{"@id":"https:\/\/21panorama.com\/index.php\/2021\/12\/30\/cumple-jorge-osornio-con-la-palabra-empenada-en-aculco\/#primaryimage"},"thumbnailUrl":"https:\/\/21panorama.com\/wp-content\/uploads\/2021\/12\/5e988121-0d90-4e79-973c-c7f83239e710.jpeg","keywords":["aculco"],"articleSection":["Politica"],"inLanguage":"es","potentialAction":[{"@type":"CommentAction","name":"Comment","target":["https:\/\/21panorama.com\/index.php\/2021\/12\/30\/cumple-jorge-osornio-con-la-palabra-empenada-en-aculco\/#respond"]}]},{"@type":"WebPage","@id":"https:\/\/21panorama.com\/index.php\/2021\/12\/30\/cumple-jorge-osornio-con-la-palabra-empenada-en-aculco\/","url":"https:\/\/21panorama.com\/index.php\/2021\/12\/30\/cumple-jorge-osornio-con-la-palabra-empenada-en-aculco\/","name":"CUMPLE JORGE OSORNIO CON LA PALABRA EMPE\u00d1ADA EN ACULCO - 21 Panorama","isPartOf":{"@id":"https:\/\/21panorama.com\/#website"},"primaryImageOfPage":{"@id":"https:\/\/21panorama.com\/index.php\/2021\/12\/30\/cumple-jorge-osornio-con-la-palabra-empenada-en-aculco\/#primaryimage"},"image":{"@id":"https:\/\/21panorama.com\/index.php\/2021\/12\/30\/cumple-jorge-osornio-con-la-palabra-empenada-en-aculco\/#primaryimage"},"thumbnailUrl":"https:\/\/21panorama.com\/wp-content\/uploads\/2021\/12\/5e988121-0d90-4e79-973c-c7f83239e710.jpeg","datePublished":"2021-12-31T03:40:33+00:00","dateModified":"2021-12-31T03:40:34+00:00","breadcrumb":{"@id":"https:\/\/21panorama.com\/index.php\/2021\/12\/30\/cumple-jorge-osornio-con-la-palabra-empenada-en-aculco\/#breadcrumb"},"inLanguage":"es","potentialAction":[{"@type":"ReadAction","target":["https:\/\/21panorama.com\/index.php\/2021\/12\/30\/cumple-jorge-osornio-con-la-palabra-empenada-en-aculco\/"]}]},{"@type":"ImageObject","inLanguage":"es","@id":"https:\/\/21panorama.com\/index.php\/2021\/12\/30\/cumple-jorge-osornio-con-la-palabra-empenada-en-aculco\/#primaryimage","url":"https:\/\/21panorama.com\/wp-content\/uploads\/2021\/12\/5e988121-0d90-4e79-973c-c7f83239e710.jpeg","contentUrl":"https:\/\/21panorama.com\/wp-content\/uploads\/2021\/12\/5e988121-0d90-4e79-973c-c7f83239e710.jpeg","width":1024,"height":768},{"@type":"BreadcrumbList","@id":"https:\/\/21panorama.com\/index.php\/2021\/12\/30\/cumple-jorge-osornio-con-la-palabra-empenada-en-aculco\/#breadcrumb","itemListElement":[{"@type":"ListItem","position":1,"name":"Inicio","item":"https:\/\/21panorama.com\/"},{"@type":"ListItem","position":2,"name":"CUMPLE JORGE OSORNIO CON LA PALABRA EMPE\u00d1ADA EN ACULCO"}]},{"@type":"WebSite","@id":"https:\/\/21panorama.com\/#website","url":"https:\/\/21panorama.com\/","name":"21 Panorama","description":"La construcci\u00f3n de la opini\u00f3n p\u00fablica merece un mejor Panorama en este siglo 21 para alcanzar una sociedad con mayor transparencia y sin corrupci\u00f3n.","publisher":{"@id":"https:\/\/21panorama.com\/#organization"},"potentialAction":[{"@type":"SearchAction","target":{"@type":"EntryPoint","urlTemplate":"https:\/\/21panorama.com\/?s={search_term_string}"},"query-input":{"@type":"PropertyValueSpecification","valueRequired":true,"valueName":"search_term_string"}}],"inLanguage":"es"},{"@type":"Organization","@id":"https:\/\/21panorama.com\/#organization","name":"21 Panorama","url":"https:\/\/21panorama.com\/","logo":{"@type":"ImageObject","inLanguage":"es","@id":"https:\/\/21panorama.com\/#\/schema\/logo\/image\/","url":"https:\/\/21panorama.com\/wp-content\/uploads\/2019\/07\/cropped-Logo-Panorama-01.jpeg","contentUrl":"https:\/\/21panorama.com\/wp-content\/uploads\/2019\/07\/cropped-Logo-Panorama-01.jpeg","width":290,"height":70,"caption":"21 Panorama"},"image":{"@id":"https:\/\/21panorama.com\/#\/schema\/logo\/image\/"}},{"@type":"Person","@id":"https:\/\/21panorama.com\/#\/schema\/person\/1afc291b96d5792a158768324287319f","name":"admin","image":{"@type":"ImageObject","inLanguage":"es","@id":"https:\/\/21panorama.com\/#\/schema\/person\/image\/","url":"https:\/\/secure.gravatar.com\/avatar\/ad365d9d9f46719215b0d042cc3df92a5a8683e09ef13d102233e5491985f0f0?s=96&d=mm&r=g","contentUrl":"https:\/\/secure.gravatar.com\/avatar\/ad365d9d9f46719215b0d042cc3df92a5a8683e09ef13d102233e5491985f0f0?s=96&d=mm&r=g","caption":"admin"},"url":"https:\/\/21panorama.com\/index.php\/author\/admin\/"}]}},"_links":{"self":[{"href":"https:\/\/21panorama.com\/index.php\/wp-json\/wp\/v2\/posts\/2864","targetHints":{"allow":["GET"]}}],"collection":[{"href":"https:\/\/21panorama.com\/index.php\/wp-json\/wp\/v2\/posts"}],"about":[{"href":"https:\/\/21panorama.com\/index.php\/wp-json\/wp\/v2\/types\/post"}],"author":[{"embeddable":true,"href":"https:\/\/21panorama.com\/index.php\/wp-json\/wp\/v2\/users\/1"}],"replies":[{"embeddable":true,"href":"https:\/\/21panorama.com\/index.php\/wp-json\/wp\/v2\/comments?post=2864"}],"version-history":[{"count":1,"href":"https:\/\/21panorama.com\/index.php\/wp-json\/wp\/v2\/posts\/2864\/revisions"}],"predecessor-version":[{"id":2868,"href":"https:\/\/21panorama.com\/index.php\/wp-json\/wp\/v2\/posts\/2864\/revisions\/2868"}],"wp:featuredmedia":[{"embeddable":true,"href":"https:\/\/21panorama.com\/index.php\/wp-json\/wp\/v2\/media\/2865"}],"wp:attachment":[{"href":"https:\/\/21panorama.com\/index.php\/wp-json\/wp\/v2\/media?parent=2864"}],"wp:term":[{"taxonomy":"category","embeddable":true,"href":"https:\/\/21panorama.com\/index.php\/wp-json\/wp\/v2\/categories?post=2864"},{"taxonomy":"post_tag","embeddable":true,"href":"https:\/\/21panorama.com\/index.php\/wp-json\/wp\/v2\/tags?post=2864"}],"curies":[{"name":"wp","href":"https:\/\/api.w.org\/{rel}","templated":true}]}}