{"id":2828,"date":"2021-12-21T15:50:55","date_gmt":"2021-12-21T21:50:55","guid":{"rendered":"https:\/\/21panorama.com\/?p=2828"},"modified":"2021-12-21T15:50:56","modified_gmt":"2021-12-21T21:50:56","slug":"atestiguan-obras-en-el-oro-los-diputados-gustavo-cardenas-e-ivan-esquer","status":"publish","type":"post","link":"https:\/\/21panorama.com\/index.php\/2021\/12\/21\/atestiguan-obras-en-el-oro-los-diputados-gustavo-cardenas-e-ivan-esquer\/","title":{"rendered":"ATESTIGUAN OBRAS EN EL ORO LOS DIPUTADOS GUSTAVO C\u00c1RDENAS E IV\u00c1N ESQUER"},"content":{"rendered":"\n<p>La entrega de obras en el municipio de El Oro fue una permanente acci\u00f3n en tres a\u00f1os de gobierno del presidente Marco Barranco S\u00e1nchez, as\u00ed lo pudieron atestiguar en esta \u00faltima recta de su administraci\u00f3n los diputados federal Gustavo C\u00e1rdenas Monroy y local del Distrito XIII, Iv\u00e1n Esquer Cruz.<\/p>\n\n\n\n<p>En la Concepci\u00f3n Segunda se inaugur\u00f3 la construcci\u00f3n de l\u00ednea de conducci\u00f3n de agua potable, electrificaci\u00f3n de pozo profundo de agua entubada, equipamiento y construcci\u00f3n de c\u00e1rcamo.<\/p>\n\n\n\n<p>En cabecera municipal, se entreg\u00f3 la rehabilitaci\u00f3n con adoqu\u00edn y piedra bola de la calle Miguel Hidalgo y se entreg\u00f3 finalmente la construcci\u00f3n de la Plazoleta en San Nicol\u00e1s El Oro, todo ello con una inversi\u00f3n de casi 10 millones de pesos.<\/p>\n\n\n\n<p>En la entrega de obra del pozo profundo de agua potable, Barranco S\u00e1nchez agradeci\u00f3 los recursos asignados por el gobernador Alfredo del Mazo Maza a trav\u00e9s de la CAEM.<\/p>\n\n\n\n<p>\u201cEstar a lado del pueblo siempre dar\u00e1 resultados, la perforaci\u00f3n estuvo bien hecha y encontramos el vital l\u00edquido para atender una gran necesidad del pueblo en la Concepci\u00f3n\u201d, dijo.<br>La mejor forma de alcanzar grandes acciones es estar unidos, puntualiz\u00f3 el diputado federal Gustavo C\u00e1rdenas Monroy, quien sostuvo que en el tema del agua hay una responsabilidad que cumplir que es cuidar y pagar el agua que se consume.<\/p>\n\n\n\n<p>En su momento, el Diputado Iv\u00e1n Esquer Cruz dijo estar agradecido por compartir la inauguraci\u00f3n de la obra. \u201cMarco Barranco desde que protest\u00f3 al cargo de alcalde entreg\u00f3 soluciones a su pueblo\u201d, agreg\u00f3.<\/p>\n\n\n\n<p>Dijeron finalmente que en El Oro la participaci\u00f3n ciudadana es el recurso m\u00e1s importante.<\/p>\n\n\n\n<figure class=\"wp-block-gallery columns-2 is-cropped wp-block-gallery-1 is-layout-flex wp-block-gallery-is-layout-flex\"><ul class=\"blocks-gallery-grid\"><li class=\"blocks-gallery-item\"><figure><img decoding=\"async\" width=\"1024\" height=\"768\" src=\"https:\/\/21panorama.com\/wp-content\/uploads\/2021\/12\/690ba549-1021-49b2-b110-336cb4e80f35-1024x768.jpeg\" alt=\"\" data-id=\"2830\" data-link=\"https:\/\/21panorama.com\/?attachment_id=2830\" class=\"wp-image-2830\" srcset=\"https:\/\/21panorama.com\/wp-content\/uploads\/2021\/12\/690ba549-1021-49b2-b110-336cb4e80f35-1024x768.jpeg 1024w, https:\/\/21panorama.com\/wp-content\/uploads\/2021\/12\/690ba549-1021-49b2-b110-336cb4e80f35-300x225.jpeg 300w, https:\/\/21panorama.com\/wp-content\/uploads\/2021\/12\/690ba549-1021-49b2-b110-336cb4e80f35-768x576.jpeg 768w, https:\/\/21panorama.com\/wp-content\/uploads\/2021\/12\/690ba549-1021-49b2-b110-336cb4e80f35-1536x1152.jpeg 1536w, https:\/\/21panorama.com\/wp-content\/uploads\/2021\/12\/690ba549-1021-49b2-b110-336cb4e80f35.jpeg 1600w\" sizes=\"(max-width: 1024px) 100vw, 1024px\" \/><\/figure><\/li><li class=\"blocks-gallery-item\"><figure><img decoding=\"async\" width=\"1024\" height=\"768\" src=\"https:\/\/21panorama.com\/wp-content\/uploads\/2021\/12\/d9862219-7b3f-4ff2-9f94-ff62da853ded-1024x768.jpeg\" alt=\"\" data-id=\"2831\" data-full-url=\"https:\/\/21panorama.com\/wp-content\/uploads\/2021\/12\/d9862219-7b3f-4ff2-9f94-ff62da853ded.jpeg\" data-link=\"https:\/\/21panorama.com\/?attachment_id=2831\" class=\"wp-image-2831\" srcset=\"https:\/\/21panorama.com\/wp-content\/uploads\/2021\/12\/d9862219-7b3f-4ff2-9f94-ff62da853ded-1024x768.jpeg 1024w, https:\/\/21panorama.com\/wp-content\/uploads\/2021\/12\/d9862219-7b3f-4ff2-9f94-ff62da853ded-300x225.jpeg 300w, https:\/\/21panorama.com\/wp-content\/uploads\/2021\/12\/d9862219-7b3f-4ff2-9f94-ff62da853ded-768x576.jpeg 768w, https:\/\/21panorama.com\/wp-content\/uploads\/2021\/12\/d9862219-7b3f-4ff2-9f94-ff62da853ded-1536x1152.jpeg 1536w, https:\/\/21panorama.com\/wp-content\/uploads\/2021\/12\/d9862219-7b3f-4ff2-9f94-ff62da853ded.jpeg 1600w\" sizes=\"(max-width: 1024px) 100vw, 1024px\" \/><\/figure><\/li><\/ul><\/figure>\n","protected":false},"excerpt":{"rendered":"<p>La entrega de obras en el municipio de El Oro fue una permanente acci\u00f3n en tres a\u00f1os de gobierno del presidente Marco Barranco S\u00e1nchez, as\u00ed lo pudieron atestiguar en esta \u00faltima recta de su administraci\u00f3n los diputados federal Gustavo C\u00e1rdenas Monroy y local del Distrito XIII, Iv\u00e1n Esquer Cruz.  <\/p>\n","protected":false},"author":1,"featured_media":2829,"comment_status":"open","ping_status":"open","sticky":false,"template":"","format":"standard","meta":{"footnotes":""},"categories":[1],"tags":[89],"class_list":["post-2828","post","type-post","status-publish","format-standard","has-post-thumbnail","hentry","category-sociedad","tag-eloro"],"yoast_head":"<!-- This site is optimized with the Yoast SEO plugin v24.9 - https:\/\/yoast.com\/wordpress\/plugins\/seo\/ -->\n<title>ATESTIGUAN OBRAS EN EL ORO LOS DIPUTADOS GUSTAVO C\u00c1RDENAS E IV\u00c1N ESQUER - 21 Panorama<\/title>\n<meta name=\"robots\" content=\"index, follow, max-snippet:-1, max-image-preview:large, max-video-preview:-1\" \/>\n<link rel=\"canonical\" href=\"https:\/\/21panorama.com\/index.php\/2021\/12\/21\/atestiguan-obras-en-el-oro-los-diputados-gustavo-cardenas-e-ivan-esquer\/\" \/>\n<meta property=\"og:locale\" content=\"es_MX\" \/>\n<meta property=\"og:type\" content=\"article\" \/>\n<meta property=\"og:title\" content=\"ATESTIGUAN OBRAS EN EL ORO LOS DIPUTADOS GUSTAVO C\u00c1RDENAS E IV\u00c1N ESQUER - 21 Panorama\" \/>\n<meta property=\"og:description\" content=\"La entrega de obras en el municipio de El Oro fue una permanente acci\u00f3n en tres a\u00f1os de gobierno del presidente Marco Barranco S\u00e1nchez, as\u00ed lo pudieron atestiguar en esta \u00faltima recta de su administraci\u00f3n los diputados federal Gustavo C\u00e1rdenas Monroy y local del Distrito XIII, Iv\u00e1n Esquer Cruz.\" \/>\n<meta property=\"og:url\" content=\"https:\/\/21panorama.com\/index.php\/2021\/12\/21\/atestiguan-obras-en-el-oro-los-diputados-gustavo-cardenas-e-ivan-esquer\/\" \/>\n<meta property=\"og:site_name\" content=\"21 Panorama\" \/>\n<meta property=\"article:published_time\" content=\"2021-12-21T21:50:55+00:00\" \/>\n<meta property=\"article:modified_time\" content=\"2021-12-21T21:50:56+00:00\" \/>\n<meta property=\"og:image\" content=\"https:\/\/21panorama.com\/wp-content\/uploads\/2021\/12\/f6e0e29c-d8b0-44c1-8405-119d8293cea7.jpeg\" \/>\n\t<meta property=\"og:image:width\" content=\"1600\" \/>\n\t<meta property=\"og:image:height\" content=\"1200\" \/>\n\t<meta property=\"og:image:type\" content=\"image\/jpeg\" \/>\n<meta name=\"author\" content=\"admin\" \/>\n<meta name=\"twitter:card\" content=\"summary_large_image\" \/>\n<meta name=\"twitter:label1\" content=\"Escrito por\" \/>\n\t<meta name=\"twitter:data1\" content=\"admin\" \/>\n\t<meta name=\"twitter:label2\" content=\"Tiempo de lectura\" \/>\n\t<meta name=\"twitter:data2\" content=\"2 minutos\" \/>\n<script type=\"application\/ld+json\" class=\"yoast-schema-graph\">{\"@context\":\"https:\/\/schema.org\",\"@graph\":[{\"@type\":\"Article\",\"@id\":\"https:\/\/21panorama.com\/index.php\/2021\/12\/21\/atestiguan-obras-en-el-oro-los-diputados-gustavo-cardenas-e-ivan-esquer\/#article\",\"isPartOf\":{\"@id\":\"https:\/\/21panorama.com\/index.php\/2021\/12\/21\/atestiguan-obras-en-el-oro-los-diputados-gustavo-cardenas-e-ivan-esquer\/\"},\"author\":{\"name\":\"admin\",\"@id\":\"https:\/\/21panorama.com\/#\/schema\/person\/1afc291b96d5792a158768324287319f\"},\"headline\":\"ATESTIGUAN OBRAS EN EL ORO LOS DIPUTADOS GUSTAVO C\u00c1RDENAS E IV\u00c1N ESQUER\",\"datePublished\":\"2021-12-21T21:50:55+00:00\",\"dateModified\":\"2021-12-21T21:50:56+00:00\",\"mainEntityOfPage\":{\"@id\":\"https:\/\/21panorama.com\/index.php\/2021\/12\/21\/atestiguan-obras-en-el-oro-los-diputados-gustavo-cardenas-e-ivan-esquer\/\"},\"wordCount\":304,\"commentCount\":0,\"publisher\":{\"@id\":\"https:\/\/21panorama.com\/#organization\"},\"image\":{\"@id\":\"https:\/\/21panorama.com\/index.php\/2021\/12\/21\/atestiguan-obras-en-el-oro-los-diputados-gustavo-cardenas-e-ivan-esquer\/#primaryimage\"},\"thumbnailUrl\":\"https:\/\/21panorama.com\/wp-content\/uploads\/2021\/12\/f6e0e29c-d8b0-44c1-8405-119d8293cea7.jpeg\",\"keywords\":[\"ElOro\"],\"articleSection\":[\"Sociedad\"],\"inLanguage\":\"es\",\"potentialAction\":[{\"@type\":\"CommentAction\",\"name\":\"Comment\",\"target\":[\"https:\/\/21panorama.com\/index.php\/2021\/12\/21\/atestiguan-obras-en-el-oro-los-diputados-gustavo-cardenas-e-ivan-esquer\/#respond\"]}]},{\"@type\":\"WebPage\",\"@id\":\"https:\/\/21panorama.com\/index.php\/2021\/12\/21\/atestiguan-obras-en-el-oro-los-diputados-gustavo-cardenas-e-ivan-esquer\/\",\"url\":\"https:\/\/21panorama.com\/index.php\/2021\/12\/21\/atestiguan-obras-en-el-oro-los-diputados-gustavo-cardenas-e-ivan-esquer\/\",\"name\":\"ATESTIGUAN OBRAS EN EL ORO LOS DIPUTADOS GUSTAVO C\u00c1RDENAS E IV\u00c1N ESQUER - 21 Panorama\",\"isPartOf\":{\"@id\":\"https:\/\/21panorama.com\/#website\"},\"primaryImageOfPage\":{\"@id\":\"https:\/\/21panorama.com\/index.php\/2021\/12\/21\/atestiguan-obras-en-el-oro-los-diputados-gustavo-cardenas-e-ivan-esquer\/#primaryimage\"},\"image\":{\"@id\":\"https:\/\/21panorama.com\/index.php\/2021\/12\/21\/atestiguan-obras-en-el-oro-los-diputados-gustavo-cardenas-e-ivan-esquer\/#primaryimage\"},\"thumbnailUrl\":\"https:\/\/21panorama.com\/wp-content\/uploads\/2021\/12\/f6e0e29c-d8b0-44c1-8405-119d8293cea7.jpeg\",\"datePublished\":\"2021-12-21T21:50:55+00:00\",\"dateModified\":\"2021-12-21T21:50:56+00:00\",\"breadcrumb\":{\"@id\":\"https:\/\/21panorama.com\/index.php\/2021\/12\/21\/atestiguan-obras-en-el-oro-los-diputados-gustavo-cardenas-e-ivan-esquer\/#breadcrumb\"},\"inLanguage\":\"es\",\"potentialAction\":[{\"@type\":\"ReadAction\",\"target\":[\"https:\/\/21panorama.com\/index.php\/2021\/12\/21\/atestiguan-obras-en-el-oro-los-diputados-gustavo-cardenas-e-ivan-esquer\/\"]}]},{\"@type\":\"ImageObject\",\"inLanguage\":\"es\",\"@id\":\"https:\/\/21panorama.com\/index.php\/2021\/12\/21\/atestiguan-obras-en-el-oro-los-diputados-gustavo-cardenas-e-ivan-esquer\/#primaryimage\",\"url\":\"https:\/\/21panorama.com\/wp-content\/uploads\/2021\/12\/f6e0e29c-d8b0-44c1-8405-119d8293cea7.jpeg\",\"contentUrl\":\"https:\/\/21panorama.com\/wp-content\/uploads\/2021\/12\/f6e0e29c-d8b0-44c1-8405-119d8293cea7.jpeg\",\"width\":1600,\"height\":1200},{\"@type\":\"BreadcrumbList\",\"@id\":\"https:\/\/21panorama.com\/index.php\/2021\/12\/21\/atestiguan-obras-en-el-oro-los-diputados-gustavo-cardenas-e-ivan-esquer\/#breadcrumb\",\"itemListElement\":[{\"@type\":\"ListItem\",\"position\":1,\"name\":\"Inicio\",\"item\":\"https:\/\/21panorama.com\/\"},{\"@type\":\"ListItem\",\"position\":2,\"name\":\"ATESTIGUAN OBRAS EN EL ORO LOS DIPUTADOS GUSTAVO C\u00c1RDENAS E IV\u00c1N ESQUER\"}]},{\"@type\":\"WebSite\",\"@id\":\"https:\/\/21panorama.com\/#website\",\"url\":\"https:\/\/21panorama.com\/\",\"name\":\"21 Panorama\",\"description\":\"La construcci\u00f3n de la opini\u00f3n p\u00fablica merece un mejor Panorama en este siglo 21 para alcanzar una sociedad con mayor transparencia y sin corrupci\u00f3n.\",\"publisher\":{\"@id\":\"https:\/\/21panorama.com\/#organization\"},\"potentialAction\":[{\"@type\":\"SearchAction\",\"target\":{\"@type\":\"EntryPoint\",\"urlTemplate\":\"https:\/\/21panorama.com\/?s={search_term_string}\"},\"query-input\":{\"@type\":\"PropertyValueSpecification\",\"valueRequired\":true,\"valueName\":\"search_term_string\"}}],\"inLanguage\":\"es\"},{\"@type\":\"Organization\",\"@id\":\"https:\/\/21panorama.com\/#organization\",\"name\":\"21 Panorama\",\"url\":\"https:\/\/21panorama.com\/\",\"logo\":{\"@type\":\"ImageObject\",\"inLanguage\":\"es\",\"@id\":\"https:\/\/21panorama.com\/#\/schema\/logo\/image\/\",\"url\":\"https:\/\/21panorama.com\/wp-content\/uploads\/2019\/07\/cropped-Logo-Panorama-01.jpeg\",\"contentUrl\":\"https:\/\/21panorama.com\/wp-content\/uploads\/2019\/07\/cropped-Logo-Panorama-01.jpeg\",\"width\":290,\"height\":70,\"caption\":\"21 Panorama\"},\"image\":{\"@id\":\"https:\/\/21panorama.com\/#\/schema\/logo\/image\/\"}},{\"@type\":\"Person\",\"@id\":\"https:\/\/21panorama.com\/#\/schema\/person\/1afc291b96d5792a158768324287319f\",\"name\":\"admin\",\"image\":{\"@type\":\"ImageObject\",\"inLanguage\":\"es\",\"@id\":\"https:\/\/21panorama.com\/#\/schema\/person\/image\/\",\"url\":\"https:\/\/secure.gravatar.com\/avatar\/ad365d9d9f46719215b0d042cc3df92a5a8683e09ef13d102233e5491985f0f0?s=96&d=mm&r=g\",\"contentUrl\":\"https:\/\/secure.gravatar.com\/avatar\/ad365d9d9f46719215b0d042cc3df92a5a8683e09ef13d102233e5491985f0f0?s=96&d=mm&r=g\",\"caption\":\"admin\"},\"url\":\"https:\/\/21panorama.com\/index.php\/author\/admin\/\"}]}<\/script>\n<!-- \/ Yoast SEO plugin. -->","yoast_head_json":{"title":"ATESTIGUAN OBRAS EN EL ORO LOS DIPUTADOS GUSTAVO C\u00c1RDENAS E IV\u00c1N ESQUER - 21 Panorama","robots":{"index":"index","follow":"follow","max-snippet":"max-snippet:-1","max-image-preview":"max-image-preview:large","max-video-preview":"max-video-preview:-1"},"canonical":"https:\/\/21panorama.com\/index.php\/2021\/12\/21\/atestiguan-obras-en-el-oro-los-diputados-gustavo-cardenas-e-ivan-esquer\/","og_locale":"es_MX","og_type":"article","og_title":"ATESTIGUAN OBRAS EN EL ORO LOS DIPUTADOS GUSTAVO C\u00c1RDENAS E IV\u00c1N ESQUER - 21 Panorama","og_description":"La entrega de obras en el municipio de El Oro fue una permanente acci\u00f3n en tres a\u00f1os de gobierno del presidente Marco Barranco S\u00e1nchez, as\u00ed lo pudieron atestiguar en esta \u00faltima recta de su administraci\u00f3n los diputados federal Gustavo C\u00e1rdenas Monroy y local del Distrito XIII, Iv\u00e1n Esquer Cruz.","og_url":"https:\/\/21panorama.com\/index.php\/2021\/12\/21\/atestiguan-obras-en-el-oro-los-diputados-gustavo-cardenas-e-ivan-esquer\/","og_site_name":"21 Panorama","article_published_time":"2021-12-21T21:50:55+00:00","article_modified_time":"2021-12-21T21:50:56+00:00","og_image":[{"width":1600,"height":1200,"url":"https:\/\/21panorama.com\/wp-content\/uploads\/2021\/12\/f6e0e29c-d8b0-44c1-8405-119d8293cea7.jpeg","type":"image\/jpeg"}],"author":"admin","twitter_card":"summary_large_image","twitter_misc":{"Escrito por":"admin","Tiempo de lectura":"2 minutos"},"schema":{"@context":"https:\/\/schema.org","@graph":[{"@type":"Article","@id":"https:\/\/21panorama.com\/index.php\/2021\/12\/21\/atestiguan-obras-en-el-oro-los-diputados-gustavo-cardenas-e-ivan-esquer\/#article","isPartOf":{"@id":"https:\/\/21panorama.com\/index.php\/2021\/12\/21\/atestiguan-obras-en-el-oro-los-diputados-gustavo-cardenas-e-ivan-esquer\/"},"author":{"name":"admin","@id":"https:\/\/21panorama.com\/#\/schema\/person\/1afc291b96d5792a158768324287319f"},"headline":"ATESTIGUAN OBRAS EN EL ORO LOS DIPUTADOS GUSTAVO C\u00c1RDENAS E IV\u00c1N ESQUER","datePublished":"2021-12-21T21:50:55+00:00","dateModified":"2021-12-21T21:50:56+00:00","mainEntityOfPage":{"@id":"https:\/\/21panorama.com\/index.php\/2021\/12\/21\/atestiguan-obras-en-el-oro-los-diputados-gustavo-cardenas-e-ivan-esquer\/"},"wordCount":304,"commentCount":0,"publisher":{"@id":"https:\/\/21panorama.com\/#organization"},"image":{"@id":"https:\/\/21panorama.com\/index.php\/2021\/12\/21\/atestiguan-obras-en-el-oro-los-diputados-gustavo-cardenas-e-ivan-esquer\/#primaryimage"},"thumbnailUrl":"https:\/\/21panorama.com\/wp-content\/uploads\/2021\/12\/f6e0e29c-d8b0-44c1-8405-119d8293cea7.jpeg","keywords":["ElOro"],"articleSection":["Sociedad"],"inLanguage":"es","potentialAction":[{"@type":"CommentAction","name":"Comment","target":["https:\/\/21panorama.com\/index.php\/2021\/12\/21\/atestiguan-obras-en-el-oro-los-diputados-gustavo-cardenas-e-ivan-esquer\/#respond"]}]},{"@type":"WebPage","@id":"https:\/\/21panorama.com\/index.php\/2021\/12\/21\/atestiguan-obras-en-el-oro-los-diputados-gustavo-cardenas-e-ivan-esquer\/","url":"https:\/\/21panorama.com\/index.php\/2021\/12\/21\/atestiguan-obras-en-el-oro-los-diputados-gustavo-cardenas-e-ivan-esquer\/","name":"ATESTIGUAN OBRAS EN EL ORO LOS DIPUTADOS GUSTAVO C\u00c1RDENAS E IV\u00c1N ESQUER - 21 Panorama","isPartOf":{"@id":"https:\/\/21panorama.com\/#website"},"primaryImageOfPage":{"@id":"https:\/\/21panorama.com\/index.php\/2021\/12\/21\/atestiguan-obras-en-el-oro-los-diputados-gustavo-cardenas-e-ivan-esquer\/#primaryimage"},"image":{"@id":"https:\/\/21panorama.com\/index.php\/2021\/12\/21\/atestiguan-obras-en-el-oro-los-diputados-gustavo-cardenas-e-ivan-esquer\/#primaryimage"},"thumbnailUrl":"https:\/\/21panorama.com\/wp-content\/uploads\/2021\/12\/f6e0e29c-d8b0-44c1-8405-119d8293cea7.jpeg","datePublished":"2021-12-21T21:50:55+00:00","dateModified":"2021-12-21T21:50:56+00:00","breadcrumb":{"@id":"https:\/\/21panorama.com\/index.php\/2021\/12\/21\/atestiguan-obras-en-el-oro-los-diputados-gustavo-cardenas-e-ivan-esquer\/#breadcrumb"},"inLanguage":"es","potentialAction":[{"@type":"ReadAction","target":["https:\/\/21panorama.com\/index.php\/2021\/12\/21\/atestiguan-obras-en-el-oro-los-diputados-gustavo-cardenas-e-ivan-esquer\/"]}]},{"@type":"ImageObject","inLanguage":"es","@id":"https:\/\/21panorama.com\/index.php\/2021\/12\/21\/atestiguan-obras-en-el-oro-los-diputados-gustavo-cardenas-e-ivan-esquer\/#primaryimage","url":"https:\/\/21panorama.com\/wp-content\/uploads\/2021\/12\/f6e0e29c-d8b0-44c1-8405-119d8293cea7.jpeg","contentUrl":"https:\/\/21panorama.com\/wp-content\/uploads\/2021\/12\/f6e0e29c-d8b0-44c1-8405-119d8293cea7.jpeg","width":1600,"height":1200},{"@type":"BreadcrumbList","@id":"https:\/\/21panorama.com\/index.php\/2021\/12\/21\/atestiguan-obras-en-el-oro-los-diputados-gustavo-cardenas-e-ivan-esquer\/#breadcrumb","itemListElement":[{"@type":"ListItem","position":1,"name":"Inicio","item":"https:\/\/21panorama.com\/"},{"@type":"ListItem","position":2,"name":"ATESTIGUAN OBRAS EN EL ORO LOS DIPUTADOS GUSTAVO C\u00c1RDENAS E IV\u00c1N ESQUER"}]},{"@type":"WebSite","@id":"https:\/\/21panorama.com\/#website","url":"https:\/\/21panorama.com\/","name":"21 Panorama","description":"La construcci\u00f3n de la opini\u00f3n p\u00fablica merece un mejor Panorama en este siglo 21 para alcanzar una sociedad con mayor transparencia y sin corrupci\u00f3n.","publisher":{"@id":"https:\/\/21panorama.com\/#organization"},"potentialAction":[{"@type":"SearchAction","target":{"@type":"EntryPoint","urlTemplate":"https:\/\/21panorama.com\/?s={search_term_string}"},"query-input":{"@type":"PropertyValueSpecification","valueRequired":true,"valueName":"search_term_string"}}],"inLanguage":"es"},{"@type":"Organization","@id":"https:\/\/21panorama.com\/#organization","name":"21 Panorama","url":"https:\/\/21panorama.com\/","logo":{"@type":"ImageObject","inLanguage":"es","@id":"https:\/\/21panorama.com\/#\/schema\/logo\/image\/","url":"https:\/\/21panorama.com\/wp-content\/uploads\/2019\/07\/cropped-Logo-Panorama-01.jpeg","contentUrl":"https:\/\/21panorama.com\/wp-content\/uploads\/2019\/07\/cropped-Logo-Panorama-01.jpeg","width":290,"height":70,"caption":"21 Panorama"},"image":{"@id":"https:\/\/21panorama.com\/#\/schema\/logo\/image\/"}},{"@type":"Person","@id":"https:\/\/21panorama.com\/#\/schema\/person\/1afc291b96d5792a158768324287319f","name":"admin","image":{"@type":"ImageObject","inLanguage":"es","@id":"https:\/\/21panorama.com\/#\/schema\/person\/image\/","url":"https:\/\/secure.gravatar.com\/avatar\/ad365d9d9f46719215b0d042cc3df92a5a8683e09ef13d102233e5491985f0f0?s=96&d=mm&r=g","contentUrl":"https:\/\/secure.gravatar.com\/avatar\/ad365d9d9f46719215b0d042cc3df92a5a8683e09ef13d102233e5491985f0f0?s=96&d=mm&r=g","caption":"admin"},"url":"https:\/\/21panorama.com\/index.php\/author\/admin\/"}]}},"_links":{"self":[{"href":"https:\/\/21panorama.com\/index.php\/wp-json\/wp\/v2\/posts\/2828","targetHints":{"allow":["GET"]}}],"collection":[{"href":"https:\/\/21panorama.com\/index.php\/wp-json\/wp\/v2\/posts"}],"about":[{"href":"https:\/\/21panorama.com\/index.php\/wp-json\/wp\/v2\/types\/post"}],"author":[{"embeddable":true,"href":"https:\/\/21panorama.com\/index.php\/wp-json\/wp\/v2\/users\/1"}],"replies":[{"embeddable":true,"href":"https:\/\/21panorama.com\/index.php\/wp-json\/wp\/v2\/comments?post=2828"}],"version-history":[{"count":1,"href":"https:\/\/21panorama.com\/index.php\/wp-json\/wp\/v2\/posts\/2828\/revisions"}],"predecessor-version":[{"id":2832,"href":"https:\/\/21panorama.com\/index.php\/wp-json\/wp\/v2\/posts\/2828\/revisions\/2832"}],"wp:featuredmedia":[{"embeddable":true,"href":"https:\/\/21panorama.com\/index.php\/wp-json\/wp\/v2\/media\/2829"}],"wp:attachment":[{"href":"https:\/\/21panorama.com\/index.php\/wp-json\/wp\/v2\/media?parent=2828"}],"wp:term":[{"taxonomy":"category","embeddable":true,"href":"https:\/\/21panorama.com\/index.php\/wp-json\/wp\/v2\/categories?post=2828"},{"taxonomy":"post_tag","embeddable":true,"href":"https:\/\/21panorama.com\/index.php\/wp-json\/wp\/v2\/tags?post=2828"}],"curies":[{"name":"wp","href":"https:\/\/api.w.org\/{rel}","templated":true}]}}