{"id":2823,"date":"2021-12-21T11:35:09","date_gmt":"2021-12-21T17:35:09","guid":{"rendered":"https:\/\/21panorama.com\/?p=2823"},"modified":"2021-12-21T11:35:11","modified_gmt":"2021-12-21T17:35:11","slug":"va-cerrando-con-fuerza-la-administracion-de-el-oro","status":"publish","type":"post","link":"https:\/\/21panorama.com\/index.php\/2021\/12\/21\/va-cerrando-con-fuerza-la-administracion-de-el-oro\/","title":{"rendered":"VA CERRANDO CON FUERZA LA ADMINISTRACI\u00d3N DE EL ORO"},"content":{"rendered":"\n<p>En diferentes actos, el presidente municipal de El Oro, Marco Barranco S\u00e1nchez, continu\u00f3 entregando obras en la \u00faltima recta de su administraci\u00f3n y sostuvo ante sus gobernados que siempre contar\u00e1n con su apoyo para alcanzar mejores niveles de desarrollo.<\/p>\n\n\n\n<p>Dijo estar satisfecho por haber iniciado los trabajos de reforzamiento en Socav\u00f3n San Juan con el apoyo del gobierno estatal encabezado por el Gobernador Alfredo Del Mazo Maza y la Secretar\u00eda de Obra P\u00fablica.<\/p>\n\n\n\n<p>La realizaci\u00f3n de esta obra consistente en malla electrosoldada con reforzamiento traer\u00e1 seguridad en los turistas. \u201cEsta administraci\u00f3n impulsa el turismo priorizando la seguridad de todos para que tengan una experiencia \u00fanica en el Estado\u201d, puntualiz\u00f3.<\/p>\n\n\n\n<p>Asimismo, contin\u00faan supervisando las diferentes obras que se est\u00e1n haciendo a lo largo y ancho del municipio, \u201cestuve en San Nicol\u00e1s El Oro revisando la construcci\u00f3n del c\u00e1rcamo y la l\u00ednea de conducci\u00f3n de agua potable, seguimos trabajando en beneficio de las familias aurenses\u201d, anot\u00f3.<\/p>\n\n\n\n<p>Por otra parte y para cumplir con uno de los ejes rectores de esta administraci\u00f3n, se entreg\u00f3 la techumbre de la Escuela Primaria &#8220;Juan Fern\u00e1ndez Albarr\u00e1n&#8221;. \u201cEn este Ayuntamiento estamos satisfechos por haber cumplido con la obligaci\u00f3n que se nos encomend\u00f3\u201d.<\/p>\n\n\n\n<p>En este sentido, agradeci\u00f3 la oportunidad de trabajar con todos y cada uno de ustedes, pues el trabajo en equipo da mejores frutos, como en las comunidades de Santa Rosa de Guadalupe, San Isidro y L\u00f3pez Mateos donde se hizo entrega de un andador y dos empedrados respectivamente.<\/p>\n\n\n\n<figure class=\"wp-block-gallery columns-2 is-cropped wp-block-gallery-1 is-layout-flex wp-block-gallery-is-layout-flex\"><ul class=\"blocks-gallery-grid\"><li class=\"blocks-gallery-item\"><figure><img decoding=\"async\" width=\"1024\" height=\"765\" src=\"https:\/\/21panorama.com\/wp-content\/uploads\/2021\/12\/3e363ab9-4639-4e30-87af-ad38f5a43ad7-1024x765.jpeg\" alt=\"\" data-id=\"2825\" data-link=\"https:\/\/21panorama.com\/?attachment_id=2825\" class=\"wp-image-2825\" srcset=\"https:\/\/21panorama.com\/wp-content\/uploads\/2021\/12\/3e363ab9-4639-4e30-87af-ad38f5a43ad7-1024x765.jpeg 1024w, https:\/\/21panorama.com\/wp-content\/uploads\/2021\/12\/3e363ab9-4639-4e30-87af-ad38f5a43ad7-300x224.jpeg 300w, https:\/\/21panorama.com\/wp-content\/uploads\/2021\/12\/3e363ab9-4639-4e30-87af-ad38f5a43ad7-768x574.jpeg 768w, https:\/\/21panorama.com\/wp-content\/uploads\/2021\/12\/3e363ab9-4639-4e30-87af-ad38f5a43ad7-1536x1148.jpeg 1536w, https:\/\/21panorama.com\/wp-content\/uploads\/2021\/12\/3e363ab9-4639-4e30-87af-ad38f5a43ad7.jpeg 1600w\" sizes=\"(max-width: 1024px) 100vw, 1024px\" \/><\/figure><\/li><li class=\"blocks-gallery-item\"><figure><img decoding=\"async\" width=\"1024\" height=\"765\" src=\"https:\/\/21panorama.com\/wp-content\/uploads\/2021\/12\/ec90490e-da73-4c90-b0f1-f44c93a38204-1024x765.jpeg\" alt=\"\" data-id=\"2826\" data-full-url=\"https:\/\/21panorama.com\/wp-content\/uploads\/2021\/12\/ec90490e-da73-4c90-b0f1-f44c93a38204.jpeg\" data-link=\"https:\/\/21panorama.com\/?attachment_id=2826\" class=\"wp-image-2826\" srcset=\"https:\/\/21panorama.com\/wp-content\/uploads\/2021\/12\/ec90490e-da73-4c90-b0f1-f44c93a38204-1024x765.jpeg 1024w, https:\/\/21panorama.com\/wp-content\/uploads\/2021\/12\/ec90490e-da73-4c90-b0f1-f44c93a38204-300x224.jpeg 300w, https:\/\/21panorama.com\/wp-content\/uploads\/2021\/12\/ec90490e-da73-4c90-b0f1-f44c93a38204-768x574.jpeg 768w, https:\/\/21panorama.com\/wp-content\/uploads\/2021\/12\/ec90490e-da73-4c90-b0f1-f44c93a38204-1536x1148.jpeg 1536w, https:\/\/21panorama.com\/wp-content\/uploads\/2021\/12\/ec90490e-da73-4c90-b0f1-f44c93a38204.jpeg 1600w\" sizes=\"(max-width: 1024px) 100vw, 1024px\" \/><\/figure><\/li><\/ul><\/figure>\n","protected":false},"excerpt":{"rendered":"<p>A pocos d\u00edas de culminar su mandato el alcalde Marco Barranco hace recorridos extensos por las comunidades del municipio.   <\/p>\n","protected":false},"author":1,"featured_media":2824,"comment_status":"open","ping_status":"open","sticky":false,"template":"","format":"standard","meta":{"footnotes":""},"categories":[1],"tags":[89],"class_list":["post-2823","post","type-post","status-publish","format-standard","has-post-thumbnail","hentry","category-sociedad","tag-eloro"],"yoast_head":"<!-- This site is optimized with the Yoast SEO plugin v24.9 - https:\/\/yoast.com\/wordpress\/plugins\/seo\/ -->\n<title>VA CERRANDO CON FUERZA LA ADMINISTRACI\u00d3N DE EL ORO - 21 Panorama<\/title>\n<meta name=\"robots\" content=\"index, follow, max-snippet:-1, max-image-preview:large, max-video-preview:-1\" \/>\n<link rel=\"canonical\" href=\"https:\/\/21panorama.com\/index.php\/2021\/12\/21\/va-cerrando-con-fuerza-la-administracion-de-el-oro\/\" \/>\n<meta property=\"og:locale\" content=\"es_MX\" \/>\n<meta property=\"og:type\" content=\"article\" \/>\n<meta property=\"og:title\" content=\"VA CERRANDO CON FUERZA LA ADMINISTRACI\u00d3N DE EL ORO - 21 Panorama\" \/>\n<meta property=\"og:description\" content=\"A pocos d\u00edas de culminar su mandato el alcalde Marco Barranco hace recorridos extensos por las comunidades del municipio.\" \/>\n<meta property=\"og:url\" content=\"https:\/\/21panorama.com\/index.php\/2021\/12\/21\/va-cerrando-con-fuerza-la-administracion-de-el-oro\/\" \/>\n<meta property=\"og:site_name\" content=\"21 Panorama\" \/>\n<meta property=\"article:published_time\" content=\"2021-12-21T17:35:09+00:00\" \/>\n<meta property=\"article:modified_time\" content=\"2021-12-21T17:35:11+00:00\" \/>\n<meta property=\"og:image\" content=\"https:\/\/21panorama.com\/wp-content\/uploads\/2021\/12\/9182d73a-1953-43b7-a2be-eb721248d774.jpeg\" \/>\n\t<meta property=\"og:image:width\" content=\"960\" \/>\n\t<meta property=\"og:image:height\" content=\"718\" \/>\n\t<meta property=\"og:image:type\" content=\"image\/jpeg\" \/>\n<meta name=\"author\" content=\"admin\" \/>\n<meta name=\"twitter:card\" content=\"summary_large_image\" \/>\n<meta name=\"twitter:label1\" content=\"Escrito por\" \/>\n\t<meta name=\"twitter:data1\" content=\"admin\" \/>\n\t<meta name=\"twitter:label2\" content=\"Tiempo de lectura\" \/>\n\t<meta name=\"twitter:data2\" content=\"2 minutos\" \/>\n<script type=\"application\/ld+json\" class=\"yoast-schema-graph\">{\"@context\":\"https:\/\/schema.org\",\"@graph\":[{\"@type\":\"Article\",\"@id\":\"https:\/\/21panorama.com\/index.php\/2021\/12\/21\/va-cerrando-con-fuerza-la-administracion-de-el-oro\/#article\",\"isPartOf\":{\"@id\":\"https:\/\/21panorama.com\/index.php\/2021\/12\/21\/va-cerrando-con-fuerza-la-administracion-de-el-oro\/\"},\"author\":{\"name\":\"admin\",\"@id\":\"https:\/\/21panorama.com\/#\/schema\/person\/1afc291b96d5792a158768324287319f\"},\"headline\":\"VA CERRANDO CON FUERZA LA ADMINISTRACI\u00d3N DE EL ORO\",\"datePublished\":\"2021-12-21T17:35:09+00:00\",\"dateModified\":\"2021-12-21T17:35:11+00:00\",\"mainEntityOfPage\":{\"@id\":\"https:\/\/21panorama.com\/index.php\/2021\/12\/21\/va-cerrando-con-fuerza-la-administracion-de-el-oro\/\"},\"wordCount\":273,\"commentCount\":0,\"publisher\":{\"@id\":\"https:\/\/21panorama.com\/#organization\"},\"image\":{\"@id\":\"https:\/\/21panorama.com\/index.php\/2021\/12\/21\/va-cerrando-con-fuerza-la-administracion-de-el-oro\/#primaryimage\"},\"thumbnailUrl\":\"https:\/\/21panorama.com\/wp-content\/uploads\/2021\/12\/9182d73a-1953-43b7-a2be-eb721248d774.jpeg\",\"keywords\":[\"ElOro\"],\"articleSection\":[\"Sociedad\"],\"inLanguage\":\"es\",\"potentialAction\":[{\"@type\":\"CommentAction\",\"name\":\"Comment\",\"target\":[\"https:\/\/21panorama.com\/index.php\/2021\/12\/21\/va-cerrando-con-fuerza-la-administracion-de-el-oro\/#respond\"]}]},{\"@type\":\"WebPage\",\"@id\":\"https:\/\/21panorama.com\/index.php\/2021\/12\/21\/va-cerrando-con-fuerza-la-administracion-de-el-oro\/\",\"url\":\"https:\/\/21panorama.com\/index.php\/2021\/12\/21\/va-cerrando-con-fuerza-la-administracion-de-el-oro\/\",\"name\":\"VA CERRANDO CON FUERZA LA ADMINISTRACI\u00d3N DE EL ORO - 21 Panorama\",\"isPartOf\":{\"@id\":\"https:\/\/21panorama.com\/#website\"},\"primaryImageOfPage\":{\"@id\":\"https:\/\/21panorama.com\/index.php\/2021\/12\/21\/va-cerrando-con-fuerza-la-administracion-de-el-oro\/#primaryimage\"},\"image\":{\"@id\":\"https:\/\/21panorama.com\/index.php\/2021\/12\/21\/va-cerrando-con-fuerza-la-administracion-de-el-oro\/#primaryimage\"},\"thumbnailUrl\":\"https:\/\/21panorama.com\/wp-content\/uploads\/2021\/12\/9182d73a-1953-43b7-a2be-eb721248d774.jpeg\",\"datePublished\":\"2021-12-21T17:35:09+00:00\",\"dateModified\":\"2021-12-21T17:35:11+00:00\",\"breadcrumb\":{\"@id\":\"https:\/\/21panorama.com\/index.php\/2021\/12\/21\/va-cerrando-con-fuerza-la-administracion-de-el-oro\/#breadcrumb\"},\"inLanguage\":\"es\",\"potentialAction\":[{\"@type\":\"ReadAction\",\"target\":[\"https:\/\/21panorama.com\/index.php\/2021\/12\/21\/va-cerrando-con-fuerza-la-administracion-de-el-oro\/\"]}]},{\"@type\":\"ImageObject\",\"inLanguage\":\"es\",\"@id\":\"https:\/\/21panorama.com\/index.php\/2021\/12\/21\/va-cerrando-con-fuerza-la-administracion-de-el-oro\/#primaryimage\",\"url\":\"https:\/\/21panorama.com\/wp-content\/uploads\/2021\/12\/9182d73a-1953-43b7-a2be-eb721248d774.jpeg\",\"contentUrl\":\"https:\/\/21panorama.com\/wp-content\/uploads\/2021\/12\/9182d73a-1953-43b7-a2be-eb721248d774.jpeg\",\"width\":960,\"height\":718},{\"@type\":\"BreadcrumbList\",\"@id\":\"https:\/\/21panorama.com\/index.php\/2021\/12\/21\/va-cerrando-con-fuerza-la-administracion-de-el-oro\/#breadcrumb\",\"itemListElement\":[{\"@type\":\"ListItem\",\"position\":1,\"name\":\"Inicio\",\"item\":\"https:\/\/21panorama.com\/\"},{\"@type\":\"ListItem\",\"position\":2,\"name\":\"VA CERRANDO CON FUERZA LA ADMINISTRACI\u00d3N DE EL ORO\"}]},{\"@type\":\"WebSite\",\"@id\":\"https:\/\/21panorama.com\/#website\",\"url\":\"https:\/\/21panorama.com\/\",\"name\":\"21 Panorama\",\"description\":\"La construcci\u00f3n de la opini\u00f3n p\u00fablica merece un mejor Panorama en este siglo 21 para alcanzar una sociedad con mayor transparencia y sin corrupci\u00f3n.\",\"publisher\":{\"@id\":\"https:\/\/21panorama.com\/#organization\"},\"potentialAction\":[{\"@type\":\"SearchAction\",\"target\":{\"@type\":\"EntryPoint\",\"urlTemplate\":\"https:\/\/21panorama.com\/?s={search_term_string}\"},\"query-input\":{\"@type\":\"PropertyValueSpecification\",\"valueRequired\":true,\"valueName\":\"search_term_string\"}}],\"inLanguage\":\"es\"},{\"@type\":\"Organization\",\"@id\":\"https:\/\/21panorama.com\/#organization\",\"name\":\"21 Panorama\",\"url\":\"https:\/\/21panorama.com\/\",\"logo\":{\"@type\":\"ImageObject\",\"inLanguage\":\"es\",\"@id\":\"https:\/\/21panorama.com\/#\/schema\/logo\/image\/\",\"url\":\"https:\/\/21panorama.com\/wp-content\/uploads\/2019\/07\/cropped-Logo-Panorama-01.jpeg\",\"contentUrl\":\"https:\/\/21panorama.com\/wp-content\/uploads\/2019\/07\/cropped-Logo-Panorama-01.jpeg\",\"width\":290,\"height\":70,\"caption\":\"21 Panorama\"},\"image\":{\"@id\":\"https:\/\/21panorama.com\/#\/schema\/logo\/image\/\"}},{\"@type\":\"Person\",\"@id\":\"https:\/\/21panorama.com\/#\/schema\/person\/1afc291b96d5792a158768324287319f\",\"name\":\"admin\",\"image\":{\"@type\":\"ImageObject\",\"inLanguage\":\"es\",\"@id\":\"https:\/\/21panorama.com\/#\/schema\/person\/image\/\",\"url\":\"https:\/\/secure.gravatar.com\/avatar\/ad365d9d9f46719215b0d042cc3df92a5a8683e09ef13d102233e5491985f0f0?s=96&d=mm&r=g\",\"contentUrl\":\"https:\/\/secure.gravatar.com\/avatar\/ad365d9d9f46719215b0d042cc3df92a5a8683e09ef13d102233e5491985f0f0?s=96&d=mm&r=g\",\"caption\":\"admin\"},\"url\":\"https:\/\/21panorama.com\/index.php\/author\/admin\/\"}]}<\/script>\n<!-- \/ Yoast SEO plugin. -->","yoast_head_json":{"title":"VA CERRANDO CON FUERZA LA ADMINISTRACI\u00d3N DE EL ORO - 21 Panorama","robots":{"index":"index","follow":"follow","max-snippet":"max-snippet:-1","max-image-preview":"max-image-preview:large","max-video-preview":"max-video-preview:-1"},"canonical":"https:\/\/21panorama.com\/index.php\/2021\/12\/21\/va-cerrando-con-fuerza-la-administracion-de-el-oro\/","og_locale":"es_MX","og_type":"article","og_title":"VA CERRANDO CON FUERZA LA ADMINISTRACI\u00d3N DE EL ORO - 21 Panorama","og_description":"A pocos d\u00edas de culminar su mandato el alcalde Marco Barranco hace recorridos extensos por las comunidades del municipio.","og_url":"https:\/\/21panorama.com\/index.php\/2021\/12\/21\/va-cerrando-con-fuerza-la-administracion-de-el-oro\/","og_site_name":"21 Panorama","article_published_time":"2021-12-21T17:35:09+00:00","article_modified_time":"2021-12-21T17:35:11+00:00","og_image":[{"width":960,"height":718,"url":"https:\/\/21panorama.com\/wp-content\/uploads\/2021\/12\/9182d73a-1953-43b7-a2be-eb721248d774.jpeg","type":"image\/jpeg"}],"author":"admin","twitter_card":"summary_large_image","twitter_misc":{"Escrito por":"admin","Tiempo de lectura":"2 minutos"},"schema":{"@context":"https:\/\/schema.org","@graph":[{"@type":"Article","@id":"https:\/\/21panorama.com\/index.php\/2021\/12\/21\/va-cerrando-con-fuerza-la-administracion-de-el-oro\/#article","isPartOf":{"@id":"https:\/\/21panorama.com\/index.php\/2021\/12\/21\/va-cerrando-con-fuerza-la-administracion-de-el-oro\/"},"author":{"name":"admin","@id":"https:\/\/21panorama.com\/#\/schema\/person\/1afc291b96d5792a158768324287319f"},"headline":"VA CERRANDO CON FUERZA LA ADMINISTRACI\u00d3N DE EL ORO","datePublished":"2021-12-21T17:35:09+00:00","dateModified":"2021-12-21T17:35:11+00:00","mainEntityOfPage":{"@id":"https:\/\/21panorama.com\/index.php\/2021\/12\/21\/va-cerrando-con-fuerza-la-administracion-de-el-oro\/"},"wordCount":273,"commentCount":0,"publisher":{"@id":"https:\/\/21panorama.com\/#organization"},"image":{"@id":"https:\/\/21panorama.com\/index.php\/2021\/12\/21\/va-cerrando-con-fuerza-la-administracion-de-el-oro\/#primaryimage"},"thumbnailUrl":"https:\/\/21panorama.com\/wp-content\/uploads\/2021\/12\/9182d73a-1953-43b7-a2be-eb721248d774.jpeg","keywords":["ElOro"],"articleSection":["Sociedad"],"inLanguage":"es","potentialAction":[{"@type":"CommentAction","name":"Comment","target":["https:\/\/21panorama.com\/index.php\/2021\/12\/21\/va-cerrando-con-fuerza-la-administracion-de-el-oro\/#respond"]}]},{"@type":"WebPage","@id":"https:\/\/21panorama.com\/index.php\/2021\/12\/21\/va-cerrando-con-fuerza-la-administracion-de-el-oro\/","url":"https:\/\/21panorama.com\/index.php\/2021\/12\/21\/va-cerrando-con-fuerza-la-administracion-de-el-oro\/","name":"VA CERRANDO CON FUERZA LA ADMINISTRACI\u00d3N DE EL ORO - 21 Panorama","isPartOf":{"@id":"https:\/\/21panorama.com\/#website"},"primaryImageOfPage":{"@id":"https:\/\/21panorama.com\/index.php\/2021\/12\/21\/va-cerrando-con-fuerza-la-administracion-de-el-oro\/#primaryimage"},"image":{"@id":"https:\/\/21panorama.com\/index.php\/2021\/12\/21\/va-cerrando-con-fuerza-la-administracion-de-el-oro\/#primaryimage"},"thumbnailUrl":"https:\/\/21panorama.com\/wp-content\/uploads\/2021\/12\/9182d73a-1953-43b7-a2be-eb721248d774.jpeg","datePublished":"2021-12-21T17:35:09+00:00","dateModified":"2021-12-21T17:35:11+00:00","breadcrumb":{"@id":"https:\/\/21panorama.com\/index.php\/2021\/12\/21\/va-cerrando-con-fuerza-la-administracion-de-el-oro\/#breadcrumb"},"inLanguage":"es","potentialAction":[{"@type":"ReadAction","target":["https:\/\/21panorama.com\/index.php\/2021\/12\/21\/va-cerrando-con-fuerza-la-administracion-de-el-oro\/"]}]},{"@type":"ImageObject","inLanguage":"es","@id":"https:\/\/21panorama.com\/index.php\/2021\/12\/21\/va-cerrando-con-fuerza-la-administracion-de-el-oro\/#primaryimage","url":"https:\/\/21panorama.com\/wp-content\/uploads\/2021\/12\/9182d73a-1953-43b7-a2be-eb721248d774.jpeg","contentUrl":"https:\/\/21panorama.com\/wp-content\/uploads\/2021\/12\/9182d73a-1953-43b7-a2be-eb721248d774.jpeg","width":960,"height":718},{"@type":"BreadcrumbList","@id":"https:\/\/21panorama.com\/index.php\/2021\/12\/21\/va-cerrando-con-fuerza-la-administracion-de-el-oro\/#breadcrumb","itemListElement":[{"@type":"ListItem","position":1,"name":"Inicio","item":"https:\/\/21panorama.com\/"},{"@type":"ListItem","position":2,"name":"VA CERRANDO CON FUERZA LA ADMINISTRACI\u00d3N DE EL ORO"}]},{"@type":"WebSite","@id":"https:\/\/21panorama.com\/#website","url":"https:\/\/21panorama.com\/","name":"21 Panorama","description":"La construcci\u00f3n de la opini\u00f3n p\u00fablica merece un mejor Panorama en este siglo 21 para alcanzar una sociedad con mayor transparencia y sin corrupci\u00f3n.","publisher":{"@id":"https:\/\/21panorama.com\/#organization"},"potentialAction":[{"@type":"SearchAction","target":{"@type":"EntryPoint","urlTemplate":"https:\/\/21panorama.com\/?s={search_term_string}"},"query-input":{"@type":"PropertyValueSpecification","valueRequired":true,"valueName":"search_term_string"}}],"inLanguage":"es"},{"@type":"Organization","@id":"https:\/\/21panorama.com\/#organization","name":"21 Panorama","url":"https:\/\/21panorama.com\/","logo":{"@type":"ImageObject","inLanguage":"es","@id":"https:\/\/21panorama.com\/#\/schema\/logo\/image\/","url":"https:\/\/21panorama.com\/wp-content\/uploads\/2019\/07\/cropped-Logo-Panorama-01.jpeg","contentUrl":"https:\/\/21panorama.com\/wp-content\/uploads\/2019\/07\/cropped-Logo-Panorama-01.jpeg","width":290,"height":70,"caption":"21 Panorama"},"image":{"@id":"https:\/\/21panorama.com\/#\/schema\/logo\/image\/"}},{"@type":"Person","@id":"https:\/\/21panorama.com\/#\/schema\/person\/1afc291b96d5792a158768324287319f","name":"admin","image":{"@type":"ImageObject","inLanguage":"es","@id":"https:\/\/21panorama.com\/#\/schema\/person\/image\/","url":"https:\/\/secure.gravatar.com\/avatar\/ad365d9d9f46719215b0d042cc3df92a5a8683e09ef13d102233e5491985f0f0?s=96&d=mm&r=g","contentUrl":"https:\/\/secure.gravatar.com\/avatar\/ad365d9d9f46719215b0d042cc3df92a5a8683e09ef13d102233e5491985f0f0?s=96&d=mm&r=g","caption":"admin"},"url":"https:\/\/21panorama.com\/index.php\/author\/admin\/"}]}},"_links":{"self":[{"href":"https:\/\/21panorama.com\/index.php\/wp-json\/wp\/v2\/posts\/2823","targetHints":{"allow":["GET"]}}],"collection":[{"href":"https:\/\/21panorama.com\/index.php\/wp-json\/wp\/v2\/posts"}],"about":[{"href":"https:\/\/21panorama.com\/index.php\/wp-json\/wp\/v2\/types\/post"}],"author":[{"embeddable":true,"href":"https:\/\/21panorama.com\/index.php\/wp-json\/wp\/v2\/users\/1"}],"replies":[{"embeddable":true,"href":"https:\/\/21panorama.com\/index.php\/wp-json\/wp\/v2\/comments?post=2823"}],"version-history":[{"count":1,"href":"https:\/\/21panorama.com\/index.php\/wp-json\/wp\/v2\/posts\/2823\/revisions"}],"predecessor-version":[{"id":2827,"href":"https:\/\/21panorama.com\/index.php\/wp-json\/wp\/v2\/posts\/2823\/revisions\/2827"}],"wp:featuredmedia":[{"embeddable":true,"href":"https:\/\/21panorama.com\/index.php\/wp-json\/wp\/v2\/media\/2824"}],"wp:attachment":[{"href":"https:\/\/21panorama.com\/index.php\/wp-json\/wp\/v2\/media?parent=2823"}],"wp:term":[{"taxonomy":"category","embeddable":true,"href":"https:\/\/21panorama.com\/index.php\/wp-json\/wp\/v2\/categories?post=2823"},{"taxonomy":"post_tag","embeddable":true,"href":"https:\/\/21panorama.com\/index.php\/wp-json\/wp\/v2\/tags?post=2823"}],"curies":[{"name":"wp","href":"https:\/\/api.w.org\/{rel}","templated":true}]}}