{"id":2814,"date":"2021-12-21T11:31:38","date_gmt":"2021-12-21T17:31:38","guid":{"rendered":"https:\/\/21panorama.com\/?p=2814"},"modified":"2021-12-21T11:31:40","modified_gmt":"2021-12-21T17:31:40","slug":"prioriza-erika-sevilla-los-intereses-del-pueblo-de-otzolotepec","status":"publish","type":"post","link":"https:\/\/21panorama.com\/index.php\/2021\/12\/21\/prioriza-erika-sevilla-los-intereses-del-pueblo-de-otzolotepec\/","title":{"rendered":"Prioriza Erika Sevilla los Intereses del pueblo de Otzolotepec"},"content":{"rendered":"\n<p>Como presidenta municipal electa de Otzolotepec, Erika Sevilla Alvarado asumi\u00f3 el compromiso de continuar con una administraci\u00f3n caracterizada por la honestidad y transparencia con un gobierno de puertas abiertas para su pueblo.<\/p>\n\n\n\n<p>Al tomar protesta como alcaldesa de la administraci\u00f3n 2022-2024, anunci\u00f3 el desarrollo de pol\u00edticas p\u00fablicas a favor de la mujer y destac\u00f3 que su gobierno ser\u00e1 constante en las pol\u00edticas de austeridad, combate a la corruupcion y uso de eficiente de los recursos p\u00fablicos.<\/p>\n\n\n\n<p>\u201cSiempre nos motivar\u00e1 el amor por el municipio y mantendremos di\u00e1logo directo con los diferentes sectores de la poblaci\u00f3n, pues el gobierno debe servir al pueblo y solo as\u00ed se podr\u00e1 generar las mejores condiciones\u201d, manifest\u00f3.<\/p>\n\n\n\n<p>Seguiremos dando el mayor esfuerzo ya qu\u00e9 hay asignaturas pendientes como consolidar la paz e integridad de la poblaci\u00f3n, \u201cno estamos satisfechos con los resultados, vamos por m\u00e1s con la suma de esfuerzos en los tres niveles de gobierno\u201d.<\/p>\n\n\n\n<p>Los intereses del pueblo est\u00e1n por encima de cualquier particular por eso tambi\u00e9n habr\u00e1 un enfoque claro sobre la tranquilidad de las familias con pol\u00edticas p\u00fablicas de cero tolerancia a los actos de corrupcion entre los servidores p\u00fablicos.<\/p>\n\n\n\n<p>\u201cDesterramos los malos manejos del recurso p\u00fablico por eso vamos a seguir generando mejores resultados en el ejercicio del gobierno\u201d, destac\u00f3 la presidenta municipal.<\/p>\n\n\n\n<figure class=\"wp-block-gallery columns-3 is-cropped wp-block-gallery-1 is-layout-flex wp-block-gallery-is-layout-flex\"><ul class=\"blocks-gallery-grid\"><li class=\"blocks-gallery-item\"><figure><img decoding=\"async\" width=\"1024\" height=\"768\" src=\"https:\/\/21panorama.com\/wp-content\/uploads\/2021\/12\/2243117b-b4e2-496c-8cec-36ff912217bf-1024x768.jpeg\" alt=\"\" data-id=\"2816\" data-link=\"https:\/\/21panorama.com\/?attachment_id=2816\" class=\"wp-image-2816\" srcset=\"https:\/\/21panorama.com\/wp-content\/uploads\/2021\/12\/2243117b-b4e2-496c-8cec-36ff912217bf-1024x768.jpeg 1024w, https:\/\/21panorama.com\/wp-content\/uploads\/2021\/12\/2243117b-b4e2-496c-8cec-36ff912217bf-300x225.jpeg 300w, https:\/\/21panorama.com\/wp-content\/uploads\/2021\/12\/2243117b-b4e2-496c-8cec-36ff912217bf-768x576.jpeg 768w, https:\/\/21panorama.com\/wp-content\/uploads\/2021\/12\/2243117b-b4e2-496c-8cec-36ff912217bf-1536x1153.jpeg 1536w, https:\/\/21panorama.com\/wp-content\/uploads\/2021\/12\/2243117b-b4e2-496c-8cec-36ff912217bf.jpeg 1599w\" sizes=\"(max-width: 1024px) 100vw, 1024px\" \/><\/figure><\/li><li class=\"blocks-gallery-item\"><figure><img decoding=\"async\" width=\"626\" height=\"960\" src=\"https:\/\/21panorama.com\/wp-content\/uploads\/2021\/12\/7ddd8bc2-d1a7-4634-918d-986c555d167e.jpeg\" alt=\"\" data-id=\"2817\" data-link=\"https:\/\/21panorama.com\/?attachment_id=2817\" class=\"wp-image-2817\" srcset=\"https:\/\/21panorama.com\/wp-content\/uploads\/2021\/12\/7ddd8bc2-d1a7-4634-918d-986c555d167e.jpeg 626w, https:\/\/21panorama.com\/wp-content\/uploads\/2021\/12\/7ddd8bc2-d1a7-4634-918d-986c555d167e-196x300.jpeg 196w\" sizes=\"(max-width: 626px) 100vw, 626px\" \/><\/figure><\/li><li class=\"blocks-gallery-item\"><figure><img decoding=\"async\" width=\"960\" height=\"590\" src=\"https:\/\/21panorama.com\/wp-content\/uploads\/2021\/12\/0199ae2b-30e4-422d-8da3-5e3e0f8b1b71.jpeg\" alt=\"\" data-id=\"2818\" data-link=\"https:\/\/21panorama.com\/?attachment_id=2818\" class=\"wp-image-2818\" srcset=\"https:\/\/21panorama.com\/wp-content\/uploads\/2021\/12\/0199ae2b-30e4-422d-8da3-5e3e0f8b1b71.jpeg 960w, https:\/\/21panorama.com\/wp-content\/uploads\/2021\/12\/0199ae2b-30e4-422d-8da3-5e3e0f8b1b71-300x184.jpeg 300w, https:\/\/21panorama.com\/wp-content\/uploads\/2021\/12\/0199ae2b-30e4-422d-8da3-5e3e0f8b1b71-768x472.jpeg 768w\" sizes=\"(max-width: 960px) 100vw, 960px\" \/><\/figure><\/li><li class=\"blocks-gallery-item\"><figure><img decoding=\"async\" width=\"1024\" height=\"768\" src=\"https:\/\/21panorama.com\/wp-content\/uploads\/2021\/12\/f0941c10-3de8-4b0e-9633-3f5d87b47cdf-1024x768.jpeg\" alt=\"\" data-id=\"2819\" data-link=\"https:\/\/21panorama.com\/?attachment_id=2819\" class=\"wp-image-2819\" srcset=\"https:\/\/21panorama.com\/wp-content\/uploads\/2021\/12\/f0941c10-3de8-4b0e-9633-3f5d87b47cdf-1024x768.jpeg 1024w, https:\/\/21panorama.com\/wp-content\/uploads\/2021\/12\/f0941c10-3de8-4b0e-9633-3f5d87b47cdf-300x225.jpeg 300w, https:\/\/21panorama.com\/wp-content\/uploads\/2021\/12\/f0941c10-3de8-4b0e-9633-3f5d87b47cdf-768x576.jpeg 768w, https:\/\/21panorama.com\/wp-content\/uploads\/2021\/12\/f0941c10-3de8-4b0e-9633-3f5d87b47cdf-1536x1152.jpeg 1536w, https:\/\/21panorama.com\/wp-content\/uploads\/2021\/12\/f0941c10-3de8-4b0e-9633-3f5d87b47cdf.jpeg 1600w\" sizes=\"(max-width: 1024px) 100vw, 1024px\" \/><\/figure><\/li><li class=\"blocks-gallery-item\"><figure><img decoding=\"async\" width=\"960\" height=\"639\" src=\"https:\/\/21panorama.com\/wp-content\/uploads\/2021\/12\/ccc5c995-5252-4c3f-9eec-b2894f9d7377.jpeg\" alt=\"\" data-id=\"2820\" data-link=\"https:\/\/21panorama.com\/?attachment_id=2820\" class=\"wp-image-2820\" srcset=\"https:\/\/21panorama.com\/wp-content\/uploads\/2021\/12\/ccc5c995-5252-4c3f-9eec-b2894f9d7377.jpeg 960w, https:\/\/21panorama.com\/wp-content\/uploads\/2021\/12\/ccc5c995-5252-4c3f-9eec-b2894f9d7377-300x200.jpeg 300w, https:\/\/21panorama.com\/wp-content\/uploads\/2021\/12\/ccc5c995-5252-4c3f-9eec-b2894f9d7377-768x511.jpeg 768w\" sizes=\"(max-width: 960px) 100vw, 960px\" \/><\/figure><\/li><li class=\"blocks-gallery-item\"><figure><img decoding=\"async\" width=\"1024\" height=\"573\" src=\"https:\/\/21panorama.com\/wp-content\/uploads\/2021\/12\/b3b80c60-354c-450c-9250-bc71b34312e2-1024x573.jpeg\" alt=\"\" data-id=\"2821\" data-full-url=\"https:\/\/21panorama.com\/wp-content\/uploads\/2021\/12\/b3b80c60-354c-450c-9250-bc71b34312e2.jpeg\" data-link=\"https:\/\/21panorama.com\/?attachment_id=2821\" class=\"wp-image-2821\" srcset=\"https:\/\/21panorama.com\/wp-content\/uploads\/2021\/12\/b3b80c60-354c-450c-9250-bc71b34312e2-1024x573.jpeg 1024w, https:\/\/21panorama.com\/wp-content\/uploads\/2021\/12\/b3b80c60-354c-450c-9250-bc71b34312e2-300x168.jpeg 300w, https:\/\/21panorama.com\/wp-content\/uploads\/2021\/12\/b3b80c60-354c-450c-9250-bc71b34312e2-768x430.jpeg 768w, https:\/\/21panorama.com\/wp-content\/uploads\/2021\/12\/b3b80c60-354c-450c-9250-bc71b34312e2.jpeg 1436w\" sizes=\"(max-width: 1024px) 100vw, 1024px\" \/><\/figure><\/li><\/ul><\/figure>\n","protected":false},"excerpt":{"rendered":"<p>Toma protesta alcaldesa de Otzolotepec ante la representante del gobernador, Diana P\u00e9rez Barrag\u00e1n y teniendo como testigos a los Senadores de la Rep\u00fablica, Martha Guerrero e Higinio Mart\u00ednez. <\/p>\n","protected":false},"author":1,"featured_media":2815,"comment_status":"open","ping_status":"open","sticky":false,"template":"","format":"standard","meta":{"footnotes":""},"categories":[1],"tags":[254],"class_list":["post-2814","post","type-post","status-publish","format-standard","has-post-thumbnail","hentry","category-sociedad","tag-otzolotepec"],"yoast_head":"<!-- This site is optimized with the Yoast SEO plugin v24.9 - https:\/\/yoast.com\/wordpress\/plugins\/seo\/ -->\n<title>Prioriza Erika Sevilla los Intereses del pueblo de Otzolotepec - 21 Panorama<\/title>\n<meta name=\"robots\" content=\"index, follow, max-snippet:-1, max-image-preview:large, max-video-preview:-1\" \/>\n<link rel=\"canonical\" href=\"https:\/\/21panorama.com\/index.php\/2021\/12\/21\/prioriza-erika-sevilla-los-intereses-del-pueblo-de-otzolotepec\/\" \/>\n<meta property=\"og:locale\" content=\"es_MX\" \/>\n<meta property=\"og:type\" content=\"article\" \/>\n<meta property=\"og:title\" content=\"Prioriza Erika Sevilla los Intereses del pueblo de Otzolotepec - 21 Panorama\" \/>\n<meta property=\"og:description\" content=\"Toma protesta alcaldesa de Otzolotepec ante la representante del gobernador, Diana P\u00e9rez Barrag\u00e1n y teniendo como testigos a los Senadores de la Rep\u00fablica, Martha Guerrero e Higinio Mart\u00ednez.\" \/>\n<meta property=\"og:url\" content=\"https:\/\/21panorama.com\/index.php\/2021\/12\/21\/prioriza-erika-sevilla-los-intereses-del-pueblo-de-otzolotepec\/\" \/>\n<meta property=\"og:site_name\" content=\"21 Panorama\" \/>\n<meta property=\"article:published_time\" content=\"2021-12-21T17:31:38+00:00\" \/>\n<meta property=\"article:modified_time\" content=\"2021-12-21T17:31:40+00:00\" \/>\n<meta property=\"og:image\" content=\"https:\/\/21panorama.com\/wp-content\/uploads\/2021\/12\/977d3a11-76dd-4099-80da-2bb8cfd57f04.jpeg\" \/>\n\t<meta property=\"og:image:width\" content=\"1599\" \/>\n\t<meta property=\"og:image:height\" content=\"1200\" \/>\n\t<meta property=\"og:image:type\" content=\"image\/jpeg\" \/>\n<meta name=\"author\" content=\"admin\" \/>\n<meta name=\"twitter:card\" content=\"summary_large_image\" \/>\n<meta name=\"twitter:label1\" content=\"Escrito por\" \/>\n\t<meta name=\"twitter:data1\" content=\"admin\" \/>\n\t<meta name=\"twitter:label2\" content=\"Tiempo de lectura\" \/>\n\t<meta name=\"twitter:data2\" content=\"3 minutos\" \/>\n<script type=\"application\/ld+json\" class=\"yoast-schema-graph\">{\"@context\":\"https:\/\/schema.org\",\"@graph\":[{\"@type\":\"Article\",\"@id\":\"https:\/\/21panorama.com\/index.php\/2021\/12\/21\/prioriza-erika-sevilla-los-intereses-del-pueblo-de-otzolotepec\/#article\",\"isPartOf\":{\"@id\":\"https:\/\/21panorama.com\/index.php\/2021\/12\/21\/prioriza-erika-sevilla-los-intereses-del-pueblo-de-otzolotepec\/\"},\"author\":{\"name\":\"admin\",\"@id\":\"https:\/\/21panorama.com\/#\/schema\/person\/1afc291b96d5792a158768324287319f\"},\"headline\":\"Prioriza Erika Sevilla los Intereses del pueblo de Otzolotepec\",\"datePublished\":\"2021-12-21T17:31:38+00:00\",\"dateModified\":\"2021-12-21T17:31:40+00:00\",\"mainEntityOfPage\":{\"@id\":\"https:\/\/21panorama.com\/index.php\/2021\/12\/21\/prioriza-erika-sevilla-los-intereses-del-pueblo-de-otzolotepec\/\"},\"wordCount\":238,\"commentCount\":0,\"publisher\":{\"@id\":\"https:\/\/21panorama.com\/#organization\"},\"image\":{\"@id\":\"https:\/\/21panorama.com\/index.php\/2021\/12\/21\/prioriza-erika-sevilla-los-intereses-del-pueblo-de-otzolotepec\/#primaryimage\"},\"thumbnailUrl\":\"https:\/\/21panorama.com\/wp-content\/uploads\/2021\/12\/977d3a11-76dd-4099-80da-2bb8cfd57f04.jpeg\",\"keywords\":[\"Otzolotepec\"],\"articleSection\":[\"Sociedad\"],\"inLanguage\":\"es\",\"potentialAction\":[{\"@type\":\"CommentAction\",\"name\":\"Comment\",\"target\":[\"https:\/\/21panorama.com\/index.php\/2021\/12\/21\/prioriza-erika-sevilla-los-intereses-del-pueblo-de-otzolotepec\/#respond\"]}]},{\"@type\":\"WebPage\",\"@id\":\"https:\/\/21panorama.com\/index.php\/2021\/12\/21\/prioriza-erika-sevilla-los-intereses-del-pueblo-de-otzolotepec\/\",\"url\":\"https:\/\/21panorama.com\/index.php\/2021\/12\/21\/prioriza-erika-sevilla-los-intereses-del-pueblo-de-otzolotepec\/\",\"name\":\"Prioriza Erika Sevilla los Intereses del pueblo de Otzolotepec - 21 Panorama\",\"isPartOf\":{\"@id\":\"https:\/\/21panorama.com\/#website\"},\"primaryImageOfPage\":{\"@id\":\"https:\/\/21panorama.com\/index.php\/2021\/12\/21\/prioriza-erika-sevilla-los-intereses-del-pueblo-de-otzolotepec\/#primaryimage\"},\"image\":{\"@id\":\"https:\/\/21panorama.com\/index.php\/2021\/12\/21\/prioriza-erika-sevilla-los-intereses-del-pueblo-de-otzolotepec\/#primaryimage\"},\"thumbnailUrl\":\"https:\/\/21panorama.com\/wp-content\/uploads\/2021\/12\/977d3a11-76dd-4099-80da-2bb8cfd57f04.jpeg\",\"datePublished\":\"2021-12-21T17:31:38+00:00\",\"dateModified\":\"2021-12-21T17:31:40+00:00\",\"breadcrumb\":{\"@id\":\"https:\/\/21panorama.com\/index.php\/2021\/12\/21\/prioriza-erika-sevilla-los-intereses-del-pueblo-de-otzolotepec\/#breadcrumb\"},\"inLanguage\":\"es\",\"potentialAction\":[{\"@type\":\"ReadAction\",\"target\":[\"https:\/\/21panorama.com\/index.php\/2021\/12\/21\/prioriza-erika-sevilla-los-intereses-del-pueblo-de-otzolotepec\/\"]}]},{\"@type\":\"ImageObject\",\"inLanguage\":\"es\",\"@id\":\"https:\/\/21panorama.com\/index.php\/2021\/12\/21\/prioriza-erika-sevilla-los-intereses-del-pueblo-de-otzolotepec\/#primaryimage\",\"url\":\"https:\/\/21panorama.com\/wp-content\/uploads\/2021\/12\/977d3a11-76dd-4099-80da-2bb8cfd57f04.jpeg\",\"contentUrl\":\"https:\/\/21panorama.com\/wp-content\/uploads\/2021\/12\/977d3a11-76dd-4099-80da-2bb8cfd57f04.jpeg\",\"width\":1599,\"height\":1200},{\"@type\":\"BreadcrumbList\",\"@id\":\"https:\/\/21panorama.com\/index.php\/2021\/12\/21\/prioriza-erika-sevilla-los-intereses-del-pueblo-de-otzolotepec\/#breadcrumb\",\"itemListElement\":[{\"@type\":\"ListItem\",\"position\":1,\"name\":\"Inicio\",\"item\":\"https:\/\/21panorama.com\/\"},{\"@type\":\"ListItem\",\"position\":2,\"name\":\"Prioriza Erika Sevilla los Intereses del pueblo de Otzolotepec\"}]},{\"@type\":\"WebSite\",\"@id\":\"https:\/\/21panorama.com\/#website\",\"url\":\"https:\/\/21panorama.com\/\",\"name\":\"21 Panorama\",\"description\":\"La construcci\u00f3n de la opini\u00f3n p\u00fablica merece un mejor Panorama en este siglo 21 para alcanzar una sociedad con mayor transparencia y sin corrupci\u00f3n.\",\"publisher\":{\"@id\":\"https:\/\/21panorama.com\/#organization\"},\"potentialAction\":[{\"@type\":\"SearchAction\",\"target\":{\"@type\":\"EntryPoint\",\"urlTemplate\":\"https:\/\/21panorama.com\/?s={search_term_string}\"},\"query-input\":{\"@type\":\"PropertyValueSpecification\",\"valueRequired\":true,\"valueName\":\"search_term_string\"}}],\"inLanguage\":\"es\"},{\"@type\":\"Organization\",\"@id\":\"https:\/\/21panorama.com\/#organization\",\"name\":\"21 Panorama\",\"url\":\"https:\/\/21panorama.com\/\",\"logo\":{\"@type\":\"ImageObject\",\"inLanguage\":\"es\",\"@id\":\"https:\/\/21panorama.com\/#\/schema\/logo\/image\/\",\"url\":\"https:\/\/21panorama.com\/wp-content\/uploads\/2019\/07\/cropped-Logo-Panorama-01.jpeg\",\"contentUrl\":\"https:\/\/21panorama.com\/wp-content\/uploads\/2019\/07\/cropped-Logo-Panorama-01.jpeg\",\"width\":290,\"height\":70,\"caption\":\"21 Panorama\"},\"image\":{\"@id\":\"https:\/\/21panorama.com\/#\/schema\/logo\/image\/\"}},{\"@type\":\"Person\",\"@id\":\"https:\/\/21panorama.com\/#\/schema\/person\/1afc291b96d5792a158768324287319f\",\"name\":\"admin\",\"image\":{\"@type\":\"ImageObject\",\"inLanguage\":\"es\",\"@id\":\"https:\/\/21panorama.com\/#\/schema\/person\/image\/\",\"url\":\"https:\/\/secure.gravatar.com\/avatar\/ad365d9d9f46719215b0d042cc3df92a5a8683e09ef13d102233e5491985f0f0?s=96&d=mm&r=g\",\"contentUrl\":\"https:\/\/secure.gravatar.com\/avatar\/ad365d9d9f46719215b0d042cc3df92a5a8683e09ef13d102233e5491985f0f0?s=96&d=mm&r=g\",\"caption\":\"admin\"},\"url\":\"https:\/\/21panorama.com\/index.php\/author\/admin\/\"}]}<\/script>\n<!-- \/ Yoast SEO plugin. -->","yoast_head_json":{"title":"Prioriza Erika Sevilla los Intereses del pueblo de Otzolotepec - 21 Panorama","robots":{"index":"index","follow":"follow","max-snippet":"max-snippet:-1","max-image-preview":"max-image-preview:large","max-video-preview":"max-video-preview:-1"},"canonical":"https:\/\/21panorama.com\/index.php\/2021\/12\/21\/prioriza-erika-sevilla-los-intereses-del-pueblo-de-otzolotepec\/","og_locale":"es_MX","og_type":"article","og_title":"Prioriza Erika Sevilla los Intereses del pueblo de Otzolotepec - 21 Panorama","og_description":"Toma protesta alcaldesa de Otzolotepec ante la representante del gobernador, Diana P\u00e9rez Barrag\u00e1n y teniendo como testigos a los Senadores de la Rep\u00fablica, Martha Guerrero e Higinio Mart\u00ednez.","og_url":"https:\/\/21panorama.com\/index.php\/2021\/12\/21\/prioriza-erika-sevilla-los-intereses-del-pueblo-de-otzolotepec\/","og_site_name":"21 Panorama","article_published_time":"2021-12-21T17:31:38+00:00","article_modified_time":"2021-12-21T17:31:40+00:00","og_image":[{"width":1599,"height":1200,"url":"https:\/\/21panorama.com\/wp-content\/uploads\/2021\/12\/977d3a11-76dd-4099-80da-2bb8cfd57f04.jpeg","type":"image\/jpeg"}],"author":"admin","twitter_card":"summary_large_image","twitter_misc":{"Escrito por":"admin","Tiempo de lectura":"3 minutos"},"schema":{"@context":"https:\/\/schema.org","@graph":[{"@type":"Article","@id":"https:\/\/21panorama.com\/index.php\/2021\/12\/21\/prioriza-erika-sevilla-los-intereses-del-pueblo-de-otzolotepec\/#article","isPartOf":{"@id":"https:\/\/21panorama.com\/index.php\/2021\/12\/21\/prioriza-erika-sevilla-los-intereses-del-pueblo-de-otzolotepec\/"},"author":{"name":"admin","@id":"https:\/\/21panorama.com\/#\/schema\/person\/1afc291b96d5792a158768324287319f"},"headline":"Prioriza Erika Sevilla los Intereses del pueblo de Otzolotepec","datePublished":"2021-12-21T17:31:38+00:00","dateModified":"2021-12-21T17:31:40+00:00","mainEntityOfPage":{"@id":"https:\/\/21panorama.com\/index.php\/2021\/12\/21\/prioriza-erika-sevilla-los-intereses-del-pueblo-de-otzolotepec\/"},"wordCount":238,"commentCount":0,"publisher":{"@id":"https:\/\/21panorama.com\/#organization"},"image":{"@id":"https:\/\/21panorama.com\/index.php\/2021\/12\/21\/prioriza-erika-sevilla-los-intereses-del-pueblo-de-otzolotepec\/#primaryimage"},"thumbnailUrl":"https:\/\/21panorama.com\/wp-content\/uploads\/2021\/12\/977d3a11-76dd-4099-80da-2bb8cfd57f04.jpeg","keywords":["Otzolotepec"],"articleSection":["Sociedad"],"inLanguage":"es","potentialAction":[{"@type":"CommentAction","name":"Comment","target":["https:\/\/21panorama.com\/index.php\/2021\/12\/21\/prioriza-erika-sevilla-los-intereses-del-pueblo-de-otzolotepec\/#respond"]}]},{"@type":"WebPage","@id":"https:\/\/21panorama.com\/index.php\/2021\/12\/21\/prioriza-erika-sevilla-los-intereses-del-pueblo-de-otzolotepec\/","url":"https:\/\/21panorama.com\/index.php\/2021\/12\/21\/prioriza-erika-sevilla-los-intereses-del-pueblo-de-otzolotepec\/","name":"Prioriza Erika Sevilla los Intereses del pueblo de Otzolotepec - 21 Panorama","isPartOf":{"@id":"https:\/\/21panorama.com\/#website"},"primaryImageOfPage":{"@id":"https:\/\/21panorama.com\/index.php\/2021\/12\/21\/prioriza-erika-sevilla-los-intereses-del-pueblo-de-otzolotepec\/#primaryimage"},"image":{"@id":"https:\/\/21panorama.com\/index.php\/2021\/12\/21\/prioriza-erika-sevilla-los-intereses-del-pueblo-de-otzolotepec\/#primaryimage"},"thumbnailUrl":"https:\/\/21panorama.com\/wp-content\/uploads\/2021\/12\/977d3a11-76dd-4099-80da-2bb8cfd57f04.jpeg","datePublished":"2021-12-21T17:31:38+00:00","dateModified":"2021-12-21T17:31:40+00:00","breadcrumb":{"@id":"https:\/\/21panorama.com\/index.php\/2021\/12\/21\/prioriza-erika-sevilla-los-intereses-del-pueblo-de-otzolotepec\/#breadcrumb"},"inLanguage":"es","potentialAction":[{"@type":"ReadAction","target":["https:\/\/21panorama.com\/index.php\/2021\/12\/21\/prioriza-erika-sevilla-los-intereses-del-pueblo-de-otzolotepec\/"]}]},{"@type":"ImageObject","inLanguage":"es","@id":"https:\/\/21panorama.com\/index.php\/2021\/12\/21\/prioriza-erika-sevilla-los-intereses-del-pueblo-de-otzolotepec\/#primaryimage","url":"https:\/\/21panorama.com\/wp-content\/uploads\/2021\/12\/977d3a11-76dd-4099-80da-2bb8cfd57f04.jpeg","contentUrl":"https:\/\/21panorama.com\/wp-content\/uploads\/2021\/12\/977d3a11-76dd-4099-80da-2bb8cfd57f04.jpeg","width":1599,"height":1200},{"@type":"BreadcrumbList","@id":"https:\/\/21panorama.com\/index.php\/2021\/12\/21\/prioriza-erika-sevilla-los-intereses-del-pueblo-de-otzolotepec\/#breadcrumb","itemListElement":[{"@type":"ListItem","position":1,"name":"Inicio","item":"https:\/\/21panorama.com\/"},{"@type":"ListItem","position":2,"name":"Prioriza Erika Sevilla los Intereses del pueblo de Otzolotepec"}]},{"@type":"WebSite","@id":"https:\/\/21panorama.com\/#website","url":"https:\/\/21panorama.com\/","name":"21 Panorama","description":"La construcci\u00f3n de la opini\u00f3n p\u00fablica merece un mejor Panorama en este siglo 21 para alcanzar una sociedad con mayor transparencia y sin corrupci\u00f3n.","publisher":{"@id":"https:\/\/21panorama.com\/#organization"},"potentialAction":[{"@type":"SearchAction","target":{"@type":"EntryPoint","urlTemplate":"https:\/\/21panorama.com\/?s={search_term_string}"},"query-input":{"@type":"PropertyValueSpecification","valueRequired":true,"valueName":"search_term_string"}}],"inLanguage":"es"},{"@type":"Organization","@id":"https:\/\/21panorama.com\/#organization","name":"21 Panorama","url":"https:\/\/21panorama.com\/","logo":{"@type":"ImageObject","inLanguage":"es","@id":"https:\/\/21panorama.com\/#\/schema\/logo\/image\/","url":"https:\/\/21panorama.com\/wp-content\/uploads\/2019\/07\/cropped-Logo-Panorama-01.jpeg","contentUrl":"https:\/\/21panorama.com\/wp-content\/uploads\/2019\/07\/cropped-Logo-Panorama-01.jpeg","width":290,"height":70,"caption":"21 Panorama"},"image":{"@id":"https:\/\/21panorama.com\/#\/schema\/logo\/image\/"}},{"@type":"Person","@id":"https:\/\/21panorama.com\/#\/schema\/person\/1afc291b96d5792a158768324287319f","name":"admin","image":{"@type":"ImageObject","inLanguage":"es","@id":"https:\/\/21panorama.com\/#\/schema\/person\/image\/","url":"https:\/\/secure.gravatar.com\/avatar\/ad365d9d9f46719215b0d042cc3df92a5a8683e09ef13d102233e5491985f0f0?s=96&d=mm&r=g","contentUrl":"https:\/\/secure.gravatar.com\/avatar\/ad365d9d9f46719215b0d042cc3df92a5a8683e09ef13d102233e5491985f0f0?s=96&d=mm&r=g","caption":"admin"},"url":"https:\/\/21panorama.com\/index.php\/author\/admin\/"}]}},"_links":{"self":[{"href":"https:\/\/21panorama.com\/index.php\/wp-json\/wp\/v2\/posts\/2814","targetHints":{"allow":["GET"]}}],"collection":[{"href":"https:\/\/21panorama.com\/index.php\/wp-json\/wp\/v2\/posts"}],"about":[{"href":"https:\/\/21panorama.com\/index.php\/wp-json\/wp\/v2\/types\/post"}],"author":[{"embeddable":true,"href":"https:\/\/21panorama.com\/index.php\/wp-json\/wp\/v2\/users\/1"}],"replies":[{"embeddable":true,"href":"https:\/\/21panorama.com\/index.php\/wp-json\/wp\/v2\/comments?post=2814"}],"version-history":[{"count":1,"href":"https:\/\/21panorama.com\/index.php\/wp-json\/wp\/v2\/posts\/2814\/revisions"}],"predecessor-version":[{"id":2822,"href":"https:\/\/21panorama.com\/index.php\/wp-json\/wp\/v2\/posts\/2814\/revisions\/2822"}],"wp:featuredmedia":[{"embeddable":true,"href":"https:\/\/21panorama.com\/index.php\/wp-json\/wp\/v2\/media\/2815"}],"wp:attachment":[{"href":"https:\/\/21panorama.com\/index.php\/wp-json\/wp\/v2\/media?parent=2814"}],"wp:term":[{"taxonomy":"category","embeddable":true,"href":"https:\/\/21panorama.com\/index.php\/wp-json\/wp\/v2\/categories?post=2814"},{"taxonomy":"post_tag","embeddable":true,"href":"https:\/\/21panorama.com\/index.php\/wp-json\/wp\/v2\/tags?post=2814"}],"curies":[{"name":"wp","href":"https:\/\/api.w.org\/{rel}","templated":true}]}}